{"id":84115,"date":"2019-11-14T00:51:45","date_gmt":"2019-11-13T23:51:45","guid":{"rendered":"https:\/\/territorialchallenges.com\/?p=84115"},"modified":"2019-11-24T21:19:51","modified_gmt":"2019-11-24T20:19:51","slug":"cologne-est-sa-rue-klimastrase","status":"publish","type":"post","link":"https:\/\/territorialchallenges.com\/en\/2019\/11\/14\/cologne-est-sa-rue-klimastrase\/84115\/","title":{"rendered":"Cologne and its Klimastra\u00dfe street"},"content":{"rendered":"<p>Neusser Strasse in the Nippes district has become an example of what a future smart city could look like, as part of the street is becoming Cologne&#039;s climate route. The most important energy projects are being implemented there. All aspects of climate protection are being considered:\u2026 <\/p>\n<div class=\"pmpro_content_message\">Article only viewable by subscribers.<br \/><a href=\"https:\/\/territorialchallenges.com\/wp-login.php\">Connection<\/a><br \/><a href=\"https:\/\/territorialchallenges.com\/en\/wp-login.php\/?action=register\">Register<\/a><\/div>","protected":false},"excerpt":{"rendered":"<p>La Neusser Stra\u00dfe dans le quartier de Nippes, est devenu un exemple \u00e0 quoi pourrait ressembler une future ville intelligente, car une partie de la rue devient la route climatique de Cologne. L\u00e0, les projets \u00e9nerg\u00e9tiques les plus importants sont mis en \u0153uvre. Toutes les facettes de la protection du climat sont prises en compte:... <\/p>\n<div class=\"pmpro_content_message\">Article only viewable by subscribers.<br \/><a href=\"https:\/\/territorialchallenges.com\/wp-login.php\">Connection<\/a><br \/><a href=\"https:\/\/territorialchallenges.com\/en\/wp-login.php\/?action=register\">Register<\/a><\/div>","protected":false},"author":11,"featured_media":84116,"comment_status":"open","ping_status":"open","sticky":false,"template":"","format":"standard","meta":{"pmpro_default_level":0,"footnotes":""},"categories":[18,127],"tags":[],"blocksy_meta":"","yoast_head":"<!-- This site is optimized with the Yoast SEO plugin v21.5 - https:\/\/yoast.com\/wordpress\/plugins\/seo\/ -->\n<title>Cologne et sa rue Klimastra\u00dfe - Territorial Challenges<\/title>\n<meta name=\"robots\" content=\"index, follow, max-snippet:-1, max-image-preview:large, max-video-preview:-1\" \/>\n<link rel=\"canonical\" href=\"https:\/\/territorialchallenges.com\/en\/2019\/11\/14\/cologne-est-sa-rue-klimastrase\/84115\/\" \/>\n<meta property=\"og:locale\" content=\"en_US\" \/>\n<meta property=\"og:type\" content=\"article\" \/>\n<meta property=\"og:title\" content=\"Cologne et sa rue Klimastra\u00dfe - Territorial Challenges\" \/>\n<meta property=\"og:description\" content=\"La Neusser Stra\u00dfe dans le quartier de Nippes, est devenu un exemple \u00e0 quoi pourrait ressembler une future ville intelligente, car une partie de la rue devient la route climatique de Cologne. L\u00e0, les projets \u00e9nerg\u00e9tiques les plus importants sont mis en \u0153uvre. Toutes les facettes de la protection du climat sont prises en compte: [&hellip;]\" \/>\n<meta property=\"og:url\" content=\"https:\/\/territorialchallenges.com\/en\/2019\/11\/14\/cologne-est-sa-rue-klimastrase\/84115\/\" \/>\n<meta property=\"og:site_name\" content=\"Territorial Challenges\" \/>\n<meta property=\"article:published_time\" content=\"2019-11-13T23:51:45+00:00\" \/>\n<meta property=\"article:modified_time\" content=\"2019-11-24T20:19:51+00:00\" \/>\n<meta property=\"og:image\" content=\"https:\/\/territorialchallenges.com\/wp-content\/uploads\/2019\/06\/cologne-cathedral-1507854_1920.jpg\" \/>\n\t<meta property=\"og:image:width\" content=\"1920\" \/>\n\t<meta property=\"og:image:height\" content=\"1677\" \/>\n\t<meta property=\"og:image:type\" content=\"image\/jpeg\" \/>\n<meta name=\"author\" content=\"ni.abdi\" \/>\n<meta name=\"twitter:card\" content=\"summary_large_image\" \/>\n<meta name=\"twitter:creator\" content=\"@Ni.abdi\" \/>\n<meta name=\"twitter:label1\" content=\"Written by\" \/>\n\t<meta name=\"twitter:data1\" content=\"ni.abdi\" \/>\n\t<meta name=\"twitter:label2\" content=\"Est. reading time\" \/>\n\t<meta name=\"twitter:data2\" content=\"2 minutes\" \/>\n<script type=\"application\/ld+json\" class=\"yoast-schema-graph\">{\"@context\":\"https:\/\/schema.org\",\"@graph\":[{\"@type\":\"Article\",\"@id\":\"https:\/\/territorialchallenges.com\/2019\/11\/14\/cologne-est-sa-rue-klimastrase\/84115\/#article\",\"isPartOf\":{\"@id\":\"https:\/\/territorialchallenges.com\/2019\/11\/14\/cologne-est-sa-rue-klimastrase\/84115\/\"},\"author\":{\"name\":\"ni.abdi\",\"@id\":\"https:\/\/territorialchallenges.com\/#\/schema\/person\/098f145c7c61a021c425e010f840080f\"},\"headline\":\"Cologne et sa rue Klimastra\u00dfe\",\"datePublished\":\"2019-11-13T23:51:45+00:00\",\"dateModified\":\"2019-11-24T20:19:51+00:00\",\"mainEntityOfPage\":{\"@id\":\"https:\/\/territorialchallenges.com\/2019\/11\/14\/cologne-est-sa-rue-klimastrase\/84115\/\"},\"wordCount\":493,\"commentCount\":0,\"publisher\":{\"@id\":\"https:\/\/territorialchallenges.com\/#organization\"},\"articleSection\":[\"Transition \u00c9nerg\u00e9tique\",\"Actualit\u00e9 Europe\"],\"inLanguage\":\"en-US\"},{\"@type\":\"WebPage\",\"@id\":\"https:\/\/territorialchallenges.com\/2019\/11\/14\/cologne-est-sa-rue-klimastrase\/84115\/\",\"url\":\"https:\/\/territorialchallenges.com\/2019\/11\/14\/cologne-est-sa-rue-klimastrase\/84115\/\",\"name\":\"Cologne et sa rue Klimastra\u00dfe - Territorial Challenges\",\"isPartOf\":{\"@id\":\"https:\/\/territorialchallenges.com\/#website\"},\"datePublished\":\"2019-11-13T23:51:45+00:00\",\"dateModified\":\"2019-11-24T20:19:51+00:00\",\"breadcrumb\":{\"@id\":\"https:\/\/territorialchallenges.com\/2019\/11\/14\/cologne-est-sa-rue-klimastrase\/84115\/#breadcrumb\"},\"inLanguage\":\"en-US\",\"potentialAction\":[{\"@type\":\"ReadAction\",\"target\":[\"https:\/\/territorialchallenges.com\/2019\/11\/14\/cologne-est-sa-rue-klimastrase\/84115\/\"]}]},{\"@type\":\"BreadcrumbList\",\"@id\":\"https:\/\/territorialchallenges.com\/2019\/11\/14\/cologne-est-sa-rue-klimastrase\/84115\/#breadcrumb\",\"itemListElement\":[{\"@type\":\"ListItem\",\"position\":1,\"name\":\"Home\",\"item\":\"https:\/\/territorialchallenges.com\/\"},{\"@type\":\"ListItem\",\"position\":2,\"name\":\"Cologne et sa rue Klimastra\u00dfe\"}]},{\"@type\":\"WebSite\",\"@id\":\"https:\/\/territorialchallenges.com\/#website\",\"url\":\"https:\/\/territorialchallenges.com\/\",\"name\":\"Territorial Challenges\",\"description\":\"Veille Internationale - Strat\u00e9gie Intelligentes - Bonnes pratiques\",\"publisher\":{\"@id\":\"https:\/\/territorialchallenges.com\/#organization\"},\"potentialAction\":[{\"@type\":\"SearchAction\",\"target\":{\"@type\":\"EntryPoint\",\"urlTemplate\":\"https:\/\/territorialchallenges.com\/?s={search_term_string}\"},\"query-input\":\"required name=search_term_string\"}],\"inLanguage\":\"en-US\"},{\"@type\":\"Organization\",\"@id\":\"https:\/\/territorialchallenges.com\/#organization\",\"name\":\"Territorial Challenges\",\"url\":\"https:\/\/territorialchallenges.com\/\",\"logo\":{\"@type\":\"ImageObject\",\"inLanguage\":\"en-US\",\"@id\":\"https:\/\/territorialchallenges.com\/#\/schema\/logo\/image\/\",\"url\":\"https:\/\/territorialchallenges.com\/wp-content\/uploads\/2023\/10\/logo-1.png\",\"contentUrl\":\"https:\/\/territorialchallenges.com\/wp-content\/uploads\/2023\/10\/logo-1.png\",\"width\":1832,\"height\":576,\"caption\":\"Territorial Challenges\"},\"image\":{\"@id\":\"https:\/\/territorialchallenges.com\/#\/schema\/logo\/image\/\"}},{\"@type\":\"Person\",\"@id\":\"https:\/\/territorialchallenges.com\/#\/schema\/person\/098f145c7c61a021c425e010f840080f\",\"name\":\"ni.abdi\",\"image\":{\"@type\":\"ImageObject\",\"inLanguage\":\"en-US\",\"@id\":\"https:\/\/territorialchallenges.com\/#\/schema\/person\/image\/\",\"url\":\"https:\/\/secure.gravatar.com\/avatar\/2a2f2491f3c80039986ba989b1e4b510?s=96&d=identicon&r=g\",\"contentUrl\":\"https:\/\/secure.gravatar.com\/avatar\/2a2f2491f3c80039986ba989b1e4b510?s=96&d=identicon&r=g\",\"caption\":\"ni.abdi\"},\"sameAs\":[\"https:\/\/twitter.com\/Ni.abdi\"],\"url\":\"https:\/\/territorialchallenges.com\/en\/author\/ni-abdi\/\"}]}<\/script>\n<!-- \/ Yoast SEO plugin. -->","yoast_head_json":{"title":"Cologne et sa rue Klimastra\u00dfe - Territorial Challenges","robots":{"index":"index","follow":"follow","max-snippet":"max-snippet:-1","max-image-preview":"max-image-preview:large","max-video-preview":"max-video-preview:-1"},"canonical":"https:\/\/territorialchallenges.com\/en\/2019\/11\/14\/cologne-est-sa-rue-klimastrase\/84115\/","og_locale":"en_US","og_type":"article","og_title":"Cologne et sa rue Klimastra\u00dfe - Territorial Challenges","og_description":"La Neusser Stra\u00dfe dans le quartier de Nippes, est devenu un exemple \u00e0 quoi pourrait ressembler une future ville intelligente, car une partie de la rue devient la route climatique de Cologne. L\u00e0, les projets \u00e9nerg\u00e9tiques les plus importants sont mis en \u0153uvre. Toutes les facettes de la protection du climat sont prises en compte: [&hellip;]","og_url":"https:\/\/territorialchallenges.com\/en\/2019\/11\/14\/cologne-est-sa-rue-klimastrase\/84115\/","og_site_name":"Territorial Challenges","article_published_time":"2019-11-13T23:51:45+00:00","article_modified_time":"2019-11-24T20:19:51+00:00","og_image":[{"width":1920,"height":1677,"url":"https:\/\/territorialchallenges.com\/wp-content\/uploads\/2019\/06\/cologne-cathedral-1507854_1920.jpg","type":"image\/jpeg"}],"author":"ni.abdi","twitter_card":"summary_large_image","twitter_creator":"@Ni.abdi","twitter_misc":{"Written by":"ni.abdi","Est. reading time":"2 minutes"},"schema":{"@context":"https:\/\/schema.org","@graph":[{"@type":"Article","@id":"https:\/\/territorialchallenges.com\/2019\/11\/14\/cologne-est-sa-rue-klimastrase\/84115\/#article","isPartOf":{"@id":"https:\/\/territorialchallenges.com\/2019\/11\/14\/cologne-est-sa-rue-klimastrase\/84115\/"},"author":{"name":"ni.abdi","@id":"https:\/\/territorialchallenges.com\/#\/schema\/person\/098f145c7c61a021c425e010f840080f"},"headline":"Cologne et sa rue Klimastra\u00dfe","datePublished":"2019-11-13T23:51:45+00:00","dateModified":"2019-11-24T20:19:51+00:00","mainEntityOfPage":{"@id":"https:\/\/territorialchallenges.com\/2019\/11\/14\/cologne-est-sa-rue-klimastrase\/84115\/"},"wordCount":493,"commentCount":0,"publisher":{"@id":"https:\/\/territorialchallenges.com\/#organization"},"articleSection":["Transition \u00c9nerg\u00e9tique","Actualit\u00e9 Europe"],"inLanguage":"en-US"},{"@type":"WebPage","@id":"https:\/\/territorialchallenges.com\/2019\/11\/14\/cologne-est-sa-rue-klimastrase\/84115\/","url":"https:\/\/territorialchallenges.com\/2019\/11\/14\/cologne-est-sa-rue-klimastrase\/84115\/","name":"Cologne et sa rue Klimastra\u00dfe - Territorial Challenges","isPartOf":{"@id":"https:\/\/territorialchallenges.com\/#website"},"datePublished":"2019-11-13T23:51:45+00:00","dateModified":"2019-11-24T20:19:51+00:00","breadcrumb":{"@id":"https:\/\/territorialchallenges.com\/2019\/11\/14\/cologne-est-sa-rue-klimastrase\/84115\/#breadcrumb"},"inLanguage":"en-US","potentialAction":[{"@type":"ReadAction","target":["https:\/\/territorialchallenges.com\/2019\/11\/14\/cologne-est-sa-rue-klimastrase\/84115\/"]}]},{"@type":"BreadcrumbList","@id":"https:\/\/territorialchallenges.com\/2019\/11\/14\/cologne-est-sa-rue-klimastrase\/84115\/#breadcrumb","itemListElement":[{"@type":"ListItem","position":1,"name":"Home","item":"https:\/\/territorialchallenges.com\/"},{"@type":"ListItem","position":2,"name":"Cologne et sa rue Klimastra\u00dfe"}]},{"@type":"WebSite","@id":"https:\/\/territorialchallenges.com\/#website","url":"https:\/\/territorialchallenges.com\/","name":"Territorial Challenges","description":"Veille Internationale - Intelligent strategies - Best practices","publisher":{"@id":"https:\/\/territorialchallenges.com\/#organization"},"potentialAction":[{"@type":"SearchAction","target":{"@type":"EntryPoint","urlTemplate":"https:\/\/territorialchallenges.com\/?s={search_term_string}"},"query-input":"required name=search_term_string"}],"inLanguage":"en-US"},{"@type":"Organization","@id":"https:\/\/territorialchallenges.com\/#organization","name":"Territorial Challenges","url":"https:\/\/territorialchallenges.com\/","logo":{"@type":"ImageObject","inLanguage":"en-US","@id":"https:\/\/territorialchallenges.com\/#\/schema\/logo\/image\/","url":"https:\/\/territorialchallenges.com\/wp-content\/uploads\/2023\/10\/logo-1.png","contentUrl":"https:\/\/territorialchallenges.com\/wp-content\/uploads\/2023\/10\/logo-1.png","width":1832,"height":576,"caption":"Territorial Challenges"},"image":{"@id":"https:\/\/territorialchallenges.com\/#\/schema\/logo\/image\/"}},{"@type":"Person","@id":"https:\/\/territorialchallenges.com\/#\/schema\/person\/098f145c7c61a021c425e010f840080f","name":"ni.abdi","image":{"@type":"ImageObject","inLanguage":"en-US","@id":"https:\/\/territorialchallenges.com\/#\/schema\/person\/image\/","url":"https:\/\/secure.gravatar.com\/avatar\/2a2f2491f3c80039986ba989b1e4b510?s=96&d=identicon&r=g","contentUrl":"https:\/\/secure.gravatar.com\/avatar\/2a2f2491f3c80039986ba989b1e4b510?s=96&d=identicon&r=g","caption":"ni.abdi"},"sameAs":["https:\/\/twitter.com\/Ni.abdi"],"url":"https:\/\/territorialchallenges.com\/en\/author\/ni-abdi\/"}]}},"_links":{"self":[{"href":"https:\/\/territorialchallenges.com\/en\/wp-json\/wp\/v2\/posts\/84115"}],"collection":[{"href":"https:\/\/territorialchallenges.com\/en\/wp-json\/wp\/v2\/posts"}],"about":[{"href":"https:\/\/territorialchallenges.com\/en\/wp-json\/wp\/v2\/types\/post"}],"author":[{"embeddable":true,"href":"https:\/\/territorialchallenges.com\/en\/wp-json\/wp\/v2\/users\/11"}],"replies":[{"embeddable":true,"href":"https:\/\/territorialchallenges.com\/en\/wp-json\/wp\/v2\/comments?post=84115"}],"version-history":[{"count":2,"href":"https:\/\/territorialchallenges.com\/en\/wp-json\/wp\/v2\/posts\/84115\/revisions"}],"predecessor-version":[{"id":84785,"href":"https:\/\/territorialchallenges.com\/en\/wp-json\/wp\/v2\/posts\/84115\/revisions\/84785"}],"wp:featuredmedia":[{"embeddable":true,"href":"https:\/\/territorialchallenges.com\/en\/wp-json\/wp\/v2\/media\/84116"}],"wp:attachment":[{"href":"https:\/\/territorialchallenges.com\/en\/wp-json\/wp\/v2\/media?parent=84115"}],"wp:term":[{"taxonomy":"category","embeddable":true,"href":"https:\/\/territorialchallenges.com\/en\/wp-json\/wp\/v2\/categories?post=84115"},{"taxonomy":"post_tag","embeddable":true,"href":"https:\/\/territorialchallenges.com\/en\/wp-json\/wp\/v2\/tags?post=84115"}],"curies":[{"name":"wp","href":"https:\/\/api.w.org\/{rel}","templated":true}]}}