{"id":577,"date":"2016-08-06T01:43:07","date_gmt":"2016-08-05T23:43:07","guid":{"rendered":"http:\/\/e-novatio.com\/?p=577"},"modified":"2016-08-06T01:43:07","modified_gmt":"2016-08-05T23:43:07","slug":"de-la-volonte-des-industriels-de-lenergie-a-avoir-une-communication-un-design-a-la-hauteur-de-la-transition-du-secteur","status":"publish","type":"post","link":"https:\/\/territorialchallenges.com\/en\/2016\/08\/06\/de-la-volonte-des-industriels-de-lenergie-a-avoir-une-communication-un-design-a-la-hauteur-de-la-transition-du-secteur\/577\/","title":{"rendered":"The desire of energy manufacturers to have communication and design that match the sector&#039;s transition"},"content":{"rendered":"<p>(May 12, 2013) In these times of crisis, international investment, and energy transformation, should we have communication focused exclusively on products and lacking in exchange and debate? Finally, should we have an energy transition without artistic support? We owe it to designer Jean-Louis Frechin for introducing us last fall and in the\u2026 <\/p>\n<div class=\"pmpro_content_message\">Article only viewable by subscribers.<br \/><a href=\"https:\/\/territorialchallenges.com\/wp-login.php\">Connection<\/a><br \/><a href=\"https:\/\/territorialchallenges.com\/en\/wp-login.php\/?action=register\">Register<\/a><\/div>","protected":false},"excerpt":{"rendered":"<p>(12 mai 2013) Faut-il dans ces moments de crise, d&rsquo;investissements \u00e0 l&rsquo;international et de mutations \u00e9nerg\u00e9tiques, avoir une communication exclusivement tourn\u00e9e sur les produits et pauvre d&rsquo;\u00e9change et de d\u00e9bat ?\u00a0Enfin, faut-il une transition \u00e9nerg\u00e9tique sans accompagnement artistique ? On doit au designer Jean-Louis Frechin de nous avoir fait d\u00e9couvrir l&rsquo;automne dernier et dans les... <\/p>\n<div class=\"pmpro_content_message\">Article only viewable by subscribers.<br \/><a href=\"https:\/\/territorialchallenges.com\/wp-login.php\">Connection<\/a><br \/><a href=\"https:\/\/territorialchallenges.com\/en\/wp-login.php\/?action=register\">Register<\/a><\/div>","protected":false},"author":11,"featured_media":0,"comment_status":"open","ping_status":"open","sticky":true,"template":"","format":"standard","meta":{"pmpro_default_level":0,"footnotes":""},"categories":[123],"tags":[],"blocksy_meta":"","yoast_head":"<!-- This site is optimized with the Yoast SEO plugin v21.5 - https:\/\/yoast.com\/wordpress\/plugins\/seo\/ -->\n<title>De la volont\u00e9 des industriels de l&#039;\u00e9nergie \u00e0 avoir une communication, un design \u00e0 la hauteur de la transition du secteur - Territorial Challenges<\/title>\n<meta name=\"robots\" content=\"index, follow, max-snippet:-1, max-image-preview:large, max-video-preview:-1\" \/>\n<link rel=\"canonical\" href=\"https:\/\/territorialchallenges.com\/en\/2016\/08\/06\/de-la-volonte-des-industriels-de-lenergie-a-avoir-une-communication-un-design-a-la-hauteur-de-la-transition-du-secteur\/577\/\" \/>\n<meta property=\"og:locale\" content=\"en_US\" \/>\n<meta property=\"og:type\" content=\"article\" \/>\n<meta property=\"og:title\" content=\"De la volont\u00e9 des industriels de l&#039;\u00e9nergie \u00e0 avoir une communication, un design \u00e0 la hauteur de la transition du secteur - Territorial Challenges\" \/>\n<meta property=\"og:description\" content=\"(12 mai 2013) Faut-il dans ces moments de crise, d&rsquo;investissements \u00e0 l&rsquo;international et de mutations \u00e9nerg\u00e9tiques, avoir une communication exclusivement tourn\u00e9e sur les produits et pauvre d&rsquo;\u00e9change et de d\u00e9bat ?\u00a0Enfin, faut-il une transition \u00e9nerg\u00e9tique sans accompagnement artistique ? On doit au designer Jean-Louis Frechin de nous avoir fait d\u00e9couvrir l&rsquo;automne dernier et dans les [&hellip;]\" \/>\n<meta property=\"og:url\" content=\"https:\/\/territorialchallenges.com\/en\/2016\/08\/06\/de-la-volonte-des-industriels-de-lenergie-a-avoir-une-communication-un-design-a-la-hauteur-de-la-transition-du-secteur\/577\/\" \/>\n<meta property=\"og:site_name\" content=\"Territorial Challenges\" \/>\n<meta property=\"article:published_time\" content=\"2016-08-05T23:43:07+00:00\" \/>\n<meta name=\"author\" content=\"ni.abdi\" \/>\n<meta name=\"twitter:card\" content=\"summary_large_image\" \/>\n<meta name=\"twitter:creator\" content=\"@Ni.abdi\" \/>\n<meta name=\"twitter:label1\" content=\"Written by\" \/>\n\t<meta name=\"twitter:data1\" content=\"ni.abdi\" \/>\n\t<meta name=\"twitter:label2\" content=\"Est. reading time\" \/>\n\t<meta name=\"twitter:data2\" content=\"3 minutes\" \/>\n<script type=\"application\/ld+json\" class=\"yoast-schema-graph\">{\"@context\":\"https:\/\/schema.org\",\"@graph\":[{\"@type\":\"Article\",\"@id\":\"https:\/\/territorialchallenges.com\/2016\/08\/06\/de-la-volonte-des-industriels-de-lenergie-a-avoir-une-communication-un-design-a-la-hauteur-de-la-transition-du-secteur\/577\/#article\",\"isPartOf\":{\"@id\":\"https:\/\/territorialchallenges.com\/2016\/08\/06\/de-la-volonte-des-industriels-de-lenergie-a-avoir-une-communication-un-design-a-la-hauteur-de-la-transition-du-secteur\/577\/\"},\"author\":{\"name\":\"ni.abdi\",\"@id\":\"https:\/\/territorialchallenges.com\/#\/schema\/person\/098f145c7c61a021c425e010f840080f\"},\"headline\":\"De la volont\u00e9 des industriels de l&rsquo;\u00e9nergie \u00e0 avoir une communication, un design \u00e0 la hauteur de la transition du secteur\",\"datePublished\":\"2016-08-05T23:43:07+00:00\",\"dateModified\":\"2016-08-05T23:43:07+00:00\",\"mainEntityOfPage\":{\"@id\":\"https:\/\/territorialchallenges.com\/2016\/08\/06\/de-la-volonte-des-industriels-de-lenergie-a-avoir-une-communication-un-design-a-la-hauteur-de-la-transition-du-secteur\/577\/\"},\"wordCount\":694,\"commentCount\":0,\"publisher\":{\"@id\":\"https:\/\/territorialchallenges.com\/#organization\"},\"articleSection\":[\"Archives - Editos\"],\"inLanguage\":\"en-US\"},{\"@type\":\"WebPage\",\"@id\":\"https:\/\/territorialchallenges.com\/2016\/08\/06\/de-la-volonte-des-industriels-de-lenergie-a-avoir-une-communication-un-design-a-la-hauteur-de-la-transition-du-secteur\/577\/\",\"url\":\"https:\/\/territorialchallenges.com\/2016\/08\/06\/de-la-volonte-des-industriels-de-lenergie-a-avoir-une-communication-un-design-a-la-hauteur-de-la-transition-du-secteur\/577\/\",\"name\":\"De la volont\u00e9 des industriels de l'\u00e9nergie \u00e0 avoir une communication, un design \u00e0 la hauteur de la transition du secteur - Territorial Challenges\",\"isPartOf\":{\"@id\":\"https:\/\/territorialchallenges.com\/#website\"},\"datePublished\":\"2016-08-05T23:43:07+00:00\",\"dateModified\":\"2016-08-05T23:43:07+00:00\",\"breadcrumb\":{\"@id\":\"https:\/\/territorialchallenges.com\/2016\/08\/06\/de-la-volonte-des-industriels-de-lenergie-a-avoir-une-communication-un-design-a-la-hauteur-de-la-transition-du-secteur\/577\/#breadcrumb\"},\"inLanguage\":\"en-US\",\"potentialAction\":[{\"@type\":\"ReadAction\",\"target\":[\"https:\/\/territorialchallenges.com\/2016\/08\/06\/de-la-volonte-des-industriels-de-lenergie-a-avoir-une-communication-un-design-a-la-hauteur-de-la-transition-du-secteur\/577\/\"]}]},{\"@type\":\"BreadcrumbList\",\"@id\":\"https:\/\/territorialchallenges.com\/2016\/08\/06\/de-la-volonte-des-industriels-de-lenergie-a-avoir-une-communication-un-design-a-la-hauteur-de-la-transition-du-secteur\/577\/#breadcrumb\",\"itemListElement\":[{\"@type\":\"ListItem\",\"position\":1,\"name\":\"Home\",\"item\":\"https:\/\/territorialchallenges.com\/\"},{\"@type\":\"ListItem\",\"position\":2,\"name\":\"De la volont\u00e9 des industriels de l&rsquo;\u00e9nergie \u00e0 avoir une communication, un design \u00e0 la hauteur de la transition du secteur\"}]},{\"@type\":\"WebSite\",\"@id\":\"https:\/\/territorialchallenges.com\/#website\",\"url\":\"https:\/\/territorialchallenges.com\/\",\"name\":\"Territorial Challenges\",\"description\":\"Veille Internationale - Strat\u00e9gie Intelligentes - Bonnes pratiques\",\"publisher\":{\"@id\":\"https:\/\/territorialchallenges.com\/#organization\"},\"potentialAction\":[{\"@type\":\"SearchAction\",\"target\":{\"@type\":\"EntryPoint\",\"urlTemplate\":\"https:\/\/territorialchallenges.com\/?s={search_term_string}\"},\"query-input\":\"required name=search_term_string\"}],\"inLanguage\":\"en-US\"},{\"@type\":\"Organization\",\"@id\":\"https:\/\/territorialchallenges.com\/#organization\",\"name\":\"Territorial Challenges\",\"url\":\"https:\/\/territorialchallenges.com\/\",\"logo\":{\"@type\":\"ImageObject\",\"inLanguage\":\"en-US\",\"@id\":\"https:\/\/territorialchallenges.com\/#\/schema\/logo\/image\/\",\"url\":\"https:\/\/territorialchallenges.com\/wp-content\/uploads\/2023\/10\/logo-1.png\",\"contentUrl\":\"https:\/\/territorialchallenges.com\/wp-content\/uploads\/2023\/10\/logo-1.png\",\"width\":1832,\"height\":576,\"caption\":\"Territorial Challenges\"},\"image\":{\"@id\":\"https:\/\/territorialchallenges.com\/#\/schema\/logo\/image\/\"}},{\"@type\":\"Person\",\"@id\":\"https:\/\/territorialchallenges.com\/#\/schema\/person\/098f145c7c61a021c425e010f840080f\",\"name\":\"ni.abdi\",\"image\":{\"@type\":\"ImageObject\",\"inLanguage\":\"en-US\",\"@id\":\"https:\/\/territorialchallenges.com\/#\/schema\/person\/image\/\",\"url\":\"https:\/\/secure.gravatar.com\/avatar\/2a2f2491f3c80039986ba989b1e4b510?s=96&d=identicon&r=g\",\"contentUrl\":\"https:\/\/secure.gravatar.com\/avatar\/2a2f2491f3c80039986ba989b1e4b510?s=96&d=identicon&r=g\",\"caption\":\"ni.abdi\"},\"sameAs\":[\"https:\/\/twitter.com\/Ni.abdi\"],\"url\":\"https:\/\/territorialchallenges.com\/en\/author\/ni-abdi\/\"}]}<\/script>\n<!-- \/ Yoast SEO plugin. -->","yoast_head_json":{"title":"De la volont\u00e9 des industriels de l'\u00e9nergie \u00e0 avoir une communication, un design \u00e0 la hauteur de la transition du secteur - Territorial Challenges","robots":{"index":"index","follow":"follow","max-snippet":"max-snippet:-1","max-image-preview":"max-image-preview:large","max-video-preview":"max-video-preview:-1"},"canonical":"https:\/\/territorialchallenges.com\/en\/2016\/08\/06\/de-la-volonte-des-industriels-de-lenergie-a-avoir-une-communication-un-design-a-la-hauteur-de-la-transition-du-secteur\/577\/","og_locale":"en_US","og_type":"article","og_title":"De la volont\u00e9 des industriels de l'\u00e9nergie \u00e0 avoir une communication, un design \u00e0 la hauteur de la transition du secteur - Territorial Challenges","og_description":"(12 mai 2013) Faut-il dans ces moments de crise, d&rsquo;investissements \u00e0 l&rsquo;international et de mutations \u00e9nerg\u00e9tiques, avoir une communication exclusivement tourn\u00e9e sur les produits et pauvre d&rsquo;\u00e9change et de d\u00e9bat ?\u00a0Enfin, faut-il une transition \u00e9nerg\u00e9tique sans accompagnement artistique ? On doit au designer Jean-Louis Frechin de nous avoir fait d\u00e9couvrir l&rsquo;automne dernier et dans les [&hellip;]","og_url":"https:\/\/territorialchallenges.com\/en\/2016\/08\/06\/de-la-volonte-des-industriels-de-lenergie-a-avoir-une-communication-un-design-a-la-hauteur-de-la-transition-du-secteur\/577\/","og_site_name":"Territorial Challenges","article_published_time":"2016-08-05T23:43:07+00:00","author":"ni.abdi","twitter_card":"summary_large_image","twitter_creator":"@Ni.abdi","twitter_misc":{"Written by":"ni.abdi","Est. reading time":"3 minutes"},"schema":{"@context":"https:\/\/schema.org","@graph":[{"@type":"Article","@id":"https:\/\/territorialchallenges.com\/2016\/08\/06\/de-la-volonte-des-industriels-de-lenergie-a-avoir-une-communication-un-design-a-la-hauteur-de-la-transition-du-secteur\/577\/#article","isPartOf":{"@id":"https:\/\/territorialchallenges.com\/2016\/08\/06\/de-la-volonte-des-industriels-de-lenergie-a-avoir-une-communication-un-design-a-la-hauteur-de-la-transition-du-secteur\/577\/"},"author":{"name":"ni.abdi","@id":"https:\/\/territorialchallenges.com\/#\/schema\/person\/098f145c7c61a021c425e010f840080f"},"headline":"De la volont\u00e9 des industriels de l&rsquo;\u00e9nergie \u00e0 avoir une communication, un design \u00e0 la hauteur de la transition du secteur","datePublished":"2016-08-05T23:43:07+00:00","dateModified":"2016-08-05T23:43:07+00:00","mainEntityOfPage":{"@id":"https:\/\/territorialchallenges.com\/2016\/08\/06\/de-la-volonte-des-industriels-de-lenergie-a-avoir-une-communication-un-design-a-la-hauteur-de-la-transition-du-secteur\/577\/"},"wordCount":694,"commentCount":0,"publisher":{"@id":"https:\/\/territorialchallenges.com\/#organization"},"articleSection":["Archives - Editos"],"inLanguage":"en-US"},{"@type":"WebPage","@id":"https:\/\/territorialchallenges.com\/2016\/08\/06\/de-la-volonte-des-industriels-de-lenergie-a-avoir-une-communication-un-design-a-la-hauteur-de-la-transition-du-secteur\/577\/","url":"https:\/\/territorialchallenges.com\/2016\/08\/06\/de-la-volonte-des-industriels-de-lenergie-a-avoir-une-communication-un-design-a-la-hauteur-de-la-transition-du-secteur\/577\/","name":"De la volont\u00e9 des industriels de l'\u00e9nergie \u00e0 avoir une communication, un design \u00e0 la hauteur de la transition du secteur - Territorial Challenges","isPartOf":{"@id":"https:\/\/territorialchallenges.com\/#website"},"datePublished":"2016-08-05T23:43:07+00:00","dateModified":"2016-08-05T23:43:07+00:00","breadcrumb":{"@id":"https:\/\/territorialchallenges.com\/2016\/08\/06\/de-la-volonte-des-industriels-de-lenergie-a-avoir-une-communication-un-design-a-la-hauteur-de-la-transition-du-secteur\/577\/#breadcrumb"},"inLanguage":"en-US","potentialAction":[{"@type":"ReadAction","target":["https:\/\/territorialchallenges.com\/2016\/08\/06\/de-la-volonte-des-industriels-de-lenergie-a-avoir-une-communication-un-design-a-la-hauteur-de-la-transition-du-secteur\/577\/"]}]},{"@type":"BreadcrumbList","@id":"https:\/\/territorialchallenges.com\/2016\/08\/06\/de-la-volonte-des-industriels-de-lenergie-a-avoir-une-communication-un-design-a-la-hauteur-de-la-transition-du-secteur\/577\/#breadcrumb","itemListElement":[{"@type":"ListItem","position":1,"name":"Home","item":"https:\/\/territorialchallenges.com\/"},{"@type":"ListItem","position":2,"name":"De la volont\u00e9 des industriels de l&rsquo;\u00e9nergie \u00e0 avoir une communication, un design \u00e0 la hauteur de la transition du secteur"}]},{"@type":"WebSite","@id":"https:\/\/territorialchallenges.com\/#website","url":"https:\/\/territorialchallenges.com\/","name":"Territorial Challenges","description":"Veille Internationale - Intelligent strategies - Best practices","publisher":{"@id":"https:\/\/territorialchallenges.com\/#organization"},"potentialAction":[{"@type":"SearchAction","target":{"@type":"EntryPoint","urlTemplate":"https:\/\/territorialchallenges.com\/?s={search_term_string}"},"query-input":"required name=search_term_string"}],"inLanguage":"en-US"},{"@type":"Organization","@id":"https:\/\/territorialchallenges.com\/#organization","name":"Territorial Challenges","url":"https:\/\/territorialchallenges.com\/","logo":{"@type":"ImageObject","inLanguage":"en-US","@id":"https:\/\/territorialchallenges.com\/#\/schema\/logo\/image\/","url":"https:\/\/territorialchallenges.com\/wp-content\/uploads\/2023\/10\/logo-1.png","contentUrl":"https:\/\/territorialchallenges.com\/wp-content\/uploads\/2023\/10\/logo-1.png","width":1832,"height":576,"caption":"Territorial Challenges"},"image":{"@id":"https:\/\/territorialchallenges.com\/#\/schema\/logo\/image\/"}},{"@type":"Person","@id":"https:\/\/territorialchallenges.com\/#\/schema\/person\/098f145c7c61a021c425e010f840080f","name":"ni.abdi","image":{"@type":"ImageObject","inLanguage":"en-US","@id":"https:\/\/territorialchallenges.com\/#\/schema\/person\/image\/","url":"https:\/\/secure.gravatar.com\/avatar\/2a2f2491f3c80039986ba989b1e4b510?s=96&d=identicon&r=g","contentUrl":"https:\/\/secure.gravatar.com\/avatar\/2a2f2491f3c80039986ba989b1e4b510?s=96&d=identicon&r=g","caption":"ni.abdi"},"sameAs":["https:\/\/twitter.com\/Ni.abdi"],"url":"https:\/\/territorialchallenges.com\/en\/author\/ni-abdi\/"}]}},"_links":{"self":[{"href":"https:\/\/territorialchallenges.com\/en\/wp-json\/wp\/v2\/posts\/577"}],"collection":[{"href":"https:\/\/territorialchallenges.com\/en\/wp-json\/wp\/v2\/posts"}],"about":[{"href":"https:\/\/territorialchallenges.com\/en\/wp-json\/wp\/v2\/types\/post"}],"author":[{"embeddable":true,"href":"https:\/\/territorialchallenges.com\/en\/wp-json\/wp\/v2\/users\/11"}],"replies":[{"embeddable":true,"href":"https:\/\/territorialchallenges.com\/en\/wp-json\/wp\/v2\/comments?post=577"}],"version-history":[{"count":0,"href":"https:\/\/territorialchallenges.com\/en\/wp-json\/wp\/v2\/posts\/577\/revisions"}],"wp:attachment":[{"href":"https:\/\/territorialchallenges.com\/en\/wp-json\/wp\/v2\/media?parent=577"}],"wp:term":[{"taxonomy":"category","embeddable":true,"href":"https:\/\/territorialchallenges.com\/en\/wp-json\/wp\/v2\/categories?post=577"},{"taxonomy":"post_tag","embeddable":true,"href":"https:\/\/territorialchallenges.com\/en\/wp-json\/wp\/v2\/tags?post=577"}],"curies":[{"name":"wp","href":"https:\/\/api.w.org\/{rel}","templated":true}]}}