{"id":546,"date":"2016-08-04T18:44:09","date_gmt":"2016-08-04T16:44:09","guid":{"rendered":"http:\/\/e-novatio.com\/?p=546"},"modified":"2016-08-04T18:44:09","modified_gmt":"2016-08-04T16:44:09","slug":"risegrid-un-institut-du-smart-grids-qui-merite-lattention","status":"publish","type":"post","link":"https:\/\/territorialchallenges.com\/en\/2016\/08\/04\/risegrid-un-institut-du-smart-grids-qui-merite-lattention\/546\/","title":{"rendered":"Risegrid, a smart grid institute that deserves attention"},"content":{"rendered":"<p>(December 27, 2012) In France, there are initiatives that are announced discreetly, even though they deserve to be given considerable attention. Ten days ago, when Genevi\u00e8ve Fioraso, Minister of Higher Education and Research, and Fleur Pellerin, Minister Delegate for SMEs, Innovation and the Digital Economy, had just... <\/p>\n<div class=\"pmpro_content_message\">Article only viewable by subscribers.<br \/><a href=\"https:\/\/territorialchallenges.com\/wp-login.php\">Connection<\/a><br \/><a href=\"https:\/\/territorialchallenges.com\/en\/wp-login.php\/?action=register\">Register<\/a><\/div>","protected":false},"excerpt":{"rendered":"<p>(27 d\u00e9cembre 2012) En France, il est des initiatives qui sont annonc\u00e9es discr\u00e8tement, alors qu&rsquo;elles m\u00e9ritent qu&rsquo;on s&rsquo;y attarde longuement. Il y a une dizaine de jours, alors que Genevi\u00e8ve Fioraso, ministre de l&rsquo;Enseignement sup\u00e9rieur et de la Recherche, et Fleur Pellerin, ministre d\u00e9l\u00e9gu\u00e9e charg\u00e9e des PME, de l&rsquo;Innovation et de l&rsquo;\u00c9conomie num\u00e9rique&#8230;, venaient de... <\/p>\n<div class=\"pmpro_content_message\">Article only viewable by subscribers.<br \/><a href=\"https:\/\/territorialchallenges.com\/wp-login.php\">Connection<\/a><br \/><a href=\"https:\/\/territorialchallenges.com\/en\/wp-login.php\/?action=register\">Register<\/a><\/div>","protected":false},"author":11,"featured_media":0,"comment_status":"open","ping_status":"open","sticky":true,"template":"","format":"standard","meta":{"pmpro_default_level":0,"footnotes":""},"categories":[123],"tags":[],"blocksy_meta":"","yoast_head":"<!-- This site is optimized with the Yoast SEO plugin v21.5 - https:\/\/yoast.com\/wordpress\/plugins\/seo\/ -->\n<title>Risegrid, un institut du smart grids qui m\u00e9rite l&#039;attention - Territorial Challenges<\/title>\n<meta name=\"robots\" content=\"index, follow, max-snippet:-1, max-image-preview:large, max-video-preview:-1\" \/>\n<link rel=\"canonical\" href=\"https:\/\/territorialchallenges.com\/en\/2016\/08\/04\/risegrid-un-institut-du-smart-grids-qui-merite-lattention\/546\/\" \/>\n<meta property=\"og:locale\" content=\"en_US\" \/>\n<meta property=\"og:type\" content=\"article\" \/>\n<meta property=\"og:title\" content=\"Risegrid, un institut du smart grids qui m\u00e9rite l&#039;attention - Territorial Challenges\" \/>\n<meta property=\"og:description\" content=\"(27 d\u00e9cembre 2012) En France, il est des initiatives qui sont annonc\u00e9es discr\u00e8tement, alors qu&rsquo;elles m\u00e9ritent qu&rsquo;on s&rsquo;y attarde longuement. Il y a une dizaine de jours, alors que Genevi\u00e8ve Fioraso, ministre de l&rsquo;Enseignement sup\u00e9rieur et de la Recherche, et Fleur Pellerin, ministre d\u00e9l\u00e9gu\u00e9e charg\u00e9e des PME, de l&rsquo;Innovation et de l&rsquo;\u00c9conomie num\u00e9rique&#8230;, venaient de [&hellip;]\" \/>\n<meta property=\"og:url\" content=\"https:\/\/territorialchallenges.com\/en\/2016\/08\/04\/risegrid-un-institut-du-smart-grids-qui-merite-lattention\/546\/\" \/>\n<meta property=\"og:site_name\" content=\"Territorial Challenges\" \/>\n<meta property=\"article:published_time\" content=\"2016-08-04T16:44:09+00:00\" \/>\n<meta name=\"author\" content=\"ni.abdi\" \/>\n<meta name=\"twitter:card\" content=\"summary_large_image\" \/>\n<meta name=\"twitter:creator\" content=\"@Ni.abdi\" \/>\n<meta name=\"twitter:label1\" content=\"Written by\" \/>\n\t<meta name=\"twitter:data1\" content=\"ni.abdi\" \/>\n\t<meta name=\"twitter:label2\" content=\"Est. reading time\" \/>\n\t<meta name=\"twitter:data2\" content=\"3 minutes\" \/>\n<script type=\"application\/ld+json\" class=\"yoast-schema-graph\">{\"@context\":\"https:\/\/schema.org\",\"@graph\":[{\"@type\":\"Article\",\"@id\":\"https:\/\/territorialchallenges.com\/2016\/08\/04\/risegrid-un-institut-du-smart-grids-qui-merite-lattention\/546\/#article\",\"isPartOf\":{\"@id\":\"https:\/\/territorialchallenges.com\/2016\/08\/04\/risegrid-un-institut-du-smart-grids-qui-merite-lattention\/546\/\"},\"author\":{\"name\":\"ni.abdi\",\"@id\":\"https:\/\/territorialchallenges.com\/#\/schema\/person\/098f145c7c61a021c425e010f840080f\"},\"headline\":\"Risegrid, un institut du smart grids qui m\u00e9rite l&rsquo;attention\",\"datePublished\":\"2016-08-04T16:44:09+00:00\",\"dateModified\":\"2016-08-04T16:44:09+00:00\",\"mainEntityOfPage\":{\"@id\":\"https:\/\/territorialchallenges.com\/2016\/08\/04\/risegrid-un-institut-du-smart-grids-qui-merite-lattention\/546\/\"},\"wordCount\":610,\"commentCount\":0,\"publisher\":{\"@id\":\"https:\/\/territorialchallenges.com\/#organization\"},\"articleSection\":[\"Archives - Editos\"],\"inLanguage\":\"en-US\"},{\"@type\":\"WebPage\",\"@id\":\"https:\/\/territorialchallenges.com\/2016\/08\/04\/risegrid-un-institut-du-smart-grids-qui-merite-lattention\/546\/\",\"url\":\"https:\/\/territorialchallenges.com\/2016\/08\/04\/risegrid-un-institut-du-smart-grids-qui-merite-lattention\/546\/\",\"name\":\"Risegrid, un institut du smart grids qui m\u00e9rite l'attention - Territorial Challenges\",\"isPartOf\":{\"@id\":\"https:\/\/territorialchallenges.com\/#website\"},\"datePublished\":\"2016-08-04T16:44:09+00:00\",\"dateModified\":\"2016-08-04T16:44:09+00:00\",\"breadcrumb\":{\"@id\":\"https:\/\/territorialchallenges.com\/2016\/08\/04\/risegrid-un-institut-du-smart-grids-qui-merite-lattention\/546\/#breadcrumb\"},\"inLanguage\":\"en-US\",\"potentialAction\":[{\"@type\":\"ReadAction\",\"target\":[\"https:\/\/territorialchallenges.com\/2016\/08\/04\/risegrid-un-institut-du-smart-grids-qui-merite-lattention\/546\/\"]}]},{\"@type\":\"BreadcrumbList\",\"@id\":\"https:\/\/territorialchallenges.com\/2016\/08\/04\/risegrid-un-institut-du-smart-grids-qui-merite-lattention\/546\/#breadcrumb\",\"itemListElement\":[{\"@type\":\"ListItem\",\"position\":1,\"name\":\"Home\",\"item\":\"https:\/\/territorialchallenges.com\/\"},{\"@type\":\"ListItem\",\"position\":2,\"name\":\"Risegrid, un institut du smart grids qui m\u00e9rite l&rsquo;attention\"}]},{\"@type\":\"WebSite\",\"@id\":\"https:\/\/territorialchallenges.com\/#website\",\"url\":\"https:\/\/territorialchallenges.com\/\",\"name\":\"Territorial Challenges\",\"description\":\"Veille Internationale - Strat\u00e9gie Intelligentes - Bonnes pratiques\",\"publisher\":{\"@id\":\"https:\/\/territorialchallenges.com\/#organization\"},\"potentialAction\":[{\"@type\":\"SearchAction\",\"target\":{\"@type\":\"EntryPoint\",\"urlTemplate\":\"https:\/\/territorialchallenges.com\/?s={search_term_string}\"},\"query-input\":\"required name=search_term_string\"}],\"inLanguage\":\"en-US\"},{\"@type\":\"Organization\",\"@id\":\"https:\/\/territorialchallenges.com\/#organization\",\"name\":\"Territorial Challenges\",\"url\":\"https:\/\/territorialchallenges.com\/\",\"logo\":{\"@type\":\"ImageObject\",\"inLanguage\":\"en-US\",\"@id\":\"https:\/\/territorialchallenges.com\/#\/schema\/logo\/image\/\",\"url\":\"https:\/\/territorialchallenges.com\/wp-content\/uploads\/2023\/10\/logo-1.png\",\"contentUrl\":\"https:\/\/territorialchallenges.com\/wp-content\/uploads\/2023\/10\/logo-1.png\",\"width\":1832,\"height\":576,\"caption\":\"Territorial Challenges\"},\"image\":{\"@id\":\"https:\/\/territorialchallenges.com\/#\/schema\/logo\/image\/\"}},{\"@type\":\"Person\",\"@id\":\"https:\/\/territorialchallenges.com\/#\/schema\/person\/098f145c7c61a021c425e010f840080f\",\"name\":\"ni.abdi\",\"image\":{\"@type\":\"ImageObject\",\"inLanguage\":\"en-US\",\"@id\":\"https:\/\/territorialchallenges.com\/#\/schema\/person\/image\/\",\"url\":\"https:\/\/secure.gravatar.com\/avatar\/2a2f2491f3c80039986ba989b1e4b510?s=96&d=identicon&r=g\",\"contentUrl\":\"https:\/\/secure.gravatar.com\/avatar\/2a2f2491f3c80039986ba989b1e4b510?s=96&d=identicon&r=g\",\"caption\":\"ni.abdi\"},\"sameAs\":[\"https:\/\/twitter.com\/Ni.abdi\"],\"url\":\"https:\/\/territorialchallenges.com\/en\/author\/ni-abdi\/\"}]}<\/script>\n<!-- \/ Yoast SEO plugin. -->","yoast_head_json":{"title":"Risegrid, un institut du smart grids qui m\u00e9rite l'attention - Territorial Challenges","robots":{"index":"index","follow":"follow","max-snippet":"max-snippet:-1","max-image-preview":"max-image-preview:large","max-video-preview":"max-video-preview:-1"},"canonical":"https:\/\/territorialchallenges.com\/en\/2016\/08\/04\/risegrid-un-institut-du-smart-grids-qui-merite-lattention\/546\/","og_locale":"en_US","og_type":"article","og_title":"Risegrid, un institut du smart grids qui m\u00e9rite l'attention - Territorial Challenges","og_description":"(27 d\u00e9cembre 2012) En France, il est des initiatives qui sont annonc\u00e9es discr\u00e8tement, alors qu&rsquo;elles m\u00e9ritent qu&rsquo;on s&rsquo;y attarde longuement. Il y a une dizaine de jours, alors que Genevi\u00e8ve Fioraso, ministre de l&rsquo;Enseignement sup\u00e9rieur et de la Recherche, et Fleur Pellerin, ministre d\u00e9l\u00e9gu\u00e9e charg\u00e9e des PME, de l&rsquo;Innovation et de l&rsquo;\u00c9conomie num\u00e9rique&#8230;, venaient de [&hellip;]","og_url":"https:\/\/territorialchallenges.com\/en\/2016\/08\/04\/risegrid-un-institut-du-smart-grids-qui-merite-lattention\/546\/","og_site_name":"Territorial Challenges","article_published_time":"2016-08-04T16:44:09+00:00","author":"ni.abdi","twitter_card":"summary_large_image","twitter_creator":"@Ni.abdi","twitter_misc":{"Written by":"ni.abdi","Est. reading time":"3 minutes"},"schema":{"@context":"https:\/\/schema.org","@graph":[{"@type":"Article","@id":"https:\/\/territorialchallenges.com\/2016\/08\/04\/risegrid-un-institut-du-smart-grids-qui-merite-lattention\/546\/#article","isPartOf":{"@id":"https:\/\/territorialchallenges.com\/2016\/08\/04\/risegrid-un-institut-du-smart-grids-qui-merite-lattention\/546\/"},"author":{"name":"ni.abdi","@id":"https:\/\/territorialchallenges.com\/#\/schema\/person\/098f145c7c61a021c425e010f840080f"},"headline":"Risegrid, un institut du smart grids qui m\u00e9rite l&rsquo;attention","datePublished":"2016-08-04T16:44:09+00:00","dateModified":"2016-08-04T16:44:09+00:00","mainEntityOfPage":{"@id":"https:\/\/territorialchallenges.com\/2016\/08\/04\/risegrid-un-institut-du-smart-grids-qui-merite-lattention\/546\/"},"wordCount":610,"commentCount":0,"publisher":{"@id":"https:\/\/territorialchallenges.com\/#organization"},"articleSection":["Archives - Editos"],"inLanguage":"en-US"},{"@type":"WebPage","@id":"https:\/\/territorialchallenges.com\/2016\/08\/04\/risegrid-un-institut-du-smart-grids-qui-merite-lattention\/546\/","url":"https:\/\/territorialchallenges.com\/2016\/08\/04\/risegrid-un-institut-du-smart-grids-qui-merite-lattention\/546\/","name":"Risegrid, un institut du smart grids qui m\u00e9rite l'attention - Territorial Challenges","isPartOf":{"@id":"https:\/\/territorialchallenges.com\/#website"},"datePublished":"2016-08-04T16:44:09+00:00","dateModified":"2016-08-04T16:44:09+00:00","breadcrumb":{"@id":"https:\/\/territorialchallenges.com\/2016\/08\/04\/risegrid-un-institut-du-smart-grids-qui-merite-lattention\/546\/#breadcrumb"},"inLanguage":"en-US","potentialAction":[{"@type":"ReadAction","target":["https:\/\/territorialchallenges.com\/2016\/08\/04\/risegrid-un-institut-du-smart-grids-qui-merite-lattention\/546\/"]}]},{"@type":"BreadcrumbList","@id":"https:\/\/territorialchallenges.com\/2016\/08\/04\/risegrid-un-institut-du-smart-grids-qui-merite-lattention\/546\/#breadcrumb","itemListElement":[{"@type":"ListItem","position":1,"name":"Home","item":"https:\/\/territorialchallenges.com\/"},{"@type":"ListItem","position":2,"name":"Risegrid, un institut du smart grids qui m\u00e9rite l&rsquo;attention"}]},{"@type":"WebSite","@id":"https:\/\/territorialchallenges.com\/#website","url":"https:\/\/territorialchallenges.com\/","name":"Territorial Challenges","description":"Veille Internationale - Intelligent strategies - Best practices","publisher":{"@id":"https:\/\/territorialchallenges.com\/#organization"},"potentialAction":[{"@type":"SearchAction","target":{"@type":"EntryPoint","urlTemplate":"https:\/\/territorialchallenges.com\/?s={search_term_string}"},"query-input":"required name=search_term_string"}],"inLanguage":"en-US"},{"@type":"Organization","@id":"https:\/\/territorialchallenges.com\/#organization","name":"Territorial Challenges","url":"https:\/\/territorialchallenges.com\/","logo":{"@type":"ImageObject","inLanguage":"en-US","@id":"https:\/\/territorialchallenges.com\/#\/schema\/logo\/image\/","url":"https:\/\/territorialchallenges.com\/wp-content\/uploads\/2023\/10\/logo-1.png","contentUrl":"https:\/\/territorialchallenges.com\/wp-content\/uploads\/2023\/10\/logo-1.png","width":1832,"height":576,"caption":"Territorial Challenges"},"image":{"@id":"https:\/\/territorialchallenges.com\/#\/schema\/logo\/image\/"}},{"@type":"Person","@id":"https:\/\/territorialchallenges.com\/#\/schema\/person\/098f145c7c61a021c425e010f840080f","name":"ni.abdi","image":{"@type":"ImageObject","inLanguage":"en-US","@id":"https:\/\/territorialchallenges.com\/#\/schema\/person\/image\/","url":"https:\/\/secure.gravatar.com\/avatar\/2a2f2491f3c80039986ba989b1e4b510?s=96&d=identicon&r=g","contentUrl":"https:\/\/secure.gravatar.com\/avatar\/2a2f2491f3c80039986ba989b1e4b510?s=96&d=identicon&r=g","caption":"ni.abdi"},"sameAs":["https:\/\/twitter.com\/Ni.abdi"],"url":"https:\/\/territorialchallenges.com\/en\/author\/ni-abdi\/"}]}},"_links":{"self":[{"href":"https:\/\/territorialchallenges.com\/en\/wp-json\/wp\/v2\/posts\/546"}],"collection":[{"href":"https:\/\/territorialchallenges.com\/en\/wp-json\/wp\/v2\/posts"}],"about":[{"href":"https:\/\/territorialchallenges.com\/en\/wp-json\/wp\/v2\/types\/post"}],"author":[{"embeddable":true,"href":"https:\/\/territorialchallenges.com\/en\/wp-json\/wp\/v2\/users\/11"}],"replies":[{"embeddable":true,"href":"https:\/\/territorialchallenges.com\/en\/wp-json\/wp\/v2\/comments?post=546"}],"version-history":[{"count":0,"href":"https:\/\/territorialchallenges.com\/en\/wp-json\/wp\/v2\/posts\/546\/revisions"}],"wp:attachment":[{"href":"https:\/\/territorialchallenges.com\/en\/wp-json\/wp\/v2\/media?parent=546"}],"wp:term":[{"taxonomy":"category","embeddable":true,"href":"https:\/\/territorialchallenges.com\/en\/wp-json\/wp\/v2\/categories?post=546"},{"taxonomy":"post_tag","embeddable":true,"href":"https:\/\/territorialchallenges.com\/en\/wp-json\/wp\/v2\/tags?post=546"}],"curies":[{"name":"wp","href":"https:\/\/api.w.org\/{rel}","templated":true}]}}