{"id":535,"date":"2016-08-04T17:55:28","date_gmt":"2016-08-04T15:55:28","guid":{"rendered":"http:\/\/e-novatio.com\/?p=535"},"modified":"2016-08-04T17:55:28","modified_gmt":"2016-08-04T15:55:28","slug":"les-equipementiers-de-lelectrique-grands-oublies-du-grand-paris","status":"publish","type":"post","link":"https:\/\/territorialchallenges.com\/en\/2016\/08\/04\/les-equipementiers-de-lelectrique-grands-oublies-du-grand-paris\/535\/","title":{"rendered":"Electric equipment manufacturers are the great forgotten of Greater Paris"},"content":{"rendered":"<p>Now that the Greater Paris project and its territorial development contracts have been adopted, we are entitled to ask questions about the integration of the sectors affected by the transformation of Paris-M\u00e9tropole. (November 16, 2012) &quot;The electrical industry is only represented in Saint-Denis by two recently founded factories. (\u2026). The oldest,\u2026 <\/p>\n<div class=\"pmpro_content_message\">Article only viewable by subscribers.<br \/><a href=\"https:\/\/territorialchallenges.com\/wp-login.php\">Connection<\/a><br \/><a href=\"https:\/\/territorialchallenges.com\/en\/wp-login.php\/?action=register\">Register<\/a><\/div>","protected":false},"excerpt":{"rendered":"<p>Alors que le projet du Grand Paris et ses contrats de d\u00e9veloppement territorial ont \u00e9t\u00e9 adopt\u00e9s, nous sommes en droit de nous poser des questions sur l&rsquo;int\u00e9gration des secteurs concern\u00e9s par la transformation de Paris-M\u00e9tropole. (16 novembre 2012) \u00ab L&rsquo;industrie \u00e9lectrique n&rsquo;est repr\u00e9sent\u00e9e \u00e0 Saint-Denis que par deux usines de fondation r\u00e9cente.(&#8230;). La plus ancienne,... <\/p>\n<div class=\"pmpro_content_message\">Article only viewable by subscribers.<br \/><a href=\"https:\/\/territorialchallenges.com\/wp-login.php\">Connection<\/a><br \/><a href=\"https:\/\/territorialchallenges.com\/en\/wp-login.php\/?action=register\">Register<\/a><\/div>","protected":false},"author":11,"featured_media":0,"comment_status":"open","ping_status":"open","sticky":true,"template":"","format":"standard","meta":{"pmpro_default_level":0,"footnotes":""},"categories":[123],"tags":[],"blocksy_meta":"","yoast_head":"<!-- This site is optimized with the Yoast SEO plugin v21.5 - https:\/\/yoast.com\/wordpress\/plugins\/seo\/ -->\n<title>Les \u00e9quipementiers de l&#039;\u00e9lectrique grands oubli\u00e9s du Grand Paris - Territorial Challenges<\/title>\n<meta name=\"robots\" content=\"index, follow, max-snippet:-1, max-image-preview:large, max-video-preview:-1\" \/>\n<link rel=\"canonical\" href=\"https:\/\/territorialchallenges.com\/en\/2016\/08\/04\/les-equipementiers-de-lelectrique-grands-oublies-du-grand-paris\/535\/\" \/>\n<meta property=\"og:locale\" content=\"en_US\" \/>\n<meta property=\"og:type\" content=\"article\" \/>\n<meta property=\"og:title\" content=\"Les \u00e9quipementiers de l&#039;\u00e9lectrique grands oubli\u00e9s du Grand Paris - Territorial Challenges\" \/>\n<meta property=\"og:description\" content=\"Alors que le projet du Grand Paris et ses contrats de d\u00e9veloppement territorial ont \u00e9t\u00e9 adopt\u00e9s, nous sommes en droit de nous poser des questions sur l&rsquo;int\u00e9gration des secteurs concern\u00e9s par la transformation de Paris-M\u00e9tropole. (16 novembre 2012) \u00ab L&rsquo;industrie \u00e9lectrique n&rsquo;est repr\u00e9sent\u00e9e \u00e0 Saint-Denis que par deux usines de fondation r\u00e9cente.(&#8230;). La plus ancienne, [&hellip;]\" \/>\n<meta property=\"og:url\" content=\"https:\/\/territorialchallenges.com\/en\/2016\/08\/04\/les-equipementiers-de-lelectrique-grands-oublies-du-grand-paris\/535\/\" \/>\n<meta property=\"og:site_name\" content=\"Territorial Challenges\" \/>\n<meta property=\"article:published_time\" content=\"2016-08-04T15:55:28+00:00\" \/>\n<meta name=\"author\" content=\"ni.abdi\" \/>\n<meta name=\"twitter:card\" content=\"summary_large_image\" \/>\n<meta name=\"twitter:creator\" content=\"@Ni.abdi\" \/>\n<meta name=\"twitter:label1\" content=\"Written by\" \/>\n\t<meta name=\"twitter:data1\" content=\"ni.abdi\" \/>\n\t<meta name=\"twitter:label2\" content=\"Est. reading time\" \/>\n\t<meta name=\"twitter:data2\" content=\"4 minutes\" \/>\n<script type=\"application\/ld+json\" class=\"yoast-schema-graph\">{\"@context\":\"https:\/\/schema.org\",\"@graph\":[{\"@type\":\"Article\",\"@id\":\"https:\/\/territorialchallenges.com\/2016\/08\/04\/les-equipementiers-de-lelectrique-grands-oublies-du-grand-paris\/535\/#article\",\"isPartOf\":{\"@id\":\"https:\/\/territorialchallenges.com\/2016\/08\/04\/les-equipementiers-de-lelectrique-grands-oublies-du-grand-paris\/535\/\"},\"author\":{\"name\":\"ni.abdi\",\"@id\":\"https:\/\/territorialchallenges.com\/#\/schema\/person\/098f145c7c61a021c425e010f840080f\"},\"headline\":\"Les \u00e9quipementiers de l&rsquo;\u00e9lectrique grands oubli\u00e9s du Grand Paris\",\"datePublished\":\"2016-08-04T15:55:28+00:00\",\"dateModified\":\"2016-08-04T15:55:28+00:00\",\"mainEntityOfPage\":{\"@id\":\"https:\/\/territorialchallenges.com\/2016\/08\/04\/les-equipementiers-de-lelectrique-grands-oublies-du-grand-paris\/535\/\"},\"wordCount\":818,\"commentCount\":0,\"publisher\":{\"@id\":\"https:\/\/territorialchallenges.com\/#organization\"},\"articleSection\":[\"Archives - Editos\"],\"inLanguage\":\"en-US\"},{\"@type\":\"WebPage\",\"@id\":\"https:\/\/territorialchallenges.com\/2016\/08\/04\/les-equipementiers-de-lelectrique-grands-oublies-du-grand-paris\/535\/\",\"url\":\"https:\/\/territorialchallenges.com\/2016\/08\/04\/les-equipementiers-de-lelectrique-grands-oublies-du-grand-paris\/535\/\",\"name\":\"Les \u00e9quipementiers de l'\u00e9lectrique grands oubli\u00e9s du Grand Paris - Territorial Challenges\",\"isPartOf\":{\"@id\":\"https:\/\/territorialchallenges.com\/#website\"},\"datePublished\":\"2016-08-04T15:55:28+00:00\",\"dateModified\":\"2016-08-04T15:55:28+00:00\",\"breadcrumb\":{\"@id\":\"https:\/\/territorialchallenges.com\/2016\/08\/04\/les-equipementiers-de-lelectrique-grands-oublies-du-grand-paris\/535\/#breadcrumb\"},\"inLanguage\":\"en-US\",\"potentialAction\":[{\"@type\":\"ReadAction\",\"target\":[\"https:\/\/territorialchallenges.com\/2016\/08\/04\/les-equipementiers-de-lelectrique-grands-oublies-du-grand-paris\/535\/\"]}]},{\"@type\":\"BreadcrumbList\",\"@id\":\"https:\/\/territorialchallenges.com\/2016\/08\/04\/les-equipementiers-de-lelectrique-grands-oublies-du-grand-paris\/535\/#breadcrumb\",\"itemListElement\":[{\"@type\":\"ListItem\",\"position\":1,\"name\":\"Home\",\"item\":\"https:\/\/territorialchallenges.com\/\"},{\"@type\":\"ListItem\",\"position\":2,\"name\":\"Les \u00e9quipementiers de l&rsquo;\u00e9lectrique grands oubli\u00e9s du Grand Paris\"}]},{\"@type\":\"WebSite\",\"@id\":\"https:\/\/territorialchallenges.com\/#website\",\"url\":\"https:\/\/territorialchallenges.com\/\",\"name\":\"Territorial Challenges\",\"description\":\"Veille Internationale - Strat\u00e9gie Intelligentes - Bonnes pratiques\",\"publisher\":{\"@id\":\"https:\/\/territorialchallenges.com\/#organization\"},\"potentialAction\":[{\"@type\":\"SearchAction\",\"target\":{\"@type\":\"EntryPoint\",\"urlTemplate\":\"https:\/\/territorialchallenges.com\/?s={search_term_string}\"},\"query-input\":\"required name=search_term_string\"}],\"inLanguage\":\"en-US\"},{\"@type\":\"Organization\",\"@id\":\"https:\/\/territorialchallenges.com\/#organization\",\"name\":\"Territorial Challenges\",\"url\":\"https:\/\/territorialchallenges.com\/\",\"logo\":{\"@type\":\"ImageObject\",\"inLanguage\":\"en-US\",\"@id\":\"https:\/\/territorialchallenges.com\/#\/schema\/logo\/image\/\",\"url\":\"https:\/\/territorialchallenges.com\/wp-content\/uploads\/2023\/10\/logo-1.png\",\"contentUrl\":\"https:\/\/territorialchallenges.com\/wp-content\/uploads\/2023\/10\/logo-1.png\",\"width\":1832,\"height\":576,\"caption\":\"Territorial Challenges\"},\"image\":{\"@id\":\"https:\/\/territorialchallenges.com\/#\/schema\/logo\/image\/\"}},{\"@type\":\"Person\",\"@id\":\"https:\/\/territorialchallenges.com\/#\/schema\/person\/098f145c7c61a021c425e010f840080f\",\"name\":\"ni.abdi\",\"image\":{\"@type\":\"ImageObject\",\"inLanguage\":\"en-US\",\"@id\":\"https:\/\/territorialchallenges.com\/#\/schema\/person\/image\/\",\"url\":\"https:\/\/secure.gravatar.com\/avatar\/2a2f2491f3c80039986ba989b1e4b510?s=96&d=identicon&r=g\",\"contentUrl\":\"https:\/\/secure.gravatar.com\/avatar\/2a2f2491f3c80039986ba989b1e4b510?s=96&d=identicon&r=g\",\"caption\":\"ni.abdi\"},\"sameAs\":[\"https:\/\/twitter.com\/Ni.abdi\"],\"url\":\"https:\/\/territorialchallenges.com\/en\/author\/ni-abdi\/\"}]}<\/script>\n<!-- \/ Yoast SEO plugin. -->","yoast_head_json":{"title":"Les \u00e9quipementiers de l'\u00e9lectrique grands oubli\u00e9s du Grand Paris - Territorial Challenges","robots":{"index":"index","follow":"follow","max-snippet":"max-snippet:-1","max-image-preview":"max-image-preview:large","max-video-preview":"max-video-preview:-1"},"canonical":"https:\/\/territorialchallenges.com\/en\/2016\/08\/04\/les-equipementiers-de-lelectrique-grands-oublies-du-grand-paris\/535\/","og_locale":"en_US","og_type":"article","og_title":"Les \u00e9quipementiers de l'\u00e9lectrique grands oubli\u00e9s du Grand Paris - Territorial Challenges","og_description":"Alors que le projet du Grand Paris et ses contrats de d\u00e9veloppement territorial ont \u00e9t\u00e9 adopt\u00e9s, nous sommes en droit de nous poser des questions sur l&rsquo;int\u00e9gration des secteurs concern\u00e9s par la transformation de Paris-M\u00e9tropole. (16 novembre 2012) \u00ab L&rsquo;industrie \u00e9lectrique n&rsquo;est repr\u00e9sent\u00e9e \u00e0 Saint-Denis que par deux usines de fondation r\u00e9cente.(&#8230;). La plus ancienne, [&hellip;]","og_url":"https:\/\/territorialchallenges.com\/en\/2016\/08\/04\/les-equipementiers-de-lelectrique-grands-oublies-du-grand-paris\/535\/","og_site_name":"Territorial Challenges","article_published_time":"2016-08-04T15:55:28+00:00","author":"ni.abdi","twitter_card":"summary_large_image","twitter_creator":"@Ni.abdi","twitter_misc":{"Written by":"ni.abdi","Est. reading time":"4 minutes"},"schema":{"@context":"https:\/\/schema.org","@graph":[{"@type":"Article","@id":"https:\/\/territorialchallenges.com\/2016\/08\/04\/les-equipementiers-de-lelectrique-grands-oublies-du-grand-paris\/535\/#article","isPartOf":{"@id":"https:\/\/territorialchallenges.com\/2016\/08\/04\/les-equipementiers-de-lelectrique-grands-oublies-du-grand-paris\/535\/"},"author":{"name":"ni.abdi","@id":"https:\/\/territorialchallenges.com\/#\/schema\/person\/098f145c7c61a021c425e010f840080f"},"headline":"Les \u00e9quipementiers de l&rsquo;\u00e9lectrique grands oubli\u00e9s du Grand Paris","datePublished":"2016-08-04T15:55:28+00:00","dateModified":"2016-08-04T15:55:28+00:00","mainEntityOfPage":{"@id":"https:\/\/territorialchallenges.com\/2016\/08\/04\/les-equipementiers-de-lelectrique-grands-oublies-du-grand-paris\/535\/"},"wordCount":818,"commentCount":0,"publisher":{"@id":"https:\/\/territorialchallenges.com\/#organization"},"articleSection":["Archives - Editos"],"inLanguage":"en-US"},{"@type":"WebPage","@id":"https:\/\/territorialchallenges.com\/2016\/08\/04\/les-equipementiers-de-lelectrique-grands-oublies-du-grand-paris\/535\/","url":"https:\/\/territorialchallenges.com\/2016\/08\/04\/les-equipementiers-de-lelectrique-grands-oublies-du-grand-paris\/535\/","name":"Les \u00e9quipementiers de l'\u00e9lectrique grands oubli\u00e9s du Grand Paris - Territorial Challenges","isPartOf":{"@id":"https:\/\/territorialchallenges.com\/#website"},"datePublished":"2016-08-04T15:55:28+00:00","dateModified":"2016-08-04T15:55:28+00:00","breadcrumb":{"@id":"https:\/\/territorialchallenges.com\/2016\/08\/04\/les-equipementiers-de-lelectrique-grands-oublies-du-grand-paris\/535\/#breadcrumb"},"inLanguage":"en-US","potentialAction":[{"@type":"ReadAction","target":["https:\/\/territorialchallenges.com\/2016\/08\/04\/les-equipementiers-de-lelectrique-grands-oublies-du-grand-paris\/535\/"]}]},{"@type":"BreadcrumbList","@id":"https:\/\/territorialchallenges.com\/2016\/08\/04\/les-equipementiers-de-lelectrique-grands-oublies-du-grand-paris\/535\/#breadcrumb","itemListElement":[{"@type":"ListItem","position":1,"name":"Home","item":"https:\/\/territorialchallenges.com\/"},{"@type":"ListItem","position":2,"name":"Les \u00e9quipementiers de l&rsquo;\u00e9lectrique grands oubli\u00e9s du Grand Paris"}]},{"@type":"WebSite","@id":"https:\/\/territorialchallenges.com\/#website","url":"https:\/\/territorialchallenges.com\/","name":"Territorial Challenges","description":"Veille Internationale - Intelligent strategies - Best practices","publisher":{"@id":"https:\/\/territorialchallenges.com\/#organization"},"potentialAction":[{"@type":"SearchAction","target":{"@type":"EntryPoint","urlTemplate":"https:\/\/territorialchallenges.com\/?s={search_term_string}"},"query-input":"required name=search_term_string"}],"inLanguage":"en-US"},{"@type":"Organization","@id":"https:\/\/territorialchallenges.com\/#organization","name":"Territorial Challenges","url":"https:\/\/territorialchallenges.com\/","logo":{"@type":"ImageObject","inLanguage":"en-US","@id":"https:\/\/territorialchallenges.com\/#\/schema\/logo\/image\/","url":"https:\/\/territorialchallenges.com\/wp-content\/uploads\/2023\/10\/logo-1.png","contentUrl":"https:\/\/territorialchallenges.com\/wp-content\/uploads\/2023\/10\/logo-1.png","width":1832,"height":576,"caption":"Territorial Challenges"},"image":{"@id":"https:\/\/territorialchallenges.com\/#\/schema\/logo\/image\/"}},{"@type":"Person","@id":"https:\/\/territorialchallenges.com\/#\/schema\/person\/098f145c7c61a021c425e010f840080f","name":"ni.abdi","image":{"@type":"ImageObject","inLanguage":"en-US","@id":"https:\/\/territorialchallenges.com\/#\/schema\/person\/image\/","url":"https:\/\/secure.gravatar.com\/avatar\/2a2f2491f3c80039986ba989b1e4b510?s=96&d=identicon&r=g","contentUrl":"https:\/\/secure.gravatar.com\/avatar\/2a2f2491f3c80039986ba989b1e4b510?s=96&d=identicon&r=g","caption":"ni.abdi"},"sameAs":["https:\/\/twitter.com\/Ni.abdi"],"url":"https:\/\/territorialchallenges.com\/en\/author\/ni-abdi\/"}]}},"_links":{"self":[{"href":"https:\/\/territorialchallenges.com\/en\/wp-json\/wp\/v2\/posts\/535"}],"collection":[{"href":"https:\/\/territorialchallenges.com\/en\/wp-json\/wp\/v2\/posts"}],"about":[{"href":"https:\/\/territorialchallenges.com\/en\/wp-json\/wp\/v2\/types\/post"}],"author":[{"embeddable":true,"href":"https:\/\/territorialchallenges.com\/en\/wp-json\/wp\/v2\/users\/11"}],"replies":[{"embeddable":true,"href":"https:\/\/territorialchallenges.com\/en\/wp-json\/wp\/v2\/comments?post=535"}],"version-history":[{"count":0,"href":"https:\/\/territorialchallenges.com\/en\/wp-json\/wp\/v2\/posts\/535\/revisions"}],"wp:attachment":[{"href":"https:\/\/territorialchallenges.com\/en\/wp-json\/wp\/v2\/media?parent=535"}],"wp:term":[{"taxonomy":"category","embeddable":true,"href":"https:\/\/territorialchallenges.com\/en\/wp-json\/wp\/v2\/categories?post=535"},{"taxonomy":"post_tag","embeddable":true,"href":"https:\/\/territorialchallenges.com\/en\/wp-json\/wp\/v2\/tags?post=535"}],"curies":[{"name":"wp","href":"https:\/\/api.w.org\/{rel}","templated":true}]}}