{"id":480,"date":"2016-07-09T13:19:45","date_gmt":"2016-07-09T11:19:45","guid":{"rendered":"http:\/\/e-novatio.com\/?p=480"},"modified":"2016-07-09T13:19:45","modified_gmt":"2016-07-09T11:19:45","slug":"la-guerre-de-cent-ans-de-lefficacite-energetique","status":"publish","type":"post","link":"https:\/\/territorialchallenges.com\/en\/2016\/07\/09\/la-guerre-de-cent-ans-de-lefficacite-energetique\/480\/","title":{"rendered":"The Hundred Years&#039; War of Energy Efficiency"},"content":{"rendered":"<p>(August 5, 2012) The controversy seems to go unnoticed, even though the subject is of global importance and, at the very moment when in France alone, we are officially told that by 2020 the electricity bill will increase by 50 %. What is it about? Quite simply the announcement of a ranking to which the world powers were not accustomed,\u2026 <\/p>\n<div class=\"pmpro_content_message\">Article only viewable by subscribers.<br \/><a href=\"https:\/\/territorialchallenges.com\/wp-login.php\">Connection<\/a><br \/><a href=\"https:\/\/territorialchallenges.com\/en\/wp-login.php\/?action=register\">Register<\/a><\/div>","protected":false},"excerpt":{"rendered":"<p>(5 aout 2012) La pol\u00e9mique semble passer inaper\u00e7ue, alors m\u00eame que le sujet est d&rsquo;une importance mondiale et, qu&rsquo;au\u00a0moment m\u00eame o\u00f9 rien qu&rsquo;en France, on nous annonce officiellement que d&rsquo;ici 2020 la facture d&rsquo;\u00e9lectricit\u00e9 augmentera de 50 %. De quoi s&rsquo;agit-il ? Tout simplement de l&rsquo;annonce d&rsquo;un classement auquel les puissances mondiales n&rsquo;\u00e9taient pas habitu\u00e9es,... <\/p>\n<div class=\"pmpro_content_message\">Article only viewable by subscribers.<br \/><a href=\"https:\/\/territorialchallenges.com\/wp-login.php\">Connection<\/a><br \/><a href=\"https:\/\/territorialchallenges.com\/en\/wp-login.php\/?action=register\">Register<\/a><\/div>","protected":false},"author":11,"featured_media":0,"comment_status":"open","ping_status":"open","sticky":true,"template":"","format":"standard","meta":{"pmpro_default_level":0,"footnotes":""},"categories":[123],"tags":[],"blocksy_meta":"","yoast_head":"<!-- This site is optimized with the Yoast SEO plugin v21.5 - https:\/\/yoast.com\/wordpress\/plugins\/seo\/ -->\n<title>La Guerre de Cent Ans de l&#039;efficacit\u00e9 \u00e9nerg\u00e9tique - Territorial Challenges<\/title>\n<meta name=\"robots\" content=\"index, follow, max-snippet:-1, max-image-preview:large, max-video-preview:-1\" \/>\n<link rel=\"canonical\" href=\"https:\/\/territorialchallenges.com\/en\/2016\/07\/09\/la-guerre-de-cent-ans-de-lefficacite-energetique\/480\/\" \/>\n<meta property=\"og:locale\" content=\"en_US\" \/>\n<meta property=\"og:type\" content=\"article\" \/>\n<meta property=\"og:title\" content=\"La Guerre de Cent Ans de l&#039;efficacit\u00e9 \u00e9nerg\u00e9tique - Territorial Challenges\" \/>\n<meta property=\"og:description\" content=\"(5 aout 2012) La pol\u00e9mique semble passer inaper\u00e7ue, alors m\u00eame que le sujet est d&rsquo;une importance mondiale et, qu&rsquo;au\u00a0moment m\u00eame o\u00f9 rien qu&rsquo;en France, on nous annonce officiellement que d&rsquo;ici 2020 la facture d&rsquo;\u00e9lectricit\u00e9 augmentera de 50 %. De quoi s&rsquo;agit-il ? Tout simplement de l&rsquo;annonce d&rsquo;un classement auquel les puissances mondiales n&rsquo;\u00e9taient pas habitu\u00e9es, [&hellip;]\" \/>\n<meta property=\"og:url\" content=\"https:\/\/territorialchallenges.com\/en\/2016\/07\/09\/la-guerre-de-cent-ans-de-lefficacite-energetique\/480\/\" \/>\n<meta property=\"og:site_name\" content=\"Territorial Challenges\" \/>\n<meta property=\"article:published_time\" content=\"2016-07-09T11:19:45+00:00\" \/>\n<meta name=\"author\" content=\"ni.abdi\" \/>\n<meta name=\"twitter:card\" content=\"summary_large_image\" \/>\n<meta name=\"twitter:creator\" content=\"@Ni.abdi\" \/>\n<meta name=\"twitter:label1\" content=\"Written by\" \/>\n\t<meta name=\"twitter:data1\" content=\"ni.abdi\" \/>\n\t<meta name=\"twitter:label2\" content=\"Est. reading time\" \/>\n\t<meta name=\"twitter:data2\" content=\"2 minutes\" \/>\n<script type=\"application\/ld+json\" class=\"yoast-schema-graph\">{\"@context\":\"https:\/\/schema.org\",\"@graph\":[{\"@type\":\"Article\",\"@id\":\"https:\/\/territorialchallenges.com\/2016\/07\/09\/la-guerre-de-cent-ans-de-lefficacite-energetique\/480\/#article\",\"isPartOf\":{\"@id\":\"https:\/\/territorialchallenges.com\/2016\/07\/09\/la-guerre-de-cent-ans-de-lefficacite-energetique\/480\/\"},\"author\":{\"name\":\"ni.abdi\",\"@id\":\"https:\/\/territorialchallenges.com\/#\/schema\/person\/098f145c7c61a021c425e010f840080f\"},\"headline\":\"La Guerre de Cent Ans de l&rsquo;efficacit\u00e9 \u00e9nerg\u00e9tique\",\"datePublished\":\"2016-07-09T11:19:45+00:00\",\"dateModified\":\"2016-07-09T11:19:45+00:00\",\"mainEntityOfPage\":{\"@id\":\"https:\/\/territorialchallenges.com\/2016\/07\/09\/la-guerre-de-cent-ans-de-lefficacite-energetique\/480\/\"},\"wordCount\":606,\"commentCount\":0,\"publisher\":{\"@id\":\"https:\/\/territorialchallenges.com\/#organization\"},\"articleSection\":[\"Archives - Editos\"],\"inLanguage\":\"en-US\"},{\"@type\":\"WebPage\",\"@id\":\"https:\/\/territorialchallenges.com\/2016\/07\/09\/la-guerre-de-cent-ans-de-lefficacite-energetique\/480\/\",\"url\":\"https:\/\/territorialchallenges.com\/2016\/07\/09\/la-guerre-de-cent-ans-de-lefficacite-energetique\/480\/\",\"name\":\"La Guerre de Cent Ans de l'efficacit\u00e9 \u00e9nerg\u00e9tique - Territorial Challenges\",\"isPartOf\":{\"@id\":\"https:\/\/territorialchallenges.com\/#website\"},\"datePublished\":\"2016-07-09T11:19:45+00:00\",\"dateModified\":\"2016-07-09T11:19:45+00:00\",\"breadcrumb\":{\"@id\":\"https:\/\/territorialchallenges.com\/2016\/07\/09\/la-guerre-de-cent-ans-de-lefficacite-energetique\/480\/#breadcrumb\"},\"inLanguage\":\"en-US\",\"potentialAction\":[{\"@type\":\"ReadAction\",\"target\":[\"https:\/\/territorialchallenges.com\/2016\/07\/09\/la-guerre-de-cent-ans-de-lefficacite-energetique\/480\/\"]}]},{\"@type\":\"BreadcrumbList\",\"@id\":\"https:\/\/territorialchallenges.com\/2016\/07\/09\/la-guerre-de-cent-ans-de-lefficacite-energetique\/480\/#breadcrumb\",\"itemListElement\":[{\"@type\":\"ListItem\",\"position\":1,\"name\":\"Home\",\"item\":\"https:\/\/territorialchallenges.com\/\"},{\"@type\":\"ListItem\",\"position\":2,\"name\":\"La Guerre de Cent Ans de l&rsquo;efficacit\u00e9 \u00e9nerg\u00e9tique\"}]},{\"@type\":\"WebSite\",\"@id\":\"https:\/\/territorialchallenges.com\/#website\",\"url\":\"https:\/\/territorialchallenges.com\/\",\"name\":\"Territorial Challenges\",\"description\":\"Veille Internationale - Strat\u00e9gie Intelligentes - Bonnes pratiques\",\"publisher\":{\"@id\":\"https:\/\/territorialchallenges.com\/#organization\"},\"potentialAction\":[{\"@type\":\"SearchAction\",\"target\":{\"@type\":\"EntryPoint\",\"urlTemplate\":\"https:\/\/territorialchallenges.com\/?s={search_term_string}\"},\"query-input\":\"required name=search_term_string\"}],\"inLanguage\":\"en-US\"},{\"@type\":\"Organization\",\"@id\":\"https:\/\/territorialchallenges.com\/#organization\",\"name\":\"Territorial Challenges\",\"url\":\"https:\/\/territorialchallenges.com\/\",\"logo\":{\"@type\":\"ImageObject\",\"inLanguage\":\"en-US\",\"@id\":\"https:\/\/territorialchallenges.com\/#\/schema\/logo\/image\/\",\"url\":\"https:\/\/territorialchallenges.com\/wp-content\/uploads\/2023\/10\/logo-1.png\",\"contentUrl\":\"https:\/\/territorialchallenges.com\/wp-content\/uploads\/2023\/10\/logo-1.png\",\"width\":1832,\"height\":576,\"caption\":\"Territorial Challenges\"},\"image\":{\"@id\":\"https:\/\/territorialchallenges.com\/#\/schema\/logo\/image\/\"}},{\"@type\":\"Person\",\"@id\":\"https:\/\/territorialchallenges.com\/#\/schema\/person\/098f145c7c61a021c425e010f840080f\",\"name\":\"ni.abdi\",\"image\":{\"@type\":\"ImageObject\",\"inLanguage\":\"en-US\",\"@id\":\"https:\/\/territorialchallenges.com\/#\/schema\/person\/image\/\",\"url\":\"https:\/\/secure.gravatar.com\/avatar\/2a2f2491f3c80039986ba989b1e4b510?s=96&d=identicon&r=g\",\"contentUrl\":\"https:\/\/secure.gravatar.com\/avatar\/2a2f2491f3c80039986ba989b1e4b510?s=96&d=identicon&r=g\",\"caption\":\"ni.abdi\"},\"sameAs\":[\"https:\/\/twitter.com\/Ni.abdi\"],\"url\":\"https:\/\/territorialchallenges.com\/en\/author\/ni-abdi\/\"}]}<\/script>\n<!-- \/ Yoast SEO plugin. -->","yoast_head_json":{"title":"La Guerre de Cent Ans de l'efficacit\u00e9 \u00e9nerg\u00e9tique - Territorial Challenges","robots":{"index":"index","follow":"follow","max-snippet":"max-snippet:-1","max-image-preview":"max-image-preview:large","max-video-preview":"max-video-preview:-1"},"canonical":"https:\/\/territorialchallenges.com\/en\/2016\/07\/09\/la-guerre-de-cent-ans-de-lefficacite-energetique\/480\/","og_locale":"en_US","og_type":"article","og_title":"La Guerre de Cent Ans de l'efficacit\u00e9 \u00e9nerg\u00e9tique - Territorial Challenges","og_description":"(5 aout 2012) La pol\u00e9mique semble passer inaper\u00e7ue, alors m\u00eame que le sujet est d&rsquo;une importance mondiale et, qu&rsquo;au\u00a0moment m\u00eame o\u00f9 rien qu&rsquo;en France, on nous annonce officiellement que d&rsquo;ici 2020 la facture d&rsquo;\u00e9lectricit\u00e9 augmentera de 50 %. De quoi s&rsquo;agit-il ? Tout simplement de l&rsquo;annonce d&rsquo;un classement auquel les puissances mondiales n&rsquo;\u00e9taient pas habitu\u00e9es, [&hellip;]","og_url":"https:\/\/territorialchallenges.com\/en\/2016\/07\/09\/la-guerre-de-cent-ans-de-lefficacite-energetique\/480\/","og_site_name":"Territorial Challenges","article_published_time":"2016-07-09T11:19:45+00:00","author":"ni.abdi","twitter_card":"summary_large_image","twitter_creator":"@Ni.abdi","twitter_misc":{"Written by":"ni.abdi","Est. reading time":"2 minutes"},"schema":{"@context":"https:\/\/schema.org","@graph":[{"@type":"Article","@id":"https:\/\/territorialchallenges.com\/2016\/07\/09\/la-guerre-de-cent-ans-de-lefficacite-energetique\/480\/#article","isPartOf":{"@id":"https:\/\/territorialchallenges.com\/2016\/07\/09\/la-guerre-de-cent-ans-de-lefficacite-energetique\/480\/"},"author":{"name":"ni.abdi","@id":"https:\/\/territorialchallenges.com\/#\/schema\/person\/098f145c7c61a021c425e010f840080f"},"headline":"La Guerre de Cent Ans de l&rsquo;efficacit\u00e9 \u00e9nerg\u00e9tique","datePublished":"2016-07-09T11:19:45+00:00","dateModified":"2016-07-09T11:19:45+00:00","mainEntityOfPage":{"@id":"https:\/\/territorialchallenges.com\/2016\/07\/09\/la-guerre-de-cent-ans-de-lefficacite-energetique\/480\/"},"wordCount":606,"commentCount":0,"publisher":{"@id":"https:\/\/territorialchallenges.com\/#organization"},"articleSection":["Archives - Editos"],"inLanguage":"en-US"},{"@type":"WebPage","@id":"https:\/\/territorialchallenges.com\/2016\/07\/09\/la-guerre-de-cent-ans-de-lefficacite-energetique\/480\/","url":"https:\/\/territorialchallenges.com\/2016\/07\/09\/la-guerre-de-cent-ans-de-lefficacite-energetique\/480\/","name":"La Guerre de Cent Ans de l'efficacit\u00e9 \u00e9nerg\u00e9tique - Territorial Challenges","isPartOf":{"@id":"https:\/\/territorialchallenges.com\/#website"},"datePublished":"2016-07-09T11:19:45+00:00","dateModified":"2016-07-09T11:19:45+00:00","breadcrumb":{"@id":"https:\/\/territorialchallenges.com\/2016\/07\/09\/la-guerre-de-cent-ans-de-lefficacite-energetique\/480\/#breadcrumb"},"inLanguage":"en-US","potentialAction":[{"@type":"ReadAction","target":["https:\/\/territorialchallenges.com\/2016\/07\/09\/la-guerre-de-cent-ans-de-lefficacite-energetique\/480\/"]}]},{"@type":"BreadcrumbList","@id":"https:\/\/territorialchallenges.com\/2016\/07\/09\/la-guerre-de-cent-ans-de-lefficacite-energetique\/480\/#breadcrumb","itemListElement":[{"@type":"ListItem","position":1,"name":"Home","item":"https:\/\/territorialchallenges.com\/"},{"@type":"ListItem","position":2,"name":"La Guerre de Cent Ans de l&rsquo;efficacit\u00e9 \u00e9nerg\u00e9tique"}]},{"@type":"WebSite","@id":"https:\/\/territorialchallenges.com\/#website","url":"https:\/\/territorialchallenges.com\/","name":"Territorial Challenges","description":"Veille Internationale - Intelligent strategies - Best practices","publisher":{"@id":"https:\/\/territorialchallenges.com\/#organization"},"potentialAction":[{"@type":"SearchAction","target":{"@type":"EntryPoint","urlTemplate":"https:\/\/territorialchallenges.com\/?s={search_term_string}"},"query-input":"required name=search_term_string"}],"inLanguage":"en-US"},{"@type":"Organization","@id":"https:\/\/territorialchallenges.com\/#organization","name":"Territorial Challenges","url":"https:\/\/territorialchallenges.com\/","logo":{"@type":"ImageObject","inLanguage":"en-US","@id":"https:\/\/territorialchallenges.com\/#\/schema\/logo\/image\/","url":"https:\/\/territorialchallenges.com\/wp-content\/uploads\/2023\/10\/logo-1.png","contentUrl":"https:\/\/territorialchallenges.com\/wp-content\/uploads\/2023\/10\/logo-1.png","width":1832,"height":576,"caption":"Territorial Challenges"},"image":{"@id":"https:\/\/territorialchallenges.com\/#\/schema\/logo\/image\/"}},{"@type":"Person","@id":"https:\/\/territorialchallenges.com\/#\/schema\/person\/098f145c7c61a021c425e010f840080f","name":"ni.abdi","image":{"@type":"ImageObject","inLanguage":"en-US","@id":"https:\/\/territorialchallenges.com\/#\/schema\/person\/image\/","url":"https:\/\/secure.gravatar.com\/avatar\/2a2f2491f3c80039986ba989b1e4b510?s=96&d=identicon&r=g","contentUrl":"https:\/\/secure.gravatar.com\/avatar\/2a2f2491f3c80039986ba989b1e4b510?s=96&d=identicon&r=g","caption":"ni.abdi"},"sameAs":["https:\/\/twitter.com\/Ni.abdi"],"url":"https:\/\/territorialchallenges.com\/en\/author\/ni-abdi\/"}]}},"_links":{"self":[{"href":"https:\/\/territorialchallenges.com\/en\/wp-json\/wp\/v2\/posts\/480"}],"collection":[{"href":"https:\/\/territorialchallenges.com\/en\/wp-json\/wp\/v2\/posts"}],"about":[{"href":"https:\/\/territorialchallenges.com\/en\/wp-json\/wp\/v2\/types\/post"}],"author":[{"embeddable":true,"href":"https:\/\/territorialchallenges.com\/en\/wp-json\/wp\/v2\/users\/11"}],"replies":[{"embeddable":true,"href":"https:\/\/territorialchallenges.com\/en\/wp-json\/wp\/v2\/comments?post=480"}],"version-history":[{"count":0,"href":"https:\/\/territorialchallenges.com\/en\/wp-json\/wp\/v2\/posts\/480\/revisions"}],"wp:attachment":[{"href":"https:\/\/territorialchallenges.com\/en\/wp-json\/wp\/v2\/media?parent=480"}],"wp:term":[{"taxonomy":"category","embeddable":true,"href":"https:\/\/territorialchallenges.com\/en\/wp-json\/wp\/v2\/categories?post=480"},{"taxonomy":"post_tag","embeddable":true,"href":"https:\/\/territorialchallenges.com\/en\/wp-json\/wp\/v2\/tags?post=480"}],"curies":[{"name":"wp","href":"https:\/\/api.w.org\/{rel}","templated":true}]}}