{"id":248,"date":"2016-07-05T15:41:33","date_gmt":"2016-07-05T13:41:33","guid":{"rendered":"http:\/\/e-novatio.com\/?p=248"},"modified":"2016-07-05T15:41:33","modified_gmt":"2016-07-05T13:41:33","slug":"paca-lance-flexgrid-un-deploiement-de-reseaux-intelligents","status":"publish","type":"post","link":"https:\/\/territorialchallenges.com\/en\/2016\/07\/05\/paca-lance-flexgrid-un-deploiement-de-reseaux-intelligents\/248\/","title":{"rendered":"Paca launches Flexgrid, a deployment of smart networks"},"content":{"rendered":"<p>Under the leadership of its president Christian Estrosi, the Paca region is inaugurating its smart grid installations across the territory, with the ambition of becoming the first Smart Region in Europe...<\/p>\n<div class=\"pmpro_content_message\">Article only viewable by subscribers.<br \/><a href=\"https:\/\/territorialchallenges.com\/wp-login.php\">Connection<\/a><br \/><a href=\"https:\/\/territorialchallenges.com\/en\/wp-login.php\/?action=register\">Register<\/a><\/div>","protected":false},"excerpt":{"rendered":"<p>Under the leadership of its president Christian Estrosi, the Paca region is inaugurating its smart grid installations across the territory, with the ambition of becoming the first Smart Region in Europe...<\/p>\n<div class=\"pmpro_content_message\">Article only viewable by subscribers.<br \/><a href=\"https:\/\/territorialchallenges.com\/wp-login.php\">Connection<\/a><br \/><a href=\"https:\/\/territorialchallenges.com\/en\/wp-login.php\/?action=register\">Register<\/a><\/div>","protected":false},"author":11,"featured_media":249,"comment_status":"open","ping_status":"open","sticky":false,"template":"","format":"standard","meta":{"pmpro_default_level":0,"footnotes":""},"categories":[18,122],"tags":[],"blocksy_meta":"","yoast_head":"<!-- This site is optimized with the Yoast SEO plugin v21.5 - https:\/\/yoast.com\/wordpress\/plugins\/seo\/ -->\n<title>Paca lance Flexgrid, un d\u00e9ploiement de r\u00e9seaux intelligents - Territorial Challenges<\/title>\n<meta name=\"robots\" content=\"index, follow, max-snippet:-1, max-image-preview:large, max-video-preview:-1\" \/>\n<link rel=\"canonical\" href=\"https:\/\/territorialchallenges.com\/en\/2016\/07\/05\/paca-lance-flexgrid-un-deploiement-de-reseaux-intelligents\/248\/\" \/>\n<meta property=\"og:locale\" content=\"en_US\" \/>\n<meta property=\"og:type\" content=\"article\" \/>\n<meta property=\"og:title\" content=\"Paca lance Flexgrid, un d\u00e9ploiement de r\u00e9seaux intelligents - Territorial Challenges\" \/>\n<meta property=\"og:description\" content=\"Sous l&#039;\u00e9gide de son pr\u00e9sident Christian Estrosi, la r\u00e9gion Paca inaugure ses installations de r\u00e9seaux intelligents \u00e0 travers le territoire, avec l&#039;ambition de devenir la premi\u00e8re Smart R\u00e9gion d&#039;Europe...\" \/>\n<meta property=\"og:url\" content=\"https:\/\/territorialchallenges.com\/en\/2016\/07\/05\/paca-lance-flexgrid-un-deploiement-de-reseaux-intelligents\/248\/\" \/>\n<meta property=\"og:site_name\" content=\"Territorial Challenges\" \/>\n<meta property=\"article:published_time\" content=\"2016-07-05T13:41:33+00:00\" \/>\n<meta name=\"author\" content=\"ni.abdi\" \/>\n<meta name=\"twitter:card\" content=\"summary_large_image\" \/>\n<meta name=\"twitter:creator\" content=\"@Ni.abdi\" \/>\n<meta name=\"twitter:label1\" content=\"Written by\" \/>\n\t<meta name=\"twitter:data1\" content=\"ni.abdi\" \/>\n\t<meta name=\"twitter:label2\" content=\"Est. reading time\" \/>\n\t<meta name=\"twitter:data2\" content=\"1 minute\" \/>\n<script type=\"application\/ld+json\" class=\"yoast-schema-graph\">{\"@context\":\"https:\/\/schema.org\",\"@graph\":[{\"@type\":\"Article\",\"@id\":\"https:\/\/territorialchallenges.com\/2016\/07\/05\/paca-lance-flexgrid-un-deploiement-de-reseaux-intelligents\/248\/#article\",\"isPartOf\":{\"@id\":\"https:\/\/territorialchallenges.com\/2016\/07\/05\/paca-lance-flexgrid-un-deploiement-de-reseaux-intelligents\/248\/\"},\"author\":{\"name\":\"ni.abdi\",\"@id\":\"https:\/\/territorialchallenges.com\/#\/schema\/person\/098f145c7c61a021c425e010f840080f\"},\"headline\":\"Paca lance Flexgrid, un d\u00e9ploiement de r\u00e9seaux intelligents\",\"datePublished\":\"2016-07-05T13:41:33+00:00\",\"dateModified\":\"2016-07-05T13:41:33+00:00\",\"mainEntityOfPage\":{\"@id\":\"https:\/\/territorialchallenges.com\/2016\/07\/05\/paca-lance-flexgrid-un-deploiement-de-reseaux-intelligents\/248\/\"},\"wordCount\":117,\"commentCount\":0,\"publisher\":{\"@id\":\"https:\/\/territorialchallenges.com\/#organization\"},\"articleSection\":[\"Transition \u00c9nerg\u00e9tique\",\"Actualit\u00e9 France\"],\"inLanguage\":\"en-US\"},{\"@type\":\"WebPage\",\"@id\":\"https:\/\/territorialchallenges.com\/2016\/07\/05\/paca-lance-flexgrid-un-deploiement-de-reseaux-intelligents\/248\/\",\"url\":\"https:\/\/territorialchallenges.com\/2016\/07\/05\/paca-lance-flexgrid-un-deploiement-de-reseaux-intelligents\/248\/\",\"name\":\"Paca lance Flexgrid, un d\u00e9ploiement de r\u00e9seaux intelligents - Territorial Challenges\",\"isPartOf\":{\"@id\":\"https:\/\/territorialchallenges.com\/#website\"},\"datePublished\":\"2016-07-05T13:41:33+00:00\",\"dateModified\":\"2016-07-05T13:41:33+00:00\",\"breadcrumb\":{\"@id\":\"https:\/\/territorialchallenges.com\/2016\/07\/05\/paca-lance-flexgrid-un-deploiement-de-reseaux-intelligents\/248\/#breadcrumb\"},\"inLanguage\":\"en-US\",\"potentialAction\":[{\"@type\":\"ReadAction\",\"target\":[\"https:\/\/territorialchallenges.com\/2016\/07\/05\/paca-lance-flexgrid-un-deploiement-de-reseaux-intelligents\/248\/\"]}]},{\"@type\":\"BreadcrumbList\",\"@id\":\"https:\/\/territorialchallenges.com\/2016\/07\/05\/paca-lance-flexgrid-un-deploiement-de-reseaux-intelligents\/248\/#breadcrumb\",\"itemListElement\":[{\"@type\":\"ListItem\",\"position\":1,\"name\":\"Home\",\"item\":\"https:\/\/territorialchallenges.com\/\"},{\"@type\":\"ListItem\",\"position\":2,\"name\":\"Paca lance Flexgrid, un d\u00e9ploiement de r\u00e9seaux intelligents\"}]},{\"@type\":\"WebSite\",\"@id\":\"https:\/\/territorialchallenges.com\/#website\",\"url\":\"https:\/\/territorialchallenges.com\/\",\"name\":\"Territorial Challenges\",\"description\":\"Veille Internationale - Strat\u00e9gie Intelligentes - Bonnes pratiques\",\"publisher\":{\"@id\":\"https:\/\/territorialchallenges.com\/#organization\"},\"potentialAction\":[{\"@type\":\"SearchAction\",\"target\":{\"@type\":\"EntryPoint\",\"urlTemplate\":\"https:\/\/territorialchallenges.com\/?s={search_term_string}\"},\"query-input\":\"required name=search_term_string\"}],\"inLanguage\":\"en-US\"},{\"@type\":\"Organization\",\"@id\":\"https:\/\/territorialchallenges.com\/#organization\",\"name\":\"Territorial Challenges\",\"url\":\"https:\/\/territorialchallenges.com\/\",\"logo\":{\"@type\":\"ImageObject\",\"inLanguage\":\"en-US\",\"@id\":\"https:\/\/territorialchallenges.com\/#\/schema\/logo\/image\/\",\"url\":\"https:\/\/territorialchallenges.com\/wp-content\/uploads\/2023\/10\/logo-1.png\",\"contentUrl\":\"https:\/\/territorialchallenges.com\/wp-content\/uploads\/2023\/10\/logo-1.png\",\"width\":1832,\"height\":576,\"caption\":\"Territorial Challenges\"},\"image\":{\"@id\":\"https:\/\/territorialchallenges.com\/#\/schema\/logo\/image\/\"}},{\"@type\":\"Person\",\"@id\":\"https:\/\/territorialchallenges.com\/#\/schema\/person\/098f145c7c61a021c425e010f840080f\",\"name\":\"ni.abdi\",\"image\":{\"@type\":\"ImageObject\",\"inLanguage\":\"en-US\",\"@id\":\"https:\/\/territorialchallenges.com\/#\/schema\/person\/image\/\",\"url\":\"https:\/\/secure.gravatar.com\/avatar\/2a2f2491f3c80039986ba989b1e4b510?s=96&d=identicon&r=g\",\"contentUrl\":\"https:\/\/secure.gravatar.com\/avatar\/2a2f2491f3c80039986ba989b1e4b510?s=96&d=identicon&r=g\",\"caption\":\"ni.abdi\"},\"sameAs\":[\"https:\/\/twitter.com\/Ni.abdi\"],\"url\":\"https:\/\/territorialchallenges.com\/en\/author\/ni-abdi\/\"}]}<\/script>\n<!-- \/ Yoast SEO plugin. -->","yoast_head_json":{"title":"Paca lance Flexgrid, un d\u00e9ploiement de r\u00e9seaux intelligents - Territorial Challenges","robots":{"index":"index","follow":"follow","max-snippet":"max-snippet:-1","max-image-preview":"max-image-preview:large","max-video-preview":"max-video-preview:-1"},"canonical":"https:\/\/territorialchallenges.com\/en\/2016\/07\/05\/paca-lance-flexgrid-un-deploiement-de-reseaux-intelligents\/248\/","og_locale":"en_US","og_type":"article","og_title":"Paca lance Flexgrid, un d\u00e9ploiement de r\u00e9seaux intelligents - Territorial Challenges","og_description":"Sous l'\u00e9gide de son pr\u00e9sident Christian Estrosi, la r\u00e9gion Paca inaugure ses installations de r\u00e9seaux intelligents \u00e0 travers le territoire, avec l'ambition de devenir la premi\u00e8re Smart R\u00e9gion d'Europe...","og_url":"https:\/\/territorialchallenges.com\/en\/2016\/07\/05\/paca-lance-flexgrid-un-deploiement-de-reseaux-intelligents\/248\/","og_site_name":"Territorial Challenges","article_published_time":"2016-07-05T13:41:33+00:00","author":"ni.abdi","twitter_card":"summary_large_image","twitter_creator":"@Ni.abdi","twitter_misc":{"Written by":"ni.abdi","Est. reading time":"1 minute"},"schema":{"@context":"https:\/\/schema.org","@graph":[{"@type":"Article","@id":"https:\/\/territorialchallenges.com\/2016\/07\/05\/paca-lance-flexgrid-un-deploiement-de-reseaux-intelligents\/248\/#article","isPartOf":{"@id":"https:\/\/territorialchallenges.com\/2016\/07\/05\/paca-lance-flexgrid-un-deploiement-de-reseaux-intelligents\/248\/"},"author":{"name":"ni.abdi","@id":"https:\/\/territorialchallenges.com\/#\/schema\/person\/098f145c7c61a021c425e010f840080f"},"headline":"Paca lance Flexgrid, un d\u00e9ploiement de r\u00e9seaux intelligents","datePublished":"2016-07-05T13:41:33+00:00","dateModified":"2016-07-05T13:41:33+00:00","mainEntityOfPage":{"@id":"https:\/\/territorialchallenges.com\/2016\/07\/05\/paca-lance-flexgrid-un-deploiement-de-reseaux-intelligents\/248\/"},"wordCount":117,"commentCount":0,"publisher":{"@id":"https:\/\/territorialchallenges.com\/#organization"},"articleSection":["Transition \u00c9nerg\u00e9tique","Actualit\u00e9 France"],"inLanguage":"en-US"},{"@type":"WebPage","@id":"https:\/\/territorialchallenges.com\/2016\/07\/05\/paca-lance-flexgrid-un-deploiement-de-reseaux-intelligents\/248\/","url":"https:\/\/territorialchallenges.com\/2016\/07\/05\/paca-lance-flexgrid-un-deploiement-de-reseaux-intelligents\/248\/","name":"Paca lance Flexgrid, un d\u00e9ploiement de r\u00e9seaux intelligents - Territorial Challenges","isPartOf":{"@id":"https:\/\/territorialchallenges.com\/#website"},"datePublished":"2016-07-05T13:41:33+00:00","dateModified":"2016-07-05T13:41:33+00:00","breadcrumb":{"@id":"https:\/\/territorialchallenges.com\/2016\/07\/05\/paca-lance-flexgrid-un-deploiement-de-reseaux-intelligents\/248\/#breadcrumb"},"inLanguage":"en-US","potentialAction":[{"@type":"ReadAction","target":["https:\/\/territorialchallenges.com\/2016\/07\/05\/paca-lance-flexgrid-un-deploiement-de-reseaux-intelligents\/248\/"]}]},{"@type":"BreadcrumbList","@id":"https:\/\/territorialchallenges.com\/2016\/07\/05\/paca-lance-flexgrid-un-deploiement-de-reseaux-intelligents\/248\/#breadcrumb","itemListElement":[{"@type":"ListItem","position":1,"name":"Home","item":"https:\/\/territorialchallenges.com\/"},{"@type":"ListItem","position":2,"name":"Paca lance Flexgrid, un d\u00e9ploiement de r\u00e9seaux intelligents"}]},{"@type":"WebSite","@id":"https:\/\/territorialchallenges.com\/#website","url":"https:\/\/territorialchallenges.com\/","name":"Territorial Challenges","description":"Veille Internationale - Intelligent strategies - Best practices","publisher":{"@id":"https:\/\/territorialchallenges.com\/#organization"},"potentialAction":[{"@type":"SearchAction","target":{"@type":"EntryPoint","urlTemplate":"https:\/\/territorialchallenges.com\/?s={search_term_string}"},"query-input":"required name=search_term_string"}],"inLanguage":"en-US"},{"@type":"Organization","@id":"https:\/\/territorialchallenges.com\/#organization","name":"Territorial Challenges","url":"https:\/\/territorialchallenges.com\/","logo":{"@type":"ImageObject","inLanguage":"en-US","@id":"https:\/\/territorialchallenges.com\/#\/schema\/logo\/image\/","url":"https:\/\/territorialchallenges.com\/wp-content\/uploads\/2023\/10\/logo-1.png","contentUrl":"https:\/\/territorialchallenges.com\/wp-content\/uploads\/2023\/10\/logo-1.png","width":1832,"height":576,"caption":"Territorial Challenges"},"image":{"@id":"https:\/\/territorialchallenges.com\/#\/schema\/logo\/image\/"}},{"@type":"Person","@id":"https:\/\/territorialchallenges.com\/#\/schema\/person\/098f145c7c61a021c425e010f840080f","name":"ni.abdi","image":{"@type":"ImageObject","inLanguage":"en-US","@id":"https:\/\/territorialchallenges.com\/#\/schema\/person\/image\/","url":"https:\/\/secure.gravatar.com\/avatar\/2a2f2491f3c80039986ba989b1e4b510?s=96&d=identicon&r=g","contentUrl":"https:\/\/secure.gravatar.com\/avatar\/2a2f2491f3c80039986ba989b1e4b510?s=96&d=identicon&r=g","caption":"ni.abdi"},"sameAs":["https:\/\/twitter.com\/Ni.abdi"],"url":"https:\/\/territorialchallenges.com\/en\/author\/ni-abdi\/"}]}},"_links":{"self":[{"href":"https:\/\/territorialchallenges.com\/en\/wp-json\/wp\/v2\/posts\/248"}],"collection":[{"href":"https:\/\/territorialchallenges.com\/en\/wp-json\/wp\/v2\/posts"}],"about":[{"href":"https:\/\/territorialchallenges.com\/en\/wp-json\/wp\/v2\/types\/post"}],"author":[{"embeddable":true,"href":"https:\/\/territorialchallenges.com\/en\/wp-json\/wp\/v2\/users\/11"}],"replies":[{"embeddable":true,"href":"https:\/\/territorialchallenges.com\/en\/wp-json\/wp\/v2\/comments?post=248"}],"version-history":[{"count":0,"href":"https:\/\/territorialchallenges.com\/en\/wp-json\/wp\/v2\/posts\/248\/revisions"}],"wp:featuredmedia":[{"embeddable":true,"href":"https:\/\/territorialchallenges.com\/en\/wp-json\/"}],"wp:attachment":[{"href":"https:\/\/territorialchallenges.com\/en\/wp-json\/wp\/v2\/media?parent=248"}],"wp:term":[{"taxonomy":"category","embeddable":true,"href":"https:\/\/territorialchallenges.com\/en\/wp-json\/wp\/v2\/categories?post=248"},{"taxonomy":"post_tag","embeddable":true,"href":"https:\/\/territorialchallenges.com\/en\/wp-json\/wp\/v2\/tags?post=248"}],"curies":[{"name":"wp","href":"https:\/\/api.w.org\/{rel}","templated":true}]}}