{"id":1851,"date":"2019-02-14T23:53:57","date_gmt":"2019-02-14T22:53:57","guid":{"rendered":"https:\/\/ecoinovatio.com\/?p=1851"},"modified":"2023-11-09T16:42:41","modified_gmt":"2023-11-09T15:42:41","slug":"formigine-italie-et-xirivella-espagne-ou-la-ville-intelligente-dans-un-esprit-europeen","status":"publish","type":"post","link":"https:\/\/territorialchallenges.com\/en\/2019\/02\/14\/formigine-italie-et-xirivella-espagne-ou-la-ville-intelligente-dans-un-esprit-europeen\/1851\/","title":{"rendered":"Formigine (Italy) and Xirivella (Spain), or the smart city in a European spirit"},"content":{"rendered":"<p>In 2018, the Smart City topic was on everyone&#039;s lips in French local authorities. But it seems that our elected officials are still thinking at the national level, not the European level. And for good reason: while in France there are partnerships only between major European cities, elsewhere we can find examples... <\/p>\n<div class=\"pmpro_content_message\">Article only viewable by subscribers.<br \/><a href=\"https:\/\/territorialchallenges.com\/wp-login.php\">Connection<\/a><br \/><a href=\"https:\/\/territorialchallenges.com\/en\/wp-login.php\/?action=register\">Register<\/a><\/div>","protected":false},"excerpt":{"rendered":"<p>En 2018, le sujet Ville Intelligente \u00e9tait sur toutes les l\u00e8vres dans les collectivit\u00e9s locales fran\u00e7aises. Mais, il semble que chez nos \u00e9lus on r\u00e9fl\u00e9chi encore \u00e0 l\u2019\u00e9chelle national et non pas europ\u00e9en. Et pour cause, si\u00a0 en France il y a des partenariats uniquement entres grandes m\u00e9tropoles europ\u00e9ennes, ailleurs on peut avoir des exemples... <\/p>\n<div class=\"pmpro_content_message\">Article only viewable by subscribers.<br \/><a href=\"https:\/\/territorialchallenges.com\/wp-login.php\">Connection<\/a><br \/><a href=\"https:\/\/territorialchallenges.com\/en\/wp-login.php\/?action=register\">Register<\/a><\/div>","protected":false},"author":11,"featured_media":1852,"comment_status":"open","ping_status":"open","sticky":false,"template":"","format":"standard","meta":{"pmpro_default_level":0,"footnotes":""},"categories":[130,117],"tags":[],"blocksy_meta":"","yoast_head":"<!-- This site is optimized with the Yoast SEO plugin v21.5 - https:\/\/yoast.com\/wordpress\/plugins\/seo\/ -->\n<title>Formigine (Italie) et Xirivella (Espagne), ou la ville intelligente dans un esprit europ\u00e9en - Territorial Challenges<\/title>\n<meta name=\"robots\" content=\"index, follow, max-snippet:-1, max-image-preview:large, max-video-preview:-1\" \/>\n<link rel=\"canonical\" href=\"https:\/\/territorialchallenges.com\/en\/2019\/02\/14\/formigine-italie-et-xirivella-espagne-ou-la-ville-intelligente-dans-un-esprit-europeen\/1851\/\" \/>\n<meta property=\"og:locale\" content=\"en_US\" \/>\n<meta property=\"og:type\" content=\"article\" \/>\n<meta property=\"og:title\" content=\"Formigine (Italie) et Xirivella (Espagne), ou la ville intelligente dans un esprit europ\u00e9en - Territorial Challenges\" \/>\n<meta property=\"og:description\" content=\"En 2018, le sujet Ville Intelligente \u00e9tait sur toutes les l\u00e8vres dans les collectivit\u00e9s locales fran\u00e7aises. Mais, il semble que chez nos \u00e9lus on r\u00e9fl\u00e9chi encore \u00e0 l\u2019\u00e9chelle national et non pas europ\u00e9en. Et pour cause, si\u00a0 en France il y a des partenariats uniquement entres grandes m\u00e9tropoles europ\u00e9ennes, ailleurs on peut avoir des exemples [&hellip;]\" \/>\n<meta property=\"og:url\" content=\"https:\/\/territorialchallenges.com\/en\/2019\/02\/14\/formigine-italie-et-xirivella-espagne-ou-la-ville-intelligente-dans-un-esprit-europeen\/1851\/\" \/>\n<meta property=\"og:site_name\" content=\"Territorial Challenges\" \/>\n<meta property=\"article:published_time\" content=\"2019-02-14T22:53:57+00:00\" \/>\n<meta property=\"article:modified_time\" content=\"2023-11-09T15:42:41+00:00\" \/>\n<meta name=\"author\" content=\"ni.abdi\" \/>\n<meta name=\"twitter:card\" content=\"summary_large_image\" \/>\n<meta name=\"twitter:creator\" content=\"@Ni.abdi\" \/>\n<meta name=\"twitter:label1\" content=\"Written by\" \/>\n\t<meta name=\"twitter:data1\" content=\"ni.abdi\" \/>\n\t<meta name=\"twitter:label2\" content=\"Est. reading time\" \/>\n\t<meta name=\"twitter:data2\" content=\"2 minutes\" \/>\n<script type=\"application\/ld+json\" class=\"yoast-schema-graph\">{\"@context\":\"https:\/\/schema.org\",\"@graph\":[{\"@type\":\"Article\",\"@id\":\"https:\/\/territorialchallenges.com\/2019\/02\/14\/formigine-italie-et-xirivella-espagne-ou-la-ville-intelligente-dans-un-esprit-europeen\/1851\/#article\",\"isPartOf\":{\"@id\":\"https:\/\/territorialchallenges.com\/2019\/02\/14\/formigine-italie-et-xirivella-espagne-ou-la-ville-intelligente-dans-un-esprit-europeen\/1851\/\"},\"author\":{\"name\":\"ni.abdi\",\"@id\":\"https:\/\/territorialchallenges.com\/#\/schema\/person\/098f145c7c61a021c425e010f840080f\"},\"headline\":\"Formigine (Italie) et Xirivella (Espagne), ou la ville intelligente dans un esprit europ\u00e9en\",\"datePublished\":\"2019-02-14T22:53:57+00:00\",\"dateModified\":\"2023-11-09T15:42:41+00:00\",\"mainEntityOfPage\":{\"@id\":\"https:\/\/territorialchallenges.com\/2019\/02\/14\/formigine-italie-et-xirivella-espagne-ou-la-ville-intelligente-dans-un-esprit-europeen\/1851\/\"},\"wordCount\":447,\"commentCount\":0,\"publisher\":{\"@id\":\"https:\/\/territorialchallenges.com\/#organization\"},\"articleSection\":[\"R\u00e9flexion faite\",\"\u00c9cosyst\u00e8me\"],\"inLanguage\":\"en-US\"},{\"@type\":\"WebPage\",\"@id\":\"https:\/\/territorialchallenges.com\/2019\/02\/14\/formigine-italie-et-xirivella-espagne-ou-la-ville-intelligente-dans-un-esprit-europeen\/1851\/\",\"url\":\"https:\/\/territorialchallenges.com\/2019\/02\/14\/formigine-italie-et-xirivella-espagne-ou-la-ville-intelligente-dans-un-esprit-europeen\/1851\/\",\"name\":\"Formigine (Italie) et Xirivella (Espagne), ou la ville intelligente dans un esprit europ\u00e9en - Territorial Challenges\",\"isPartOf\":{\"@id\":\"https:\/\/territorialchallenges.com\/#website\"},\"datePublished\":\"2019-02-14T22:53:57+00:00\",\"dateModified\":\"2023-11-09T15:42:41+00:00\",\"breadcrumb\":{\"@id\":\"https:\/\/territorialchallenges.com\/2019\/02\/14\/formigine-italie-et-xirivella-espagne-ou-la-ville-intelligente-dans-un-esprit-europeen\/1851\/#breadcrumb\"},\"inLanguage\":\"en-US\",\"potentialAction\":[{\"@type\":\"ReadAction\",\"target\":[\"https:\/\/territorialchallenges.com\/2019\/02\/14\/formigine-italie-et-xirivella-espagne-ou-la-ville-intelligente-dans-un-esprit-europeen\/1851\/\"]}]},{\"@type\":\"BreadcrumbList\",\"@id\":\"https:\/\/territorialchallenges.com\/2019\/02\/14\/formigine-italie-et-xirivella-espagne-ou-la-ville-intelligente-dans-un-esprit-europeen\/1851\/#breadcrumb\",\"itemListElement\":[{\"@type\":\"ListItem\",\"position\":1,\"name\":\"Home\",\"item\":\"https:\/\/territorialchallenges.com\/\"},{\"@type\":\"ListItem\",\"position\":2,\"name\":\"Formigine (Italie) et Xirivella (Espagne), ou la ville intelligente dans un esprit europ\u00e9en\"}]},{\"@type\":\"WebSite\",\"@id\":\"https:\/\/territorialchallenges.com\/#website\",\"url\":\"https:\/\/territorialchallenges.com\/\",\"name\":\"Territorial Challenges\",\"description\":\"Veille Internationale - Strat\u00e9gie Intelligentes - Bonnes pratiques\",\"publisher\":{\"@id\":\"https:\/\/territorialchallenges.com\/#organization\"},\"potentialAction\":[{\"@type\":\"SearchAction\",\"target\":{\"@type\":\"EntryPoint\",\"urlTemplate\":\"https:\/\/territorialchallenges.com\/?s={search_term_string}\"},\"query-input\":\"required name=search_term_string\"}],\"inLanguage\":\"en-US\"},{\"@type\":\"Organization\",\"@id\":\"https:\/\/territorialchallenges.com\/#organization\",\"name\":\"Territorial Challenges\",\"url\":\"https:\/\/territorialchallenges.com\/\",\"logo\":{\"@type\":\"ImageObject\",\"inLanguage\":\"en-US\",\"@id\":\"https:\/\/territorialchallenges.com\/#\/schema\/logo\/image\/\",\"url\":\"https:\/\/territorialchallenges.com\/wp-content\/uploads\/2023\/10\/logo-1.png\",\"contentUrl\":\"https:\/\/territorialchallenges.com\/wp-content\/uploads\/2023\/10\/logo-1.png\",\"width\":1832,\"height\":576,\"caption\":\"Territorial Challenges\"},\"image\":{\"@id\":\"https:\/\/territorialchallenges.com\/#\/schema\/logo\/image\/\"}},{\"@type\":\"Person\",\"@id\":\"https:\/\/territorialchallenges.com\/#\/schema\/person\/098f145c7c61a021c425e010f840080f\",\"name\":\"ni.abdi\",\"image\":{\"@type\":\"ImageObject\",\"inLanguage\":\"en-US\",\"@id\":\"https:\/\/territorialchallenges.com\/#\/schema\/person\/image\/\",\"url\":\"https:\/\/secure.gravatar.com\/avatar\/2a2f2491f3c80039986ba989b1e4b510?s=96&d=identicon&r=g\",\"contentUrl\":\"https:\/\/secure.gravatar.com\/avatar\/2a2f2491f3c80039986ba989b1e4b510?s=96&d=identicon&r=g\",\"caption\":\"ni.abdi\"},\"sameAs\":[\"https:\/\/twitter.com\/Ni.abdi\"],\"url\":\"https:\/\/territorialchallenges.com\/en\/author\/ni-abdi\/\"}]}<\/script>\n<!-- \/ Yoast SEO plugin. -->","yoast_head_json":{"title":"Formigine (Italie) et Xirivella (Espagne), ou la ville intelligente dans un esprit europ\u00e9en - Territorial Challenges","robots":{"index":"index","follow":"follow","max-snippet":"max-snippet:-1","max-image-preview":"max-image-preview:large","max-video-preview":"max-video-preview:-1"},"canonical":"https:\/\/territorialchallenges.com\/en\/2019\/02\/14\/formigine-italie-et-xirivella-espagne-ou-la-ville-intelligente-dans-un-esprit-europeen\/1851\/","og_locale":"en_US","og_type":"article","og_title":"Formigine (Italie) et Xirivella (Espagne), ou la ville intelligente dans un esprit europ\u00e9en - Territorial Challenges","og_description":"En 2018, le sujet Ville Intelligente \u00e9tait sur toutes les l\u00e8vres dans les collectivit\u00e9s locales fran\u00e7aises. Mais, il semble que chez nos \u00e9lus on r\u00e9fl\u00e9chi encore \u00e0 l\u2019\u00e9chelle national et non pas europ\u00e9en. Et pour cause, si\u00a0 en France il y a des partenariats uniquement entres grandes m\u00e9tropoles europ\u00e9ennes, ailleurs on peut avoir des exemples [&hellip;]","og_url":"https:\/\/territorialchallenges.com\/en\/2019\/02\/14\/formigine-italie-et-xirivella-espagne-ou-la-ville-intelligente-dans-un-esprit-europeen\/1851\/","og_site_name":"Territorial Challenges","article_published_time":"2019-02-14T22:53:57+00:00","article_modified_time":"2023-11-09T15:42:41+00:00","author":"ni.abdi","twitter_card":"summary_large_image","twitter_creator":"@Ni.abdi","twitter_misc":{"Written by":"ni.abdi","Est. reading time":"2 minutes"},"schema":{"@context":"https:\/\/schema.org","@graph":[{"@type":"Article","@id":"https:\/\/territorialchallenges.com\/2019\/02\/14\/formigine-italie-et-xirivella-espagne-ou-la-ville-intelligente-dans-un-esprit-europeen\/1851\/#article","isPartOf":{"@id":"https:\/\/territorialchallenges.com\/2019\/02\/14\/formigine-italie-et-xirivella-espagne-ou-la-ville-intelligente-dans-un-esprit-europeen\/1851\/"},"author":{"name":"ni.abdi","@id":"https:\/\/territorialchallenges.com\/#\/schema\/person\/098f145c7c61a021c425e010f840080f"},"headline":"Formigine (Italie) et Xirivella (Espagne), ou la ville intelligente dans un esprit europ\u00e9en","datePublished":"2019-02-14T22:53:57+00:00","dateModified":"2023-11-09T15:42:41+00:00","mainEntityOfPage":{"@id":"https:\/\/territorialchallenges.com\/2019\/02\/14\/formigine-italie-et-xirivella-espagne-ou-la-ville-intelligente-dans-un-esprit-europeen\/1851\/"},"wordCount":447,"commentCount":0,"publisher":{"@id":"https:\/\/territorialchallenges.com\/#organization"},"articleSection":["R\u00e9flexion faite","\u00c9cosyst\u00e8me"],"inLanguage":"en-US"},{"@type":"WebPage","@id":"https:\/\/territorialchallenges.com\/2019\/02\/14\/formigine-italie-et-xirivella-espagne-ou-la-ville-intelligente-dans-un-esprit-europeen\/1851\/","url":"https:\/\/territorialchallenges.com\/2019\/02\/14\/formigine-italie-et-xirivella-espagne-ou-la-ville-intelligente-dans-un-esprit-europeen\/1851\/","name":"Formigine (Italie) et Xirivella (Espagne), ou la ville intelligente dans un esprit europ\u00e9en - Territorial Challenges","isPartOf":{"@id":"https:\/\/territorialchallenges.com\/#website"},"datePublished":"2019-02-14T22:53:57+00:00","dateModified":"2023-11-09T15:42:41+00:00","breadcrumb":{"@id":"https:\/\/territorialchallenges.com\/2019\/02\/14\/formigine-italie-et-xirivella-espagne-ou-la-ville-intelligente-dans-un-esprit-europeen\/1851\/#breadcrumb"},"inLanguage":"en-US","potentialAction":[{"@type":"ReadAction","target":["https:\/\/territorialchallenges.com\/2019\/02\/14\/formigine-italie-et-xirivella-espagne-ou-la-ville-intelligente-dans-un-esprit-europeen\/1851\/"]}]},{"@type":"BreadcrumbList","@id":"https:\/\/territorialchallenges.com\/2019\/02\/14\/formigine-italie-et-xirivella-espagne-ou-la-ville-intelligente-dans-un-esprit-europeen\/1851\/#breadcrumb","itemListElement":[{"@type":"ListItem","position":1,"name":"Home","item":"https:\/\/territorialchallenges.com\/"},{"@type":"ListItem","position":2,"name":"Formigine (Italie) et Xirivella (Espagne), ou la ville intelligente dans un esprit europ\u00e9en"}]},{"@type":"WebSite","@id":"https:\/\/territorialchallenges.com\/#website","url":"https:\/\/territorialchallenges.com\/","name":"Territorial Challenges","description":"Veille Internationale - Intelligent strategies - Best practices","publisher":{"@id":"https:\/\/territorialchallenges.com\/#organization"},"potentialAction":[{"@type":"SearchAction","target":{"@type":"EntryPoint","urlTemplate":"https:\/\/territorialchallenges.com\/?s={search_term_string}"},"query-input":"required name=search_term_string"}],"inLanguage":"en-US"},{"@type":"Organization","@id":"https:\/\/territorialchallenges.com\/#organization","name":"Territorial Challenges","url":"https:\/\/territorialchallenges.com\/","logo":{"@type":"ImageObject","inLanguage":"en-US","@id":"https:\/\/territorialchallenges.com\/#\/schema\/logo\/image\/","url":"https:\/\/territorialchallenges.com\/wp-content\/uploads\/2023\/10\/logo-1.png","contentUrl":"https:\/\/territorialchallenges.com\/wp-content\/uploads\/2023\/10\/logo-1.png","width":1832,"height":576,"caption":"Territorial Challenges"},"image":{"@id":"https:\/\/territorialchallenges.com\/#\/schema\/logo\/image\/"}},{"@type":"Person","@id":"https:\/\/territorialchallenges.com\/#\/schema\/person\/098f145c7c61a021c425e010f840080f","name":"ni.abdi","image":{"@type":"ImageObject","inLanguage":"en-US","@id":"https:\/\/territorialchallenges.com\/#\/schema\/person\/image\/","url":"https:\/\/secure.gravatar.com\/avatar\/2a2f2491f3c80039986ba989b1e4b510?s=96&d=identicon&r=g","contentUrl":"https:\/\/secure.gravatar.com\/avatar\/2a2f2491f3c80039986ba989b1e4b510?s=96&d=identicon&r=g","caption":"ni.abdi"},"sameAs":["https:\/\/twitter.com\/Ni.abdi"],"url":"https:\/\/territorialchallenges.com\/en\/author\/ni-abdi\/"}]}},"_links":{"self":[{"href":"https:\/\/territorialchallenges.com\/en\/wp-json\/wp\/v2\/posts\/1851"}],"collection":[{"href":"https:\/\/territorialchallenges.com\/en\/wp-json\/wp\/v2\/posts"}],"about":[{"href":"https:\/\/territorialchallenges.com\/en\/wp-json\/wp\/v2\/types\/post"}],"author":[{"embeddable":true,"href":"https:\/\/territorialchallenges.com\/en\/wp-json\/wp\/v2\/users\/11"}],"replies":[{"embeddable":true,"href":"https:\/\/territorialchallenges.com\/en\/wp-json\/wp\/v2\/comments?post=1851"}],"version-history":[{"count":1,"href":"https:\/\/territorialchallenges.com\/en\/wp-json\/wp\/v2\/posts\/1851\/revisions"}],"predecessor-version":[{"id":83690,"href":"https:\/\/territorialchallenges.com\/en\/wp-json\/wp\/v2\/posts\/1851\/revisions\/83690"}],"wp:featuredmedia":[{"embeddable":true,"href":"https:\/\/territorialchallenges.com\/en\/wp-json\/"}],"wp:attachment":[{"href":"https:\/\/territorialchallenges.com\/en\/wp-json\/wp\/v2\/media?parent=1851"}],"wp:term":[{"taxonomy":"category","embeddable":true,"href":"https:\/\/territorialchallenges.com\/en\/wp-json\/wp\/v2\/categories?post=1851"},{"taxonomy":"post_tag","embeddable":true,"href":"https:\/\/territorialchallenges.com\/en\/wp-json\/wp\/v2\/tags?post=1851"}],"curies":[{"name":"wp","href":"https:\/\/api.w.org\/{rel}","templated":true}]}}