{"id":1475,"date":"2018-03-12T20:02:17","date_gmt":"2018-03-12T19:02:17","guid":{"rendered":"https:\/\/ecoinovatio.com\/?p=1475"},"modified":"2018-03-12T20:02:17","modified_gmt":"2018-03-12T19:02:17","slug":"pour-une-communaute-europeenne-de-la-donnee-numerique","status":"publish","type":"post","link":"https:\/\/territorialchallenges.com\/en\/2018\/03\/12\/pour-une-communaute-europeenne-de-la-donnee-numerique\/1475\/","title":{"rendered":"For a European digital data community"},"content":{"rendered":"<p>At the last Davos Forum, Angela Merkel made it clear that &quot;data will be the raw material of the 21st century.&quot; Today, with the General Data Protection Regulation (GDPR) coming into force next May, the question remains how Europe will organize itself to maintain, on the Old Continent,... <\/p>\n<div class=\"pmpro_content_message\">Article only viewable by subscribers.<br \/><a href=\"https:\/\/territorialchallenges.com\/wp-login.php\">Connection<\/a><br \/><a href=\"https:\/\/territorialchallenges.com\/en\/wp-login.php\/?action=register\">Register<\/a><\/div>","protected":false},"excerpt":{"rendered":"<p>Lors du dernier Forum de Davos, Angela Merkel avait bien sp\u00e9cifi\u00e9 que \u00ab\u00a0les donn\u00e9es seront la mati\u00e8re premi\u00e8re du XXIe si\u00e8cle\u00a0\u00bb. Il reste aujourd\u2019hui, et \u00e0 l\u2019heure de l\u2019entr\u00e9e en vigueur, en mai prochain, du R\u00e8glement g\u00e9n\u00e9ral sur la protection des donn\u00e9es (RGPD), \u00e0 savoir comment l\u2019Europe va s\u2019organiser pour maintenir, sur le Vieux Continent,... <\/p>\n<div class=\"pmpro_content_message\">Article only viewable by subscribers.<br \/><a href=\"https:\/\/territorialchallenges.com\/wp-login.php\">Connection<\/a><br \/><a href=\"https:\/\/territorialchallenges.com\/en\/wp-login.php\/?action=register\">Register<\/a><\/div>","protected":false},"author":11,"featured_media":0,"comment_status":"open","ping_status":"open","sticky":true,"template":"","format":"standard","meta":{"pmpro_default_level":0,"footnotes":""},"categories":[130],"tags":[],"blocksy_meta":"","yoast_head":"<!-- This site is optimized with the Yoast SEO plugin v21.5 - https:\/\/yoast.com\/wordpress\/plugins\/seo\/ -->\n<title>Pour une communaut\u00e9 europ\u00e9enne de la donn\u00e9e num\u00e9rique - Territorial Challenges<\/title>\n<meta name=\"robots\" content=\"index, follow, max-snippet:-1, max-image-preview:large, max-video-preview:-1\" \/>\n<link rel=\"canonical\" href=\"https:\/\/territorialchallenges.com\/en\/2018\/03\/12\/pour-une-communaute-europeenne-de-la-donnee-numerique\/1475\/\" \/>\n<meta property=\"og:locale\" content=\"en_US\" \/>\n<meta property=\"og:type\" content=\"article\" \/>\n<meta property=\"og:title\" content=\"Pour une communaut\u00e9 europ\u00e9enne de la donn\u00e9e num\u00e9rique - Territorial Challenges\" \/>\n<meta property=\"og:description\" content=\"Lors du dernier Forum de Davos, Angela Merkel avait bien sp\u00e9cifi\u00e9 que \u00ab\u00a0les donn\u00e9es seront la mati\u00e8re premi\u00e8re du XXIe si\u00e8cle\u00a0\u00bb. Il reste aujourd\u2019hui, et \u00e0 l\u2019heure de l\u2019entr\u00e9e en vigueur, en mai prochain, du R\u00e8glement g\u00e9n\u00e9ral sur la protection des donn\u00e9es (RGPD), \u00e0 savoir comment l\u2019Europe va s\u2019organiser pour maintenir, sur le Vieux Continent, [&hellip;]\" \/>\n<meta property=\"og:url\" content=\"https:\/\/territorialchallenges.com\/en\/2018\/03\/12\/pour-une-communaute-europeenne-de-la-donnee-numerique\/1475\/\" \/>\n<meta property=\"og:site_name\" content=\"Territorial Challenges\" \/>\n<meta property=\"article:published_time\" content=\"2018-03-12T19:02:17+00:00\" \/>\n<meta name=\"author\" content=\"ni.abdi\" \/>\n<meta name=\"twitter:card\" content=\"summary_large_image\" \/>\n<meta name=\"twitter:creator\" content=\"@Ni.abdi\" \/>\n<meta name=\"twitter:label1\" content=\"Written by\" \/>\n\t<meta name=\"twitter:data1\" content=\"ni.abdi\" \/>\n\t<meta name=\"twitter:label2\" content=\"Est. reading time\" \/>\n\t<meta name=\"twitter:data2\" content=\"3 minutes\" \/>\n<script type=\"application\/ld+json\" class=\"yoast-schema-graph\">{\"@context\":\"https:\/\/schema.org\",\"@graph\":[{\"@type\":\"Article\",\"@id\":\"https:\/\/territorialchallenges.com\/2018\/03\/12\/pour-une-communaute-europeenne-de-la-donnee-numerique\/1475\/#article\",\"isPartOf\":{\"@id\":\"https:\/\/territorialchallenges.com\/2018\/03\/12\/pour-une-communaute-europeenne-de-la-donnee-numerique\/1475\/\"},\"author\":{\"name\":\"ni.abdi\",\"@id\":\"https:\/\/territorialchallenges.com\/#\/schema\/person\/098f145c7c61a021c425e010f840080f\"},\"headline\":\"Pour une communaut\u00e9 europ\u00e9enne de la donn\u00e9e num\u00e9rique\",\"datePublished\":\"2018-03-12T19:02:17+00:00\",\"dateModified\":\"2018-03-12T19:02:17+00:00\",\"mainEntityOfPage\":{\"@id\":\"https:\/\/territorialchallenges.com\/2018\/03\/12\/pour-une-communaute-europeenne-de-la-donnee-numerique\/1475\/\"},\"wordCount\":672,\"commentCount\":0,\"publisher\":{\"@id\":\"https:\/\/territorialchallenges.com\/#organization\"},\"articleSection\":[\"R\u00e9flexion faite\"],\"inLanguage\":\"en-US\"},{\"@type\":\"WebPage\",\"@id\":\"https:\/\/territorialchallenges.com\/2018\/03\/12\/pour-une-communaute-europeenne-de-la-donnee-numerique\/1475\/\",\"url\":\"https:\/\/territorialchallenges.com\/2018\/03\/12\/pour-une-communaute-europeenne-de-la-donnee-numerique\/1475\/\",\"name\":\"Pour une communaut\u00e9 europ\u00e9enne de la donn\u00e9e num\u00e9rique - Territorial Challenges\",\"isPartOf\":{\"@id\":\"https:\/\/territorialchallenges.com\/#website\"},\"datePublished\":\"2018-03-12T19:02:17+00:00\",\"dateModified\":\"2018-03-12T19:02:17+00:00\",\"breadcrumb\":{\"@id\":\"https:\/\/territorialchallenges.com\/2018\/03\/12\/pour-une-communaute-europeenne-de-la-donnee-numerique\/1475\/#breadcrumb\"},\"inLanguage\":\"en-US\",\"potentialAction\":[{\"@type\":\"ReadAction\",\"target\":[\"https:\/\/territorialchallenges.com\/2018\/03\/12\/pour-une-communaute-europeenne-de-la-donnee-numerique\/1475\/\"]}]},{\"@type\":\"BreadcrumbList\",\"@id\":\"https:\/\/territorialchallenges.com\/2018\/03\/12\/pour-une-communaute-europeenne-de-la-donnee-numerique\/1475\/#breadcrumb\",\"itemListElement\":[{\"@type\":\"ListItem\",\"position\":1,\"name\":\"Home\",\"item\":\"https:\/\/territorialchallenges.com\/\"},{\"@type\":\"ListItem\",\"position\":2,\"name\":\"Pour une communaut\u00e9 europ\u00e9enne de la donn\u00e9e num\u00e9rique\"}]},{\"@type\":\"WebSite\",\"@id\":\"https:\/\/territorialchallenges.com\/#website\",\"url\":\"https:\/\/territorialchallenges.com\/\",\"name\":\"Territorial Challenges\",\"description\":\"Veille Internationale - Strat\u00e9gie Intelligentes - Bonnes pratiques\",\"publisher\":{\"@id\":\"https:\/\/territorialchallenges.com\/#organization\"},\"potentialAction\":[{\"@type\":\"SearchAction\",\"target\":{\"@type\":\"EntryPoint\",\"urlTemplate\":\"https:\/\/territorialchallenges.com\/?s={search_term_string}\"},\"query-input\":\"required name=search_term_string\"}],\"inLanguage\":\"en-US\"},{\"@type\":\"Organization\",\"@id\":\"https:\/\/territorialchallenges.com\/#organization\",\"name\":\"Territorial Challenges\",\"url\":\"https:\/\/territorialchallenges.com\/\",\"logo\":{\"@type\":\"ImageObject\",\"inLanguage\":\"en-US\",\"@id\":\"https:\/\/territorialchallenges.com\/#\/schema\/logo\/image\/\",\"url\":\"https:\/\/territorialchallenges.com\/wp-content\/uploads\/2023\/10\/logo-1.png\",\"contentUrl\":\"https:\/\/territorialchallenges.com\/wp-content\/uploads\/2023\/10\/logo-1.png\",\"width\":1832,\"height\":576,\"caption\":\"Territorial Challenges\"},\"image\":{\"@id\":\"https:\/\/territorialchallenges.com\/#\/schema\/logo\/image\/\"}},{\"@type\":\"Person\",\"@id\":\"https:\/\/territorialchallenges.com\/#\/schema\/person\/098f145c7c61a021c425e010f840080f\",\"name\":\"ni.abdi\",\"image\":{\"@type\":\"ImageObject\",\"inLanguage\":\"en-US\",\"@id\":\"https:\/\/territorialchallenges.com\/#\/schema\/person\/image\/\",\"url\":\"https:\/\/secure.gravatar.com\/avatar\/2a2f2491f3c80039986ba989b1e4b510?s=96&d=identicon&r=g\",\"contentUrl\":\"https:\/\/secure.gravatar.com\/avatar\/2a2f2491f3c80039986ba989b1e4b510?s=96&d=identicon&r=g\",\"caption\":\"ni.abdi\"},\"sameAs\":[\"https:\/\/twitter.com\/Ni.abdi\"],\"url\":\"https:\/\/territorialchallenges.com\/en\/author\/ni-abdi\/\"}]}<\/script>\n<!-- \/ Yoast SEO plugin. -->","yoast_head_json":{"title":"Pour une communaut\u00e9 europ\u00e9enne de la donn\u00e9e num\u00e9rique - Territorial Challenges","robots":{"index":"index","follow":"follow","max-snippet":"max-snippet:-1","max-image-preview":"max-image-preview:large","max-video-preview":"max-video-preview:-1"},"canonical":"https:\/\/territorialchallenges.com\/en\/2018\/03\/12\/pour-une-communaute-europeenne-de-la-donnee-numerique\/1475\/","og_locale":"en_US","og_type":"article","og_title":"Pour une communaut\u00e9 europ\u00e9enne de la donn\u00e9e num\u00e9rique - Territorial Challenges","og_description":"Lors du dernier Forum de Davos, Angela Merkel avait bien sp\u00e9cifi\u00e9 que \u00ab\u00a0les donn\u00e9es seront la mati\u00e8re premi\u00e8re du XXIe si\u00e8cle\u00a0\u00bb. Il reste aujourd\u2019hui, et \u00e0 l\u2019heure de l\u2019entr\u00e9e en vigueur, en mai prochain, du R\u00e8glement g\u00e9n\u00e9ral sur la protection des donn\u00e9es (RGPD), \u00e0 savoir comment l\u2019Europe va s\u2019organiser pour maintenir, sur le Vieux Continent, [&hellip;]","og_url":"https:\/\/territorialchallenges.com\/en\/2018\/03\/12\/pour-une-communaute-europeenne-de-la-donnee-numerique\/1475\/","og_site_name":"Territorial Challenges","article_published_time":"2018-03-12T19:02:17+00:00","author":"ni.abdi","twitter_card":"summary_large_image","twitter_creator":"@Ni.abdi","twitter_misc":{"Written by":"ni.abdi","Est. reading time":"3 minutes"},"schema":{"@context":"https:\/\/schema.org","@graph":[{"@type":"Article","@id":"https:\/\/territorialchallenges.com\/2018\/03\/12\/pour-une-communaute-europeenne-de-la-donnee-numerique\/1475\/#article","isPartOf":{"@id":"https:\/\/territorialchallenges.com\/2018\/03\/12\/pour-une-communaute-europeenne-de-la-donnee-numerique\/1475\/"},"author":{"name":"ni.abdi","@id":"https:\/\/territorialchallenges.com\/#\/schema\/person\/098f145c7c61a021c425e010f840080f"},"headline":"Pour une communaut\u00e9 europ\u00e9enne de la donn\u00e9e num\u00e9rique","datePublished":"2018-03-12T19:02:17+00:00","dateModified":"2018-03-12T19:02:17+00:00","mainEntityOfPage":{"@id":"https:\/\/territorialchallenges.com\/2018\/03\/12\/pour-une-communaute-europeenne-de-la-donnee-numerique\/1475\/"},"wordCount":672,"commentCount":0,"publisher":{"@id":"https:\/\/territorialchallenges.com\/#organization"},"articleSection":["R\u00e9flexion faite"],"inLanguage":"en-US"},{"@type":"WebPage","@id":"https:\/\/territorialchallenges.com\/2018\/03\/12\/pour-une-communaute-europeenne-de-la-donnee-numerique\/1475\/","url":"https:\/\/territorialchallenges.com\/2018\/03\/12\/pour-une-communaute-europeenne-de-la-donnee-numerique\/1475\/","name":"Pour une communaut\u00e9 europ\u00e9enne de la donn\u00e9e num\u00e9rique - Territorial Challenges","isPartOf":{"@id":"https:\/\/territorialchallenges.com\/#website"},"datePublished":"2018-03-12T19:02:17+00:00","dateModified":"2018-03-12T19:02:17+00:00","breadcrumb":{"@id":"https:\/\/territorialchallenges.com\/2018\/03\/12\/pour-une-communaute-europeenne-de-la-donnee-numerique\/1475\/#breadcrumb"},"inLanguage":"en-US","potentialAction":[{"@type":"ReadAction","target":["https:\/\/territorialchallenges.com\/2018\/03\/12\/pour-une-communaute-europeenne-de-la-donnee-numerique\/1475\/"]}]},{"@type":"BreadcrumbList","@id":"https:\/\/territorialchallenges.com\/2018\/03\/12\/pour-une-communaute-europeenne-de-la-donnee-numerique\/1475\/#breadcrumb","itemListElement":[{"@type":"ListItem","position":1,"name":"Home","item":"https:\/\/territorialchallenges.com\/"},{"@type":"ListItem","position":2,"name":"Pour une communaut\u00e9 europ\u00e9enne de la donn\u00e9e num\u00e9rique"}]},{"@type":"WebSite","@id":"https:\/\/territorialchallenges.com\/#website","url":"https:\/\/territorialchallenges.com\/","name":"Territorial Challenges","description":"Veille Internationale - Intelligent strategies - Best practices","publisher":{"@id":"https:\/\/territorialchallenges.com\/#organization"},"potentialAction":[{"@type":"SearchAction","target":{"@type":"EntryPoint","urlTemplate":"https:\/\/territorialchallenges.com\/?s={search_term_string}"},"query-input":"required name=search_term_string"}],"inLanguage":"en-US"},{"@type":"Organization","@id":"https:\/\/territorialchallenges.com\/#organization","name":"Territorial Challenges","url":"https:\/\/territorialchallenges.com\/","logo":{"@type":"ImageObject","inLanguage":"en-US","@id":"https:\/\/territorialchallenges.com\/#\/schema\/logo\/image\/","url":"https:\/\/territorialchallenges.com\/wp-content\/uploads\/2023\/10\/logo-1.png","contentUrl":"https:\/\/territorialchallenges.com\/wp-content\/uploads\/2023\/10\/logo-1.png","width":1832,"height":576,"caption":"Territorial Challenges"},"image":{"@id":"https:\/\/territorialchallenges.com\/#\/schema\/logo\/image\/"}},{"@type":"Person","@id":"https:\/\/territorialchallenges.com\/#\/schema\/person\/098f145c7c61a021c425e010f840080f","name":"ni.abdi","image":{"@type":"ImageObject","inLanguage":"en-US","@id":"https:\/\/territorialchallenges.com\/#\/schema\/person\/image\/","url":"https:\/\/secure.gravatar.com\/avatar\/2a2f2491f3c80039986ba989b1e4b510?s=96&d=identicon&r=g","contentUrl":"https:\/\/secure.gravatar.com\/avatar\/2a2f2491f3c80039986ba989b1e4b510?s=96&d=identicon&r=g","caption":"ni.abdi"},"sameAs":["https:\/\/twitter.com\/Ni.abdi"],"url":"https:\/\/territorialchallenges.com\/en\/author\/ni-abdi\/"}]}},"_links":{"self":[{"href":"https:\/\/territorialchallenges.com\/en\/wp-json\/wp\/v2\/posts\/1475"}],"collection":[{"href":"https:\/\/territorialchallenges.com\/en\/wp-json\/wp\/v2\/posts"}],"about":[{"href":"https:\/\/territorialchallenges.com\/en\/wp-json\/wp\/v2\/types\/post"}],"author":[{"embeddable":true,"href":"https:\/\/territorialchallenges.com\/en\/wp-json\/wp\/v2\/users\/11"}],"replies":[{"embeddable":true,"href":"https:\/\/territorialchallenges.com\/en\/wp-json\/wp\/v2\/comments?post=1475"}],"version-history":[{"count":0,"href":"https:\/\/territorialchallenges.com\/en\/wp-json\/wp\/v2\/posts\/1475\/revisions"}],"wp:attachment":[{"href":"https:\/\/territorialchallenges.com\/en\/wp-json\/wp\/v2\/media?parent=1475"}],"wp:term":[{"taxonomy":"category","embeddable":true,"href":"https:\/\/territorialchallenges.com\/en\/wp-json\/wp\/v2\/categories?post=1475"},{"taxonomy":"post_tag","embeddable":true,"href":"https:\/\/territorialchallenges.com\/en\/wp-json\/wp\/v2\/tags?post=1475"}],"curies":[{"name":"wp","href":"https:\/\/api.w.org\/{rel}","templated":true}]}}