{"id":1435,"date":"2018-01-13T00:20:49","date_gmt":"2018-01-12T23:20:49","guid":{"rendered":"https:\/\/ecoinovatio.com\/?p=1435"},"modified":"2018-01-13T00:20:49","modified_gmt":"2018-01-12T23:20:49","slug":"qui-va-comprendre-le-mieux-la-pensee-indienne-des-villes-intelligentes","status":"publish","type":"post","link":"https:\/\/territorialchallenges.com\/en\/2018\/01\/13\/qui-va-comprendre-le-mieux-la-pensee-indienne-des-villes-intelligentes\/1435\/","title":{"rendered":"Who will best understand Indian thinking on smart cities?"},"content":{"rendered":"<p>At the end of August, the Indian government announced the list of 98 future smart cities in the land of Gandhi, a vast plan by Prime Minister Narendra Modi, designed to improve the lives of urban dwellers. Who, France, and other countries like Germany and the United Kingdom, will best understand this phenomenal market? Without delay,\u2026 <\/p>\n<div class=\"pmpro_content_message\">Article only viewable by subscribers.<br \/><a href=\"https:\/\/territorialchallenges.com\/wp-login.php\">Connection<\/a><br \/><a href=\"https:\/\/territorialchallenges.com\/en\/wp-login.php\/?action=register\">Register<\/a><\/div>","protected":false},"excerpt":{"rendered":"<p>Fin ao\u00fbt, le gouvernement indien a donn\u00e9 la liste des 98 futures villes intelligentes du pays de Gandhi, vaste plan du Premier ministre Narendra Modi, destin\u00e9 \u00e0 am\u00e9liorer la vie des autochtones en milieu urbain. Qui de la France et d\u2019autres pays comme l\u2019Allemagne et le Royaume-Uni comprendront le mieux ce march\u00e9 ph\u00e9nom\u00e9nal\u00a0? Sans tarder,... <\/p>\n<div class=\"pmpro_content_message\">Article only viewable by subscribers.<br \/><a href=\"https:\/\/territorialchallenges.com\/wp-login.php\">Connection<\/a><br \/><a href=\"https:\/\/territorialchallenges.com\/en\/wp-login.php\/?action=register\">Register<\/a><\/div>","protected":false},"author":11,"featured_media":0,"comment_status":"open","ping_status":"open","sticky":true,"template":"","format":"standard","meta":{"pmpro_default_level":0,"footnotes":""},"categories":[123],"tags":[],"blocksy_meta":"","yoast_head":"<!-- This site is optimized with the Yoast SEO plugin v21.5 - https:\/\/yoast.com\/wordpress\/plugins\/seo\/ -->\n<title>Qui va comprendre le mieux la pens\u00e9e indienne des villes intelligentes ? - Territorial Challenges<\/title>\n<meta name=\"robots\" content=\"index, follow, max-snippet:-1, max-image-preview:large, max-video-preview:-1\" \/>\n<link rel=\"canonical\" href=\"https:\/\/territorialchallenges.com\/en\/2018\/01\/13\/qui-va-comprendre-le-mieux-la-pensee-indienne-des-villes-intelligentes\/1435\/\" \/>\n<meta property=\"og:locale\" content=\"en_US\" \/>\n<meta property=\"og:type\" content=\"article\" \/>\n<meta property=\"og:title\" content=\"Qui va comprendre le mieux la pens\u00e9e indienne des villes intelligentes ? - Territorial Challenges\" \/>\n<meta property=\"og:description\" content=\"Fin ao\u00fbt, le gouvernement indien a donn\u00e9 la liste des 98 futures villes intelligentes du pays de Gandhi, vaste plan du Premier ministre Narendra Modi, destin\u00e9 \u00e0 am\u00e9liorer la vie des autochtones en milieu urbain. Qui de la France et d\u2019autres pays comme l\u2019Allemagne et le Royaume-Uni comprendront le mieux ce march\u00e9 ph\u00e9nom\u00e9nal\u00a0? Sans tarder, [&hellip;]\" \/>\n<meta property=\"og:url\" content=\"https:\/\/territorialchallenges.com\/en\/2018\/01\/13\/qui-va-comprendre-le-mieux-la-pensee-indienne-des-villes-intelligentes\/1435\/\" \/>\n<meta property=\"og:site_name\" content=\"Territorial Challenges\" \/>\n<meta property=\"article:published_time\" content=\"2018-01-12T23:20:49+00:00\" \/>\n<meta name=\"author\" content=\"ni.abdi\" \/>\n<meta name=\"twitter:card\" content=\"summary_large_image\" \/>\n<meta name=\"twitter:creator\" content=\"@Ni.abdi\" \/>\n<meta name=\"twitter:label1\" content=\"Written by\" \/>\n\t<meta name=\"twitter:data1\" content=\"ni.abdi\" \/>\n\t<meta name=\"twitter:label2\" content=\"Est. reading time\" \/>\n\t<meta name=\"twitter:data2\" content=\"4 minutes\" \/>\n<script type=\"application\/ld+json\" class=\"yoast-schema-graph\">{\"@context\":\"https:\/\/schema.org\",\"@graph\":[{\"@type\":\"Article\",\"@id\":\"https:\/\/territorialchallenges.com\/2018\/01\/13\/qui-va-comprendre-le-mieux-la-pensee-indienne-des-villes-intelligentes\/1435\/#article\",\"isPartOf\":{\"@id\":\"https:\/\/territorialchallenges.com\/2018\/01\/13\/qui-va-comprendre-le-mieux-la-pensee-indienne-des-villes-intelligentes\/1435\/\"},\"author\":{\"name\":\"ni.abdi\",\"@id\":\"https:\/\/territorialchallenges.com\/#\/schema\/person\/098f145c7c61a021c425e010f840080f\"},\"headline\":\"Qui va comprendre le mieux la pens\u00e9e indienne des villes intelligentes ?\",\"datePublished\":\"2018-01-12T23:20:49+00:00\",\"dateModified\":\"2018-01-12T23:20:49+00:00\",\"mainEntityOfPage\":{\"@id\":\"https:\/\/territorialchallenges.com\/2018\/01\/13\/qui-va-comprendre-le-mieux-la-pensee-indienne-des-villes-intelligentes\/1435\/\"},\"wordCount\":766,\"commentCount\":0,\"publisher\":{\"@id\":\"https:\/\/territorialchallenges.com\/#organization\"},\"articleSection\":[\"Archives - Editos\"],\"inLanguage\":\"en-US\"},{\"@type\":\"WebPage\",\"@id\":\"https:\/\/territorialchallenges.com\/2018\/01\/13\/qui-va-comprendre-le-mieux-la-pensee-indienne-des-villes-intelligentes\/1435\/\",\"url\":\"https:\/\/territorialchallenges.com\/2018\/01\/13\/qui-va-comprendre-le-mieux-la-pensee-indienne-des-villes-intelligentes\/1435\/\",\"name\":\"Qui va comprendre le mieux la pens\u00e9e indienne des villes intelligentes ? - Territorial Challenges\",\"isPartOf\":{\"@id\":\"https:\/\/territorialchallenges.com\/#website\"},\"datePublished\":\"2018-01-12T23:20:49+00:00\",\"dateModified\":\"2018-01-12T23:20:49+00:00\",\"breadcrumb\":{\"@id\":\"https:\/\/territorialchallenges.com\/2018\/01\/13\/qui-va-comprendre-le-mieux-la-pensee-indienne-des-villes-intelligentes\/1435\/#breadcrumb\"},\"inLanguage\":\"en-US\",\"potentialAction\":[{\"@type\":\"ReadAction\",\"target\":[\"https:\/\/territorialchallenges.com\/2018\/01\/13\/qui-va-comprendre-le-mieux-la-pensee-indienne-des-villes-intelligentes\/1435\/\"]}]},{\"@type\":\"BreadcrumbList\",\"@id\":\"https:\/\/territorialchallenges.com\/2018\/01\/13\/qui-va-comprendre-le-mieux-la-pensee-indienne-des-villes-intelligentes\/1435\/#breadcrumb\",\"itemListElement\":[{\"@type\":\"ListItem\",\"position\":1,\"name\":\"Home\",\"item\":\"https:\/\/territorialchallenges.com\/\"},{\"@type\":\"ListItem\",\"position\":2,\"name\":\"Qui va comprendre le mieux la pens\u00e9e indienne des villes intelligentes ?\"}]},{\"@type\":\"WebSite\",\"@id\":\"https:\/\/territorialchallenges.com\/#website\",\"url\":\"https:\/\/territorialchallenges.com\/\",\"name\":\"Territorial Challenges\",\"description\":\"Veille Internationale - Strat\u00e9gie Intelligentes - Bonnes pratiques\",\"publisher\":{\"@id\":\"https:\/\/territorialchallenges.com\/#organization\"},\"potentialAction\":[{\"@type\":\"SearchAction\",\"target\":{\"@type\":\"EntryPoint\",\"urlTemplate\":\"https:\/\/territorialchallenges.com\/?s={search_term_string}\"},\"query-input\":\"required name=search_term_string\"}],\"inLanguage\":\"en-US\"},{\"@type\":\"Organization\",\"@id\":\"https:\/\/territorialchallenges.com\/#organization\",\"name\":\"Territorial Challenges\",\"url\":\"https:\/\/territorialchallenges.com\/\",\"logo\":{\"@type\":\"ImageObject\",\"inLanguage\":\"en-US\",\"@id\":\"https:\/\/territorialchallenges.com\/#\/schema\/logo\/image\/\",\"url\":\"https:\/\/territorialchallenges.com\/wp-content\/uploads\/2023\/10\/logo-1.png\",\"contentUrl\":\"https:\/\/territorialchallenges.com\/wp-content\/uploads\/2023\/10\/logo-1.png\",\"width\":1832,\"height\":576,\"caption\":\"Territorial Challenges\"},\"image\":{\"@id\":\"https:\/\/territorialchallenges.com\/#\/schema\/logo\/image\/\"}},{\"@type\":\"Person\",\"@id\":\"https:\/\/territorialchallenges.com\/#\/schema\/person\/098f145c7c61a021c425e010f840080f\",\"name\":\"ni.abdi\",\"image\":{\"@type\":\"ImageObject\",\"inLanguage\":\"en-US\",\"@id\":\"https:\/\/territorialchallenges.com\/#\/schema\/person\/image\/\",\"url\":\"https:\/\/secure.gravatar.com\/avatar\/2a2f2491f3c80039986ba989b1e4b510?s=96&d=identicon&r=g\",\"contentUrl\":\"https:\/\/secure.gravatar.com\/avatar\/2a2f2491f3c80039986ba989b1e4b510?s=96&d=identicon&r=g\",\"caption\":\"ni.abdi\"},\"sameAs\":[\"https:\/\/twitter.com\/Ni.abdi\"],\"url\":\"https:\/\/territorialchallenges.com\/en\/author\/ni-abdi\/\"}]}<\/script>\n<!-- \/ Yoast SEO plugin. -->","yoast_head_json":{"title":"Qui va comprendre le mieux la pens\u00e9e indienne des villes intelligentes ? - Territorial Challenges","robots":{"index":"index","follow":"follow","max-snippet":"max-snippet:-1","max-image-preview":"max-image-preview:large","max-video-preview":"max-video-preview:-1"},"canonical":"https:\/\/territorialchallenges.com\/en\/2018\/01\/13\/qui-va-comprendre-le-mieux-la-pensee-indienne-des-villes-intelligentes\/1435\/","og_locale":"en_US","og_type":"article","og_title":"Qui va comprendre le mieux la pens\u00e9e indienne des villes intelligentes ? - Territorial Challenges","og_description":"Fin ao\u00fbt, le gouvernement indien a donn\u00e9 la liste des 98 futures villes intelligentes du pays de Gandhi, vaste plan du Premier ministre Narendra Modi, destin\u00e9 \u00e0 am\u00e9liorer la vie des autochtones en milieu urbain. Qui de la France et d\u2019autres pays comme l\u2019Allemagne et le Royaume-Uni comprendront le mieux ce march\u00e9 ph\u00e9nom\u00e9nal\u00a0? Sans tarder, [&hellip;]","og_url":"https:\/\/territorialchallenges.com\/en\/2018\/01\/13\/qui-va-comprendre-le-mieux-la-pensee-indienne-des-villes-intelligentes\/1435\/","og_site_name":"Territorial Challenges","article_published_time":"2018-01-12T23:20:49+00:00","author":"ni.abdi","twitter_card":"summary_large_image","twitter_creator":"@Ni.abdi","twitter_misc":{"Written by":"ni.abdi","Est. reading time":"4 minutes"},"schema":{"@context":"https:\/\/schema.org","@graph":[{"@type":"Article","@id":"https:\/\/territorialchallenges.com\/2018\/01\/13\/qui-va-comprendre-le-mieux-la-pensee-indienne-des-villes-intelligentes\/1435\/#article","isPartOf":{"@id":"https:\/\/territorialchallenges.com\/2018\/01\/13\/qui-va-comprendre-le-mieux-la-pensee-indienne-des-villes-intelligentes\/1435\/"},"author":{"name":"ni.abdi","@id":"https:\/\/territorialchallenges.com\/#\/schema\/person\/098f145c7c61a021c425e010f840080f"},"headline":"Qui va comprendre le mieux la pens\u00e9e indienne des villes intelligentes ?","datePublished":"2018-01-12T23:20:49+00:00","dateModified":"2018-01-12T23:20:49+00:00","mainEntityOfPage":{"@id":"https:\/\/territorialchallenges.com\/2018\/01\/13\/qui-va-comprendre-le-mieux-la-pensee-indienne-des-villes-intelligentes\/1435\/"},"wordCount":766,"commentCount":0,"publisher":{"@id":"https:\/\/territorialchallenges.com\/#organization"},"articleSection":["Archives - Editos"],"inLanguage":"en-US"},{"@type":"WebPage","@id":"https:\/\/territorialchallenges.com\/2018\/01\/13\/qui-va-comprendre-le-mieux-la-pensee-indienne-des-villes-intelligentes\/1435\/","url":"https:\/\/territorialchallenges.com\/2018\/01\/13\/qui-va-comprendre-le-mieux-la-pensee-indienne-des-villes-intelligentes\/1435\/","name":"Qui va comprendre le mieux la pens\u00e9e indienne des villes intelligentes ? - Territorial Challenges","isPartOf":{"@id":"https:\/\/territorialchallenges.com\/#website"},"datePublished":"2018-01-12T23:20:49+00:00","dateModified":"2018-01-12T23:20:49+00:00","breadcrumb":{"@id":"https:\/\/territorialchallenges.com\/2018\/01\/13\/qui-va-comprendre-le-mieux-la-pensee-indienne-des-villes-intelligentes\/1435\/#breadcrumb"},"inLanguage":"en-US","potentialAction":[{"@type":"ReadAction","target":["https:\/\/territorialchallenges.com\/2018\/01\/13\/qui-va-comprendre-le-mieux-la-pensee-indienne-des-villes-intelligentes\/1435\/"]}]},{"@type":"BreadcrumbList","@id":"https:\/\/territorialchallenges.com\/2018\/01\/13\/qui-va-comprendre-le-mieux-la-pensee-indienne-des-villes-intelligentes\/1435\/#breadcrumb","itemListElement":[{"@type":"ListItem","position":1,"name":"Home","item":"https:\/\/territorialchallenges.com\/"},{"@type":"ListItem","position":2,"name":"Qui va comprendre le mieux la pens\u00e9e indienne des villes intelligentes ?"}]},{"@type":"WebSite","@id":"https:\/\/territorialchallenges.com\/#website","url":"https:\/\/territorialchallenges.com\/","name":"Territorial Challenges","description":"Veille Internationale - Intelligent strategies - Best practices","publisher":{"@id":"https:\/\/territorialchallenges.com\/#organization"},"potentialAction":[{"@type":"SearchAction","target":{"@type":"EntryPoint","urlTemplate":"https:\/\/territorialchallenges.com\/?s={search_term_string}"},"query-input":"required name=search_term_string"}],"inLanguage":"en-US"},{"@type":"Organization","@id":"https:\/\/territorialchallenges.com\/#organization","name":"Territorial Challenges","url":"https:\/\/territorialchallenges.com\/","logo":{"@type":"ImageObject","inLanguage":"en-US","@id":"https:\/\/territorialchallenges.com\/#\/schema\/logo\/image\/","url":"https:\/\/territorialchallenges.com\/wp-content\/uploads\/2023\/10\/logo-1.png","contentUrl":"https:\/\/territorialchallenges.com\/wp-content\/uploads\/2023\/10\/logo-1.png","width":1832,"height":576,"caption":"Territorial Challenges"},"image":{"@id":"https:\/\/territorialchallenges.com\/#\/schema\/logo\/image\/"}},{"@type":"Person","@id":"https:\/\/territorialchallenges.com\/#\/schema\/person\/098f145c7c61a021c425e010f840080f","name":"ni.abdi","image":{"@type":"ImageObject","inLanguage":"en-US","@id":"https:\/\/territorialchallenges.com\/#\/schema\/person\/image\/","url":"https:\/\/secure.gravatar.com\/avatar\/2a2f2491f3c80039986ba989b1e4b510?s=96&d=identicon&r=g","contentUrl":"https:\/\/secure.gravatar.com\/avatar\/2a2f2491f3c80039986ba989b1e4b510?s=96&d=identicon&r=g","caption":"ni.abdi"},"sameAs":["https:\/\/twitter.com\/Ni.abdi"],"url":"https:\/\/territorialchallenges.com\/en\/author\/ni-abdi\/"}]}},"_links":{"self":[{"href":"https:\/\/territorialchallenges.com\/en\/wp-json\/wp\/v2\/posts\/1435"}],"collection":[{"href":"https:\/\/territorialchallenges.com\/en\/wp-json\/wp\/v2\/posts"}],"about":[{"href":"https:\/\/territorialchallenges.com\/en\/wp-json\/wp\/v2\/types\/post"}],"author":[{"embeddable":true,"href":"https:\/\/territorialchallenges.com\/en\/wp-json\/wp\/v2\/users\/11"}],"replies":[{"embeddable":true,"href":"https:\/\/territorialchallenges.com\/en\/wp-json\/wp\/v2\/comments?post=1435"}],"version-history":[{"count":0,"href":"https:\/\/territorialchallenges.com\/en\/wp-json\/wp\/v2\/posts\/1435\/revisions"}],"wp:attachment":[{"href":"https:\/\/territorialchallenges.com\/en\/wp-json\/wp\/v2\/media?parent=1435"}],"wp:term":[{"taxonomy":"category","embeddable":true,"href":"https:\/\/territorialchallenges.com\/en\/wp-json\/wp\/v2\/categories?post=1435"},{"taxonomy":"post_tag","embeddable":true,"href":"https:\/\/territorialchallenges.com\/en\/wp-json\/wp\/v2\/tags?post=1435"}],"curies":[{"name":"wp","href":"https:\/\/api.w.org\/{rel}","templated":true}]}}