{"id":125448,"date":"2026-01-27T19:21:54","date_gmt":"2026-01-27T18:21:54","guid":{"rendered":"https:\/\/territorialchallenges.com\/?p=125448"},"modified":"2026-01-27T19:21:55","modified_gmt":"2026-01-27T18:21:55","slug":"espagne-valladolid-mobilise-sa-jeunesse-universitaire-pour-devenir-le-laboratoire-europeen-de-la-ville-neutre-en-carbone","status":"publish","type":"post","link":"https:\/\/territorialchallenges.com\/en\/2026\/01\/27\/espagne-valladolid-mobilise-sa-jeunesse-universitaire-pour-devenir-le-laboratoire-europeen-de-la-ville-neutre-en-carbone\/125448\/","title":{"rendered":"Espagne: Valladolid mobilise sa jeunesse universitaire pour devenir le laboratoire europ\u00e9en de la ville neutre en carbone"},"content":{"rendered":"<p>S\u00e9lectionn\u00e9e par la Commission europ\u00e9enne parmi les \u00ab 100 villes intelligentes et neutres en carbone d\u2019ici 2030 \u00bb, Valladolid ne se contente pas de signer des accords : elle transforme ses \u00e9tudiants en architectes du futur. Ce mardi, la mairie et l&rsquo;Universit\u00e9 ont r\u00e9compens\u00e9 les meilleurs travaux de fin d&rsquo;\u00e9tudes, prouvant que la transition \u00e9cologique&#8230; <\/p>\n<div class=\"pmpro_content_message\">Article only viewable by subscribers.<br \/><a href=\"https:\/\/territorialchallenges.com\/wp-login.php\">Connection<\/a><br \/><a href=\"https:\/\/territorialchallenges.com\/en\/wp-login.php\/?action=register\">Register<\/a><\/div>","protected":false},"excerpt":{"rendered":"<p>S\u00e9lectionn\u00e9e par la Commission europ\u00e9enne parmi les \u00ab 100 villes intelligentes et neutres en carbone d\u2019ici 2030 \u00bb, Valladolid ne se contente pas de signer des accords : elle transforme ses \u00e9tudiants en architectes du futur. Ce mardi, la mairie et l&rsquo;Universit\u00e9 ont r\u00e9compens\u00e9 les meilleurs travaux de fin d&rsquo;\u00e9tudes, prouvant que la transition \u00e9cologique... <\/p>\n<div class=\"pmpro_content_message\">Article only viewable by subscribers.<br \/><a href=\"https:\/\/territorialchallenges.com\/wp-login.php\">Connection<\/a><br \/><a href=\"https:\/\/territorialchallenges.com\/en\/wp-login.php\/?action=register\">Register<\/a><\/div>","protected":false},"author":11,"featured_media":125449,"comment_status":"closed","ping_status":"closed","sticky":true,"template":"","format":"standard","meta":{"pmpro_default_level":0,"footnotes":""},"categories":[19,127],"tags":[],"blocksy_meta":"","yoast_head":"<!-- This site is optimized with the Yoast SEO plugin v21.5 - https:\/\/yoast.com\/wordpress\/plugins\/seo\/ -->\n<title>Espagne: Valladolid mobilise sa jeunesse universitaire pour devenir le laboratoire europ\u00e9en de la ville neutre en carbone - Territorial Challenges<\/title>\n<meta name=\"robots\" content=\"index, follow, max-snippet:-1, max-image-preview:large, max-video-preview:-1\" \/>\n<link rel=\"canonical\" href=\"https:\/\/territorialchallenges.com\/en\/2026\/01\/27\/espagne-valladolid-mobilise-sa-jeunesse-universitaire-pour-devenir-le-laboratoire-europeen-de-la-ville-neutre-en-carbone\/125448\/\" \/>\n<meta property=\"og:locale\" content=\"en_US\" \/>\n<meta property=\"og:type\" content=\"article\" \/>\n<meta property=\"og:title\" content=\"Espagne: Valladolid mobilise sa jeunesse universitaire pour devenir le laboratoire europ\u00e9en de la ville neutre en carbone - Territorial Challenges\" \/>\n<meta property=\"og:description\" content=\"S\u00e9lectionn\u00e9e par la Commission europ\u00e9enne parmi les \u00ab 100 villes intelligentes et neutres en carbone d\u2019ici 2030 \u00bb, Valladolid ne se contente pas de signer des accords : elle transforme ses \u00e9tudiants en architectes du futur. Ce mardi, la mairie et l&rsquo;Universit\u00e9 ont r\u00e9compens\u00e9 les meilleurs travaux de fin d&rsquo;\u00e9tudes, prouvant que la transition \u00e9cologique [&hellip;]\" \/>\n<meta property=\"og:url\" content=\"https:\/\/territorialchallenges.com\/en\/2026\/01\/27\/espagne-valladolid-mobilise-sa-jeunesse-universitaire-pour-devenir-le-laboratoire-europeen-de-la-ville-neutre-en-carbone\/125448\/\" \/>\n<meta property=\"og:site_name\" content=\"Territorial Challenges\" \/>\n<meta property=\"article:published_time\" content=\"2026-01-27T18:21:54+00:00\" \/>\n<meta property=\"article:modified_time\" content=\"2026-01-27T18:21:55+00:00\" \/>\n<meta property=\"og:image\" content=\"https:\/\/territorialchallenges.com\/wp-content\/uploads\/2026\/01\/territoiresintelligents.27.01.26.image_.jpg\" \/>\n\t<meta property=\"og:image:width\" content=\"953\" \/>\n\t<meta property=\"og:image:height\" content=\"853\" \/>\n\t<meta property=\"og:image:type\" content=\"image\/jpeg\" \/>\n<meta name=\"author\" content=\"ni.abdi\" \/>\n<meta name=\"twitter:card\" content=\"summary_large_image\" \/>\n<meta name=\"twitter:creator\" content=\"@Ni.abdi\" \/>\n<meta name=\"twitter:label1\" content=\"Written by\" \/>\n\t<meta name=\"twitter:data1\" content=\"ni.abdi\" \/>\n\t<meta name=\"twitter:label2\" content=\"Est. reading time\" \/>\n\t<meta name=\"twitter:data2\" content=\"5 minutes\" \/>\n<script type=\"application\/ld+json\" class=\"yoast-schema-graph\">{\"@context\":\"https:\/\/schema.org\",\"@graph\":[{\"@type\":\"Article\",\"@id\":\"https:\/\/territorialchallenges.com\/2026\/01\/27\/espagne-valladolid-mobilise-sa-jeunesse-universitaire-pour-devenir-le-laboratoire-europeen-de-la-ville-neutre-en-carbone\/125448\/#article\",\"isPartOf\":{\"@id\":\"https:\/\/territorialchallenges.com\/2026\/01\/27\/espagne-valladolid-mobilise-sa-jeunesse-universitaire-pour-devenir-le-laboratoire-europeen-de-la-ville-neutre-en-carbone\/125448\/\"},\"author\":{\"name\":\"ni.abdi\",\"@id\":\"https:\/\/territorialchallenges.com\/#\/schema\/person\/098f145c7c61a021c425e010f840080f\"},\"headline\":\"Espagne: Valladolid mobilise sa jeunesse universitaire pour devenir le laboratoire europ\u00e9en de la ville neutre en carbone\",\"datePublished\":\"2026-01-27T18:21:54+00:00\",\"dateModified\":\"2026-01-27T18:21:55+00:00\",\"mainEntityOfPage\":{\"@id\":\"https:\/\/territorialchallenges.com\/2026\/01\/27\/espagne-valladolid-mobilise-sa-jeunesse-universitaire-pour-devenir-le-laboratoire-europeen-de-la-ville-neutre-en-carbone\/125448\/\"},\"wordCount\":1043,\"publisher\":{\"@id\":\"https:\/\/territorialchallenges.com\/#organization\"},\"articleSection\":[\"Territoires Intelligents\",\"Actualit\u00e9 Europe\"],\"inLanguage\":\"en-US\"},{\"@type\":\"WebPage\",\"@id\":\"https:\/\/territorialchallenges.com\/2026\/01\/27\/espagne-valladolid-mobilise-sa-jeunesse-universitaire-pour-devenir-le-laboratoire-europeen-de-la-ville-neutre-en-carbone\/125448\/\",\"url\":\"https:\/\/territorialchallenges.com\/2026\/01\/27\/espagne-valladolid-mobilise-sa-jeunesse-universitaire-pour-devenir-le-laboratoire-europeen-de-la-ville-neutre-en-carbone\/125448\/\",\"name\":\"Espagne: Valladolid mobilise sa jeunesse universitaire pour devenir le laboratoire europ\u00e9en de la ville neutre en carbone - Territorial Challenges\",\"isPartOf\":{\"@id\":\"https:\/\/territorialchallenges.com\/#website\"},\"datePublished\":\"2026-01-27T18:21:54+00:00\",\"dateModified\":\"2026-01-27T18:21:55+00:00\",\"breadcrumb\":{\"@id\":\"https:\/\/territorialchallenges.com\/2026\/01\/27\/espagne-valladolid-mobilise-sa-jeunesse-universitaire-pour-devenir-le-laboratoire-europeen-de-la-ville-neutre-en-carbone\/125448\/#breadcrumb\"},\"inLanguage\":\"en-US\",\"potentialAction\":[{\"@type\":\"ReadAction\",\"target\":[\"https:\/\/territorialchallenges.com\/2026\/01\/27\/espagne-valladolid-mobilise-sa-jeunesse-universitaire-pour-devenir-le-laboratoire-europeen-de-la-ville-neutre-en-carbone\/125448\/\"]}]},{\"@type\":\"BreadcrumbList\",\"@id\":\"https:\/\/territorialchallenges.com\/2026\/01\/27\/espagne-valladolid-mobilise-sa-jeunesse-universitaire-pour-devenir-le-laboratoire-europeen-de-la-ville-neutre-en-carbone\/125448\/#breadcrumb\",\"itemListElement\":[{\"@type\":\"ListItem\",\"position\":1,\"name\":\"Home\",\"item\":\"https:\/\/territorialchallenges.com\/\"},{\"@type\":\"ListItem\",\"position\":2,\"name\":\"Espagne: Valladolid mobilise sa jeunesse universitaire pour devenir le laboratoire europ\u00e9en de la ville neutre en carbone\"}]},{\"@type\":\"WebSite\",\"@id\":\"https:\/\/territorialchallenges.com\/#website\",\"url\":\"https:\/\/territorialchallenges.com\/\",\"name\":\"Territorial Challenges\",\"description\":\"Veille Internationale - Strat\u00e9gie Intelligentes - Bonnes pratiques\",\"publisher\":{\"@id\":\"https:\/\/territorialchallenges.com\/#organization\"},\"potentialAction\":[{\"@type\":\"SearchAction\",\"target\":{\"@type\":\"EntryPoint\",\"urlTemplate\":\"https:\/\/territorialchallenges.com\/?s={search_term_string}\"},\"query-input\":\"required name=search_term_string\"}],\"inLanguage\":\"en-US\"},{\"@type\":\"Organization\",\"@id\":\"https:\/\/territorialchallenges.com\/#organization\",\"name\":\"Territorial Challenges\",\"url\":\"https:\/\/territorialchallenges.com\/\",\"logo\":{\"@type\":\"ImageObject\",\"inLanguage\":\"en-US\",\"@id\":\"https:\/\/territorialchallenges.com\/#\/schema\/logo\/image\/\",\"url\":\"https:\/\/territorialchallenges.com\/wp-content\/uploads\/2023\/10\/logo-1.png\",\"contentUrl\":\"https:\/\/territorialchallenges.com\/wp-content\/uploads\/2023\/10\/logo-1.png\",\"width\":1832,\"height\":576,\"caption\":\"Territorial Challenges\"},\"image\":{\"@id\":\"https:\/\/territorialchallenges.com\/#\/schema\/logo\/image\/\"}},{\"@type\":\"Person\",\"@id\":\"https:\/\/territorialchallenges.com\/#\/schema\/person\/098f145c7c61a021c425e010f840080f\",\"name\":\"ni.abdi\",\"image\":{\"@type\":\"ImageObject\",\"inLanguage\":\"en-US\",\"@id\":\"https:\/\/territorialchallenges.com\/#\/schema\/person\/image\/\",\"url\":\"https:\/\/secure.gravatar.com\/avatar\/2a2f2491f3c80039986ba989b1e4b510?s=96&d=identicon&r=g\",\"contentUrl\":\"https:\/\/secure.gravatar.com\/avatar\/2a2f2491f3c80039986ba989b1e4b510?s=96&d=identicon&r=g\",\"caption\":\"ni.abdi\"},\"sameAs\":[\"https:\/\/twitter.com\/Ni.abdi\"],\"url\":\"https:\/\/territorialchallenges.com\/en\/author\/ni-abdi\/\"}]}<\/script>\n<!-- \/ Yoast SEO plugin. -->","yoast_head_json":{"title":"Espagne: Valladolid mobilise sa jeunesse universitaire pour devenir le laboratoire europ\u00e9en de la ville neutre en carbone - Territorial Challenges","robots":{"index":"index","follow":"follow","max-snippet":"max-snippet:-1","max-image-preview":"max-image-preview:large","max-video-preview":"max-video-preview:-1"},"canonical":"https:\/\/territorialchallenges.com\/en\/2026\/01\/27\/espagne-valladolid-mobilise-sa-jeunesse-universitaire-pour-devenir-le-laboratoire-europeen-de-la-ville-neutre-en-carbone\/125448\/","og_locale":"en_US","og_type":"article","og_title":"Espagne: Valladolid mobilise sa jeunesse universitaire pour devenir le laboratoire europ\u00e9en de la ville neutre en carbone - Territorial Challenges","og_description":"S\u00e9lectionn\u00e9e par la Commission europ\u00e9enne parmi les \u00ab 100 villes intelligentes et neutres en carbone d\u2019ici 2030 \u00bb, Valladolid ne se contente pas de signer des accords : elle transforme ses \u00e9tudiants en architectes du futur. Ce mardi, la mairie et l&rsquo;Universit\u00e9 ont r\u00e9compens\u00e9 les meilleurs travaux de fin d&rsquo;\u00e9tudes, prouvant que la transition \u00e9cologique [&hellip;]","og_url":"https:\/\/territorialchallenges.com\/en\/2026\/01\/27\/espagne-valladolid-mobilise-sa-jeunesse-universitaire-pour-devenir-le-laboratoire-europeen-de-la-ville-neutre-en-carbone\/125448\/","og_site_name":"Territorial Challenges","article_published_time":"2026-01-27T18:21:54+00:00","article_modified_time":"2026-01-27T18:21:55+00:00","og_image":[{"width":953,"height":853,"url":"https:\/\/territorialchallenges.com\/wp-content\/uploads\/2026\/01\/territoiresintelligents.27.01.26.image_.jpg","type":"image\/jpeg"}],"author":"ni.abdi","twitter_card":"summary_large_image","twitter_creator":"@Ni.abdi","twitter_misc":{"Written by":"ni.abdi","Est. reading time":"5 minutes"},"schema":{"@context":"https:\/\/schema.org","@graph":[{"@type":"Article","@id":"https:\/\/territorialchallenges.com\/2026\/01\/27\/espagne-valladolid-mobilise-sa-jeunesse-universitaire-pour-devenir-le-laboratoire-europeen-de-la-ville-neutre-en-carbone\/125448\/#article","isPartOf":{"@id":"https:\/\/territorialchallenges.com\/2026\/01\/27\/espagne-valladolid-mobilise-sa-jeunesse-universitaire-pour-devenir-le-laboratoire-europeen-de-la-ville-neutre-en-carbone\/125448\/"},"author":{"name":"ni.abdi","@id":"https:\/\/territorialchallenges.com\/#\/schema\/person\/098f145c7c61a021c425e010f840080f"},"headline":"Espagne: Valladolid mobilise sa jeunesse universitaire pour devenir le laboratoire europ\u00e9en de la ville neutre en carbone","datePublished":"2026-01-27T18:21:54+00:00","dateModified":"2026-01-27T18:21:55+00:00","mainEntityOfPage":{"@id":"https:\/\/territorialchallenges.com\/2026\/01\/27\/espagne-valladolid-mobilise-sa-jeunesse-universitaire-pour-devenir-le-laboratoire-europeen-de-la-ville-neutre-en-carbone\/125448\/"},"wordCount":1043,"publisher":{"@id":"https:\/\/territorialchallenges.com\/#organization"},"articleSection":["Territoires Intelligents","Actualit\u00e9 Europe"],"inLanguage":"en-US"},{"@type":"WebPage","@id":"https:\/\/territorialchallenges.com\/2026\/01\/27\/espagne-valladolid-mobilise-sa-jeunesse-universitaire-pour-devenir-le-laboratoire-europeen-de-la-ville-neutre-en-carbone\/125448\/","url":"https:\/\/territorialchallenges.com\/2026\/01\/27\/espagne-valladolid-mobilise-sa-jeunesse-universitaire-pour-devenir-le-laboratoire-europeen-de-la-ville-neutre-en-carbone\/125448\/","name":"Espagne: Valladolid mobilise sa jeunesse universitaire pour devenir le laboratoire europ\u00e9en de la ville neutre en carbone - Territorial Challenges","isPartOf":{"@id":"https:\/\/territorialchallenges.com\/#website"},"datePublished":"2026-01-27T18:21:54+00:00","dateModified":"2026-01-27T18:21:55+00:00","breadcrumb":{"@id":"https:\/\/territorialchallenges.com\/2026\/01\/27\/espagne-valladolid-mobilise-sa-jeunesse-universitaire-pour-devenir-le-laboratoire-europeen-de-la-ville-neutre-en-carbone\/125448\/#breadcrumb"},"inLanguage":"en-US","potentialAction":[{"@type":"ReadAction","target":["https:\/\/territorialchallenges.com\/2026\/01\/27\/espagne-valladolid-mobilise-sa-jeunesse-universitaire-pour-devenir-le-laboratoire-europeen-de-la-ville-neutre-en-carbone\/125448\/"]}]},{"@type":"BreadcrumbList","@id":"https:\/\/territorialchallenges.com\/2026\/01\/27\/espagne-valladolid-mobilise-sa-jeunesse-universitaire-pour-devenir-le-laboratoire-europeen-de-la-ville-neutre-en-carbone\/125448\/#breadcrumb","itemListElement":[{"@type":"ListItem","position":1,"name":"Home","item":"https:\/\/territorialchallenges.com\/"},{"@type":"ListItem","position":2,"name":"Espagne: Valladolid mobilise sa jeunesse universitaire pour devenir le laboratoire europ\u00e9en de la ville neutre en carbone"}]},{"@type":"WebSite","@id":"https:\/\/territorialchallenges.com\/#website","url":"https:\/\/territorialchallenges.com\/","name":"Territorial Challenges","description":"Veille Internationale - Intelligent strategies - Best practices","publisher":{"@id":"https:\/\/territorialchallenges.com\/#organization"},"potentialAction":[{"@type":"SearchAction","target":{"@type":"EntryPoint","urlTemplate":"https:\/\/territorialchallenges.com\/?s={search_term_string}"},"query-input":"required name=search_term_string"}],"inLanguage":"en-US"},{"@type":"Organization","@id":"https:\/\/territorialchallenges.com\/#organization","name":"Territorial Challenges","url":"https:\/\/territorialchallenges.com\/","logo":{"@type":"ImageObject","inLanguage":"en-US","@id":"https:\/\/territorialchallenges.com\/#\/schema\/logo\/image\/","url":"https:\/\/territorialchallenges.com\/wp-content\/uploads\/2023\/10\/logo-1.png","contentUrl":"https:\/\/territorialchallenges.com\/wp-content\/uploads\/2023\/10\/logo-1.png","width":1832,"height":576,"caption":"Territorial Challenges"},"image":{"@id":"https:\/\/territorialchallenges.com\/#\/schema\/logo\/image\/"}},{"@type":"Person","@id":"https:\/\/territorialchallenges.com\/#\/schema\/person\/098f145c7c61a021c425e010f840080f","name":"ni.abdi","image":{"@type":"ImageObject","inLanguage":"en-US","@id":"https:\/\/territorialchallenges.com\/#\/schema\/person\/image\/","url":"https:\/\/secure.gravatar.com\/avatar\/2a2f2491f3c80039986ba989b1e4b510?s=96&d=identicon&r=g","contentUrl":"https:\/\/secure.gravatar.com\/avatar\/2a2f2491f3c80039986ba989b1e4b510?s=96&d=identicon&r=g","caption":"ni.abdi"},"sameAs":["https:\/\/twitter.com\/Ni.abdi"],"url":"https:\/\/territorialchallenges.com\/en\/author\/ni-abdi\/"}]}},"_links":{"self":[{"href":"https:\/\/territorialchallenges.com\/en\/wp-json\/wp\/v2\/posts\/125448"}],"collection":[{"href":"https:\/\/territorialchallenges.com\/en\/wp-json\/wp\/v2\/posts"}],"about":[{"href":"https:\/\/territorialchallenges.com\/en\/wp-json\/wp\/v2\/types\/post"}],"author":[{"embeddable":true,"href":"https:\/\/territorialchallenges.com\/en\/wp-json\/wp\/v2\/users\/11"}],"replies":[{"embeddable":true,"href":"https:\/\/territorialchallenges.com\/en\/wp-json\/wp\/v2\/comments?post=125448"}],"version-history":[{"count":1,"href":"https:\/\/territorialchallenges.com\/en\/wp-json\/wp\/v2\/posts\/125448\/revisions"}],"predecessor-version":[{"id":125450,"href":"https:\/\/territorialchallenges.com\/en\/wp-json\/wp\/v2\/posts\/125448\/revisions\/125450"}],"wp:featuredmedia":[{"embeddable":true,"href":"https:\/\/territorialchallenges.com\/en\/wp-json\/wp\/v2\/media\/125449"}],"wp:attachment":[{"href":"https:\/\/territorialchallenges.com\/en\/wp-json\/wp\/v2\/media?parent=125448"}],"wp:term":[{"taxonomy":"category","embeddable":true,"href":"https:\/\/territorialchallenges.com\/en\/wp-json\/wp\/v2\/categories?post=125448"},{"taxonomy":"post_tag","embeddable":true,"href":"https:\/\/territorialchallenges.com\/en\/wp-json\/wp\/v2\/tags?post=125448"}],"curies":[{"name":"wp","href":"https:\/\/api.w.org\/{rel}","templated":true}]}}