{"id":124264,"date":"2025-04-16T20:26:12","date_gmt":"2025-04-16T18:26:12","guid":{"rendered":"https:\/\/territorialchallenges.com\/?p=124264"},"modified":"2025-04-16T20:26:13","modified_gmt":"2025-04-16T18:26:13","slug":"belfast-un-apercu-du-tourisme-de-demain-grace-aux-technologies-immersives","status":"publish","type":"post","link":"https:\/\/territorialchallenges.com\/en\/2025\/04\/16\/belfast-un-apercu-du-tourisme-de-demain-grace-aux-technologies-immersives\/124264\/","title":{"rendered":"Belfast: A glimpse of tomorrow&#039;s tourism thanks to immersive technologies"},"content":{"rendered":"<p>On April 3, 2025, Belfast, the capital of Northern Ireland, marked the end of the second phase of the Augment the City industry competition with an immersive technology event. This event, organized by Belfast City Council&#039;s Urban Innovation Team, offered a fascinating glimpse into the future of tourism, highlighting\u2026 <\/p>\n<div class=\"pmpro_content_message\">Article only viewable by subscribers.<br \/><a href=\"https:\/\/territorialchallenges.com\/wp-login.php\">Connection<\/a><br \/><a href=\"https:\/\/territorialchallenges.com\/en\/wp-login.php\/?action=register\">Register<\/a><\/div>","protected":false},"excerpt":{"rendered":"<p>Le 3 avril 2025, Belfast, la capitale de l&rsquo;Irlande du Nord, a marqu\u00e9 la fin de la deuxi\u00e8me phase de la comp\u00e9tition industrielle \u00ab\u00a0Augment the City\u00a0\u00bb avec un \u00e9v\u00e9nement technologique immersif. Cet \u00e9v\u00e9nement, organis\u00e9 par l&rsquo;\u00e9quipe d&rsquo;innovation urbaine du conseil municipal de Belfast, a offert un aper\u00e7u fascinant de l&rsquo;avenir du tourisme, en mettant en... <\/p>\n<div class=\"pmpro_content_message\">Article only viewable by subscribers.<br \/><a href=\"https:\/\/territorialchallenges.com\/wp-login.php\">Connection<\/a><br \/><a href=\"https:\/\/territorialchallenges.com\/en\/wp-login.php\/?action=register\">Register<\/a><\/div>","protected":false},"author":11,"featured_media":124265,"comment_status":"closed","ping_status":"closed","sticky":true,"template":"","format":"standard","meta":{"pmpro_default_level":0,"footnotes":""},"categories":[120,117],"tags":[],"blocksy_meta":"","yoast_head":"<!-- This site is optimized with the Yoast SEO plugin v21.5 - https:\/\/yoast.com\/wordpress\/plugins\/seo\/ -->\n<title>Belfast : un aper\u00e7u du tourisme de demain gr\u00e2ce aux technologies immersives - Territorial Challenges<\/title>\n<meta name=\"robots\" content=\"index, follow, max-snippet:-1, max-image-preview:large, max-video-preview:-1\" \/>\n<link rel=\"canonical\" href=\"https:\/\/territorialchallenges.com\/en\/2025\/04\/16\/belfast-un-apercu-du-tourisme-de-demain-grace-aux-technologies-immersives\/124264\/\" \/>\n<meta property=\"og:locale\" content=\"en_US\" \/>\n<meta property=\"og:type\" content=\"article\" \/>\n<meta property=\"og:title\" content=\"Belfast : un aper\u00e7u du tourisme de demain gr\u00e2ce aux technologies immersives - Territorial Challenges\" \/>\n<meta property=\"og:description\" content=\"Le 3 avril 2025, Belfast, la capitale de l&rsquo;Irlande du Nord, a marqu\u00e9 la fin de la deuxi\u00e8me phase de la comp\u00e9tition industrielle \u00ab\u00a0Augment the City\u00a0\u00bb avec un \u00e9v\u00e9nement technologique immersif. Cet \u00e9v\u00e9nement, organis\u00e9 par l&rsquo;\u00e9quipe d&rsquo;innovation urbaine du conseil municipal de Belfast, a offert un aper\u00e7u fascinant de l&rsquo;avenir du tourisme, en mettant en [&hellip;]\" \/>\n<meta property=\"og:url\" content=\"https:\/\/territorialchallenges.com\/en\/2025\/04\/16\/belfast-un-apercu-du-tourisme-de-demain-grace-aux-technologies-immersives\/124264\/\" \/>\n<meta property=\"og:site_name\" content=\"Territorial Challenges\" \/>\n<meta property=\"article:published_time\" content=\"2025-04-16T18:26:12+00:00\" \/>\n<meta property=\"article:modified_time\" content=\"2025-04-16T18:26:13+00:00\" \/>\n<meta property=\"og:image\" content=\"https:\/\/territorialchallenges.com\/wp-content\/uploads\/2025\/04\/ilsestpassea16.04.25.Image_.jpg\" \/>\n\t<meta property=\"og:image:width\" content=\"1280\" \/>\n\t<meta property=\"og:image:height\" content=\"960\" \/>\n\t<meta property=\"og:image:type\" content=\"image\/jpeg\" \/>\n<meta name=\"author\" content=\"ni.abdi\" \/>\n<meta name=\"twitter:card\" content=\"summary_large_image\" \/>\n<meta name=\"twitter:creator\" content=\"@Ni.abdi\" \/>\n<meta name=\"twitter:label1\" content=\"Written by\" \/>\n\t<meta name=\"twitter:data1\" content=\"ni.abdi\" \/>\n\t<meta name=\"twitter:label2\" content=\"Est. reading time\" \/>\n\t<meta name=\"twitter:data2\" content=\"4 minutes\" \/>\n<script type=\"application\/ld+json\" class=\"yoast-schema-graph\">{\"@context\":\"https:\/\/schema.org\",\"@graph\":[{\"@type\":\"Article\",\"@id\":\"https:\/\/territorialchallenges.com\/2025\/04\/16\/belfast-un-apercu-du-tourisme-de-demain-grace-aux-technologies-immersives\/124264\/#article\",\"isPartOf\":{\"@id\":\"https:\/\/territorialchallenges.com\/2025\/04\/16\/belfast-un-apercu-du-tourisme-de-demain-grace-aux-technologies-immersives\/124264\/\"},\"author\":{\"name\":\"ni.abdi\",\"@id\":\"https:\/\/territorialchallenges.com\/#\/schema\/person\/098f145c7c61a021c425e010f840080f\"},\"headline\":\"Belfast : un aper\u00e7u du tourisme de demain gr\u00e2ce aux technologies immersives\",\"datePublished\":\"2025-04-16T18:26:12+00:00\",\"dateModified\":\"2025-04-16T18:26:13+00:00\",\"mainEntityOfPage\":{\"@id\":\"https:\/\/territorialchallenges.com\/2025\/04\/16\/belfast-un-apercu-du-tourisme-de-demain-grace-aux-technologies-immersives\/124264\/\"},\"wordCount\":812,\"publisher\":{\"@id\":\"https:\/\/territorialchallenges.com\/#organization\"},\"articleSection\":[\"Il s'est pass\u00e9 \u00e0\",\"\u00c9cosyst\u00e8me\"],\"inLanguage\":\"en-US\"},{\"@type\":\"WebPage\",\"@id\":\"https:\/\/territorialchallenges.com\/2025\/04\/16\/belfast-un-apercu-du-tourisme-de-demain-grace-aux-technologies-immersives\/124264\/\",\"url\":\"https:\/\/territorialchallenges.com\/2025\/04\/16\/belfast-un-apercu-du-tourisme-de-demain-grace-aux-technologies-immersives\/124264\/\",\"name\":\"Belfast : un aper\u00e7u du tourisme de demain gr\u00e2ce aux technologies immersives - Territorial Challenges\",\"isPartOf\":{\"@id\":\"https:\/\/territorialchallenges.com\/#website\"},\"datePublished\":\"2025-04-16T18:26:12+00:00\",\"dateModified\":\"2025-04-16T18:26:13+00:00\",\"breadcrumb\":{\"@id\":\"https:\/\/territorialchallenges.com\/2025\/04\/16\/belfast-un-apercu-du-tourisme-de-demain-grace-aux-technologies-immersives\/124264\/#breadcrumb\"},\"inLanguage\":\"en-US\",\"potentialAction\":[{\"@type\":\"ReadAction\",\"target\":[\"https:\/\/territorialchallenges.com\/2025\/04\/16\/belfast-un-apercu-du-tourisme-de-demain-grace-aux-technologies-immersives\/124264\/\"]}]},{\"@type\":\"BreadcrumbList\",\"@id\":\"https:\/\/territorialchallenges.com\/2025\/04\/16\/belfast-un-apercu-du-tourisme-de-demain-grace-aux-technologies-immersives\/124264\/#breadcrumb\",\"itemListElement\":[{\"@type\":\"ListItem\",\"position\":1,\"name\":\"Home\",\"item\":\"https:\/\/territorialchallenges.com\/\"},{\"@type\":\"ListItem\",\"position\":2,\"name\":\"Belfast : un aper\u00e7u du tourisme de demain gr\u00e2ce aux technologies immersives\"}]},{\"@type\":\"WebSite\",\"@id\":\"https:\/\/territorialchallenges.com\/#website\",\"url\":\"https:\/\/territorialchallenges.com\/\",\"name\":\"Territorial Challenges\",\"description\":\"Veille Internationale - Strat\u00e9gie Intelligentes - Bonnes pratiques\",\"publisher\":{\"@id\":\"https:\/\/territorialchallenges.com\/#organization\"},\"potentialAction\":[{\"@type\":\"SearchAction\",\"target\":{\"@type\":\"EntryPoint\",\"urlTemplate\":\"https:\/\/territorialchallenges.com\/?s={search_term_string}\"},\"query-input\":\"required name=search_term_string\"}],\"inLanguage\":\"en-US\"},{\"@type\":\"Organization\",\"@id\":\"https:\/\/territorialchallenges.com\/#organization\",\"name\":\"Territorial Challenges\",\"url\":\"https:\/\/territorialchallenges.com\/\",\"logo\":{\"@type\":\"ImageObject\",\"inLanguage\":\"en-US\",\"@id\":\"https:\/\/territorialchallenges.com\/#\/schema\/logo\/image\/\",\"url\":\"https:\/\/territorialchallenges.com\/wp-content\/uploads\/2023\/10\/logo-1.png\",\"contentUrl\":\"https:\/\/territorialchallenges.com\/wp-content\/uploads\/2023\/10\/logo-1.png\",\"width\":1832,\"height\":576,\"caption\":\"Territorial Challenges\"},\"image\":{\"@id\":\"https:\/\/territorialchallenges.com\/#\/schema\/logo\/image\/\"}},{\"@type\":\"Person\",\"@id\":\"https:\/\/territorialchallenges.com\/#\/schema\/person\/098f145c7c61a021c425e010f840080f\",\"name\":\"ni.abdi\",\"image\":{\"@type\":\"ImageObject\",\"inLanguage\":\"en-US\",\"@id\":\"https:\/\/territorialchallenges.com\/#\/schema\/person\/image\/\",\"url\":\"https:\/\/secure.gravatar.com\/avatar\/2a2f2491f3c80039986ba989b1e4b510?s=96&d=identicon&r=g\",\"contentUrl\":\"https:\/\/secure.gravatar.com\/avatar\/2a2f2491f3c80039986ba989b1e4b510?s=96&d=identicon&r=g\",\"caption\":\"ni.abdi\"},\"sameAs\":[\"https:\/\/twitter.com\/Ni.abdi\"],\"url\":\"https:\/\/territorialchallenges.com\/en\/author\/ni-abdi\/\"}]}<\/script>\n<!-- \/ Yoast SEO plugin. -->","yoast_head_json":{"title":"Belfast : un aper\u00e7u du tourisme de demain gr\u00e2ce aux technologies immersives - Territorial Challenges","robots":{"index":"index","follow":"follow","max-snippet":"max-snippet:-1","max-image-preview":"max-image-preview:large","max-video-preview":"max-video-preview:-1"},"canonical":"https:\/\/territorialchallenges.com\/en\/2025\/04\/16\/belfast-un-apercu-du-tourisme-de-demain-grace-aux-technologies-immersives\/124264\/","og_locale":"en_US","og_type":"article","og_title":"Belfast : un aper\u00e7u du tourisme de demain gr\u00e2ce aux technologies immersives - Territorial Challenges","og_description":"Le 3 avril 2025, Belfast, la capitale de l&rsquo;Irlande du Nord, a marqu\u00e9 la fin de la deuxi\u00e8me phase de la comp\u00e9tition industrielle \u00ab\u00a0Augment the City\u00a0\u00bb avec un \u00e9v\u00e9nement technologique immersif. Cet \u00e9v\u00e9nement, organis\u00e9 par l&rsquo;\u00e9quipe d&rsquo;innovation urbaine du conseil municipal de Belfast, a offert un aper\u00e7u fascinant de l&rsquo;avenir du tourisme, en mettant en [&hellip;]","og_url":"https:\/\/territorialchallenges.com\/en\/2025\/04\/16\/belfast-un-apercu-du-tourisme-de-demain-grace-aux-technologies-immersives\/124264\/","og_site_name":"Territorial Challenges","article_published_time":"2025-04-16T18:26:12+00:00","article_modified_time":"2025-04-16T18:26:13+00:00","og_image":[{"width":1280,"height":960,"url":"https:\/\/territorialchallenges.com\/wp-content\/uploads\/2025\/04\/ilsestpassea16.04.25.Image_.jpg","type":"image\/jpeg"}],"author":"ni.abdi","twitter_card":"summary_large_image","twitter_creator":"@Ni.abdi","twitter_misc":{"Written by":"ni.abdi","Est. reading time":"4 minutes"},"schema":{"@context":"https:\/\/schema.org","@graph":[{"@type":"Article","@id":"https:\/\/territorialchallenges.com\/2025\/04\/16\/belfast-un-apercu-du-tourisme-de-demain-grace-aux-technologies-immersives\/124264\/#article","isPartOf":{"@id":"https:\/\/territorialchallenges.com\/2025\/04\/16\/belfast-un-apercu-du-tourisme-de-demain-grace-aux-technologies-immersives\/124264\/"},"author":{"name":"ni.abdi","@id":"https:\/\/territorialchallenges.com\/#\/schema\/person\/098f145c7c61a021c425e010f840080f"},"headline":"Belfast : un aper\u00e7u du tourisme de demain gr\u00e2ce aux technologies immersives","datePublished":"2025-04-16T18:26:12+00:00","dateModified":"2025-04-16T18:26:13+00:00","mainEntityOfPage":{"@id":"https:\/\/territorialchallenges.com\/2025\/04\/16\/belfast-un-apercu-du-tourisme-de-demain-grace-aux-technologies-immersives\/124264\/"},"wordCount":812,"publisher":{"@id":"https:\/\/territorialchallenges.com\/#organization"},"articleSection":["Il s'est pass\u00e9 \u00e0","\u00c9cosyst\u00e8me"],"inLanguage":"en-US"},{"@type":"WebPage","@id":"https:\/\/territorialchallenges.com\/2025\/04\/16\/belfast-un-apercu-du-tourisme-de-demain-grace-aux-technologies-immersives\/124264\/","url":"https:\/\/territorialchallenges.com\/2025\/04\/16\/belfast-un-apercu-du-tourisme-de-demain-grace-aux-technologies-immersives\/124264\/","name":"Belfast : un aper\u00e7u du tourisme de demain gr\u00e2ce aux technologies immersives - Territorial Challenges","isPartOf":{"@id":"https:\/\/territorialchallenges.com\/#website"},"datePublished":"2025-04-16T18:26:12+00:00","dateModified":"2025-04-16T18:26:13+00:00","breadcrumb":{"@id":"https:\/\/territorialchallenges.com\/2025\/04\/16\/belfast-un-apercu-du-tourisme-de-demain-grace-aux-technologies-immersives\/124264\/#breadcrumb"},"inLanguage":"en-US","potentialAction":[{"@type":"ReadAction","target":["https:\/\/territorialchallenges.com\/2025\/04\/16\/belfast-un-apercu-du-tourisme-de-demain-grace-aux-technologies-immersives\/124264\/"]}]},{"@type":"BreadcrumbList","@id":"https:\/\/territorialchallenges.com\/2025\/04\/16\/belfast-un-apercu-du-tourisme-de-demain-grace-aux-technologies-immersives\/124264\/#breadcrumb","itemListElement":[{"@type":"ListItem","position":1,"name":"Home","item":"https:\/\/territorialchallenges.com\/"},{"@type":"ListItem","position":2,"name":"Belfast : un aper\u00e7u du tourisme de demain gr\u00e2ce aux technologies immersives"}]},{"@type":"WebSite","@id":"https:\/\/territorialchallenges.com\/#website","url":"https:\/\/territorialchallenges.com\/","name":"Territorial Challenges","description":"Veille Internationale - Intelligent strategies - Best practices","publisher":{"@id":"https:\/\/territorialchallenges.com\/#organization"},"potentialAction":[{"@type":"SearchAction","target":{"@type":"EntryPoint","urlTemplate":"https:\/\/territorialchallenges.com\/?s={search_term_string}"},"query-input":"required name=search_term_string"}],"inLanguage":"en-US"},{"@type":"Organization","@id":"https:\/\/territorialchallenges.com\/#organization","name":"Territorial Challenges","url":"https:\/\/territorialchallenges.com\/","logo":{"@type":"ImageObject","inLanguage":"en-US","@id":"https:\/\/territorialchallenges.com\/#\/schema\/logo\/image\/","url":"https:\/\/territorialchallenges.com\/wp-content\/uploads\/2023\/10\/logo-1.png","contentUrl":"https:\/\/territorialchallenges.com\/wp-content\/uploads\/2023\/10\/logo-1.png","width":1832,"height":576,"caption":"Territorial Challenges"},"image":{"@id":"https:\/\/territorialchallenges.com\/#\/schema\/logo\/image\/"}},{"@type":"Person","@id":"https:\/\/territorialchallenges.com\/#\/schema\/person\/098f145c7c61a021c425e010f840080f","name":"ni.abdi","image":{"@type":"ImageObject","inLanguage":"en-US","@id":"https:\/\/territorialchallenges.com\/#\/schema\/person\/image\/","url":"https:\/\/secure.gravatar.com\/avatar\/2a2f2491f3c80039986ba989b1e4b510?s=96&d=identicon&r=g","contentUrl":"https:\/\/secure.gravatar.com\/avatar\/2a2f2491f3c80039986ba989b1e4b510?s=96&d=identicon&r=g","caption":"ni.abdi"},"sameAs":["https:\/\/twitter.com\/Ni.abdi"],"url":"https:\/\/territorialchallenges.com\/en\/author\/ni-abdi\/"}]}},"_links":{"self":[{"href":"https:\/\/territorialchallenges.com\/en\/wp-json\/wp\/v2\/posts\/124264"}],"collection":[{"href":"https:\/\/territorialchallenges.com\/en\/wp-json\/wp\/v2\/posts"}],"about":[{"href":"https:\/\/territorialchallenges.com\/en\/wp-json\/wp\/v2\/types\/post"}],"author":[{"embeddable":true,"href":"https:\/\/territorialchallenges.com\/en\/wp-json\/wp\/v2\/users\/11"}],"replies":[{"embeddable":true,"href":"https:\/\/territorialchallenges.com\/en\/wp-json\/wp\/v2\/comments?post=124264"}],"version-history":[{"count":1,"href":"https:\/\/territorialchallenges.com\/en\/wp-json\/wp\/v2\/posts\/124264\/revisions"}],"predecessor-version":[{"id":124266,"href":"https:\/\/territorialchallenges.com\/en\/wp-json\/wp\/v2\/posts\/124264\/revisions\/124266"}],"wp:featuredmedia":[{"embeddable":true,"href":"https:\/\/territorialchallenges.com\/en\/wp-json\/wp\/v2\/media\/124265"}],"wp:attachment":[{"href":"https:\/\/territorialchallenges.com\/en\/wp-json\/wp\/v2\/media?parent=124264"}],"wp:term":[{"taxonomy":"category","embeddable":true,"href":"https:\/\/territorialchallenges.com\/en\/wp-json\/wp\/v2\/categories?post=124264"},{"taxonomy":"post_tag","embeddable":true,"href":"https:\/\/territorialchallenges.com\/en\/wp-json\/wp\/v2\/tags?post=124264"}],"curies":[{"name":"wp","href":"https:\/\/api.w.org\/{rel}","templated":true}]}}