{"id":124118,"date":"2025-03-20T12:57:52","date_gmt":"2025-03-20T11:57:52","guid":{"rendered":"https:\/\/territorialchallenges.com\/?p=124118"},"modified":"2025-03-20T12:57:53","modified_gmt":"2025-03-20T11:57:53","slug":"medellin-plaque-tournante-de-la-collaboration-climatique-internationale","status":"publish","type":"post","link":"https:\/\/territorialchallenges.com\/en\/2025\/03\/20\/medellin-plaque-tournante-de-la-collaboration-climatique-internationale\/124118\/","title":{"rendered":"Medell\u00edn: hub of international climate collaboration"},"content":{"rendered":"<p>Medell\u00edn, Colombia, is positioning itself as a global leader in the decarbonization of public buildings through the C40 Academy event. This initiative brings together cities from Latin America, Asia, and Africa to exchange knowledge and develop strategies to reduce carbon emissions and promote energy efficiency. Over three days, representatives from\u2026 <\/p>\n<div class=\"pmpro_content_message\">Article only viewable by subscribers.<br \/><a href=\"https:\/\/territorialchallenges.com\/wp-login.php\">Connection<\/a><br \/><a href=\"https:\/\/territorialchallenges.com\/en\/wp-login.php\/?action=register\">Register<\/a><\/div>","protected":false},"excerpt":{"rendered":"<p>Medell\u00edn, en Colombie, se positionne comme un leader mondial dans la d\u00e9carbonation des b\u00e2timents publics gr\u00e2ce \u00e0 l&rsquo;\u00e9v\u00e9nement C40 Academy. Cette initiative rassemble des villes d&rsquo;Am\u00e9rique latine, d&rsquo;Asie et d&rsquo;Afrique pour \u00e9changer des connaissances et d\u00e9velopper des strat\u00e9gies visant \u00e0 r\u00e9duire les \u00e9missions de carbone et promouvoir l&rsquo;efficacit\u00e9 \u00e9nerg\u00e9tique. Pendant trois jours, des repr\u00e9sentants de... <\/p>\n<div class=\"pmpro_content_message\">Article only viewable by subscribers.<br \/><a href=\"https:\/\/territorialchallenges.com\/wp-login.php\">Connection<\/a><br \/><a href=\"https:\/\/territorialchallenges.com\/en\/wp-login.php\/?action=register\">Register<\/a><\/div>","protected":false},"author":11,"featured_media":124119,"comment_status":"closed","ping_status":"closed","sticky":true,"template":"","format":"standard","meta":{"pmpro_default_level":0,"footnotes":""},"categories":[120,117],"tags":[],"blocksy_meta":"","yoast_head":"<!-- This site is optimized with the Yoast SEO plugin v21.5 - https:\/\/yoast.com\/wordpress\/plugins\/seo\/ -->\n<title>Medell\u00edn : plaque tournante de la collaboration climatique internationale - Territorial Challenges<\/title>\n<meta name=\"robots\" content=\"index, follow, max-snippet:-1, max-image-preview:large, max-video-preview:-1\" \/>\n<link rel=\"canonical\" href=\"https:\/\/territorialchallenges.com\/en\/2025\/03\/20\/medellin-plaque-tournante-de-la-collaboration-climatique-internationale\/124118\/\" \/>\n<meta property=\"og:locale\" content=\"en_US\" \/>\n<meta property=\"og:type\" content=\"article\" \/>\n<meta property=\"og:title\" content=\"Medell\u00edn : plaque tournante de la collaboration climatique internationale - Territorial Challenges\" \/>\n<meta property=\"og:description\" content=\"Medell\u00edn, en Colombie, se positionne comme un leader mondial dans la d\u00e9carbonation des b\u00e2timents publics gr\u00e2ce \u00e0 l&rsquo;\u00e9v\u00e9nement C40 Academy. Cette initiative rassemble des villes d&rsquo;Am\u00e9rique latine, d&rsquo;Asie et d&rsquo;Afrique pour \u00e9changer des connaissances et d\u00e9velopper des strat\u00e9gies visant \u00e0 r\u00e9duire les \u00e9missions de carbone et promouvoir l&rsquo;efficacit\u00e9 \u00e9nerg\u00e9tique. Pendant trois jours, des repr\u00e9sentants de [&hellip;]\" \/>\n<meta property=\"og:url\" content=\"https:\/\/territorialchallenges.com\/en\/2025\/03\/20\/medellin-plaque-tournante-de-la-collaboration-climatique-internationale\/124118\/\" \/>\n<meta property=\"og:site_name\" content=\"Territorial Challenges\" \/>\n<meta property=\"article:published_time\" content=\"2025-03-20T11:57:52+00:00\" \/>\n<meta property=\"article:modified_time\" content=\"2025-03-20T11:57:53+00:00\" \/>\n<meta property=\"og:image\" content=\"https:\/\/territorialchallenges.com\/wp-content\/uploads\/2025\/03\/ilsestpasseaMedellinImage.jpg\" \/>\n\t<meta property=\"og:image:width\" content=\"1280\" \/>\n\t<meta property=\"og:image:height\" content=\"964\" \/>\n\t<meta property=\"og:image:type\" content=\"image\/jpeg\" \/>\n<meta name=\"author\" content=\"ni.abdi\" \/>\n<meta name=\"twitter:card\" content=\"summary_large_image\" \/>\n<meta name=\"twitter:creator\" content=\"@Ni.abdi\" \/>\n<meta name=\"twitter:label1\" content=\"Written by\" \/>\n\t<meta name=\"twitter:data1\" content=\"ni.abdi\" \/>\n\t<meta name=\"twitter:label2\" content=\"Est. reading time\" \/>\n\t<meta name=\"twitter:data2\" content=\"3 minutes\" \/>\n<script type=\"application\/ld+json\" class=\"yoast-schema-graph\">{\"@context\":\"https:\/\/schema.org\",\"@graph\":[{\"@type\":\"Article\",\"@id\":\"https:\/\/territorialchallenges.com\/2025\/03\/20\/medellin-plaque-tournante-de-la-collaboration-climatique-internationale\/124118\/#article\",\"isPartOf\":{\"@id\":\"https:\/\/territorialchallenges.com\/2025\/03\/20\/medellin-plaque-tournante-de-la-collaboration-climatique-internationale\/124118\/\"},\"author\":{\"name\":\"ni.abdi\",\"@id\":\"https:\/\/territorialchallenges.com\/#\/schema\/person\/098f145c7c61a021c425e010f840080f\"},\"headline\":\"Medell\u00edn : plaque tournante de la collaboration climatique internationale\",\"datePublished\":\"2025-03-20T11:57:52+00:00\",\"dateModified\":\"2025-03-20T11:57:53+00:00\",\"mainEntityOfPage\":{\"@id\":\"https:\/\/territorialchallenges.com\/2025\/03\/20\/medellin-plaque-tournante-de-la-collaboration-climatique-internationale\/124118\/\"},\"wordCount\":504,\"publisher\":{\"@id\":\"https:\/\/territorialchallenges.com\/#organization\"},\"articleSection\":[\"Il s'est pass\u00e9 \u00e0\",\"\u00c9cosyst\u00e8me\"],\"inLanguage\":\"en-US\"},{\"@type\":\"WebPage\",\"@id\":\"https:\/\/territorialchallenges.com\/2025\/03\/20\/medellin-plaque-tournante-de-la-collaboration-climatique-internationale\/124118\/\",\"url\":\"https:\/\/territorialchallenges.com\/2025\/03\/20\/medellin-plaque-tournante-de-la-collaboration-climatique-internationale\/124118\/\",\"name\":\"Medell\u00edn : plaque tournante de la collaboration climatique internationale - Territorial Challenges\",\"isPartOf\":{\"@id\":\"https:\/\/territorialchallenges.com\/#website\"},\"datePublished\":\"2025-03-20T11:57:52+00:00\",\"dateModified\":\"2025-03-20T11:57:53+00:00\",\"breadcrumb\":{\"@id\":\"https:\/\/territorialchallenges.com\/2025\/03\/20\/medellin-plaque-tournante-de-la-collaboration-climatique-internationale\/124118\/#breadcrumb\"},\"inLanguage\":\"en-US\",\"potentialAction\":[{\"@type\":\"ReadAction\",\"target\":[\"https:\/\/territorialchallenges.com\/2025\/03\/20\/medellin-plaque-tournante-de-la-collaboration-climatique-internationale\/124118\/\"]}]},{\"@type\":\"BreadcrumbList\",\"@id\":\"https:\/\/territorialchallenges.com\/2025\/03\/20\/medellin-plaque-tournante-de-la-collaboration-climatique-internationale\/124118\/#breadcrumb\",\"itemListElement\":[{\"@type\":\"ListItem\",\"position\":1,\"name\":\"Home\",\"item\":\"https:\/\/territorialchallenges.com\/\"},{\"@type\":\"ListItem\",\"position\":2,\"name\":\"Medell\u00edn : plaque tournante de la collaboration climatique internationale\"}]},{\"@type\":\"WebSite\",\"@id\":\"https:\/\/territorialchallenges.com\/#website\",\"url\":\"https:\/\/territorialchallenges.com\/\",\"name\":\"Territorial Challenges\",\"description\":\"Veille Internationale - Strat\u00e9gie Intelligentes - Bonnes pratiques\",\"publisher\":{\"@id\":\"https:\/\/territorialchallenges.com\/#organization\"},\"potentialAction\":[{\"@type\":\"SearchAction\",\"target\":{\"@type\":\"EntryPoint\",\"urlTemplate\":\"https:\/\/territorialchallenges.com\/?s={search_term_string}\"},\"query-input\":\"required name=search_term_string\"}],\"inLanguage\":\"en-US\"},{\"@type\":\"Organization\",\"@id\":\"https:\/\/territorialchallenges.com\/#organization\",\"name\":\"Territorial Challenges\",\"url\":\"https:\/\/territorialchallenges.com\/\",\"logo\":{\"@type\":\"ImageObject\",\"inLanguage\":\"en-US\",\"@id\":\"https:\/\/territorialchallenges.com\/#\/schema\/logo\/image\/\",\"url\":\"https:\/\/territorialchallenges.com\/wp-content\/uploads\/2023\/10\/logo-1.png\",\"contentUrl\":\"https:\/\/territorialchallenges.com\/wp-content\/uploads\/2023\/10\/logo-1.png\",\"width\":1832,\"height\":576,\"caption\":\"Territorial Challenges\"},\"image\":{\"@id\":\"https:\/\/territorialchallenges.com\/#\/schema\/logo\/image\/\"}},{\"@type\":\"Person\",\"@id\":\"https:\/\/territorialchallenges.com\/#\/schema\/person\/098f145c7c61a021c425e010f840080f\",\"name\":\"ni.abdi\",\"image\":{\"@type\":\"ImageObject\",\"inLanguage\":\"en-US\",\"@id\":\"https:\/\/territorialchallenges.com\/#\/schema\/person\/image\/\",\"url\":\"https:\/\/secure.gravatar.com\/avatar\/2a2f2491f3c80039986ba989b1e4b510?s=96&d=identicon&r=g\",\"contentUrl\":\"https:\/\/secure.gravatar.com\/avatar\/2a2f2491f3c80039986ba989b1e4b510?s=96&d=identicon&r=g\",\"caption\":\"ni.abdi\"},\"sameAs\":[\"https:\/\/twitter.com\/Ni.abdi\"],\"url\":\"https:\/\/territorialchallenges.com\/en\/author\/ni-abdi\/\"}]}<\/script>\n<!-- \/ Yoast SEO plugin. -->","yoast_head_json":{"title":"Medell\u00edn : plaque tournante de la collaboration climatique internationale - Territorial Challenges","robots":{"index":"index","follow":"follow","max-snippet":"max-snippet:-1","max-image-preview":"max-image-preview:large","max-video-preview":"max-video-preview:-1"},"canonical":"https:\/\/territorialchallenges.com\/en\/2025\/03\/20\/medellin-plaque-tournante-de-la-collaboration-climatique-internationale\/124118\/","og_locale":"en_US","og_type":"article","og_title":"Medell\u00edn : plaque tournante de la collaboration climatique internationale - Territorial Challenges","og_description":"Medell\u00edn, en Colombie, se positionne comme un leader mondial dans la d\u00e9carbonation des b\u00e2timents publics gr\u00e2ce \u00e0 l&rsquo;\u00e9v\u00e9nement C40 Academy. Cette initiative rassemble des villes d&rsquo;Am\u00e9rique latine, d&rsquo;Asie et d&rsquo;Afrique pour \u00e9changer des connaissances et d\u00e9velopper des strat\u00e9gies visant \u00e0 r\u00e9duire les \u00e9missions de carbone et promouvoir l&rsquo;efficacit\u00e9 \u00e9nerg\u00e9tique. Pendant trois jours, des repr\u00e9sentants de [&hellip;]","og_url":"https:\/\/territorialchallenges.com\/en\/2025\/03\/20\/medellin-plaque-tournante-de-la-collaboration-climatique-internationale\/124118\/","og_site_name":"Territorial Challenges","article_published_time":"2025-03-20T11:57:52+00:00","article_modified_time":"2025-03-20T11:57:53+00:00","og_image":[{"width":1280,"height":964,"url":"https:\/\/territorialchallenges.com\/wp-content\/uploads\/2025\/03\/ilsestpasseaMedellinImage.jpg","type":"image\/jpeg"}],"author":"ni.abdi","twitter_card":"summary_large_image","twitter_creator":"@Ni.abdi","twitter_misc":{"Written by":"ni.abdi","Est. reading time":"3 minutes"},"schema":{"@context":"https:\/\/schema.org","@graph":[{"@type":"Article","@id":"https:\/\/territorialchallenges.com\/2025\/03\/20\/medellin-plaque-tournante-de-la-collaboration-climatique-internationale\/124118\/#article","isPartOf":{"@id":"https:\/\/territorialchallenges.com\/2025\/03\/20\/medellin-plaque-tournante-de-la-collaboration-climatique-internationale\/124118\/"},"author":{"name":"ni.abdi","@id":"https:\/\/territorialchallenges.com\/#\/schema\/person\/098f145c7c61a021c425e010f840080f"},"headline":"Medell\u00edn : plaque tournante de la collaboration climatique internationale","datePublished":"2025-03-20T11:57:52+00:00","dateModified":"2025-03-20T11:57:53+00:00","mainEntityOfPage":{"@id":"https:\/\/territorialchallenges.com\/2025\/03\/20\/medellin-plaque-tournante-de-la-collaboration-climatique-internationale\/124118\/"},"wordCount":504,"publisher":{"@id":"https:\/\/territorialchallenges.com\/#organization"},"articleSection":["Il s'est pass\u00e9 \u00e0","\u00c9cosyst\u00e8me"],"inLanguage":"en-US"},{"@type":"WebPage","@id":"https:\/\/territorialchallenges.com\/2025\/03\/20\/medellin-plaque-tournante-de-la-collaboration-climatique-internationale\/124118\/","url":"https:\/\/territorialchallenges.com\/2025\/03\/20\/medellin-plaque-tournante-de-la-collaboration-climatique-internationale\/124118\/","name":"Medell\u00edn : plaque tournante de la collaboration climatique internationale - Territorial Challenges","isPartOf":{"@id":"https:\/\/territorialchallenges.com\/#website"},"datePublished":"2025-03-20T11:57:52+00:00","dateModified":"2025-03-20T11:57:53+00:00","breadcrumb":{"@id":"https:\/\/territorialchallenges.com\/2025\/03\/20\/medellin-plaque-tournante-de-la-collaboration-climatique-internationale\/124118\/#breadcrumb"},"inLanguage":"en-US","potentialAction":[{"@type":"ReadAction","target":["https:\/\/territorialchallenges.com\/2025\/03\/20\/medellin-plaque-tournante-de-la-collaboration-climatique-internationale\/124118\/"]}]},{"@type":"BreadcrumbList","@id":"https:\/\/territorialchallenges.com\/2025\/03\/20\/medellin-plaque-tournante-de-la-collaboration-climatique-internationale\/124118\/#breadcrumb","itemListElement":[{"@type":"ListItem","position":1,"name":"Home","item":"https:\/\/territorialchallenges.com\/"},{"@type":"ListItem","position":2,"name":"Medell\u00edn : plaque tournante de la collaboration climatique internationale"}]},{"@type":"WebSite","@id":"https:\/\/territorialchallenges.com\/#website","url":"https:\/\/territorialchallenges.com\/","name":"Territorial Challenges","description":"Veille Internationale - Intelligent strategies - Best practices","publisher":{"@id":"https:\/\/territorialchallenges.com\/#organization"},"potentialAction":[{"@type":"SearchAction","target":{"@type":"EntryPoint","urlTemplate":"https:\/\/territorialchallenges.com\/?s={search_term_string}"},"query-input":"required name=search_term_string"}],"inLanguage":"en-US"},{"@type":"Organization","@id":"https:\/\/territorialchallenges.com\/#organization","name":"Territorial Challenges","url":"https:\/\/territorialchallenges.com\/","logo":{"@type":"ImageObject","inLanguage":"en-US","@id":"https:\/\/territorialchallenges.com\/#\/schema\/logo\/image\/","url":"https:\/\/territorialchallenges.com\/wp-content\/uploads\/2023\/10\/logo-1.png","contentUrl":"https:\/\/territorialchallenges.com\/wp-content\/uploads\/2023\/10\/logo-1.png","width":1832,"height":576,"caption":"Territorial Challenges"},"image":{"@id":"https:\/\/territorialchallenges.com\/#\/schema\/logo\/image\/"}},{"@type":"Person","@id":"https:\/\/territorialchallenges.com\/#\/schema\/person\/098f145c7c61a021c425e010f840080f","name":"ni.abdi","image":{"@type":"ImageObject","inLanguage":"en-US","@id":"https:\/\/territorialchallenges.com\/#\/schema\/person\/image\/","url":"https:\/\/secure.gravatar.com\/avatar\/2a2f2491f3c80039986ba989b1e4b510?s=96&d=identicon&r=g","contentUrl":"https:\/\/secure.gravatar.com\/avatar\/2a2f2491f3c80039986ba989b1e4b510?s=96&d=identicon&r=g","caption":"ni.abdi"},"sameAs":["https:\/\/twitter.com\/Ni.abdi"],"url":"https:\/\/territorialchallenges.com\/en\/author\/ni-abdi\/"}]}},"_links":{"self":[{"href":"https:\/\/territorialchallenges.com\/en\/wp-json\/wp\/v2\/posts\/124118"}],"collection":[{"href":"https:\/\/territorialchallenges.com\/en\/wp-json\/wp\/v2\/posts"}],"about":[{"href":"https:\/\/territorialchallenges.com\/en\/wp-json\/wp\/v2\/types\/post"}],"author":[{"embeddable":true,"href":"https:\/\/territorialchallenges.com\/en\/wp-json\/wp\/v2\/users\/11"}],"replies":[{"embeddable":true,"href":"https:\/\/territorialchallenges.com\/en\/wp-json\/wp\/v2\/comments?post=124118"}],"version-history":[{"count":1,"href":"https:\/\/territorialchallenges.com\/en\/wp-json\/wp\/v2\/posts\/124118\/revisions"}],"predecessor-version":[{"id":124120,"href":"https:\/\/territorialchallenges.com\/en\/wp-json\/wp\/v2\/posts\/124118\/revisions\/124120"}],"wp:featuredmedia":[{"embeddable":true,"href":"https:\/\/territorialchallenges.com\/en\/wp-json\/wp\/v2\/media\/124119"}],"wp:attachment":[{"href":"https:\/\/territorialchallenges.com\/en\/wp-json\/wp\/v2\/media?parent=124118"}],"wp:term":[{"taxonomy":"category","embeddable":true,"href":"https:\/\/territorialchallenges.com\/en\/wp-json\/wp\/v2\/categories?post=124118"},{"taxonomy":"post_tag","embeddable":true,"href":"https:\/\/territorialchallenges.com\/en\/wp-json\/wp\/v2\/tags?post=124118"}],"curies":[{"name":"wp","href":"https:\/\/api.w.org\/{rel}","templated":true}]}}