{"id":124090,"date":"2025-03-11T10:37:55","date_gmt":"2025-03-11T09:37:55","guid":{"rendered":"https:\/\/territorialchallenges.com\/?p=124090"},"modified":"2025-03-11T10:37:55","modified_gmt":"2025-03-11T09:37:55","slug":"pour-une-europe-forte-et-unie-il-faut-creer-un-cern-de-lintelligence-artificielle","status":"publish","type":"post","link":"https:\/\/territorialchallenges.com\/en\/2025\/03\/11\/pour-une-europe-forte-et-unie-il-faut-creer-un-cern-de-lintelligence-artificielle\/124090\/","title":{"rendered":"For a strong and united Europe, we must create a CERN for artificial intelligence"},"content":{"rendered":"<p>Faced with the geopolitical challenges posed by the United States and Russia, Europe must strengthen its technological sovereignty. The creation of a CERN for artificial intelligence, inspired by the model of the European Council for Nuclear Research, is essential for developing public policies that respect European territories and citizens. French local authorities must support this\u2026 <\/p>\n<div class=\"pmpro_content_message\">Article only viewable by subscribers.<br \/><a href=\"https:\/\/territorialchallenges.com\/wp-login.php\">Connection<\/a><br \/><a href=\"https:\/\/territorialchallenges.com\/en\/wp-login.php\/?action=register\">Register<\/a><\/div>","protected":false},"excerpt":{"rendered":"<p>Face aux d\u00e9fis g\u00e9opolitiques pos\u00e9s par les \u00c9tats-Unis et la Russie, l&rsquo;Europe doit renforcer sa souverainet\u00e9 technologique. La cr\u00e9ation d&rsquo;un CERN de l&rsquo;intelligence artificielle, inspir\u00e9 du mod\u00e8le du Conseil europ\u00e9en pour la recherche nucl\u00e9aire, est essentielle pour d\u00e9velopper des politiques publiques respectueuses des territoires et des citoyens europ\u00e9ens. Les collectivit\u00e9s territoriales fran\u00e7aises doivent soutenir ce... <\/p>\n<div class=\"pmpro_content_message\">Article only viewable by subscribers.<br \/><a href=\"https:\/\/territorialchallenges.com\/wp-login.php\">Connection<\/a><br \/><a href=\"https:\/\/territorialchallenges.com\/en\/wp-login.php\/?action=register\">Register<\/a><\/div>","protected":false},"author":11,"featured_media":124091,"comment_status":"closed","ping_status":"closed","sticky":true,"template":"","format":"standard","meta":{"pmpro_default_level":0,"footnotes":""},"categories":[130,117],"tags":[],"blocksy_meta":"","yoast_head":"<!-- This site is optimized with the Yoast SEO plugin v21.5 - https:\/\/yoast.com\/wordpress\/plugins\/seo\/ -->\n<title>Pour une Europe forte et unie, il faut cr\u00e9er un CERN de l&#039;intelligence artificielle - Territorial Challenges<\/title>\n<meta name=\"robots\" content=\"index, follow, max-snippet:-1, max-image-preview:large, max-video-preview:-1\" \/>\n<link rel=\"canonical\" href=\"https:\/\/territorialchallenges.com\/en\/2025\/03\/11\/pour-une-europe-forte-et-unie-il-faut-creer-un-cern-de-lintelligence-artificielle\/124090\/\" \/>\n<meta property=\"og:locale\" content=\"en_US\" \/>\n<meta property=\"og:type\" content=\"article\" \/>\n<meta property=\"og:title\" content=\"Pour une Europe forte et unie, il faut cr\u00e9er un CERN de l&#039;intelligence artificielle - Territorial Challenges\" \/>\n<meta property=\"og:description\" content=\"Face aux d\u00e9fis g\u00e9opolitiques pos\u00e9s par les \u00c9tats-Unis et la Russie, l&rsquo;Europe doit renforcer sa souverainet\u00e9 technologique. La cr\u00e9ation d&rsquo;un CERN de l&rsquo;intelligence artificielle, inspir\u00e9 du mod\u00e8le du Conseil europ\u00e9en pour la recherche nucl\u00e9aire, est essentielle pour d\u00e9velopper des politiques publiques respectueuses des territoires et des citoyens europ\u00e9ens. Les collectivit\u00e9s territoriales fran\u00e7aises doivent soutenir ce [&hellip;]\" \/>\n<meta property=\"og:url\" content=\"https:\/\/territorialchallenges.com\/en\/2025\/03\/11\/pour-une-europe-forte-et-unie-il-faut-creer-un-cern-de-lintelligence-artificielle\/124090\/\" \/>\n<meta property=\"og:site_name\" content=\"Territorial Challenges\" \/>\n<meta property=\"article:published_time\" content=\"2025-03-11T09:37:55+00:00\" \/>\n<meta name=\"author\" content=\"ni.abdi\" \/>\n<meta name=\"twitter:card\" content=\"summary_large_image\" \/>\n<meta name=\"twitter:creator\" content=\"@Ni.abdi\" \/>\n<meta name=\"twitter:label1\" content=\"Written by\" \/>\n\t<meta name=\"twitter:data1\" content=\"ni.abdi\" \/>\n\t<meta name=\"twitter:label2\" content=\"Est. reading time\" \/>\n\t<meta name=\"twitter:data2\" content=\"3 minutes\" \/>\n<script type=\"application\/ld+json\" class=\"yoast-schema-graph\">{\"@context\":\"https:\/\/schema.org\",\"@graph\":[{\"@type\":\"Article\",\"@id\":\"https:\/\/territorialchallenges.com\/2025\/03\/11\/pour-une-europe-forte-et-unie-il-faut-creer-un-cern-de-lintelligence-artificielle\/124090\/#article\",\"isPartOf\":{\"@id\":\"https:\/\/territorialchallenges.com\/2025\/03\/11\/pour-une-europe-forte-et-unie-il-faut-creer-un-cern-de-lintelligence-artificielle\/124090\/\"},\"author\":{\"name\":\"ni.abdi\",\"@id\":\"https:\/\/territorialchallenges.com\/#\/schema\/person\/098f145c7c61a021c425e010f840080f\"},\"headline\":\"Pour une Europe forte et unie, il faut cr\u00e9er un CERN de l&rsquo;intelligence artificielle\",\"datePublished\":\"2025-03-11T09:37:55+00:00\",\"dateModified\":\"2025-03-11T09:37:55+00:00\",\"mainEntityOfPage\":{\"@id\":\"https:\/\/territorialchallenges.com\/2025\/03\/11\/pour-une-europe-forte-et-unie-il-faut-creer-un-cern-de-lintelligence-artificielle\/124090\/\"},\"wordCount\":619,\"publisher\":{\"@id\":\"https:\/\/territorialchallenges.com\/#organization\"},\"articleSection\":[\"R\u00e9flexion faite\",\"\u00c9cosyst\u00e8me\"],\"inLanguage\":\"en-US\"},{\"@type\":\"WebPage\",\"@id\":\"https:\/\/territorialchallenges.com\/2025\/03\/11\/pour-une-europe-forte-et-unie-il-faut-creer-un-cern-de-lintelligence-artificielle\/124090\/\",\"url\":\"https:\/\/territorialchallenges.com\/2025\/03\/11\/pour-une-europe-forte-et-unie-il-faut-creer-un-cern-de-lintelligence-artificielle\/124090\/\",\"name\":\"Pour une Europe forte et unie, il faut cr\u00e9er un CERN de l'intelligence artificielle - Territorial Challenges\",\"isPartOf\":{\"@id\":\"https:\/\/territorialchallenges.com\/#website\"},\"datePublished\":\"2025-03-11T09:37:55+00:00\",\"dateModified\":\"2025-03-11T09:37:55+00:00\",\"breadcrumb\":{\"@id\":\"https:\/\/territorialchallenges.com\/2025\/03\/11\/pour-une-europe-forte-et-unie-il-faut-creer-un-cern-de-lintelligence-artificielle\/124090\/#breadcrumb\"},\"inLanguage\":\"en-US\",\"potentialAction\":[{\"@type\":\"ReadAction\",\"target\":[\"https:\/\/territorialchallenges.com\/2025\/03\/11\/pour-une-europe-forte-et-unie-il-faut-creer-un-cern-de-lintelligence-artificielle\/124090\/\"]}]},{\"@type\":\"BreadcrumbList\",\"@id\":\"https:\/\/territorialchallenges.com\/2025\/03\/11\/pour-une-europe-forte-et-unie-il-faut-creer-un-cern-de-lintelligence-artificielle\/124090\/#breadcrumb\",\"itemListElement\":[{\"@type\":\"ListItem\",\"position\":1,\"name\":\"Home\",\"item\":\"https:\/\/territorialchallenges.com\/\"},{\"@type\":\"ListItem\",\"position\":2,\"name\":\"Pour une Europe forte et unie, il faut cr\u00e9er un CERN de l&rsquo;intelligence artificielle\"}]},{\"@type\":\"WebSite\",\"@id\":\"https:\/\/territorialchallenges.com\/#website\",\"url\":\"https:\/\/territorialchallenges.com\/\",\"name\":\"Territorial Challenges\",\"description\":\"Veille Internationale - Strat\u00e9gie Intelligentes - Bonnes pratiques\",\"publisher\":{\"@id\":\"https:\/\/territorialchallenges.com\/#organization\"},\"potentialAction\":[{\"@type\":\"SearchAction\",\"target\":{\"@type\":\"EntryPoint\",\"urlTemplate\":\"https:\/\/territorialchallenges.com\/?s={search_term_string}\"},\"query-input\":\"required name=search_term_string\"}],\"inLanguage\":\"en-US\"},{\"@type\":\"Organization\",\"@id\":\"https:\/\/territorialchallenges.com\/#organization\",\"name\":\"Territorial Challenges\",\"url\":\"https:\/\/territorialchallenges.com\/\",\"logo\":{\"@type\":\"ImageObject\",\"inLanguage\":\"en-US\",\"@id\":\"https:\/\/territorialchallenges.com\/#\/schema\/logo\/image\/\",\"url\":\"https:\/\/territorialchallenges.com\/wp-content\/uploads\/2023\/10\/logo-1.png\",\"contentUrl\":\"https:\/\/territorialchallenges.com\/wp-content\/uploads\/2023\/10\/logo-1.png\",\"width\":1832,\"height\":576,\"caption\":\"Territorial Challenges\"},\"image\":{\"@id\":\"https:\/\/territorialchallenges.com\/#\/schema\/logo\/image\/\"}},{\"@type\":\"Person\",\"@id\":\"https:\/\/territorialchallenges.com\/#\/schema\/person\/098f145c7c61a021c425e010f840080f\",\"name\":\"ni.abdi\",\"image\":{\"@type\":\"ImageObject\",\"inLanguage\":\"en-US\",\"@id\":\"https:\/\/territorialchallenges.com\/#\/schema\/person\/image\/\",\"url\":\"https:\/\/secure.gravatar.com\/avatar\/2a2f2491f3c80039986ba989b1e4b510?s=96&d=identicon&r=g\",\"contentUrl\":\"https:\/\/secure.gravatar.com\/avatar\/2a2f2491f3c80039986ba989b1e4b510?s=96&d=identicon&r=g\",\"caption\":\"ni.abdi\"},\"sameAs\":[\"https:\/\/twitter.com\/Ni.abdi\"],\"url\":\"https:\/\/territorialchallenges.com\/en\/author\/ni-abdi\/\"}]}<\/script>\n<!-- \/ Yoast SEO plugin. -->","yoast_head_json":{"title":"Pour une Europe forte et unie, il faut cr\u00e9er un CERN de l'intelligence artificielle - Territorial Challenges","robots":{"index":"index","follow":"follow","max-snippet":"max-snippet:-1","max-image-preview":"max-image-preview:large","max-video-preview":"max-video-preview:-1"},"canonical":"https:\/\/territorialchallenges.com\/en\/2025\/03\/11\/pour-une-europe-forte-et-unie-il-faut-creer-un-cern-de-lintelligence-artificielle\/124090\/","og_locale":"en_US","og_type":"article","og_title":"Pour une Europe forte et unie, il faut cr\u00e9er un CERN de l'intelligence artificielle - Territorial Challenges","og_description":"Face aux d\u00e9fis g\u00e9opolitiques pos\u00e9s par les \u00c9tats-Unis et la Russie, l&rsquo;Europe doit renforcer sa souverainet\u00e9 technologique. La cr\u00e9ation d&rsquo;un CERN de l&rsquo;intelligence artificielle, inspir\u00e9 du mod\u00e8le du Conseil europ\u00e9en pour la recherche nucl\u00e9aire, est essentielle pour d\u00e9velopper des politiques publiques respectueuses des territoires et des citoyens europ\u00e9ens. Les collectivit\u00e9s territoriales fran\u00e7aises doivent soutenir ce [&hellip;]","og_url":"https:\/\/territorialchallenges.com\/en\/2025\/03\/11\/pour-une-europe-forte-et-unie-il-faut-creer-un-cern-de-lintelligence-artificielle\/124090\/","og_site_name":"Territorial Challenges","article_published_time":"2025-03-11T09:37:55+00:00","author":"ni.abdi","twitter_card":"summary_large_image","twitter_creator":"@Ni.abdi","twitter_misc":{"Written by":"ni.abdi","Est. reading time":"3 minutes"},"schema":{"@context":"https:\/\/schema.org","@graph":[{"@type":"Article","@id":"https:\/\/territorialchallenges.com\/2025\/03\/11\/pour-une-europe-forte-et-unie-il-faut-creer-un-cern-de-lintelligence-artificielle\/124090\/#article","isPartOf":{"@id":"https:\/\/territorialchallenges.com\/2025\/03\/11\/pour-une-europe-forte-et-unie-il-faut-creer-un-cern-de-lintelligence-artificielle\/124090\/"},"author":{"name":"ni.abdi","@id":"https:\/\/territorialchallenges.com\/#\/schema\/person\/098f145c7c61a021c425e010f840080f"},"headline":"Pour une Europe forte et unie, il faut cr\u00e9er un CERN de l&rsquo;intelligence artificielle","datePublished":"2025-03-11T09:37:55+00:00","dateModified":"2025-03-11T09:37:55+00:00","mainEntityOfPage":{"@id":"https:\/\/territorialchallenges.com\/2025\/03\/11\/pour-une-europe-forte-et-unie-il-faut-creer-un-cern-de-lintelligence-artificielle\/124090\/"},"wordCount":619,"publisher":{"@id":"https:\/\/territorialchallenges.com\/#organization"},"articleSection":["R\u00e9flexion faite","\u00c9cosyst\u00e8me"],"inLanguage":"en-US"},{"@type":"WebPage","@id":"https:\/\/territorialchallenges.com\/2025\/03\/11\/pour-une-europe-forte-et-unie-il-faut-creer-un-cern-de-lintelligence-artificielle\/124090\/","url":"https:\/\/territorialchallenges.com\/2025\/03\/11\/pour-une-europe-forte-et-unie-il-faut-creer-un-cern-de-lintelligence-artificielle\/124090\/","name":"Pour une Europe forte et unie, il faut cr\u00e9er un CERN de l'intelligence artificielle - Territorial Challenges","isPartOf":{"@id":"https:\/\/territorialchallenges.com\/#website"},"datePublished":"2025-03-11T09:37:55+00:00","dateModified":"2025-03-11T09:37:55+00:00","breadcrumb":{"@id":"https:\/\/territorialchallenges.com\/2025\/03\/11\/pour-une-europe-forte-et-unie-il-faut-creer-un-cern-de-lintelligence-artificielle\/124090\/#breadcrumb"},"inLanguage":"en-US","potentialAction":[{"@type":"ReadAction","target":["https:\/\/territorialchallenges.com\/2025\/03\/11\/pour-une-europe-forte-et-unie-il-faut-creer-un-cern-de-lintelligence-artificielle\/124090\/"]}]},{"@type":"BreadcrumbList","@id":"https:\/\/territorialchallenges.com\/2025\/03\/11\/pour-une-europe-forte-et-unie-il-faut-creer-un-cern-de-lintelligence-artificielle\/124090\/#breadcrumb","itemListElement":[{"@type":"ListItem","position":1,"name":"Home","item":"https:\/\/territorialchallenges.com\/"},{"@type":"ListItem","position":2,"name":"Pour une Europe forte et unie, il faut cr\u00e9er un CERN de l&rsquo;intelligence artificielle"}]},{"@type":"WebSite","@id":"https:\/\/territorialchallenges.com\/#website","url":"https:\/\/territorialchallenges.com\/","name":"Territorial Challenges","description":"Veille Internationale - Intelligent strategies - Best practices","publisher":{"@id":"https:\/\/territorialchallenges.com\/#organization"},"potentialAction":[{"@type":"SearchAction","target":{"@type":"EntryPoint","urlTemplate":"https:\/\/territorialchallenges.com\/?s={search_term_string}"},"query-input":"required name=search_term_string"}],"inLanguage":"en-US"},{"@type":"Organization","@id":"https:\/\/territorialchallenges.com\/#organization","name":"Territorial Challenges","url":"https:\/\/territorialchallenges.com\/","logo":{"@type":"ImageObject","inLanguage":"en-US","@id":"https:\/\/territorialchallenges.com\/#\/schema\/logo\/image\/","url":"https:\/\/territorialchallenges.com\/wp-content\/uploads\/2023\/10\/logo-1.png","contentUrl":"https:\/\/territorialchallenges.com\/wp-content\/uploads\/2023\/10\/logo-1.png","width":1832,"height":576,"caption":"Territorial Challenges"},"image":{"@id":"https:\/\/territorialchallenges.com\/#\/schema\/logo\/image\/"}},{"@type":"Person","@id":"https:\/\/territorialchallenges.com\/#\/schema\/person\/098f145c7c61a021c425e010f840080f","name":"ni.abdi","image":{"@type":"ImageObject","inLanguage":"en-US","@id":"https:\/\/territorialchallenges.com\/#\/schema\/person\/image\/","url":"https:\/\/secure.gravatar.com\/avatar\/2a2f2491f3c80039986ba989b1e4b510?s=96&d=identicon&r=g","contentUrl":"https:\/\/secure.gravatar.com\/avatar\/2a2f2491f3c80039986ba989b1e4b510?s=96&d=identicon&r=g","caption":"ni.abdi"},"sameAs":["https:\/\/twitter.com\/Ni.abdi"],"url":"https:\/\/territorialchallenges.com\/en\/author\/ni-abdi\/"}]}},"_links":{"self":[{"href":"https:\/\/territorialchallenges.com\/en\/wp-json\/wp\/v2\/posts\/124090"}],"collection":[{"href":"https:\/\/territorialchallenges.com\/en\/wp-json\/wp\/v2\/posts"}],"about":[{"href":"https:\/\/territorialchallenges.com\/en\/wp-json\/wp\/v2\/types\/post"}],"author":[{"embeddable":true,"href":"https:\/\/territorialchallenges.com\/en\/wp-json\/wp\/v2\/users\/11"}],"replies":[{"embeddable":true,"href":"https:\/\/territorialchallenges.com\/en\/wp-json\/wp\/v2\/comments?post=124090"}],"version-history":[{"count":1,"href":"https:\/\/territorialchallenges.com\/en\/wp-json\/wp\/v2\/posts\/124090\/revisions"}],"predecessor-version":[{"id":124092,"href":"https:\/\/territorialchallenges.com\/en\/wp-json\/wp\/v2\/posts\/124090\/revisions\/124092"}],"wp:featuredmedia":[{"embeddable":true,"href":"https:\/\/territorialchallenges.com\/en\/wp-json\/wp\/v2\/media\/124091"}],"wp:attachment":[{"href":"https:\/\/territorialchallenges.com\/en\/wp-json\/wp\/v2\/media?parent=124090"}],"wp:term":[{"taxonomy":"category","embeddable":true,"href":"https:\/\/territorialchallenges.com\/en\/wp-json\/wp\/v2\/categories?post=124090"},{"taxonomy":"post_tag","embeddable":true,"href":"https:\/\/territorialchallenges.com\/en\/wp-json\/wp\/v2\/tags?post=124090"}],"curies":[{"name":"wp","href":"https:\/\/api.w.org\/{rel}","templated":true}]}}