{"id":124075,"date":"2025-03-11T10:10:39","date_gmt":"2025-03-11T09:10:39","guid":{"rendered":"https:\/\/territorialchallenges.com\/?p=124075"},"modified":"2025-03-11T10:10:40","modified_gmt":"2025-03-11T09:10:40","slug":"energie-enquete-sur-ladoption-de-nouvelles-technologies-par-les-services-aux-collectivites","status":"publish","type":"post","link":"https:\/\/territorialchallenges.com\/en\/2025\/03\/11\/energie-enquete-sur-ladoption-de-nouvelles-technologies-par-les-services-aux-collectivites\/124075\/","title":{"rendered":"Energy: Survey on the adoption of new technologies by community services"},"content":{"rendered":"<p>According to a recent survey by consulting firm EY, utility executives believe that the adoption of new technologies will have the most positive impact on their energy sector over the next five years. This study highlights the challenges and opportunities facing utilities in a\u2026 <\/p>\n<div class=\"pmpro_content_message\">Article only viewable by subscribers.<br \/><a href=\"https:\/\/territorialchallenges.com\/wp-login.php\">Connection<\/a><br \/><a href=\"https:\/\/territorialchallenges.com\/en\/wp-login.php\/?action=register\">Register<\/a><\/div>","protected":false},"excerpt":{"rendered":"<p>Selon une r\u00e9cente enqu\u00eate du cabinet de conseil EY, les dirigeants des services publics estiment que l&rsquo;adoption de nouvelles technologies aura l&rsquo;impact le plus positif sur leur secteur \u00e9nerg\u00e9tique au cours des cinq prochaines ann\u00e9es. Cette \u00e9tude met en lumi\u00e8re les d\u00e9fis et les opportunit\u00e9s auxquels font face les services aux collectivit\u00e9s dans un contexte... <\/p>\n<div class=\"pmpro_content_message\">Article only viewable by subscribers.<br \/><a href=\"https:\/\/territorialchallenges.com\/wp-login.php\">Connection<\/a><br \/><a href=\"https:\/\/territorialchallenges.com\/en\/wp-login.php\/?action=register\">Register<\/a><\/div>","protected":false},"author":11,"featured_media":124079,"comment_status":"closed","ping_status":"closed","sticky":true,"template":"","format":"standard","meta":{"pmpro_default_level":0,"footnotes":""},"categories":[18,124],"tags":[],"blocksy_meta":"","yoast_head":"<!-- This site is optimized with the Yoast SEO plugin v21.5 - https:\/\/yoast.com\/wordpress\/plugins\/seo\/ -->\n<title>Energie: enqu\u00eate sur l\u2019adoption de nouvelles technologies par les services aux collectivit\u00e9s - Territorial Challenges<\/title>\n<meta name=\"robots\" content=\"index, follow, max-snippet:-1, max-image-preview:large, max-video-preview:-1\" \/>\n<link rel=\"canonical\" href=\"https:\/\/territorialchallenges.com\/en\/2025\/03\/11\/energie-enquete-sur-ladoption-de-nouvelles-technologies-par-les-services-aux-collectivites\/124075\/\" \/>\n<meta property=\"og:locale\" content=\"en_US\" \/>\n<meta property=\"og:type\" content=\"article\" \/>\n<meta property=\"og:title\" content=\"Energie: enqu\u00eate sur l\u2019adoption de nouvelles technologies par les services aux collectivit\u00e9s - Territorial Challenges\" \/>\n<meta property=\"og:description\" content=\"Selon une r\u00e9cente enqu\u00eate du cabinet de conseil EY, les dirigeants des services publics estiment que l&rsquo;adoption de nouvelles technologies aura l&rsquo;impact le plus positif sur leur secteur \u00e9nerg\u00e9tique au cours des cinq prochaines ann\u00e9es. Cette \u00e9tude met en lumi\u00e8re les d\u00e9fis et les opportunit\u00e9s auxquels font face les services aux collectivit\u00e9s dans un contexte [&hellip;]\" \/>\n<meta property=\"og:url\" content=\"https:\/\/territorialchallenges.com\/en\/2025\/03\/11\/energie-enquete-sur-ladoption-de-nouvelles-technologies-par-les-services-aux-collectivites\/124075\/\" \/>\n<meta property=\"og:site_name\" content=\"Territorial Challenges\" \/>\n<meta property=\"article:published_time\" content=\"2025-03-11T09:10:39+00:00\" \/>\n<meta property=\"article:modified_time\" content=\"2025-03-11T09:10:40+00:00\" \/>\n<meta property=\"og:image\" content=\"https:\/\/territorialchallenges.com\/wp-content\/uploads\/2025\/03\/transitionenergetiqueimage.jpg\" \/>\n\t<meta property=\"og:image:width\" content=\"1280\" \/>\n\t<meta property=\"og:image:height\" content=\"848\" \/>\n\t<meta property=\"og:image:type\" content=\"image\/jpeg\" \/>\n<meta name=\"author\" content=\"ni.abdi\" \/>\n<meta name=\"twitter:card\" content=\"summary_large_image\" \/>\n<meta name=\"twitter:creator\" content=\"@Ni.abdi\" \/>\n<meta name=\"twitter:label1\" content=\"Written by\" \/>\n\t<meta name=\"twitter:data1\" content=\"ni.abdi\" \/>\n\t<meta name=\"twitter:label2\" content=\"Est. reading time\" \/>\n\t<meta name=\"twitter:data2\" content=\"3 minutes\" \/>\n<script type=\"application\/ld+json\" class=\"yoast-schema-graph\">{\"@context\":\"https:\/\/schema.org\",\"@graph\":[{\"@type\":\"Article\",\"@id\":\"https:\/\/territorialchallenges.com\/2025\/03\/11\/energie-enquete-sur-ladoption-de-nouvelles-technologies-par-les-services-aux-collectivites\/124075\/#article\",\"isPartOf\":{\"@id\":\"https:\/\/territorialchallenges.com\/2025\/03\/11\/energie-enquete-sur-ladoption-de-nouvelles-technologies-par-les-services-aux-collectivites\/124075\/\"},\"author\":{\"name\":\"ni.abdi\",\"@id\":\"https:\/\/territorialchallenges.com\/#\/schema\/person\/098f145c7c61a021c425e010f840080f\"},\"headline\":\"Energie: enqu\u00eate sur l\u2019adoption de nouvelles technologies par les services aux collectivit\u00e9s\",\"datePublished\":\"2025-03-11T09:10:39+00:00\",\"dateModified\":\"2025-03-11T09:10:40+00:00\",\"mainEntityOfPage\":{\"@id\":\"https:\/\/territorialchallenges.com\/2025\/03\/11\/energie-enquete-sur-ladoption-de-nouvelles-technologies-par-les-services-aux-collectivites\/124075\/\"},\"wordCount\":621,\"publisher\":{\"@id\":\"https:\/\/territorialchallenges.com\/#organization\"},\"articleSection\":[\"Transition \u00c9nerg\u00e9tique\",\"Actualit\u00e9 internationale\"],\"inLanguage\":\"en-US\"},{\"@type\":\"WebPage\",\"@id\":\"https:\/\/territorialchallenges.com\/2025\/03\/11\/energie-enquete-sur-ladoption-de-nouvelles-technologies-par-les-services-aux-collectivites\/124075\/\",\"url\":\"https:\/\/territorialchallenges.com\/2025\/03\/11\/energie-enquete-sur-ladoption-de-nouvelles-technologies-par-les-services-aux-collectivites\/124075\/\",\"name\":\"Energie: enqu\u00eate sur l\u2019adoption de nouvelles technologies par les services aux collectivit\u00e9s - Territorial Challenges\",\"isPartOf\":{\"@id\":\"https:\/\/territorialchallenges.com\/#website\"},\"datePublished\":\"2025-03-11T09:10:39+00:00\",\"dateModified\":\"2025-03-11T09:10:40+00:00\",\"breadcrumb\":{\"@id\":\"https:\/\/territorialchallenges.com\/2025\/03\/11\/energie-enquete-sur-ladoption-de-nouvelles-technologies-par-les-services-aux-collectivites\/124075\/#breadcrumb\"},\"inLanguage\":\"en-US\",\"potentialAction\":[{\"@type\":\"ReadAction\",\"target\":[\"https:\/\/territorialchallenges.com\/2025\/03\/11\/energie-enquete-sur-ladoption-de-nouvelles-technologies-par-les-services-aux-collectivites\/124075\/\"]}]},{\"@type\":\"BreadcrumbList\",\"@id\":\"https:\/\/territorialchallenges.com\/2025\/03\/11\/energie-enquete-sur-ladoption-de-nouvelles-technologies-par-les-services-aux-collectivites\/124075\/#breadcrumb\",\"itemListElement\":[{\"@type\":\"ListItem\",\"position\":1,\"name\":\"Home\",\"item\":\"https:\/\/territorialchallenges.com\/\"},{\"@type\":\"ListItem\",\"position\":2,\"name\":\"Energie: enqu\u00eate sur l\u2019adoption de nouvelles technologies par les services aux collectivit\u00e9s\"}]},{\"@type\":\"WebSite\",\"@id\":\"https:\/\/territorialchallenges.com\/#website\",\"url\":\"https:\/\/territorialchallenges.com\/\",\"name\":\"Territorial Challenges\",\"description\":\"Veille Internationale - Strat\u00e9gie Intelligentes - Bonnes pratiques\",\"publisher\":{\"@id\":\"https:\/\/territorialchallenges.com\/#organization\"},\"potentialAction\":[{\"@type\":\"SearchAction\",\"target\":{\"@type\":\"EntryPoint\",\"urlTemplate\":\"https:\/\/territorialchallenges.com\/?s={search_term_string}\"},\"query-input\":\"required name=search_term_string\"}],\"inLanguage\":\"en-US\"},{\"@type\":\"Organization\",\"@id\":\"https:\/\/territorialchallenges.com\/#organization\",\"name\":\"Territorial Challenges\",\"url\":\"https:\/\/territorialchallenges.com\/\",\"logo\":{\"@type\":\"ImageObject\",\"inLanguage\":\"en-US\",\"@id\":\"https:\/\/territorialchallenges.com\/#\/schema\/logo\/image\/\",\"url\":\"https:\/\/territorialchallenges.com\/wp-content\/uploads\/2023\/10\/logo-1.png\",\"contentUrl\":\"https:\/\/territorialchallenges.com\/wp-content\/uploads\/2023\/10\/logo-1.png\",\"width\":1832,\"height\":576,\"caption\":\"Territorial Challenges\"},\"image\":{\"@id\":\"https:\/\/territorialchallenges.com\/#\/schema\/logo\/image\/\"}},{\"@type\":\"Person\",\"@id\":\"https:\/\/territorialchallenges.com\/#\/schema\/person\/098f145c7c61a021c425e010f840080f\",\"name\":\"ni.abdi\",\"image\":{\"@type\":\"ImageObject\",\"inLanguage\":\"en-US\",\"@id\":\"https:\/\/territorialchallenges.com\/#\/schema\/person\/image\/\",\"url\":\"https:\/\/secure.gravatar.com\/avatar\/2a2f2491f3c80039986ba989b1e4b510?s=96&d=identicon&r=g\",\"contentUrl\":\"https:\/\/secure.gravatar.com\/avatar\/2a2f2491f3c80039986ba989b1e4b510?s=96&d=identicon&r=g\",\"caption\":\"ni.abdi\"},\"sameAs\":[\"https:\/\/twitter.com\/Ni.abdi\"],\"url\":\"https:\/\/territorialchallenges.com\/en\/author\/ni-abdi\/\"}]}<\/script>\n<!-- \/ Yoast SEO plugin. -->","yoast_head_json":{"title":"Energie: enqu\u00eate sur l\u2019adoption de nouvelles technologies par les services aux collectivit\u00e9s - Territorial Challenges","robots":{"index":"index","follow":"follow","max-snippet":"max-snippet:-1","max-image-preview":"max-image-preview:large","max-video-preview":"max-video-preview:-1"},"canonical":"https:\/\/territorialchallenges.com\/en\/2025\/03\/11\/energie-enquete-sur-ladoption-de-nouvelles-technologies-par-les-services-aux-collectivites\/124075\/","og_locale":"en_US","og_type":"article","og_title":"Energie: enqu\u00eate sur l\u2019adoption de nouvelles technologies par les services aux collectivit\u00e9s - Territorial Challenges","og_description":"Selon une r\u00e9cente enqu\u00eate du cabinet de conseil EY, les dirigeants des services publics estiment que l&rsquo;adoption de nouvelles technologies aura l&rsquo;impact le plus positif sur leur secteur \u00e9nerg\u00e9tique au cours des cinq prochaines ann\u00e9es. Cette \u00e9tude met en lumi\u00e8re les d\u00e9fis et les opportunit\u00e9s auxquels font face les services aux collectivit\u00e9s dans un contexte [&hellip;]","og_url":"https:\/\/territorialchallenges.com\/en\/2025\/03\/11\/energie-enquete-sur-ladoption-de-nouvelles-technologies-par-les-services-aux-collectivites\/124075\/","og_site_name":"Territorial Challenges","article_published_time":"2025-03-11T09:10:39+00:00","article_modified_time":"2025-03-11T09:10:40+00:00","og_image":[{"width":1280,"height":848,"url":"https:\/\/territorialchallenges.com\/wp-content\/uploads\/2025\/03\/transitionenergetiqueimage.jpg","type":"image\/jpeg"}],"author":"ni.abdi","twitter_card":"summary_large_image","twitter_creator":"@Ni.abdi","twitter_misc":{"Written by":"ni.abdi","Est. reading time":"3 minutes"},"schema":{"@context":"https:\/\/schema.org","@graph":[{"@type":"Article","@id":"https:\/\/territorialchallenges.com\/2025\/03\/11\/energie-enquete-sur-ladoption-de-nouvelles-technologies-par-les-services-aux-collectivites\/124075\/#article","isPartOf":{"@id":"https:\/\/territorialchallenges.com\/2025\/03\/11\/energie-enquete-sur-ladoption-de-nouvelles-technologies-par-les-services-aux-collectivites\/124075\/"},"author":{"name":"ni.abdi","@id":"https:\/\/territorialchallenges.com\/#\/schema\/person\/098f145c7c61a021c425e010f840080f"},"headline":"Energie: enqu\u00eate sur l\u2019adoption de nouvelles technologies par les services aux collectivit\u00e9s","datePublished":"2025-03-11T09:10:39+00:00","dateModified":"2025-03-11T09:10:40+00:00","mainEntityOfPage":{"@id":"https:\/\/territorialchallenges.com\/2025\/03\/11\/energie-enquete-sur-ladoption-de-nouvelles-technologies-par-les-services-aux-collectivites\/124075\/"},"wordCount":621,"publisher":{"@id":"https:\/\/territorialchallenges.com\/#organization"},"articleSection":["Transition \u00c9nerg\u00e9tique","Actualit\u00e9 internationale"],"inLanguage":"en-US"},{"@type":"WebPage","@id":"https:\/\/territorialchallenges.com\/2025\/03\/11\/energie-enquete-sur-ladoption-de-nouvelles-technologies-par-les-services-aux-collectivites\/124075\/","url":"https:\/\/territorialchallenges.com\/2025\/03\/11\/energie-enquete-sur-ladoption-de-nouvelles-technologies-par-les-services-aux-collectivites\/124075\/","name":"Energie: enqu\u00eate sur l\u2019adoption de nouvelles technologies par les services aux collectivit\u00e9s - Territorial Challenges","isPartOf":{"@id":"https:\/\/territorialchallenges.com\/#website"},"datePublished":"2025-03-11T09:10:39+00:00","dateModified":"2025-03-11T09:10:40+00:00","breadcrumb":{"@id":"https:\/\/territorialchallenges.com\/2025\/03\/11\/energie-enquete-sur-ladoption-de-nouvelles-technologies-par-les-services-aux-collectivites\/124075\/#breadcrumb"},"inLanguage":"en-US","potentialAction":[{"@type":"ReadAction","target":["https:\/\/territorialchallenges.com\/2025\/03\/11\/energie-enquete-sur-ladoption-de-nouvelles-technologies-par-les-services-aux-collectivites\/124075\/"]}]},{"@type":"BreadcrumbList","@id":"https:\/\/territorialchallenges.com\/2025\/03\/11\/energie-enquete-sur-ladoption-de-nouvelles-technologies-par-les-services-aux-collectivites\/124075\/#breadcrumb","itemListElement":[{"@type":"ListItem","position":1,"name":"Home","item":"https:\/\/territorialchallenges.com\/"},{"@type":"ListItem","position":2,"name":"Energie: enqu\u00eate sur l\u2019adoption de nouvelles technologies par les services aux collectivit\u00e9s"}]},{"@type":"WebSite","@id":"https:\/\/territorialchallenges.com\/#website","url":"https:\/\/territorialchallenges.com\/","name":"Territorial Challenges","description":"Veille Internationale - Intelligent strategies - Best practices","publisher":{"@id":"https:\/\/territorialchallenges.com\/#organization"},"potentialAction":[{"@type":"SearchAction","target":{"@type":"EntryPoint","urlTemplate":"https:\/\/territorialchallenges.com\/?s={search_term_string}"},"query-input":"required name=search_term_string"}],"inLanguage":"en-US"},{"@type":"Organization","@id":"https:\/\/territorialchallenges.com\/#organization","name":"Territorial Challenges","url":"https:\/\/territorialchallenges.com\/","logo":{"@type":"ImageObject","inLanguage":"en-US","@id":"https:\/\/territorialchallenges.com\/#\/schema\/logo\/image\/","url":"https:\/\/territorialchallenges.com\/wp-content\/uploads\/2023\/10\/logo-1.png","contentUrl":"https:\/\/territorialchallenges.com\/wp-content\/uploads\/2023\/10\/logo-1.png","width":1832,"height":576,"caption":"Territorial Challenges"},"image":{"@id":"https:\/\/territorialchallenges.com\/#\/schema\/logo\/image\/"}},{"@type":"Person","@id":"https:\/\/territorialchallenges.com\/#\/schema\/person\/098f145c7c61a021c425e010f840080f","name":"ni.abdi","image":{"@type":"ImageObject","inLanguage":"en-US","@id":"https:\/\/territorialchallenges.com\/#\/schema\/person\/image\/","url":"https:\/\/secure.gravatar.com\/avatar\/2a2f2491f3c80039986ba989b1e4b510?s=96&d=identicon&r=g","contentUrl":"https:\/\/secure.gravatar.com\/avatar\/2a2f2491f3c80039986ba989b1e4b510?s=96&d=identicon&r=g","caption":"ni.abdi"},"sameAs":["https:\/\/twitter.com\/Ni.abdi"],"url":"https:\/\/territorialchallenges.com\/en\/author\/ni-abdi\/"}]}},"_links":{"self":[{"href":"https:\/\/territorialchallenges.com\/en\/wp-json\/wp\/v2\/posts\/124075"}],"collection":[{"href":"https:\/\/territorialchallenges.com\/en\/wp-json\/wp\/v2\/posts"}],"about":[{"href":"https:\/\/territorialchallenges.com\/en\/wp-json\/wp\/v2\/types\/post"}],"author":[{"embeddable":true,"href":"https:\/\/territorialchallenges.com\/en\/wp-json\/wp\/v2\/users\/11"}],"replies":[{"embeddable":true,"href":"https:\/\/territorialchallenges.com\/en\/wp-json\/wp\/v2\/comments?post=124075"}],"version-history":[{"count":1,"href":"https:\/\/territorialchallenges.com\/en\/wp-json\/wp\/v2\/posts\/124075\/revisions"}],"predecessor-version":[{"id":124080,"href":"https:\/\/territorialchallenges.com\/en\/wp-json\/wp\/v2\/posts\/124075\/revisions\/124080"}],"wp:featuredmedia":[{"embeddable":true,"href":"https:\/\/territorialchallenges.com\/en\/wp-json\/wp\/v2\/media\/124079"}],"wp:attachment":[{"href":"https:\/\/territorialchallenges.com\/en\/wp-json\/wp\/v2\/media?parent=124075"}],"wp:term":[{"taxonomy":"category","embeddable":true,"href":"https:\/\/territorialchallenges.com\/en\/wp-json\/wp\/v2\/categories?post=124075"},{"taxonomy":"post_tag","embeddable":true,"href":"https:\/\/territorialchallenges.com\/en\/wp-json\/wp\/v2\/tags?post=124075"}],"curies":[{"name":"wp","href":"https:\/\/api.w.org\/{rel}","templated":true}]}}