{"id":124035,"date":"2025-03-04T21:44:12","date_gmt":"2025-03-04T20:44:12","guid":{"rendered":"https:\/\/territorialchallenges.com\/?p=124035"},"modified":"2025-03-04T21:44:13","modified_gmt":"2025-03-04T20:44:13","slug":"lepri-etend-son-initiative-dcflex-en-europe-pour-repondre-a-la-croissance-energetique-des-data-centers","status":"publish","type":"post","link":"https:\/\/territorialchallenges.com\/en\/2025\/03\/04\/lepri-etend-son-initiative-dcflex-en-europe-pour-repondre-a-la-croissance-energetique-des-data-centers\/124035\/","title":{"rendered":"EPRI expands its DCFlex initiative in Europe to address data center energy growth"},"content":{"rendered":"<p>EPRI, a global non-profit energy research and development organization, announced the international expansion of its DCFlex initiative to Europe. This initiative aims to improve the flexibility of data centers to support the electricity grid, while optimizing asset utilization and improving interconnection and efficiency. <\/p>\n<div class=\"pmpro_content_message\">Article only viewable by subscribers.<br \/><a href=\"https:\/\/territorialchallenges.com\/wp-login.php\">Connection<\/a><br \/><a href=\"https:\/\/territorialchallenges.com\/en\/wp-login.php\/?action=register\">Register<\/a><\/div>","protected":false},"excerpt":{"rendered":"<p>L&rsquo;EPRI, une organisation mondiale \u00e0 but non lucratif de recherche et de d\u00e9veloppement dans le domaine de l\u2019\u00e9nergie, a annonc\u00e9 l\u2019expansion internationale de son initiative DCFlex en Europe. Cette initiative vise \u00e0 am\u00e9liorer la flexibilit\u00e9 des data centers pour soutenir le r\u00e9seau \u00e9lectrique, tout en optimisant l&rsquo;utilisation des actifs et en am\u00e9liorant l&rsquo;interconnexion et l&rsquo;efficacit\u00e9.... <\/p>\n<div class=\"pmpro_content_message\">Article only viewable by subscribers.<br \/><a href=\"https:\/\/territorialchallenges.com\/wp-login.php\">Connection<\/a><br \/><a href=\"https:\/\/territorialchallenges.com\/en\/wp-login.php\/?action=register\">Register<\/a><\/div>","protected":false},"author":11,"featured_media":124036,"comment_status":"closed","ping_status":"closed","sticky":true,"template":"","format":"standard","meta":{"pmpro_default_level":0,"footnotes":""},"categories":[18,124],"tags":[],"blocksy_meta":"","yoast_head":"<!-- This site is optimized with the Yoast SEO plugin v21.5 - https:\/\/yoast.com\/wordpress\/plugins\/seo\/ -->\n<title>L&#039;EPRI \u00e9tend son initiative DCFlex en Europe pour r\u00e9pondre \u00e0 la croissance \u00e9nerg\u00e9tique des data centers - Territorial Challenges<\/title>\n<meta name=\"robots\" content=\"index, follow, max-snippet:-1, max-image-preview:large, max-video-preview:-1\" \/>\n<link rel=\"canonical\" href=\"https:\/\/territorialchallenges.com\/en\/2025\/03\/04\/lepri-etend-son-initiative-dcflex-en-europe-pour-repondre-a-la-croissance-energetique-des-data-centers\/124035\/\" \/>\n<meta property=\"og:locale\" content=\"en_US\" \/>\n<meta property=\"og:type\" content=\"article\" \/>\n<meta property=\"og:title\" content=\"L&#039;EPRI \u00e9tend son initiative DCFlex en Europe pour r\u00e9pondre \u00e0 la croissance \u00e9nerg\u00e9tique des data centers - Territorial Challenges\" \/>\n<meta property=\"og:description\" content=\"L&rsquo;EPRI, une organisation mondiale \u00e0 but non lucratif de recherche et de d\u00e9veloppement dans le domaine de l\u2019\u00e9nergie, a annonc\u00e9 l\u2019expansion internationale de son initiative DCFlex en Europe. Cette initiative vise \u00e0 am\u00e9liorer la flexibilit\u00e9 des data centers pour soutenir le r\u00e9seau \u00e9lectrique, tout en optimisant l&rsquo;utilisation des actifs et en am\u00e9liorant l&rsquo;interconnexion et l&rsquo;efficacit\u00e9. [&hellip;]\" \/>\n<meta property=\"og:url\" content=\"https:\/\/territorialchallenges.com\/en\/2025\/03\/04\/lepri-etend-son-initiative-dcflex-en-europe-pour-repondre-a-la-croissance-energetique-des-data-centers\/124035\/\" \/>\n<meta property=\"og:site_name\" content=\"Territorial Challenges\" \/>\n<meta property=\"article:published_time\" content=\"2025-03-04T20:44:12+00:00\" \/>\n<meta property=\"article:modified_time\" content=\"2025-03-04T20:44:13+00:00\" \/>\n<meta property=\"og:image\" content=\"https:\/\/territorialchallenges.com\/wp-content\/uploads\/2025\/03\/transitionnumerique.4.03.25.Image_.jpg\" \/>\n\t<meta property=\"og:image:width\" content=\"1280\" \/>\n\t<meta property=\"og:image:height\" content=\"853\" \/>\n\t<meta property=\"og:image:type\" content=\"image\/jpeg\" \/>\n<meta name=\"author\" content=\"ni.abdi\" \/>\n<meta name=\"twitter:card\" content=\"summary_large_image\" \/>\n<meta name=\"twitter:creator\" content=\"@Ni.abdi\" \/>\n<meta name=\"twitter:label1\" content=\"Written by\" \/>\n\t<meta name=\"twitter:data1\" content=\"ni.abdi\" \/>\n\t<meta name=\"twitter:label2\" content=\"Est. reading time\" \/>\n\t<meta name=\"twitter:data2\" content=\"4 minutes\" \/>\n<script type=\"application\/ld+json\" class=\"yoast-schema-graph\">{\"@context\":\"https:\/\/schema.org\",\"@graph\":[{\"@type\":\"Article\",\"@id\":\"https:\/\/territorialchallenges.com\/2025\/03\/04\/lepri-etend-son-initiative-dcflex-en-europe-pour-repondre-a-la-croissance-energetique-des-data-centers\/124035\/#article\",\"isPartOf\":{\"@id\":\"https:\/\/territorialchallenges.com\/2025\/03\/04\/lepri-etend-son-initiative-dcflex-en-europe-pour-repondre-a-la-croissance-energetique-des-data-centers\/124035\/\"},\"author\":{\"name\":\"ni.abdi\",\"@id\":\"https:\/\/territorialchallenges.com\/#\/schema\/person\/098f145c7c61a021c425e010f840080f\"},\"headline\":\"L&rsquo;EPRI \u00e9tend son initiative DCFlex en Europe pour r\u00e9pondre \u00e0 la croissance \u00e9nerg\u00e9tique des data centers\",\"datePublished\":\"2025-03-04T20:44:12+00:00\",\"dateModified\":\"2025-03-04T20:44:13+00:00\",\"mainEntityOfPage\":{\"@id\":\"https:\/\/territorialchallenges.com\/2025\/03\/04\/lepri-etend-son-initiative-dcflex-en-europe-pour-repondre-a-la-croissance-energetique-des-data-centers\/124035\/\"},\"wordCount\":787,\"publisher\":{\"@id\":\"https:\/\/territorialchallenges.com\/#organization\"},\"articleSection\":[\"Transition \u00c9nerg\u00e9tique\",\"Actualit\u00e9 internationale\"],\"inLanguage\":\"en-US\"},{\"@type\":\"WebPage\",\"@id\":\"https:\/\/territorialchallenges.com\/2025\/03\/04\/lepri-etend-son-initiative-dcflex-en-europe-pour-repondre-a-la-croissance-energetique-des-data-centers\/124035\/\",\"url\":\"https:\/\/territorialchallenges.com\/2025\/03\/04\/lepri-etend-son-initiative-dcflex-en-europe-pour-repondre-a-la-croissance-energetique-des-data-centers\/124035\/\",\"name\":\"L'EPRI \u00e9tend son initiative DCFlex en Europe pour r\u00e9pondre \u00e0 la croissance \u00e9nerg\u00e9tique des data centers - Territorial Challenges\",\"isPartOf\":{\"@id\":\"https:\/\/territorialchallenges.com\/#website\"},\"datePublished\":\"2025-03-04T20:44:12+00:00\",\"dateModified\":\"2025-03-04T20:44:13+00:00\",\"breadcrumb\":{\"@id\":\"https:\/\/territorialchallenges.com\/2025\/03\/04\/lepri-etend-son-initiative-dcflex-en-europe-pour-repondre-a-la-croissance-energetique-des-data-centers\/124035\/#breadcrumb\"},\"inLanguage\":\"en-US\",\"potentialAction\":[{\"@type\":\"ReadAction\",\"target\":[\"https:\/\/territorialchallenges.com\/2025\/03\/04\/lepri-etend-son-initiative-dcflex-en-europe-pour-repondre-a-la-croissance-energetique-des-data-centers\/124035\/\"]}]},{\"@type\":\"BreadcrumbList\",\"@id\":\"https:\/\/territorialchallenges.com\/2025\/03\/04\/lepri-etend-son-initiative-dcflex-en-europe-pour-repondre-a-la-croissance-energetique-des-data-centers\/124035\/#breadcrumb\",\"itemListElement\":[{\"@type\":\"ListItem\",\"position\":1,\"name\":\"Home\",\"item\":\"https:\/\/territorialchallenges.com\/\"},{\"@type\":\"ListItem\",\"position\":2,\"name\":\"L&rsquo;EPRI \u00e9tend son initiative DCFlex en Europe pour r\u00e9pondre \u00e0 la croissance \u00e9nerg\u00e9tique des data centers\"}]},{\"@type\":\"WebSite\",\"@id\":\"https:\/\/territorialchallenges.com\/#website\",\"url\":\"https:\/\/territorialchallenges.com\/\",\"name\":\"Territorial Challenges\",\"description\":\"Veille Internationale - Strat\u00e9gie Intelligentes - Bonnes pratiques\",\"publisher\":{\"@id\":\"https:\/\/territorialchallenges.com\/#organization\"},\"potentialAction\":[{\"@type\":\"SearchAction\",\"target\":{\"@type\":\"EntryPoint\",\"urlTemplate\":\"https:\/\/territorialchallenges.com\/?s={search_term_string}\"},\"query-input\":\"required name=search_term_string\"}],\"inLanguage\":\"en-US\"},{\"@type\":\"Organization\",\"@id\":\"https:\/\/territorialchallenges.com\/#organization\",\"name\":\"Territorial Challenges\",\"url\":\"https:\/\/territorialchallenges.com\/\",\"logo\":{\"@type\":\"ImageObject\",\"inLanguage\":\"en-US\",\"@id\":\"https:\/\/territorialchallenges.com\/#\/schema\/logo\/image\/\",\"url\":\"https:\/\/territorialchallenges.com\/wp-content\/uploads\/2023\/10\/logo-1.png\",\"contentUrl\":\"https:\/\/territorialchallenges.com\/wp-content\/uploads\/2023\/10\/logo-1.png\",\"width\":1832,\"height\":576,\"caption\":\"Territorial Challenges\"},\"image\":{\"@id\":\"https:\/\/territorialchallenges.com\/#\/schema\/logo\/image\/\"}},{\"@type\":\"Person\",\"@id\":\"https:\/\/territorialchallenges.com\/#\/schema\/person\/098f145c7c61a021c425e010f840080f\",\"name\":\"ni.abdi\",\"image\":{\"@type\":\"ImageObject\",\"inLanguage\":\"en-US\",\"@id\":\"https:\/\/territorialchallenges.com\/#\/schema\/person\/image\/\",\"url\":\"https:\/\/secure.gravatar.com\/avatar\/2a2f2491f3c80039986ba989b1e4b510?s=96&d=identicon&r=g\",\"contentUrl\":\"https:\/\/secure.gravatar.com\/avatar\/2a2f2491f3c80039986ba989b1e4b510?s=96&d=identicon&r=g\",\"caption\":\"ni.abdi\"},\"sameAs\":[\"https:\/\/twitter.com\/Ni.abdi\"],\"url\":\"https:\/\/territorialchallenges.com\/en\/author\/ni-abdi\/\"}]}<\/script>\n<!-- \/ Yoast SEO plugin. -->","yoast_head_json":{"title":"L'EPRI \u00e9tend son initiative DCFlex en Europe pour r\u00e9pondre \u00e0 la croissance \u00e9nerg\u00e9tique des data centers - Territorial Challenges","robots":{"index":"index","follow":"follow","max-snippet":"max-snippet:-1","max-image-preview":"max-image-preview:large","max-video-preview":"max-video-preview:-1"},"canonical":"https:\/\/territorialchallenges.com\/en\/2025\/03\/04\/lepri-etend-son-initiative-dcflex-en-europe-pour-repondre-a-la-croissance-energetique-des-data-centers\/124035\/","og_locale":"en_US","og_type":"article","og_title":"L'EPRI \u00e9tend son initiative DCFlex en Europe pour r\u00e9pondre \u00e0 la croissance \u00e9nerg\u00e9tique des data centers - Territorial Challenges","og_description":"L&rsquo;EPRI, une organisation mondiale \u00e0 but non lucratif de recherche et de d\u00e9veloppement dans le domaine de l\u2019\u00e9nergie, a annonc\u00e9 l\u2019expansion internationale de son initiative DCFlex en Europe. Cette initiative vise \u00e0 am\u00e9liorer la flexibilit\u00e9 des data centers pour soutenir le r\u00e9seau \u00e9lectrique, tout en optimisant l&rsquo;utilisation des actifs et en am\u00e9liorant l&rsquo;interconnexion et l&rsquo;efficacit\u00e9. [&hellip;]","og_url":"https:\/\/territorialchallenges.com\/en\/2025\/03\/04\/lepri-etend-son-initiative-dcflex-en-europe-pour-repondre-a-la-croissance-energetique-des-data-centers\/124035\/","og_site_name":"Territorial Challenges","article_published_time":"2025-03-04T20:44:12+00:00","article_modified_time":"2025-03-04T20:44:13+00:00","og_image":[{"width":1280,"height":853,"url":"https:\/\/territorialchallenges.com\/wp-content\/uploads\/2025\/03\/transitionnumerique.4.03.25.Image_.jpg","type":"image\/jpeg"}],"author":"ni.abdi","twitter_card":"summary_large_image","twitter_creator":"@Ni.abdi","twitter_misc":{"Written by":"ni.abdi","Est. reading time":"4 minutes"},"schema":{"@context":"https:\/\/schema.org","@graph":[{"@type":"Article","@id":"https:\/\/territorialchallenges.com\/2025\/03\/04\/lepri-etend-son-initiative-dcflex-en-europe-pour-repondre-a-la-croissance-energetique-des-data-centers\/124035\/#article","isPartOf":{"@id":"https:\/\/territorialchallenges.com\/2025\/03\/04\/lepri-etend-son-initiative-dcflex-en-europe-pour-repondre-a-la-croissance-energetique-des-data-centers\/124035\/"},"author":{"name":"ni.abdi","@id":"https:\/\/territorialchallenges.com\/#\/schema\/person\/098f145c7c61a021c425e010f840080f"},"headline":"L&rsquo;EPRI \u00e9tend son initiative DCFlex en Europe pour r\u00e9pondre \u00e0 la croissance \u00e9nerg\u00e9tique des data centers","datePublished":"2025-03-04T20:44:12+00:00","dateModified":"2025-03-04T20:44:13+00:00","mainEntityOfPage":{"@id":"https:\/\/territorialchallenges.com\/2025\/03\/04\/lepri-etend-son-initiative-dcflex-en-europe-pour-repondre-a-la-croissance-energetique-des-data-centers\/124035\/"},"wordCount":787,"publisher":{"@id":"https:\/\/territorialchallenges.com\/#organization"},"articleSection":["Transition \u00c9nerg\u00e9tique","Actualit\u00e9 internationale"],"inLanguage":"en-US"},{"@type":"WebPage","@id":"https:\/\/territorialchallenges.com\/2025\/03\/04\/lepri-etend-son-initiative-dcflex-en-europe-pour-repondre-a-la-croissance-energetique-des-data-centers\/124035\/","url":"https:\/\/territorialchallenges.com\/2025\/03\/04\/lepri-etend-son-initiative-dcflex-en-europe-pour-repondre-a-la-croissance-energetique-des-data-centers\/124035\/","name":"L'EPRI \u00e9tend son initiative DCFlex en Europe pour r\u00e9pondre \u00e0 la croissance \u00e9nerg\u00e9tique des data centers - Territorial Challenges","isPartOf":{"@id":"https:\/\/territorialchallenges.com\/#website"},"datePublished":"2025-03-04T20:44:12+00:00","dateModified":"2025-03-04T20:44:13+00:00","breadcrumb":{"@id":"https:\/\/territorialchallenges.com\/2025\/03\/04\/lepri-etend-son-initiative-dcflex-en-europe-pour-repondre-a-la-croissance-energetique-des-data-centers\/124035\/#breadcrumb"},"inLanguage":"en-US","potentialAction":[{"@type":"ReadAction","target":["https:\/\/territorialchallenges.com\/2025\/03\/04\/lepri-etend-son-initiative-dcflex-en-europe-pour-repondre-a-la-croissance-energetique-des-data-centers\/124035\/"]}]},{"@type":"BreadcrumbList","@id":"https:\/\/territorialchallenges.com\/2025\/03\/04\/lepri-etend-son-initiative-dcflex-en-europe-pour-repondre-a-la-croissance-energetique-des-data-centers\/124035\/#breadcrumb","itemListElement":[{"@type":"ListItem","position":1,"name":"Home","item":"https:\/\/territorialchallenges.com\/"},{"@type":"ListItem","position":2,"name":"L&rsquo;EPRI \u00e9tend son initiative DCFlex en Europe pour r\u00e9pondre \u00e0 la croissance \u00e9nerg\u00e9tique des data centers"}]},{"@type":"WebSite","@id":"https:\/\/territorialchallenges.com\/#website","url":"https:\/\/territorialchallenges.com\/","name":"Territorial Challenges","description":"Veille Internationale - Intelligent strategies - Best practices","publisher":{"@id":"https:\/\/territorialchallenges.com\/#organization"},"potentialAction":[{"@type":"SearchAction","target":{"@type":"EntryPoint","urlTemplate":"https:\/\/territorialchallenges.com\/?s={search_term_string}"},"query-input":"required name=search_term_string"}],"inLanguage":"en-US"},{"@type":"Organization","@id":"https:\/\/territorialchallenges.com\/#organization","name":"Territorial Challenges","url":"https:\/\/territorialchallenges.com\/","logo":{"@type":"ImageObject","inLanguage":"en-US","@id":"https:\/\/territorialchallenges.com\/#\/schema\/logo\/image\/","url":"https:\/\/territorialchallenges.com\/wp-content\/uploads\/2023\/10\/logo-1.png","contentUrl":"https:\/\/territorialchallenges.com\/wp-content\/uploads\/2023\/10\/logo-1.png","width":1832,"height":576,"caption":"Territorial Challenges"},"image":{"@id":"https:\/\/territorialchallenges.com\/#\/schema\/logo\/image\/"}},{"@type":"Person","@id":"https:\/\/territorialchallenges.com\/#\/schema\/person\/098f145c7c61a021c425e010f840080f","name":"ni.abdi","image":{"@type":"ImageObject","inLanguage":"en-US","@id":"https:\/\/territorialchallenges.com\/#\/schema\/person\/image\/","url":"https:\/\/secure.gravatar.com\/avatar\/2a2f2491f3c80039986ba989b1e4b510?s=96&d=identicon&r=g","contentUrl":"https:\/\/secure.gravatar.com\/avatar\/2a2f2491f3c80039986ba989b1e4b510?s=96&d=identicon&r=g","caption":"ni.abdi"},"sameAs":["https:\/\/twitter.com\/Ni.abdi"],"url":"https:\/\/territorialchallenges.com\/en\/author\/ni-abdi\/"}]}},"_links":{"self":[{"href":"https:\/\/territorialchallenges.com\/en\/wp-json\/wp\/v2\/posts\/124035"}],"collection":[{"href":"https:\/\/territorialchallenges.com\/en\/wp-json\/wp\/v2\/posts"}],"about":[{"href":"https:\/\/territorialchallenges.com\/en\/wp-json\/wp\/v2\/types\/post"}],"author":[{"embeddable":true,"href":"https:\/\/territorialchallenges.com\/en\/wp-json\/wp\/v2\/users\/11"}],"replies":[{"embeddable":true,"href":"https:\/\/territorialchallenges.com\/en\/wp-json\/wp\/v2\/comments?post=124035"}],"version-history":[{"count":1,"href":"https:\/\/territorialchallenges.com\/en\/wp-json\/wp\/v2\/posts\/124035\/revisions"}],"predecessor-version":[{"id":124037,"href":"https:\/\/territorialchallenges.com\/en\/wp-json\/wp\/v2\/posts\/124035\/revisions\/124037"}],"wp:featuredmedia":[{"embeddable":true,"href":"https:\/\/territorialchallenges.com\/en\/wp-json\/wp\/v2\/media\/124036"}],"wp:attachment":[{"href":"https:\/\/territorialchallenges.com\/en\/wp-json\/wp\/v2\/media?parent=124035"}],"wp:term":[{"taxonomy":"category","embeddable":true,"href":"https:\/\/territorialchallenges.com\/en\/wp-json\/wp\/v2\/categories?post=124035"},{"taxonomy":"post_tag","embeddable":true,"href":"https:\/\/territorialchallenges.com\/en\/wp-json\/wp\/v2\/tags?post=124035"}],"curies":[{"name":"wp","href":"https:\/\/api.w.org\/{rel}","templated":true}]}}