{"id":124007,"date":"2025-02-25T21:51:38","date_gmt":"2025-02-25T20:51:38","guid":{"rendered":"https:\/\/territorialchallenges.com\/?p=124007"},"modified":"2025-02-25T21:51:39","modified_gmt":"2025-02-25T20:51:39","slug":"les-collectivites-territoriales-europeennes-a-lheure-des-choix-numeriques-resister-ou-subir","status":"publish","type":"post","link":"https:\/\/territorialchallenges.com\/en\/2025\/02\/25\/les-collectivites-territoriales-europeennes-a-lheure-des-choix-numeriques-resister-ou-subir\/124007\/","title":{"rendered":"European local authorities in the era of digital choices: resist or suffer?"},"content":{"rendered":"<p>European local authorities are at a strategic crossroads. Faced with the influence of American digital giants, often backed by libertarian political visions, they must choose between submitting to or regaining control of their digital sovereignty. The example of Pays Tarusate, a community of communes in the Landes region, which left Facebook after controversial statements... <\/p>\n<div class=\"pmpro_content_message\">Article only viewable by subscribers.<br \/><a href=\"https:\/\/territorialchallenges.com\/wp-login.php\">Connection<\/a><br \/><a href=\"https:\/\/territorialchallenges.com\/en\/wp-login.php\/?action=register\">Register<\/a><\/div>","protected":false},"excerpt":{"rendered":"<p>Les collectivit\u00e9s territoriales europ\u00e9ennes se trouvent \u00e0 un tournant strat\u00e9gique. Face \u00e0 l\u2019emprise des g\u00e9ants am\u00e9ricains du num\u00e9rique, souvent adoss\u00e9s \u00e0 des visions politiques libertariennes, elles doivent choisir entre subir ou reprendre le contr\u00f4le de leur souverainet\u00e9 num\u00e9rique. L\u2019exemple du Pays tarusate, communaut\u00e9 de communes des Landes, qui a quitt\u00e9 Facebook apr\u00e8s les d\u00e9clarations pol\u00e9miques... <\/p>\n<div class=\"pmpro_content_message\">Article only viewable by subscribers.<br \/><a href=\"https:\/\/territorialchallenges.com\/wp-login.php\">Connection<\/a><br \/><a href=\"https:\/\/territorialchallenges.com\/en\/wp-login.php\/?action=register\">Register<\/a><\/div>","protected":false},"author":11,"featured_media":124008,"comment_status":"closed","ping_status":"closed","sticky":true,"template":"","format":"standard","meta":{"pmpro_default_level":0,"footnotes":""},"categories":[130,117],"tags":[],"blocksy_meta":"","yoast_head":"<!-- This site is optimized with the Yoast SEO plugin v21.5 - https:\/\/yoast.com\/wordpress\/plugins\/seo\/ -->\n<title>Les collectivit\u00e9s territoriales europ\u00e9ennes \u00e0 l\u2019heure des choix num\u00e9riques : r\u00e9sister ou subir ? - Territorial Challenges<\/title>\n<meta name=\"robots\" content=\"index, follow, max-snippet:-1, max-image-preview:large, max-video-preview:-1\" \/>\n<link rel=\"canonical\" href=\"https:\/\/territorialchallenges.com\/en\/2025\/02\/25\/les-collectivites-territoriales-europeennes-a-lheure-des-choix-numeriques-resister-ou-subir\/124007\/\" \/>\n<meta property=\"og:locale\" content=\"en_US\" \/>\n<meta property=\"og:type\" content=\"article\" \/>\n<meta property=\"og:title\" content=\"Les collectivit\u00e9s territoriales europ\u00e9ennes \u00e0 l\u2019heure des choix num\u00e9riques : r\u00e9sister ou subir ? - Territorial Challenges\" \/>\n<meta property=\"og:description\" content=\"Les collectivit\u00e9s territoriales europ\u00e9ennes se trouvent \u00e0 un tournant strat\u00e9gique. Face \u00e0 l\u2019emprise des g\u00e9ants am\u00e9ricains du num\u00e9rique, souvent adoss\u00e9s \u00e0 des visions politiques libertariennes, elles doivent choisir entre subir ou reprendre le contr\u00f4le de leur souverainet\u00e9 num\u00e9rique. L\u2019exemple du Pays tarusate, communaut\u00e9 de communes des Landes, qui a quitt\u00e9 Facebook apr\u00e8s les d\u00e9clarations pol\u00e9miques [&hellip;]\" \/>\n<meta property=\"og:url\" content=\"https:\/\/territorialchallenges.com\/en\/2025\/02\/25\/les-collectivites-territoriales-europeennes-a-lheure-des-choix-numeriques-resister-ou-subir\/124007\/\" \/>\n<meta property=\"og:site_name\" content=\"Territorial Challenges\" \/>\n<meta property=\"article:published_time\" content=\"2025-02-25T20:51:38+00:00\" \/>\n<meta property=\"article:modified_time\" content=\"2025-02-25T20:51:39+00:00\" \/>\n<meta property=\"og:image\" content=\"https:\/\/territorialchallenges.com\/wp-content\/uploads\/2025\/02\/reflexionFaite25.02.25.Image_.jpg\" \/>\n\t<meta property=\"og:image:width\" content=\"1280\" \/>\n\t<meta property=\"og:image:height\" content=\"1047\" \/>\n\t<meta property=\"og:image:type\" content=\"image\/jpeg\" \/>\n<meta name=\"author\" content=\"ni.abdi\" \/>\n<meta name=\"twitter:card\" content=\"summary_large_image\" \/>\n<meta name=\"twitter:creator\" content=\"@Ni.abdi\" \/>\n<meta name=\"twitter:label1\" content=\"Written by\" \/>\n\t<meta name=\"twitter:data1\" content=\"ni.abdi\" \/>\n\t<meta name=\"twitter:label2\" content=\"Est. reading time\" \/>\n\t<meta name=\"twitter:data2\" content=\"3 minutes\" \/>\n<script type=\"application\/ld+json\" class=\"yoast-schema-graph\">{\"@context\":\"https:\/\/schema.org\",\"@graph\":[{\"@type\":\"Article\",\"@id\":\"https:\/\/territorialchallenges.com\/2025\/02\/25\/les-collectivites-territoriales-europeennes-a-lheure-des-choix-numeriques-resister-ou-subir\/124007\/#article\",\"isPartOf\":{\"@id\":\"https:\/\/territorialchallenges.com\/2025\/02\/25\/les-collectivites-territoriales-europeennes-a-lheure-des-choix-numeriques-resister-ou-subir\/124007\/\"},\"author\":{\"name\":\"ni.abdi\",\"@id\":\"https:\/\/territorialchallenges.com\/#\/schema\/person\/098f145c7c61a021c425e010f840080f\"},\"headline\":\"Les collectivit\u00e9s territoriales europ\u00e9ennes \u00e0 l\u2019heure des choix num\u00e9riques : r\u00e9sister ou subir ?\",\"datePublished\":\"2025-02-25T20:51:38+00:00\",\"dateModified\":\"2025-02-25T20:51:39+00:00\",\"mainEntityOfPage\":{\"@id\":\"https:\/\/territorialchallenges.com\/2025\/02\/25\/les-collectivites-territoriales-europeennes-a-lheure-des-choix-numeriques-resister-ou-subir\/124007\/\"},\"wordCount\":676,\"publisher\":{\"@id\":\"https:\/\/territorialchallenges.com\/#organization\"},\"articleSection\":[\"R\u00e9flexion faite\",\"\u00c9cosyst\u00e8me\"],\"inLanguage\":\"en-US\"},{\"@type\":\"WebPage\",\"@id\":\"https:\/\/territorialchallenges.com\/2025\/02\/25\/les-collectivites-territoriales-europeennes-a-lheure-des-choix-numeriques-resister-ou-subir\/124007\/\",\"url\":\"https:\/\/territorialchallenges.com\/2025\/02\/25\/les-collectivites-territoriales-europeennes-a-lheure-des-choix-numeriques-resister-ou-subir\/124007\/\",\"name\":\"Les collectivit\u00e9s territoriales europ\u00e9ennes \u00e0 l\u2019heure des choix num\u00e9riques : r\u00e9sister ou subir ? - Territorial Challenges\",\"isPartOf\":{\"@id\":\"https:\/\/territorialchallenges.com\/#website\"},\"datePublished\":\"2025-02-25T20:51:38+00:00\",\"dateModified\":\"2025-02-25T20:51:39+00:00\",\"breadcrumb\":{\"@id\":\"https:\/\/territorialchallenges.com\/2025\/02\/25\/les-collectivites-territoriales-europeennes-a-lheure-des-choix-numeriques-resister-ou-subir\/124007\/#breadcrumb\"},\"inLanguage\":\"en-US\",\"potentialAction\":[{\"@type\":\"ReadAction\",\"target\":[\"https:\/\/territorialchallenges.com\/2025\/02\/25\/les-collectivites-territoriales-europeennes-a-lheure-des-choix-numeriques-resister-ou-subir\/124007\/\"]}]},{\"@type\":\"BreadcrumbList\",\"@id\":\"https:\/\/territorialchallenges.com\/2025\/02\/25\/les-collectivites-territoriales-europeennes-a-lheure-des-choix-numeriques-resister-ou-subir\/124007\/#breadcrumb\",\"itemListElement\":[{\"@type\":\"ListItem\",\"position\":1,\"name\":\"Home\",\"item\":\"https:\/\/territorialchallenges.com\/\"},{\"@type\":\"ListItem\",\"position\":2,\"name\":\"Les collectivit\u00e9s territoriales europ\u00e9ennes \u00e0 l\u2019heure des choix num\u00e9riques : r\u00e9sister ou subir ?\"}]},{\"@type\":\"WebSite\",\"@id\":\"https:\/\/territorialchallenges.com\/#website\",\"url\":\"https:\/\/territorialchallenges.com\/\",\"name\":\"Territorial Challenges\",\"description\":\"Veille Internationale - Strat\u00e9gie Intelligentes - Bonnes pratiques\",\"publisher\":{\"@id\":\"https:\/\/territorialchallenges.com\/#organization\"},\"potentialAction\":[{\"@type\":\"SearchAction\",\"target\":{\"@type\":\"EntryPoint\",\"urlTemplate\":\"https:\/\/territorialchallenges.com\/?s={search_term_string}\"},\"query-input\":\"required name=search_term_string\"}],\"inLanguage\":\"en-US\"},{\"@type\":\"Organization\",\"@id\":\"https:\/\/territorialchallenges.com\/#organization\",\"name\":\"Territorial Challenges\",\"url\":\"https:\/\/territorialchallenges.com\/\",\"logo\":{\"@type\":\"ImageObject\",\"inLanguage\":\"en-US\",\"@id\":\"https:\/\/territorialchallenges.com\/#\/schema\/logo\/image\/\",\"url\":\"https:\/\/territorialchallenges.com\/wp-content\/uploads\/2023\/10\/logo-1.png\",\"contentUrl\":\"https:\/\/territorialchallenges.com\/wp-content\/uploads\/2023\/10\/logo-1.png\",\"width\":1832,\"height\":576,\"caption\":\"Territorial Challenges\"},\"image\":{\"@id\":\"https:\/\/territorialchallenges.com\/#\/schema\/logo\/image\/\"}},{\"@type\":\"Person\",\"@id\":\"https:\/\/territorialchallenges.com\/#\/schema\/person\/098f145c7c61a021c425e010f840080f\",\"name\":\"ni.abdi\",\"image\":{\"@type\":\"ImageObject\",\"inLanguage\":\"en-US\",\"@id\":\"https:\/\/territorialchallenges.com\/#\/schema\/person\/image\/\",\"url\":\"https:\/\/secure.gravatar.com\/avatar\/2a2f2491f3c80039986ba989b1e4b510?s=96&d=identicon&r=g\",\"contentUrl\":\"https:\/\/secure.gravatar.com\/avatar\/2a2f2491f3c80039986ba989b1e4b510?s=96&d=identicon&r=g\",\"caption\":\"ni.abdi\"},\"sameAs\":[\"https:\/\/twitter.com\/Ni.abdi\"],\"url\":\"https:\/\/territorialchallenges.com\/en\/author\/ni-abdi\/\"}]}<\/script>\n<!-- \/ Yoast SEO plugin. -->","yoast_head_json":{"title":"Les collectivit\u00e9s territoriales europ\u00e9ennes \u00e0 l\u2019heure des choix num\u00e9riques : r\u00e9sister ou subir ? - Territorial Challenges","robots":{"index":"index","follow":"follow","max-snippet":"max-snippet:-1","max-image-preview":"max-image-preview:large","max-video-preview":"max-video-preview:-1"},"canonical":"https:\/\/territorialchallenges.com\/en\/2025\/02\/25\/les-collectivites-territoriales-europeennes-a-lheure-des-choix-numeriques-resister-ou-subir\/124007\/","og_locale":"en_US","og_type":"article","og_title":"Les collectivit\u00e9s territoriales europ\u00e9ennes \u00e0 l\u2019heure des choix num\u00e9riques : r\u00e9sister ou subir ? - Territorial Challenges","og_description":"Les collectivit\u00e9s territoriales europ\u00e9ennes se trouvent \u00e0 un tournant strat\u00e9gique. Face \u00e0 l\u2019emprise des g\u00e9ants am\u00e9ricains du num\u00e9rique, souvent adoss\u00e9s \u00e0 des visions politiques libertariennes, elles doivent choisir entre subir ou reprendre le contr\u00f4le de leur souverainet\u00e9 num\u00e9rique. L\u2019exemple du Pays tarusate, communaut\u00e9 de communes des Landes, qui a quitt\u00e9 Facebook apr\u00e8s les d\u00e9clarations pol\u00e9miques [&hellip;]","og_url":"https:\/\/territorialchallenges.com\/en\/2025\/02\/25\/les-collectivites-territoriales-europeennes-a-lheure-des-choix-numeriques-resister-ou-subir\/124007\/","og_site_name":"Territorial Challenges","article_published_time":"2025-02-25T20:51:38+00:00","article_modified_time":"2025-02-25T20:51:39+00:00","og_image":[{"width":1280,"height":1047,"url":"https:\/\/territorialchallenges.com\/wp-content\/uploads\/2025\/02\/reflexionFaite25.02.25.Image_.jpg","type":"image\/jpeg"}],"author":"ni.abdi","twitter_card":"summary_large_image","twitter_creator":"@Ni.abdi","twitter_misc":{"Written by":"ni.abdi","Est. reading time":"3 minutes"},"schema":{"@context":"https:\/\/schema.org","@graph":[{"@type":"Article","@id":"https:\/\/territorialchallenges.com\/2025\/02\/25\/les-collectivites-territoriales-europeennes-a-lheure-des-choix-numeriques-resister-ou-subir\/124007\/#article","isPartOf":{"@id":"https:\/\/territorialchallenges.com\/2025\/02\/25\/les-collectivites-territoriales-europeennes-a-lheure-des-choix-numeriques-resister-ou-subir\/124007\/"},"author":{"name":"ni.abdi","@id":"https:\/\/territorialchallenges.com\/#\/schema\/person\/098f145c7c61a021c425e010f840080f"},"headline":"Les collectivit\u00e9s territoriales europ\u00e9ennes \u00e0 l\u2019heure des choix num\u00e9riques : r\u00e9sister ou subir ?","datePublished":"2025-02-25T20:51:38+00:00","dateModified":"2025-02-25T20:51:39+00:00","mainEntityOfPage":{"@id":"https:\/\/territorialchallenges.com\/2025\/02\/25\/les-collectivites-territoriales-europeennes-a-lheure-des-choix-numeriques-resister-ou-subir\/124007\/"},"wordCount":676,"publisher":{"@id":"https:\/\/territorialchallenges.com\/#organization"},"articleSection":["R\u00e9flexion faite","\u00c9cosyst\u00e8me"],"inLanguage":"en-US"},{"@type":"WebPage","@id":"https:\/\/territorialchallenges.com\/2025\/02\/25\/les-collectivites-territoriales-europeennes-a-lheure-des-choix-numeriques-resister-ou-subir\/124007\/","url":"https:\/\/territorialchallenges.com\/2025\/02\/25\/les-collectivites-territoriales-europeennes-a-lheure-des-choix-numeriques-resister-ou-subir\/124007\/","name":"Les collectivit\u00e9s territoriales europ\u00e9ennes \u00e0 l\u2019heure des choix num\u00e9riques : r\u00e9sister ou subir ? - Territorial Challenges","isPartOf":{"@id":"https:\/\/territorialchallenges.com\/#website"},"datePublished":"2025-02-25T20:51:38+00:00","dateModified":"2025-02-25T20:51:39+00:00","breadcrumb":{"@id":"https:\/\/territorialchallenges.com\/2025\/02\/25\/les-collectivites-territoriales-europeennes-a-lheure-des-choix-numeriques-resister-ou-subir\/124007\/#breadcrumb"},"inLanguage":"en-US","potentialAction":[{"@type":"ReadAction","target":["https:\/\/territorialchallenges.com\/2025\/02\/25\/les-collectivites-territoriales-europeennes-a-lheure-des-choix-numeriques-resister-ou-subir\/124007\/"]}]},{"@type":"BreadcrumbList","@id":"https:\/\/territorialchallenges.com\/2025\/02\/25\/les-collectivites-territoriales-europeennes-a-lheure-des-choix-numeriques-resister-ou-subir\/124007\/#breadcrumb","itemListElement":[{"@type":"ListItem","position":1,"name":"Home","item":"https:\/\/territorialchallenges.com\/"},{"@type":"ListItem","position":2,"name":"Les collectivit\u00e9s territoriales europ\u00e9ennes \u00e0 l\u2019heure des choix num\u00e9riques : r\u00e9sister ou subir ?"}]},{"@type":"WebSite","@id":"https:\/\/territorialchallenges.com\/#website","url":"https:\/\/territorialchallenges.com\/","name":"Territorial Challenges","description":"Veille Internationale - Intelligent strategies - Best practices","publisher":{"@id":"https:\/\/territorialchallenges.com\/#organization"},"potentialAction":[{"@type":"SearchAction","target":{"@type":"EntryPoint","urlTemplate":"https:\/\/territorialchallenges.com\/?s={search_term_string}"},"query-input":"required name=search_term_string"}],"inLanguage":"en-US"},{"@type":"Organization","@id":"https:\/\/territorialchallenges.com\/#organization","name":"Territorial Challenges","url":"https:\/\/territorialchallenges.com\/","logo":{"@type":"ImageObject","inLanguage":"en-US","@id":"https:\/\/territorialchallenges.com\/#\/schema\/logo\/image\/","url":"https:\/\/territorialchallenges.com\/wp-content\/uploads\/2023\/10\/logo-1.png","contentUrl":"https:\/\/territorialchallenges.com\/wp-content\/uploads\/2023\/10\/logo-1.png","width":1832,"height":576,"caption":"Territorial Challenges"},"image":{"@id":"https:\/\/territorialchallenges.com\/#\/schema\/logo\/image\/"}},{"@type":"Person","@id":"https:\/\/territorialchallenges.com\/#\/schema\/person\/098f145c7c61a021c425e010f840080f","name":"ni.abdi","image":{"@type":"ImageObject","inLanguage":"en-US","@id":"https:\/\/territorialchallenges.com\/#\/schema\/person\/image\/","url":"https:\/\/secure.gravatar.com\/avatar\/2a2f2491f3c80039986ba989b1e4b510?s=96&d=identicon&r=g","contentUrl":"https:\/\/secure.gravatar.com\/avatar\/2a2f2491f3c80039986ba989b1e4b510?s=96&d=identicon&r=g","caption":"ni.abdi"},"sameAs":["https:\/\/twitter.com\/Ni.abdi"],"url":"https:\/\/territorialchallenges.com\/en\/author\/ni-abdi\/"}]}},"_links":{"self":[{"href":"https:\/\/territorialchallenges.com\/en\/wp-json\/wp\/v2\/posts\/124007"}],"collection":[{"href":"https:\/\/territorialchallenges.com\/en\/wp-json\/wp\/v2\/posts"}],"about":[{"href":"https:\/\/territorialchallenges.com\/en\/wp-json\/wp\/v2\/types\/post"}],"author":[{"embeddable":true,"href":"https:\/\/territorialchallenges.com\/en\/wp-json\/wp\/v2\/users\/11"}],"replies":[{"embeddable":true,"href":"https:\/\/territorialchallenges.com\/en\/wp-json\/wp\/v2\/comments?post=124007"}],"version-history":[{"count":1,"href":"https:\/\/territorialchallenges.com\/en\/wp-json\/wp\/v2\/posts\/124007\/revisions"}],"predecessor-version":[{"id":124009,"href":"https:\/\/territorialchallenges.com\/en\/wp-json\/wp\/v2\/posts\/124007\/revisions\/124009"}],"wp:featuredmedia":[{"embeddable":true,"href":"https:\/\/territorialchallenges.com\/en\/wp-json\/wp\/v2\/media\/124008"}],"wp:attachment":[{"href":"https:\/\/territorialchallenges.com\/en\/wp-json\/wp\/v2\/media?parent=124007"}],"wp:term":[{"taxonomy":"category","embeddable":true,"href":"https:\/\/territorialchallenges.com\/en\/wp-json\/wp\/v2\/categories?post=124007"},{"taxonomy":"post_tag","embeddable":true,"href":"https:\/\/territorialchallenges.com\/en\/wp-json\/wp\/v2\/tags?post=124007"}],"curies":[{"name":"wp","href":"https:\/\/api.w.org\/{rel}","templated":true}]}}