{"id":123906,"date":"2025-02-04T21:23:51","date_gmt":"2025-02-04T20:23:51","guid":{"rendered":"https:\/\/territorialchallenges.com\/?p=123906"},"modified":"2025-02-04T21:23:53","modified_gmt":"2025-02-04T20:23:53","slug":"une-intelligence-artificielle-a-la-francaise-entre-ethique-memoire-resilience-et-ancrage-territorial","status":"publish","type":"post","link":"https:\/\/territorialchallenges.com\/en\/2025\/02\/04\/une-intelligence-artificielle-a-la-francaise-entre-ethique-memoire-resilience-et-ancrage-territorial\/123906\/","title":{"rendered":"French-style artificial intelligence: between ethics, memory, resilience and territorial anchoring"},"content":{"rendered":"<p>As Paris hosts the Summit for Action on Artificial Intelligence, France must choose its path. Rather than imitating the American and Chinese models, it has the opportunity to develop ethical, humanistic, and resilient AI by building on its strengths. It must also correct the strategic errors of the last ten years and redefine a\u2026 <\/p>\n<div class=\"pmpro_content_message\">Article only viewable by subscribers.<br \/><a href=\"https:\/\/territorialchallenges.com\/wp-login.php\">Connection<\/a><br \/><a href=\"https:\/\/territorialchallenges.com\/en\/wp-login.php\/?action=register\">Register<\/a><\/div>","protected":false},"excerpt":{"rendered":"<p>Alors que Paris accueille le Sommet pour l\u2019action sur l\u2019Intelligence Artificielle, la France doit choisir sa voie. Plut\u00f4t que d&rsquo;imiter les mod\u00e8les am\u00e9ricain et chinois, elle a l&rsquo;opportunit\u00e9 de d\u00e9velopper une IA \u00e9thique, humaniste et r\u00e9siliente, en s\u2019appuyant sur ses atouts. Elle doit \u00e9galement corriger les erreurs strat\u00e9giques des dix derni\u00e8res ann\u00e9es et red\u00e9finir une... <\/p>\n<div class=\"pmpro_content_message\">Article only viewable by subscribers.<br \/><a href=\"https:\/\/territorialchallenges.com\/wp-login.php\">Connection<\/a><br \/><a href=\"https:\/\/territorialchallenges.com\/en\/wp-login.php\/?action=register\">Register<\/a><\/div>","protected":false},"author":11,"featured_media":123907,"comment_status":"closed","ping_status":"closed","sticky":true,"template":"","format":"standard","meta":{"pmpro_default_level":0,"footnotes":""},"categories":[130,117],"tags":[],"blocksy_meta":"","yoast_head":"<!-- This site is optimized with the Yoast SEO plugin v21.5 - https:\/\/yoast.com\/wordpress\/plugins\/seo\/ -->\n<title>Une intelligence artificielle \u00e0 la fran\u00e7aise : entre \u00e9thique, m\u00e9moire, r\u00e9silience et ancrage territorial - Territorial Challenges<\/title>\n<meta name=\"robots\" content=\"index, follow, max-snippet:-1, max-image-preview:large, max-video-preview:-1\" \/>\n<link rel=\"canonical\" href=\"https:\/\/territorialchallenges.com\/en\/2025\/02\/04\/une-intelligence-artificielle-a-la-francaise-entre-ethique-memoire-resilience-et-ancrage-territorial\/123906\/\" \/>\n<meta property=\"og:locale\" content=\"en_US\" \/>\n<meta property=\"og:type\" content=\"article\" \/>\n<meta property=\"og:title\" content=\"Une intelligence artificielle \u00e0 la fran\u00e7aise : entre \u00e9thique, m\u00e9moire, r\u00e9silience et ancrage territorial - Territorial Challenges\" \/>\n<meta property=\"og:description\" content=\"Alors que Paris accueille le Sommet pour l\u2019action sur l\u2019Intelligence Artificielle, la France doit choisir sa voie. Plut\u00f4t que d&rsquo;imiter les mod\u00e8les am\u00e9ricain et chinois, elle a l&rsquo;opportunit\u00e9 de d\u00e9velopper une IA \u00e9thique, humaniste et r\u00e9siliente, en s\u2019appuyant sur ses atouts. Elle doit \u00e9galement corriger les erreurs strat\u00e9giques des dix derni\u00e8res ann\u00e9es et red\u00e9finir une [&hellip;]\" \/>\n<meta property=\"og:url\" content=\"https:\/\/territorialchallenges.com\/en\/2025\/02\/04\/une-intelligence-artificielle-a-la-francaise-entre-ethique-memoire-resilience-et-ancrage-territorial\/123906\/\" \/>\n<meta property=\"og:site_name\" content=\"Territorial Challenges\" \/>\n<meta property=\"article:published_time\" content=\"2025-02-04T20:23:51+00:00\" \/>\n<meta property=\"article:modified_time\" content=\"2025-02-04T20:23:53+00:00\" \/>\n<meta property=\"og:image\" content=\"https:\/\/territorialchallenges.com\/wp-content\/uploads\/2025\/02\/ouliporeflexionfaite.png\" \/>\n\t<meta property=\"og:image:width\" content=\"1280\" \/>\n\t<meta property=\"og:image:height\" content=\"853\" \/>\n\t<meta property=\"og:image:type\" content=\"image\/png\" \/>\n<meta name=\"author\" content=\"ni.abdi\" \/>\n<meta name=\"twitter:card\" content=\"summary_large_image\" \/>\n<meta name=\"twitter:creator\" content=\"@Ni.abdi\" \/>\n<meta name=\"twitter:label1\" content=\"Written by\" \/>\n\t<meta name=\"twitter:data1\" content=\"ni.abdi\" \/>\n\t<meta name=\"twitter:label2\" content=\"Est. reading time\" \/>\n\t<meta name=\"twitter:data2\" content=\"5 minutes\" \/>\n<script type=\"application\/ld+json\" class=\"yoast-schema-graph\">{\"@context\":\"https:\/\/schema.org\",\"@graph\":[{\"@type\":\"Article\",\"@id\":\"https:\/\/territorialchallenges.com\/2025\/02\/04\/une-intelligence-artificielle-a-la-francaise-entre-ethique-memoire-resilience-et-ancrage-territorial\/123906\/#article\",\"isPartOf\":{\"@id\":\"https:\/\/territorialchallenges.com\/2025\/02\/04\/une-intelligence-artificielle-a-la-francaise-entre-ethique-memoire-resilience-et-ancrage-territorial\/123906\/\"},\"author\":{\"name\":\"ni.abdi\",\"@id\":\"https:\/\/territorialchallenges.com\/#\/schema\/person\/098f145c7c61a021c425e010f840080f\"},\"headline\":\"Une intelligence artificielle \u00e0 la fran\u00e7aise : entre \u00e9thique, m\u00e9moire, r\u00e9silience et ancrage territorial\",\"datePublished\":\"2025-02-04T20:23:51+00:00\",\"dateModified\":\"2025-02-04T20:23:53+00:00\",\"mainEntityOfPage\":{\"@id\":\"https:\/\/territorialchallenges.com\/2025\/02\/04\/une-intelligence-artificielle-a-la-francaise-entre-ethique-memoire-resilience-et-ancrage-territorial\/123906\/\"},\"wordCount\":942,\"publisher\":{\"@id\":\"https:\/\/territorialchallenges.com\/#organization\"},\"articleSection\":[\"R\u00e9flexion faite\",\"\u00c9cosyst\u00e8me\"],\"inLanguage\":\"en-US\"},{\"@type\":\"WebPage\",\"@id\":\"https:\/\/territorialchallenges.com\/2025\/02\/04\/une-intelligence-artificielle-a-la-francaise-entre-ethique-memoire-resilience-et-ancrage-territorial\/123906\/\",\"url\":\"https:\/\/territorialchallenges.com\/2025\/02\/04\/une-intelligence-artificielle-a-la-francaise-entre-ethique-memoire-resilience-et-ancrage-territorial\/123906\/\",\"name\":\"Une intelligence artificielle \u00e0 la fran\u00e7aise : entre \u00e9thique, m\u00e9moire, r\u00e9silience et ancrage territorial - Territorial Challenges\",\"isPartOf\":{\"@id\":\"https:\/\/territorialchallenges.com\/#website\"},\"datePublished\":\"2025-02-04T20:23:51+00:00\",\"dateModified\":\"2025-02-04T20:23:53+00:00\",\"breadcrumb\":{\"@id\":\"https:\/\/territorialchallenges.com\/2025\/02\/04\/une-intelligence-artificielle-a-la-francaise-entre-ethique-memoire-resilience-et-ancrage-territorial\/123906\/#breadcrumb\"},\"inLanguage\":\"en-US\",\"potentialAction\":[{\"@type\":\"ReadAction\",\"target\":[\"https:\/\/territorialchallenges.com\/2025\/02\/04\/une-intelligence-artificielle-a-la-francaise-entre-ethique-memoire-resilience-et-ancrage-territorial\/123906\/\"]}]},{\"@type\":\"BreadcrumbList\",\"@id\":\"https:\/\/territorialchallenges.com\/2025\/02\/04\/une-intelligence-artificielle-a-la-francaise-entre-ethique-memoire-resilience-et-ancrage-territorial\/123906\/#breadcrumb\",\"itemListElement\":[{\"@type\":\"ListItem\",\"position\":1,\"name\":\"Home\",\"item\":\"https:\/\/territorialchallenges.com\/\"},{\"@type\":\"ListItem\",\"position\":2,\"name\":\"Une intelligence artificielle \u00e0 la fran\u00e7aise : entre \u00e9thique, m\u00e9moire, r\u00e9silience et ancrage territorial\"}]},{\"@type\":\"WebSite\",\"@id\":\"https:\/\/territorialchallenges.com\/#website\",\"url\":\"https:\/\/territorialchallenges.com\/\",\"name\":\"Territorial Challenges\",\"description\":\"Veille Internationale - Strat\u00e9gie Intelligentes - Bonnes pratiques\",\"publisher\":{\"@id\":\"https:\/\/territorialchallenges.com\/#organization\"},\"potentialAction\":[{\"@type\":\"SearchAction\",\"target\":{\"@type\":\"EntryPoint\",\"urlTemplate\":\"https:\/\/territorialchallenges.com\/?s={search_term_string}\"},\"query-input\":\"required name=search_term_string\"}],\"inLanguage\":\"en-US\"},{\"@type\":\"Organization\",\"@id\":\"https:\/\/territorialchallenges.com\/#organization\",\"name\":\"Territorial Challenges\",\"url\":\"https:\/\/territorialchallenges.com\/\",\"logo\":{\"@type\":\"ImageObject\",\"inLanguage\":\"en-US\",\"@id\":\"https:\/\/territorialchallenges.com\/#\/schema\/logo\/image\/\",\"url\":\"https:\/\/territorialchallenges.com\/wp-content\/uploads\/2023\/10\/logo-1.png\",\"contentUrl\":\"https:\/\/territorialchallenges.com\/wp-content\/uploads\/2023\/10\/logo-1.png\",\"width\":1832,\"height\":576,\"caption\":\"Territorial Challenges\"},\"image\":{\"@id\":\"https:\/\/territorialchallenges.com\/#\/schema\/logo\/image\/\"}},{\"@type\":\"Person\",\"@id\":\"https:\/\/territorialchallenges.com\/#\/schema\/person\/098f145c7c61a021c425e010f840080f\",\"name\":\"ni.abdi\",\"image\":{\"@type\":\"ImageObject\",\"inLanguage\":\"en-US\",\"@id\":\"https:\/\/territorialchallenges.com\/#\/schema\/person\/image\/\",\"url\":\"https:\/\/secure.gravatar.com\/avatar\/2a2f2491f3c80039986ba989b1e4b510?s=96&d=identicon&r=g\",\"contentUrl\":\"https:\/\/secure.gravatar.com\/avatar\/2a2f2491f3c80039986ba989b1e4b510?s=96&d=identicon&r=g\",\"caption\":\"ni.abdi\"},\"sameAs\":[\"https:\/\/twitter.com\/Ni.abdi\"],\"url\":\"https:\/\/territorialchallenges.com\/en\/author\/ni-abdi\/\"}]}<\/script>\n<!-- \/ Yoast SEO plugin. -->","yoast_head_json":{"title":"Une intelligence artificielle \u00e0 la fran\u00e7aise : entre \u00e9thique, m\u00e9moire, r\u00e9silience et ancrage territorial - Territorial Challenges","robots":{"index":"index","follow":"follow","max-snippet":"max-snippet:-1","max-image-preview":"max-image-preview:large","max-video-preview":"max-video-preview:-1"},"canonical":"https:\/\/territorialchallenges.com\/en\/2025\/02\/04\/une-intelligence-artificielle-a-la-francaise-entre-ethique-memoire-resilience-et-ancrage-territorial\/123906\/","og_locale":"en_US","og_type":"article","og_title":"Une intelligence artificielle \u00e0 la fran\u00e7aise : entre \u00e9thique, m\u00e9moire, r\u00e9silience et ancrage territorial - Territorial Challenges","og_description":"Alors que Paris accueille le Sommet pour l\u2019action sur l\u2019Intelligence Artificielle, la France doit choisir sa voie. Plut\u00f4t que d&rsquo;imiter les mod\u00e8les am\u00e9ricain et chinois, elle a l&rsquo;opportunit\u00e9 de d\u00e9velopper une IA \u00e9thique, humaniste et r\u00e9siliente, en s\u2019appuyant sur ses atouts. Elle doit \u00e9galement corriger les erreurs strat\u00e9giques des dix derni\u00e8res ann\u00e9es et red\u00e9finir une [&hellip;]","og_url":"https:\/\/territorialchallenges.com\/en\/2025\/02\/04\/une-intelligence-artificielle-a-la-francaise-entre-ethique-memoire-resilience-et-ancrage-territorial\/123906\/","og_site_name":"Territorial Challenges","article_published_time":"2025-02-04T20:23:51+00:00","article_modified_time":"2025-02-04T20:23:53+00:00","og_image":[{"width":1280,"height":853,"url":"https:\/\/territorialchallenges.com\/wp-content\/uploads\/2025\/02\/ouliporeflexionfaite.png","type":"image\/png"}],"author":"ni.abdi","twitter_card":"summary_large_image","twitter_creator":"@Ni.abdi","twitter_misc":{"Written by":"ni.abdi","Est. reading time":"5 minutes"},"schema":{"@context":"https:\/\/schema.org","@graph":[{"@type":"Article","@id":"https:\/\/territorialchallenges.com\/2025\/02\/04\/une-intelligence-artificielle-a-la-francaise-entre-ethique-memoire-resilience-et-ancrage-territorial\/123906\/#article","isPartOf":{"@id":"https:\/\/territorialchallenges.com\/2025\/02\/04\/une-intelligence-artificielle-a-la-francaise-entre-ethique-memoire-resilience-et-ancrage-territorial\/123906\/"},"author":{"name":"ni.abdi","@id":"https:\/\/territorialchallenges.com\/#\/schema\/person\/098f145c7c61a021c425e010f840080f"},"headline":"Une intelligence artificielle \u00e0 la fran\u00e7aise : entre \u00e9thique, m\u00e9moire, r\u00e9silience et ancrage territorial","datePublished":"2025-02-04T20:23:51+00:00","dateModified":"2025-02-04T20:23:53+00:00","mainEntityOfPage":{"@id":"https:\/\/territorialchallenges.com\/2025\/02\/04\/une-intelligence-artificielle-a-la-francaise-entre-ethique-memoire-resilience-et-ancrage-territorial\/123906\/"},"wordCount":942,"publisher":{"@id":"https:\/\/territorialchallenges.com\/#organization"},"articleSection":["R\u00e9flexion faite","\u00c9cosyst\u00e8me"],"inLanguage":"en-US"},{"@type":"WebPage","@id":"https:\/\/territorialchallenges.com\/2025\/02\/04\/une-intelligence-artificielle-a-la-francaise-entre-ethique-memoire-resilience-et-ancrage-territorial\/123906\/","url":"https:\/\/territorialchallenges.com\/2025\/02\/04\/une-intelligence-artificielle-a-la-francaise-entre-ethique-memoire-resilience-et-ancrage-territorial\/123906\/","name":"Une intelligence artificielle \u00e0 la fran\u00e7aise : entre \u00e9thique, m\u00e9moire, r\u00e9silience et ancrage territorial - Territorial Challenges","isPartOf":{"@id":"https:\/\/territorialchallenges.com\/#website"},"datePublished":"2025-02-04T20:23:51+00:00","dateModified":"2025-02-04T20:23:53+00:00","breadcrumb":{"@id":"https:\/\/territorialchallenges.com\/2025\/02\/04\/une-intelligence-artificielle-a-la-francaise-entre-ethique-memoire-resilience-et-ancrage-territorial\/123906\/#breadcrumb"},"inLanguage":"en-US","potentialAction":[{"@type":"ReadAction","target":["https:\/\/territorialchallenges.com\/2025\/02\/04\/une-intelligence-artificielle-a-la-francaise-entre-ethique-memoire-resilience-et-ancrage-territorial\/123906\/"]}]},{"@type":"BreadcrumbList","@id":"https:\/\/territorialchallenges.com\/2025\/02\/04\/une-intelligence-artificielle-a-la-francaise-entre-ethique-memoire-resilience-et-ancrage-territorial\/123906\/#breadcrumb","itemListElement":[{"@type":"ListItem","position":1,"name":"Home","item":"https:\/\/territorialchallenges.com\/"},{"@type":"ListItem","position":2,"name":"Une intelligence artificielle \u00e0 la fran\u00e7aise : entre \u00e9thique, m\u00e9moire, r\u00e9silience et ancrage territorial"}]},{"@type":"WebSite","@id":"https:\/\/territorialchallenges.com\/#website","url":"https:\/\/territorialchallenges.com\/","name":"Territorial Challenges","description":"Veille Internationale - Intelligent strategies - Best practices","publisher":{"@id":"https:\/\/territorialchallenges.com\/#organization"},"potentialAction":[{"@type":"SearchAction","target":{"@type":"EntryPoint","urlTemplate":"https:\/\/territorialchallenges.com\/?s={search_term_string}"},"query-input":"required name=search_term_string"}],"inLanguage":"en-US"},{"@type":"Organization","@id":"https:\/\/territorialchallenges.com\/#organization","name":"Territorial Challenges","url":"https:\/\/territorialchallenges.com\/","logo":{"@type":"ImageObject","inLanguage":"en-US","@id":"https:\/\/territorialchallenges.com\/#\/schema\/logo\/image\/","url":"https:\/\/territorialchallenges.com\/wp-content\/uploads\/2023\/10\/logo-1.png","contentUrl":"https:\/\/territorialchallenges.com\/wp-content\/uploads\/2023\/10\/logo-1.png","width":1832,"height":576,"caption":"Territorial Challenges"},"image":{"@id":"https:\/\/territorialchallenges.com\/#\/schema\/logo\/image\/"}},{"@type":"Person","@id":"https:\/\/territorialchallenges.com\/#\/schema\/person\/098f145c7c61a021c425e010f840080f","name":"ni.abdi","image":{"@type":"ImageObject","inLanguage":"en-US","@id":"https:\/\/territorialchallenges.com\/#\/schema\/person\/image\/","url":"https:\/\/secure.gravatar.com\/avatar\/2a2f2491f3c80039986ba989b1e4b510?s=96&d=identicon&r=g","contentUrl":"https:\/\/secure.gravatar.com\/avatar\/2a2f2491f3c80039986ba989b1e4b510?s=96&d=identicon&r=g","caption":"ni.abdi"},"sameAs":["https:\/\/twitter.com\/Ni.abdi"],"url":"https:\/\/territorialchallenges.com\/en\/author\/ni-abdi\/"}]}},"_links":{"self":[{"href":"https:\/\/territorialchallenges.com\/en\/wp-json\/wp\/v2\/posts\/123906"}],"collection":[{"href":"https:\/\/territorialchallenges.com\/en\/wp-json\/wp\/v2\/posts"}],"about":[{"href":"https:\/\/territorialchallenges.com\/en\/wp-json\/wp\/v2\/types\/post"}],"author":[{"embeddable":true,"href":"https:\/\/territorialchallenges.com\/en\/wp-json\/wp\/v2\/users\/11"}],"replies":[{"embeddable":true,"href":"https:\/\/territorialchallenges.com\/en\/wp-json\/wp\/v2\/comments?post=123906"}],"version-history":[{"count":1,"href":"https:\/\/territorialchallenges.com\/en\/wp-json\/wp\/v2\/posts\/123906\/revisions"}],"predecessor-version":[{"id":123908,"href":"https:\/\/territorialchallenges.com\/en\/wp-json\/wp\/v2\/posts\/123906\/revisions\/123908"}],"wp:featuredmedia":[{"embeddable":true,"href":"https:\/\/territorialchallenges.com\/en\/wp-json\/wp\/v2\/media\/123907"}],"wp:attachment":[{"href":"https:\/\/territorialchallenges.com\/en\/wp-json\/wp\/v2\/media?parent=123906"}],"wp:term":[{"taxonomy":"category","embeddable":true,"href":"https:\/\/territorialchallenges.com\/en\/wp-json\/wp\/v2\/categories?post=123906"},{"taxonomy":"post_tag","embeddable":true,"href":"https:\/\/territorialchallenges.com\/en\/wp-json\/wp\/v2\/tags?post=123906"}],"curies":[{"name":"wp","href":"https:\/\/api.w.org\/{rel}","templated":true}]}}