{"id":123559,"date":"2024-11-24T12:46:13","date_gmt":"2024-11-24T11:46:13","guid":{"rendered":"https:\/\/territorialchallenges.com\/?p=123559"},"modified":"2024-11-24T12:46:15","modified_gmt":"2024-11-24T11:46:15","slug":"la-revue-generale-de-lelectricite-un-temoignage-historique-de-lindustrie-electrique-francaise","status":"publish","type":"post","link":"https:\/\/territorialchallenges.com\/en\/2024\/11\/24\/la-revue-generale-de-lelectricite-un-temoignage-historique-de-lindustrie-electrique-francaise\/123559\/","title":{"rendered":"The General Review of Electricity: A Historical Account of the French Electrical Industry"},"content":{"rendered":"<p>The &quot;Revue g\u00e9n\u00e9rale de l&#039;\u00e9lectricit\u00e9&quot;, the organ of the Union of Electricity Unions, is an emblematic publication that has marked the history of the electricity industry in France. Directed by J. Blondin and written by Alfred Soulier, this journal played a crucial role in the dissemination of knowledge and technological advances in the field of electricity\u2026. <\/p>\n<div class=\"pmpro_content_message\">Article only viewable by subscribers.<br \/><a href=\"https:\/\/territorialchallenges.com\/wp-login.php\">Connection<\/a><br \/><a href=\"https:\/\/territorialchallenges.com\/en\/wp-login.php\/?action=register\">Register<\/a><\/div>","protected":false},"excerpt":{"rendered":"<p>La \u00ab\u00a0Revue g\u00e9n\u00e9rale de l&rsquo;\u00e9lectricit\u00e9\u00a0\u00bb, organe de l&rsquo;Union des syndicats de l&rsquo;\u00e9lectricit\u00e9, est une publication embl\u00e9matique qui a marqu\u00e9 l&rsquo;histoire de l&rsquo;industrie \u00e9lectrique en France. Dirig\u00e9e par J. Blondin et r\u00e9dig\u00e9e par Alfred Soulier, cette revue a jou\u00e9 un r\u00f4le crucial dans la diffusion des connaissances et des avanc\u00e9es technologiques dans le domaine de l&rsquo;\u00e9lectricit\u00e9.... <\/p>\n<div class=\"pmpro_content_message\">Article only viewable by subscribers.<br \/><a href=\"https:\/\/territorialchallenges.com\/wp-login.php\">Connection<\/a><br \/><a href=\"https:\/\/territorialchallenges.com\/en\/wp-login.php\/?action=register\">Register<\/a><\/div>","protected":false},"author":11,"featured_media":123560,"comment_status":"closed","ping_status":"closed","sticky":true,"template":"","format":"standard","meta":{"pmpro_default_level":0,"footnotes":""},"categories":[121],"tags":[],"blocksy_meta":"","yoast_head":"<!-- This site is optimized with the Yoast SEO plugin v21.5 - https:\/\/yoast.com\/wordpress\/plugins\/seo\/ -->\n<title>La revue g\u00e9n\u00e9rale de l&#039;\u00e9lectricit\u00e9 : un t\u00e9moignage historique de l&#039;industrie \u00e9lectrique fran\u00e7aise - Territorial Challenges<\/title>\n<meta name=\"robots\" content=\"index, follow, max-snippet:-1, max-image-preview:large, max-video-preview:-1\" \/>\n<link rel=\"canonical\" href=\"https:\/\/territorialchallenges.com\/en\/2024\/11\/24\/la-revue-generale-de-lelectricite-un-temoignage-historique-de-lindustrie-electrique-francaise\/123559\/\" \/>\n<meta property=\"og:locale\" content=\"en_US\" \/>\n<meta property=\"og:type\" content=\"article\" \/>\n<meta property=\"og:title\" content=\"La revue g\u00e9n\u00e9rale de l&#039;\u00e9lectricit\u00e9 : un t\u00e9moignage historique de l&#039;industrie \u00e9lectrique fran\u00e7aise - Territorial Challenges\" \/>\n<meta property=\"og:description\" content=\"La \u00ab\u00a0Revue g\u00e9n\u00e9rale de l&rsquo;\u00e9lectricit\u00e9\u00a0\u00bb, organe de l&rsquo;Union des syndicats de l&rsquo;\u00e9lectricit\u00e9, est une publication embl\u00e9matique qui a marqu\u00e9 l&rsquo;histoire de l&rsquo;industrie \u00e9lectrique en France. Dirig\u00e9e par J. Blondin et r\u00e9dig\u00e9e par Alfred Soulier, cette revue a jou\u00e9 un r\u00f4le crucial dans la diffusion des connaissances et des avanc\u00e9es technologiques dans le domaine de l&rsquo;\u00e9lectricit\u00e9. [&hellip;]\" \/>\n<meta property=\"og:url\" content=\"https:\/\/territorialchallenges.com\/en\/2024\/11\/24\/la-revue-generale-de-lelectricite-un-temoignage-historique-de-lindustrie-electrique-francaise\/123559\/\" \/>\n<meta property=\"og:site_name\" content=\"Territorial Challenges\" \/>\n<meta property=\"article:published_time\" content=\"2024-11-24T11:46:13+00:00\" \/>\n<meta property=\"article:modified_time\" content=\"2024-11-24T11:46:15+00:00\" \/>\n<meta property=\"og:image\" content=\"https:\/\/territorialchallenges.com\/wp-content\/uploads\/2024\/11\/Revue_generale_de_lelectricite___.Union_technique_bpt6k6579700j.jpeg\" \/>\n\t<meta property=\"og:image:width\" content=\"1024\" \/>\n\t<meta property=\"og:image:height\" content=\"1314\" \/>\n\t<meta property=\"og:image:type\" content=\"image\/jpeg\" \/>\n<meta name=\"author\" content=\"ni.abdi\" \/>\n<meta name=\"twitter:card\" content=\"summary_large_image\" \/>\n<meta name=\"twitter:creator\" content=\"@Ni.abdi\" \/>\n<meta name=\"twitter:label1\" content=\"Written by\" \/>\n\t<meta name=\"twitter:data1\" content=\"ni.abdi\" \/>\n\t<meta name=\"twitter:label2\" content=\"Est. reading time\" \/>\n\t<meta name=\"twitter:data2\" content=\"3 minutes\" \/>\n<script type=\"application\/ld+json\" class=\"yoast-schema-graph\">{\"@context\":\"https:\/\/schema.org\",\"@graph\":[{\"@type\":\"Article\",\"@id\":\"https:\/\/territorialchallenges.com\/2024\/11\/24\/la-revue-generale-de-lelectricite-un-temoignage-historique-de-lindustrie-electrique-francaise\/123559\/#article\",\"isPartOf\":{\"@id\":\"https:\/\/territorialchallenges.com\/2024\/11\/24\/la-revue-generale-de-lelectricite-un-temoignage-historique-de-lindustrie-electrique-francaise\/123559\/\"},\"author\":{\"name\":\"ni.abdi\",\"@id\":\"https:\/\/territorialchallenges.com\/#\/schema\/person\/098f145c7c61a021c425e010f840080f\"},\"headline\":\"La revue g\u00e9n\u00e9rale de l&rsquo;\u00e9lectricit\u00e9 : un t\u00e9moignage historique de l&rsquo;industrie \u00e9lectrique fran\u00e7aise\",\"datePublished\":\"2024-11-24T11:46:13+00:00\",\"dateModified\":\"2024-11-24T11:46:15+00:00\",\"mainEntityOfPage\":{\"@id\":\"https:\/\/territorialchallenges.com\/2024\/11\/24\/la-revue-generale-de-lelectricite-un-temoignage-historique-de-lindustrie-electrique-francaise\/123559\/\"},\"wordCount\":728,\"publisher\":{\"@id\":\"https:\/\/territorialchallenges.com\/#organization\"},\"articleSection\":[\"M\u00e9moire\"],\"inLanguage\":\"en-US\"},{\"@type\":\"WebPage\",\"@id\":\"https:\/\/territorialchallenges.com\/2024\/11\/24\/la-revue-generale-de-lelectricite-un-temoignage-historique-de-lindustrie-electrique-francaise\/123559\/\",\"url\":\"https:\/\/territorialchallenges.com\/2024\/11\/24\/la-revue-generale-de-lelectricite-un-temoignage-historique-de-lindustrie-electrique-francaise\/123559\/\",\"name\":\"La revue g\u00e9n\u00e9rale de l'\u00e9lectricit\u00e9 : un t\u00e9moignage historique de l'industrie \u00e9lectrique fran\u00e7aise - Territorial Challenges\",\"isPartOf\":{\"@id\":\"https:\/\/territorialchallenges.com\/#website\"},\"datePublished\":\"2024-11-24T11:46:13+00:00\",\"dateModified\":\"2024-11-24T11:46:15+00:00\",\"breadcrumb\":{\"@id\":\"https:\/\/territorialchallenges.com\/2024\/11\/24\/la-revue-generale-de-lelectricite-un-temoignage-historique-de-lindustrie-electrique-francaise\/123559\/#breadcrumb\"},\"inLanguage\":\"en-US\",\"potentialAction\":[{\"@type\":\"ReadAction\",\"target\":[\"https:\/\/territorialchallenges.com\/2024\/11\/24\/la-revue-generale-de-lelectricite-un-temoignage-historique-de-lindustrie-electrique-francaise\/123559\/\"]}]},{\"@type\":\"BreadcrumbList\",\"@id\":\"https:\/\/territorialchallenges.com\/2024\/11\/24\/la-revue-generale-de-lelectricite-un-temoignage-historique-de-lindustrie-electrique-francaise\/123559\/#breadcrumb\",\"itemListElement\":[{\"@type\":\"ListItem\",\"position\":1,\"name\":\"Home\",\"item\":\"https:\/\/territorialchallenges.com\/\"},{\"@type\":\"ListItem\",\"position\":2,\"name\":\"La revue g\u00e9n\u00e9rale de l&rsquo;\u00e9lectricit\u00e9 : un t\u00e9moignage historique de l&rsquo;industrie \u00e9lectrique fran\u00e7aise\"}]},{\"@type\":\"WebSite\",\"@id\":\"https:\/\/territorialchallenges.com\/#website\",\"url\":\"https:\/\/territorialchallenges.com\/\",\"name\":\"Territorial Challenges\",\"description\":\"Veille Internationale - Strat\u00e9gie Intelligentes - Bonnes pratiques\",\"publisher\":{\"@id\":\"https:\/\/territorialchallenges.com\/#organization\"},\"potentialAction\":[{\"@type\":\"SearchAction\",\"target\":{\"@type\":\"EntryPoint\",\"urlTemplate\":\"https:\/\/territorialchallenges.com\/?s={search_term_string}\"},\"query-input\":\"required name=search_term_string\"}],\"inLanguage\":\"en-US\"},{\"@type\":\"Organization\",\"@id\":\"https:\/\/territorialchallenges.com\/#organization\",\"name\":\"Territorial Challenges\",\"url\":\"https:\/\/territorialchallenges.com\/\",\"logo\":{\"@type\":\"ImageObject\",\"inLanguage\":\"en-US\",\"@id\":\"https:\/\/territorialchallenges.com\/#\/schema\/logo\/image\/\",\"url\":\"https:\/\/territorialchallenges.com\/wp-content\/uploads\/2023\/10\/logo-1.png\",\"contentUrl\":\"https:\/\/territorialchallenges.com\/wp-content\/uploads\/2023\/10\/logo-1.png\",\"width\":1832,\"height\":576,\"caption\":\"Territorial Challenges\"},\"image\":{\"@id\":\"https:\/\/territorialchallenges.com\/#\/schema\/logo\/image\/\"}},{\"@type\":\"Person\",\"@id\":\"https:\/\/territorialchallenges.com\/#\/schema\/person\/098f145c7c61a021c425e010f840080f\",\"name\":\"ni.abdi\",\"image\":{\"@type\":\"ImageObject\",\"inLanguage\":\"en-US\",\"@id\":\"https:\/\/territorialchallenges.com\/#\/schema\/person\/image\/\",\"url\":\"https:\/\/secure.gravatar.com\/avatar\/2a2f2491f3c80039986ba989b1e4b510?s=96&d=identicon&r=g\",\"contentUrl\":\"https:\/\/secure.gravatar.com\/avatar\/2a2f2491f3c80039986ba989b1e4b510?s=96&d=identicon&r=g\",\"caption\":\"ni.abdi\"},\"sameAs\":[\"https:\/\/twitter.com\/Ni.abdi\"],\"url\":\"https:\/\/territorialchallenges.com\/en\/author\/ni-abdi\/\"}]}<\/script>\n<!-- \/ Yoast SEO plugin. -->","yoast_head_json":{"title":"La revue g\u00e9n\u00e9rale de l'\u00e9lectricit\u00e9 : un t\u00e9moignage historique de l'industrie \u00e9lectrique fran\u00e7aise - Territorial Challenges","robots":{"index":"index","follow":"follow","max-snippet":"max-snippet:-1","max-image-preview":"max-image-preview:large","max-video-preview":"max-video-preview:-1"},"canonical":"https:\/\/territorialchallenges.com\/en\/2024\/11\/24\/la-revue-generale-de-lelectricite-un-temoignage-historique-de-lindustrie-electrique-francaise\/123559\/","og_locale":"en_US","og_type":"article","og_title":"La revue g\u00e9n\u00e9rale de l'\u00e9lectricit\u00e9 : un t\u00e9moignage historique de l'industrie \u00e9lectrique fran\u00e7aise - Territorial Challenges","og_description":"La \u00ab\u00a0Revue g\u00e9n\u00e9rale de l&rsquo;\u00e9lectricit\u00e9\u00a0\u00bb, organe de l&rsquo;Union des syndicats de l&rsquo;\u00e9lectricit\u00e9, est une publication embl\u00e9matique qui a marqu\u00e9 l&rsquo;histoire de l&rsquo;industrie \u00e9lectrique en France. Dirig\u00e9e par J. Blondin et r\u00e9dig\u00e9e par Alfred Soulier, cette revue a jou\u00e9 un r\u00f4le crucial dans la diffusion des connaissances et des avanc\u00e9es technologiques dans le domaine de l&rsquo;\u00e9lectricit\u00e9. [&hellip;]","og_url":"https:\/\/territorialchallenges.com\/en\/2024\/11\/24\/la-revue-generale-de-lelectricite-un-temoignage-historique-de-lindustrie-electrique-francaise\/123559\/","og_site_name":"Territorial Challenges","article_published_time":"2024-11-24T11:46:13+00:00","article_modified_time":"2024-11-24T11:46:15+00:00","og_image":[{"width":1024,"height":1314,"url":"https:\/\/territorialchallenges.com\/wp-content\/uploads\/2024\/11\/Revue_generale_de_lelectricite___.Union_technique_bpt6k6579700j.jpeg","type":"image\/jpeg"}],"author":"ni.abdi","twitter_card":"summary_large_image","twitter_creator":"@Ni.abdi","twitter_misc":{"Written by":"ni.abdi","Est. reading time":"3 minutes"},"schema":{"@context":"https:\/\/schema.org","@graph":[{"@type":"Article","@id":"https:\/\/territorialchallenges.com\/2024\/11\/24\/la-revue-generale-de-lelectricite-un-temoignage-historique-de-lindustrie-electrique-francaise\/123559\/#article","isPartOf":{"@id":"https:\/\/territorialchallenges.com\/2024\/11\/24\/la-revue-generale-de-lelectricite-un-temoignage-historique-de-lindustrie-electrique-francaise\/123559\/"},"author":{"name":"ni.abdi","@id":"https:\/\/territorialchallenges.com\/#\/schema\/person\/098f145c7c61a021c425e010f840080f"},"headline":"La revue g\u00e9n\u00e9rale de l&rsquo;\u00e9lectricit\u00e9 : un t\u00e9moignage historique de l&rsquo;industrie \u00e9lectrique fran\u00e7aise","datePublished":"2024-11-24T11:46:13+00:00","dateModified":"2024-11-24T11:46:15+00:00","mainEntityOfPage":{"@id":"https:\/\/territorialchallenges.com\/2024\/11\/24\/la-revue-generale-de-lelectricite-un-temoignage-historique-de-lindustrie-electrique-francaise\/123559\/"},"wordCount":728,"publisher":{"@id":"https:\/\/territorialchallenges.com\/#organization"},"articleSection":["M\u00e9moire"],"inLanguage":"en-US"},{"@type":"WebPage","@id":"https:\/\/territorialchallenges.com\/2024\/11\/24\/la-revue-generale-de-lelectricite-un-temoignage-historique-de-lindustrie-electrique-francaise\/123559\/","url":"https:\/\/territorialchallenges.com\/2024\/11\/24\/la-revue-generale-de-lelectricite-un-temoignage-historique-de-lindustrie-electrique-francaise\/123559\/","name":"La revue g\u00e9n\u00e9rale de l'\u00e9lectricit\u00e9 : un t\u00e9moignage historique de l'industrie \u00e9lectrique fran\u00e7aise - Territorial Challenges","isPartOf":{"@id":"https:\/\/territorialchallenges.com\/#website"},"datePublished":"2024-11-24T11:46:13+00:00","dateModified":"2024-11-24T11:46:15+00:00","breadcrumb":{"@id":"https:\/\/territorialchallenges.com\/2024\/11\/24\/la-revue-generale-de-lelectricite-un-temoignage-historique-de-lindustrie-electrique-francaise\/123559\/#breadcrumb"},"inLanguage":"en-US","potentialAction":[{"@type":"ReadAction","target":["https:\/\/territorialchallenges.com\/2024\/11\/24\/la-revue-generale-de-lelectricite-un-temoignage-historique-de-lindustrie-electrique-francaise\/123559\/"]}]},{"@type":"BreadcrumbList","@id":"https:\/\/territorialchallenges.com\/2024\/11\/24\/la-revue-generale-de-lelectricite-un-temoignage-historique-de-lindustrie-electrique-francaise\/123559\/#breadcrumb","itemListElement":[{"@type":"ListItem","position":1,"name":"Home","item":"https:\/\/territorialchallenges.com\/"},{"@type":"ListItem","position":2,"name":"La revue g\u00e9n\u00e9rale de l&rsquo;\u00e9lectricit\u00e9 : un t\u00e9moignage historique de l&rsquo;industrie \u00e9lectrique fran\u00e7aise"}]},{"@type":"WebSite","@id":"https:\/\/territorialchallenges.com\/#website","url":"https:\/\/territorialchallenges.com\/","name":"Territorial Challenges","description":"Veille Internationale - Intelligent strategies - Best practices","publisher":{"@id":"https:\/\/territorialchallenges.com\/#organization"},"potentialAction":[{"@type":"SearchAction","target":{"@type":"EntryPoint","urlTemplate":"https:\/\/territorialchallenges.com\/?s={search_term_string}"},"query-input":"required name=search_term_string"}],"inLanguage":"en-US"},{"@type":"Organization","@id":"https:\/\/territorialchallenges.com\/#organization","name":"Territorial Challenges","url":"https:\/\/territorialchallenges.com\/","logo":{"@type":"ImageObject","inLanguage":"en-US","@id":"https:\/\/territorialchallenges.com\/#\/schema\/logo\/image\/","url":"https:\/\/territorialchallenges.com\/wp-content\/uploads\/2023\/10\/logo-1.png","contentUrl":"https:\/\/territorialchallenges.com\/wp-content\/uploads\/2023\/10\/logo-1.png","width":1832,"height":576,"caption":"Territorial Challenges"},"image":{"@id":"https:\/\/territorialchallenges.com\/#\/schema\/logo\/image\/"}},{"@type":"Person","@id":"https:\/\/territorialchallenges.com\/#\/schema\/person\/098f145c7c61a021c425e010f840080f","name":"ni.abdi","image":{"@type":"ImageObject","inLanguage":"en-US","@id":"https:\/\/territorialchallenges.com\/#\/schema\/person\/image\/","url":"https:\/\/secure.gravatar.com\/avatar\/2a2f2491f3c80039986ba989b1e4b510?s=96&d=identicon&r=g","contentUrl":"https:\/\/secure.gravatar.com\/avatar\/2a2f2491f3c80039986ba989b1e4b510?s=96&d=identicon&r=g","caption":"ni.abdi"},"sameAs":["https:\/\/twitter.com\/Ni.abdi"],"url":"https:\/\/territorialchallenges.com\/en\/author\/ni-abdi\/"}]}},"_links":{"self":[{"href":"https:\/\/territorialchallenges.com\/en\/wp-json\/wp\/v2\/posts\/123559"}],"collection":[{"href":"https:\/\/territorialchallenges.com\/en\/wp-json\/wp\/v2\/posts"}],"about":[{"href":"https:\/\/territorialchallenges.com\/en\/wp-json\/wp\/v2\/types\/post"}],"author":[{"embeddable":true,"href":"https:\/\/territorialchallenges.com\/en\/wp-json\/wp\/v2\/users\/11"}],"replies":[{"embeddable":true,"href":"https:\/\/territorialchallenges.com\/en\/wp-json\/wp\/v2\/comments?post=123559"}],"version-history":[{"count":1,"href":"https:\/\/territorialchallenges.com\/en\/wp-json\/wp\/v2\/posts\/123559\/revisions"}],"predecessor-version":[{"id":123561,"href":"https:\/\/territorialchallenges.com\/en\/wp-json\/wp\/v2\/posts\/123559\/revisions\/123561"}],"wp:featuredmedia":[{"embeddable":true,"href":"https:\/\/territorialchallenges.com\/en\/wp-json\/wp\/v2\/media\/123560"}],"wp:attachment":[{"href":"https:\/\/territorialchallenges.com\/en\/wp-json\/wp\/v2\/media?parent=123559"}],"wp:term":[{"taxonomy":"category","embeddable":true,"href":"https:\/\/territorialchallenges.com\/en\/wp-json\/wp\/v2\/categories?post=123559"},{"taxonomy":"post_tag","embeddable":true,"href":"https:\/\/territorialchallenges.com\/en\/wp-json\/wp\/v2\/tags?post=123559"}],"curies":[{"name":"wp","href":"https:\/\/api.w.org\/{rel}","templated":true}]}}