{"id":123443,"date":"2024-10-16T17:14:03","date_gmt":"2024-10-16T15:14:03","guid":{"rendered":"https:\/\/territorialchallenges.com\/?p=123443"},"modified":"2024-10-16T17:14:07","modified_gmt":"2024-10-16T15:14:07","slug":"espagne-carlos-luis-mundina-gomez-un-homme-a-la-croisee-du-climat-de-leau-et-de-linnovation-urbaine","status":"publish","type":"post","link":"https:\/\/territorialchallenges.com\/en\/2024\/10\/16\/espagne-carlos-luis-mundina-gomez-un-homme-a-la-croisee-du-climat-de-leau-et-de-linnovation-urbaine\/123443\/","title":{"rendered":"Spain: Carlos Luis Mundina G\u00f3mez, a man at the crossroads of climate, water and urban innovation"},"content":{"rendered":"<p>At the head of several public entities in Valencia, Carlos Luis Mundina G\u00f3mez, City Councilor for Climate Improvement and Water Management, is revolutionizing the energy transition with visionary initiatives. Among them, the solar panel project in cemeteries promises to make Valencia a sustainable metropolis. As City Councilor\u2026 <\/p>\n<div class=\"pmpro_content_message\">Article only viewable by subscribers.<br \/><a href=\"https:\/\/territorialchallenges.com\/wp-login.php\">Connection<\/a><br \/><a href=\"https:\/\/territorialchallenges.com\/en\/wp-login.php\/?action=register\">Register<\/a><\/div>","protected":false},"excerpt":{"rendered":"<p>\u00c0 la t\u00eate de plusieurs entit\u00e9s publiques \u00e0 Valence, Carlos Luis Mundina G\u00f3mez, conseiller municipal pour l&rsquo;am\u00e9lioration du climat et la gestion de l&rsquo;eau, r\u00e9volutionne la transition \u00e9nerg\u00e9tique avec des initiatives visionnaires. Parmi elles, le projet de panneaux solaires dans les cimeti\u00e8res promet de faire de Valence une m\u00e9tropole durable. En tant que conseiller municipal... <\/p>\n<div class=\"pmpro_content_message\">Article only viewable by subscribers.<br \/><a href=\"https:\/\/territorialchallenges.com\/wp-login.php\">Connection<\/a><br \/><a href=\"https:\/\/territorialchallenges.com\/en\/wp-login.php\/?action=register\">Register<\/a><\/div>","protected":false},"author":11,"featured_media":123445,"comment_status":"closed","ping_status":"closed","sticky":true,"template":"","format":"standard","meta":{"pmpro_default_level":0,"footnotes":""},"categories":[126,117],"tags":[],"blocksy_meta":"","yoast_head":"<!-- This site is optimized with the Yoast SEO plugin v21.5 - https:\/\/yoast.com\/wordpress\/plugins\/seo\/ -->\n<title>Espagne: Carlos Luis Mundina G\u00f3mez, un homme \u00e0 la crois\u00e9e du climat, de l\u2019eau et de l\u2019innovation urbaine - Territorial Challenges<\/title>\n<meta name=\"robots\" content=\"index, follow, max-snippet:-1, max-image-preview:large, max-video-preview:-1\" \/>\n<link rel=\"canonical\" href=\"https:\/\/territorialchallenges.com\/en\/2024\/10\/16\/espagne-carlos-luis-mundina-gomez-un-homme-a-la-croisee-du-climat-de-leau-et-de-linnovation-urbaine\/123443\/\" \/>\n<meta property=\"og:locale\" content=\"en_US\" \/>\n<meta property=\"og:type\" content=\"article\" \/>\n<meta property=\"og:title\" content=\"Espagne: Carlos Luis Mundina G\u00f3mez, un homme \u00e0 la crois\u00e9e du climat, de l\u2019eau et de l\u2019innovation urbaine - Territorial Challenges\" \/>\n<meta property=\"og:description\" content=\"\u00c0 la t\u00eate de plusieurs entit\u00e9s publiques \u00e0 Valence, Carlos Luis Mundina G\u00f3mez, conseiller municipal pour l&rsquo;am\u00e9lioration du climat et la gestion de l&rsquo;eau, r\u00e9volutionne la transition \u00e9nerg\u00e9tique avec des initiatives visionnaires. Parmi elles, le projet de panneaux solaires dans les cimeti\u00e8res promet de faire de Valence une m\u00e9tropole durable. En tant que conseiller municipal [&hellip;]\" \/>\n<meta property=\"og:url\" content=\"https:\/\/territorialchallenges.com\/en\/2024\/10\/16\/espagne-carlos-luis-mundina-gomez-un-homme-a-la-croisee-du-climat-de-leau-et-de-linnovation-urbaine\/123443\/\" \/>\n<meta property=\"og:site_name\" content=\"Territorial Challenges\" \/>\n<meta property=\"article:published_time\" content=\"2024-10-16T15:14:03+00:00\" \/>\n<meta property=\"article:modified_time\" content=\"2024-10-16T15:14:07+00:00\" \/>\n<meta property=\"og:image\" content=\"https:\/\/territorialchallenges.com\/wp-content\/uploads\/2024\/10\/OnParledeuxcarlosmundina.jpg\" \/>\n\t<meta property=\"og:image:width\" content=\"768\" \/>\n\t<meta property=\"og:image:height\" content=\"512\" \/>\n\t<meta property=\"og:image:type\" content=\"image\/jpeg\" \/>\n<meta name=\"author\" content=\"ni.abdi\" \/>\n<meta name=\"twitter:card\" content=\"summary_large_image\" \/>\n<meta name=\"twitter:creator\" content=\"@Ni.abdi\" \/>\n<meta name=\"twitter:label1\" content=\"Written by\" \/>\n\t<meta name=\"twitter:data1\" content=\"ni.abdi\" \/>\n\t<meta name=\"twitter:label2\" content=\"Est. reading time\" \/>\n\t<meta name=\"twitter:data2\" content=\"4 minutes\" \/>\n<script type=\"application\/ld+json\" class=\"yoast-schema-graph\">{\"@context\":\"https:\/\/schema.org\",\"@graph\":[{\"@type\":\"Article\",\"@id\":\"https:\/\/territorialchallenges.com\/2024\/10\/16\/espagne-carlos-luis-mundina-gomez-un-homme-a-la-croisee-du-climat-de-leau-et-de-linnovation-urbaine\/123443\/#article\",\"isPartOf\":{\"@id\":\"https:\/\/territorialchallenges.com\/2024\/10\/16\/espagne-carlos-luis-mundina-gomez-un-homme-a-la-croisee-du-climat-de-leau-et-de-linnovation-urbaine\/123443\/\"},\"author\":{\"name\":\"ni.abdi\",\"@id\":\"https:\/\/territorialchallenges.com\/#\/schema\/person\/098f145c7c61a021c425e010f840080f\"},\"headline\":\"Espagne: Carlos Luis Mundina G\u00f3mez, un homme \u00e0 la crois\u00e9e du climat, de l\u2019eau et de l\u2019innovation urbaine\",\"datePublished\":\"2024-10-16T15:14:03+00:00\",\"dateModified\":\"2024-10-16T15:14:07+00:00\",\"mainEntityOfPage\":{\"@id\":\"https:\/\/territorialchallenges.com\/2024\/10\/16\/espagne-carlos-luis-mundina-gomez-un-homme-a-la-croisee-du-climat-de-leau-et-de-linnovation-urbaine\/123443\/\"},\"wordCount\":727,\"publisher\":{\"@id\":\"https:\/\/territorialchallenges.com\/#organization\"},\"articleSection\":[\"On parle d'eux\",\"\u00c9cosyst\u00e8me\"],\"inLanguage\":\"en-US\"},{\"@type\":\"WebPage\",\"@id\":\"https:\/\/territorialchallenges.com\/2024\/10\/16\/espagne-carlos-luis-mundina-gomez-un-homme-a-la-croisee-du-climat-de-leau-et-de-linnovation-urbaine\/123443\/\",\"url\":\"https:\/\/territorialchallenges.com\/2024\/10\/16\/espagne-carlos-luis-mundina-gomez-un-homme-a-la-croisee-du-climat-de-leau-et-de-linnovation-urbaine\/123443\/\",\"name\":\"Espagne: Carlos Luis Mundina G\u00f3mez, un homme \u00e0 la crois\u00e9e du climat, de l\u2019eau et de l\u2019innovation urbaine - Territorial Challenges\",\"isPartOf\":{\"@id\":\"https:\/\/territorialchallenges.com\/#website\"},\"datePublished\":\"2024-10-16T15:14:03+00:00\",\"dateModified\":\"2024-10-16T15:14:07+00:00\",\"breadcrumb\":{\"@id\":\"https:\/\/territorialchallenges.com\/2024\/10\/16\/espagne-carlos-luis-mundina-gomez-un-homme-a-la-croisee-du-climat-de-leau-et-de-linnovation-urbaine\/123443\/#breadcrumb\"},\"inLanguage\":\"en-US\",\"potentialAction\":[{\"@type\":\"ReadAction\",\"target\":[\"https:\/\/territorialchallenges.com\/2024\/10\/16\/espagne-carlos-luis-mundina-gomez-un-homme-a-la-croisee-du-climat-de-leau-et-de-linnovation-urbaine\/123443\/\"]}]},{\"@type\":\"BreadcrumbList\",\"@id\":\"https:\/\/territorialchallenges.com\/2024\/10\/16\/espagne-carlos-luis-mundina-gomez-un-homme-a-la-croisee-du-climat-de-leau-et-de-linnovation-urbaine\/123443\/#breadcrumb\",\"itemListElement\":[{\"@type\":\"ListItem\",\"position\":1,\"name\":\"Home\",\"item\":\"https:\/\/territorialchallenges.com\/\"},{\"@type\":\"ListItem\",\"position\":2,\"name\":\"Espagne: Carlos Luis Mundina G\u00f3mez, un homme \u00e0 la crois\u00e9e du climat, de l\u2019eau et de l\u2019innovation urbaine\"}]},{\"@type\":\"WebSite\",\"@id\":\"https:\/\/territorialchallenges.com\/#website\",\"url\":\"https:\/\/territorialchallenges.com\/\",\"name\":\"Territorial Challenges\",\"description\":\"Veille Internationale - Strat\u00e9gie Intelligentes - Bonnes pratiques\",\"publisher\":{\"@id\":\"https:\/\/territorialchallenges.com\/#organization\"},\"potentialAction\":[{\"@type\":\"SearchAction\",\"target\":{\"@type\":\"EntryPoint\",\"urlTemplate\":\"https:\/\/territorialchallenges.com\/?s={search_term_string}\"},\"query-input\":\"required name=search_term_string\"}],\"inLanguage\":\"en-US\"},{\"@type\":\"Organization\",\"@id\":\"https:\/\/territorialchallenges.com\/#organization\",\"name\":\"Territorial Challenges\",\"url\":\"https:\/\/territorialchallenges.com\/\",\"logo\":{\"@type\":\"ImageObject\",\"inLanguage\":\"en-US\",\"@id\":\"https:\/\/territorialchallenges.com\/#\/schema\/logo\/image\/\",\"url\":\"https:\/\/territorialchallenges.com\/wp-content\/uploads\/2023\/10\/logo-1.png\",\"contentUrl\":\"https:\/\/territorialchallenges.com\/wp-content\/uploads\/2023\/10\/logo-1.png\",\"width\":1832,\"height\":576,\"caption\":\"Territorial Challenges\"},\"image\":{\"@id\":\"https:\/\/territorialchallenges.com\/#\/schema\/logo\/image\/\"}},{\"@type\":\"Person\",\"@id\":\"https:\/\/territorialchallenges.com\/#\/schema\/person\/098f145c7c61a021c425e010f840080f\",\"name\":\"ni.abdi\",\"image\":{\"@type\":\"ImageObject\",\"inLanguage\":\"en-US\",\"@id\":\"https:\/\/territorialchallenges.com\/#\/schema\/person\/image\/\",\"url\":\"https:\/\/secure.gravatar.com\/avatar\/2a2f2491f3c80039986ba989b1e4b510?s=96&d=identicon&r=g\",\"contentUrl\":\"https:\/\/secure.gravatar.com\/avatar\/2a2f2491f3c80039986ba989b1e4b510?s=96&d=identicon&r=g\",\"caption\":\"ni.abdi\"},\"sameAs\":[\"https:\/\/twitter.com\/Ni.abdi\"],\"url\":\"https:\/\/territorialchallenges.com\/en\/author\/ni-abdi\/\"}]}<\/script>\n<!-- \/ Yoast SEO plugin. -->","yoast_head_json":{"title":"Espagne: Carlos Luis Mundina G\u00f3mez, un homme \u00e0 la crois\u00e9e du climat, de l\u2019eau et de l\u2019innovation urbaine - Territorial Challenges","robots":{"index":"index","follow":"follow","max-snippet":"max-snippet:-1","max-image-preview":"max-image-preview:large","max-video-preview":"max-video-preview:-1"},"canonical":"https:\/\/territorialchallenges.com\/en\/2024\/10\/16\/espagne-carlos-luis-mundina-gomez-un-homme-a-la-croisee-du-climat-de-leau-et-de-linnovation-urbaine\/123443\/","og_locale":"en_US","og_type":"article","og_title":"Espagne: Carlos Luis Mundina G\u00f3mez, un homme \u00e0 la crois\u00e9e du climat, de l\u2019eau et de l\u2019innovation urbaine - Territorial Challenges","og_description":"\u00c0 la t\u00eate de plusieurs entit\u00e9s publiques \u00e0 Valence, Carlos Luis Mundina G\u00f3mez, conseiller municipal pour l&rsquo;am\u00e9lioration du climat et la gestion de l&rsquo;eau, r\u00e9volutionne la transition \u00e9nerg\u00e9tique avec des initiatives visionnaires. Parmi elles, le projet de panneaux solaires dans les cimeti\u00e8res promet de faire de Valence une m\u00e9tropole durable. En tant que conseiller municipal [&hellip;]","og_url":"https:\/\/territorialchallenges.com\/en\/2024\/10\/16\/espagne-carlos-luis-mundina-gomez-un-homme-a-la-croisee-du-climat-de-leau-et-de-linnovation-urbaine\/123443\/","og_site_name":"Territorial Challenges","article_published_time":"2024-10-16T15:14:03+00:00","article_modified_time":"2024-10-16T15:14:07+00:00","og_image":[{"width":768,"height":512,"url":"https:\/\/territorialchallenges.com\/wp-content\/uploads\/2024\/10\/OnParledeuxcarlosmundina.jpg","type":"image\/jpeg"}],"author":"ni.abdi","twitter_card":"summary_large_image","twitter_creator":"@Ni.abdi","twitter_misc":{"Written by":"ni.abdi","Est. reading time":"4 minutes"},"schema":{"@context":"https:\/\/schema.org","@graph":[{"@type":"Article","@id":"https:\/\/territorialchallenges.com\/2024\/10\/16\/espagne-carlos-luis-mundina-gomez-un-homme-a-la-croisee-du-climat-de-leau-et-de-linnovation-urbaine\/123443\/#article","isPartOf":{"@id":"https:\/\/territorialchallenges.com\/2024\/10\/16\/espagne-carlos-luis-mundina-gomez-un-homme-a-la-croisee-du-climat-de-leau-et-de-linnovation-urbaine\/123443\/"},"author":{"name":"ni.abdi","@id":"https:\/\/territorialchallenges.com\/#\/schema\/person\/098f145c7c61a021c425e010f840080f"},"headline":"Espagne: Carlos Luis Mundina G\u00f3mez, un homme \u00e0 la crois\u00e9e du climat, de l\u2019eau et de l\u2019innovation urbaine","datePublished":"2024-10-16T15:14:03+00:00","dateModified":"2024-10-16T15:14:07+00:00","mainEntityOfPage":{"@id":"https:\/\/territorialchallenges.com\/2024\/10\/16\/espagne-carlos-luis-mundina-gomez-un-homme-a-la-croisee-du-climat-de-leau-et-de-linnovation-urbaine\/123443\/"},"wordCount":727,"publisher":{"@id":"https:\/\/territorialchallenges.com\/#organization"},"articleSection":["On parle d'eux","\u00c9cosyst\u00e8me"],"inLanguage":"en-US"},{"@type":"WebPage","@id":"https:\/\/territorialchallenges.com\/2024\/10\/16\/espagne-carlos-luis-mundina-gomez-un-homme-a-la-croisee-du-climat-de-leau-et-de-linnovation-urbaine\/123443\/","url":"https:\/\/territorialchallenges.com\/2024\/10\/16\/espagne-carlos-luis-mundina-gomez-un-homme-a-la-croisee-du-climat-de-leau-et-de-linnovation-urbaine\/123443\/","name":"Espagne: Carlos Luis Mundina G\u00f3mez, un homme \u00e0 la crois\u00e9e du climat, de l\u2019eau et de l\u2019innovation urbaine - Territorial Challenges","isPartOf":{"@id":"https:\/\/territorialchallenges.com\/#website"},"datePublished":"2024-10-16T15:14:03+00:00","dateModified":"2024-10-16T15:14:07+00:00","breadcrumb":{"@id":"https:\/\/territorialchallenges.com\/2024\/10\/16\/espagne-carlos-luis-mundina-gomez-un-homme-a-la-croisee-du-climat-de-leau-et-de-linnovation-urbaine\/123443\/#breadcrumb"},"inLanguage":"en-US","potentialAction":[{"@type":"ReadAction","target":["https:\/\/territorialchallenges.com\/2024\/10\/16\/espagne-carlos-luis-mundina-gomez-un-homme-a-la-croisee-du-climat-de-leau-et-de-linnovation-urbaine\/123443\/"]}]},{"@type":"BreadcrumbList","@id":"https:\/\/territorialchallenges.com\/2024\/10\/16\/espagne-carlos-luis-mundina-gomez-un-homme-a-la-croisee-du-climat-de-leau-et-de-linnovation-urbaine\/123443\/#breadcrumb","itemListElement":[{"@type":"ListItem","position":1,"name":"Home","item":"https:\/\/territorialchallenges.com\/"},{"@type":"ListItem","position":2,"name":"Espagne: Carlos Luis Mundina G\u00f3mez, un homme \u00e0 la crois\u00e9e du climat, de l\u2019eau et de l\u2019innovation urbaine"}]},{"@type":"WebSite","@id":"https:\/\/territorialchallenges.com\/#website","url":"https:\/\/territorialchallenges.com\/","name":"Territorial Challenges","description":"Veille Internationale - Intelligent strategies - Best practices","publisher":{"@id":"https:\/\/territorialchallenges.com\/#organization"},"potentialAction":[{"@type":"SearchAction","target":{"@type":"EntryPoint","urlTemplate":"https:\/\/territorialchallenges.com\/?s={search_term_string}"},"query-input":"required name=search_term_string"}],"inLanguage":"en-US"},{"@type":"Organization","@id":"https:\/\/territorialchallenges.com\/#organization","name":"Territorial Challenges","url":"https:\/\/territorialchallenges.com\/","logo":{"@type":"ImageObject","inLanguage":"en-US","@id":"https:\/\/territorialchallenges.com\/#\/schema\/logo\/image\/","url":"https:\/\/territorialchallenges.com\/wp-content\/uploads\/2023\/10\/logo-1.png","contentUrl":"https:\/\/territorialchallenges.com\/wp-content\/uploads\/2023\/10\/logo-1.png","width":1832,"height":576,"caption":"Territorial Challenges"},"image":{"@id":"https:\/\/territorialchallenges.com\/#\/schema\/logo\/image\/"}},{"@type":"Person","@id":"https:\/\/territorialchallenges.com\/#\/schema\/person\/098f145c7c61a021c425e010f840080f","name":"ni.abdi","image":{"@type":"ImageObject","inLanguage":"en-US","@id":"https:\/\/territorialchallenges.com\/#\/schema\/person\/image\/","url":"https:\/\/secure.gravatar.com\/avatar\/2a2f2491f3c80039986ba989b1e4b510?s=96&d=identicon&r=g","contentUrl":"https:\/\/secure.gravatar.com\/avatar\/2a2f2491f3c80039986ba989b1e4b510?s=96&d=identicon&r=g","caption":"ni.abdi"},"sameAs":["https:\/\/twitter.com\/Ni.abdi"],"url":"https:\/\/territorialchallenges.com\/en\/author\/ni-abdi\/"}]}},"_links":{"self":[{"href":"https:\/\/territorialchallenges.com\/en\/wp-json\/wp\/v2\/posts\/123443"}],"collection":[{"href":"https:\/\/territorialchallenges.com\/en\/wp-json\/wp\/v2\/posts"}],"about":[{"href":"https:\/\/territorialchallenges.com\/en\/wp-json\/wp\/v2\/types\/post"}],"author":[{"embeddable":true,"href":"https:\/\/territorialchallenges.com\/en\/wp-json\/wp\/v2\/users\/11"}],"replies":[{"embeddable":true,"href":"https:\/\/territorialchallenges.com\/en\/wp-json\/wp\/v2\/comments?post=123443"}],"version-history":[{"count":1,"href":"https:\/\/territorialchallenges.com\/en\/wp-json\/wp\/v2\/posts\/123443\/revisions"}],"predecessor-version":[{"id":123446,"href":"https:\/\/territorialchallenges.com\/en\/wp-json\/wp\/v2\/posts\/123443\/revisions\/123446"}],"wp:featuredmedia":[{"embeddable":true,"href":"https:\/\/territorialchallenges.com\/en\/wp-json\/wp\/v2\/media\/123445"}],"wp:attachment":[{"href":"https:\/\/territorialchallenges.com\/en\/wp-json\/wp\/v2\/media?parent=123443"}],"wp:term":[{"taxonomy":"category","embeddable":true,"href":"https:\/\/territorialchallenges.com\/en\/wp-json\/wp\/v2\/categories?post=123443"},{"taxonomy":"post_tag","embeddable":true,"href":"https:\/\/territorialchallenges.com\/en\/wp-json\/wp\/v2\/tags?post=123443"}],"curies":[{"name":"wp","href":"https:\/\/api.w.org\/{rel}","templated":true}]}}