{"id":123339,"date":"2024-09-26T23:12:11","date_gmt":"2024-09-26T21:12:11","guid":{"rendered":"https:\/\/territorialchallenges.com\/?p=123339"},"modified":"2024-09-26T23:18:18","modified_gmt":"2024-09-26T21:18:18","slug":"la-france-face-au-defi-de-la-desindustrialisation-repenser-lavenir-par-les-territoires","status":"publish","type":"post","link":"https:\/\/territorialchallenges.com\/en\/2024\/09\/26\/la-france-face-au-defi-de-la-desindustrialisation-repenser-lavenir-par-les-territoires\/123339\/","title":{"rendered":"France faces the challenge of deindustrialization: rethinking the future through the territories"},"content":{"rendered":"<p>France, one of the most deindustrialized nations in Europe, is struggling to regain a stronghold through factories. Olivier Lluansi, an expert in reindustrialization, proposes a recovery that involves not only large cities, but especially regions and local authorities. For him, France&#039;s industrial future rests on a decentralized and\u2026 <\/p>\n<div class=\"pmpro_content_message\">Article only viewable by subscribers.<br \/><a href=\"https:\/\/territorialchallenges.com\/wp-login.php\">Connection<\/a><br \/><a href=\"https:\/\/territorialchallenges.com\/en\/wp-login.php\/?action=register\">Register<\/a><\/div>","protected":false},"excerpt":{"rendered":"<p>La France, l&rsquo;une des nations les plus d\u00e9sindustrialis\u00e9es d&rsquo;Europe, peine \u00e0 retrouver une place forte par les usines. Olivier Lluansi, expert en r\u00e9industrialisation, propose une relance qui passe non seulement par les m\u00e9tropoles, mais surtout par les territoires et les collectivit\u00e9s locales. Pour lui, l&rsquo;avenir industriel de la France repose sur une approche d\u00e9centralis\u00e9e et... <\/p>\n<div class=\"pmpro_content_message\">Article only viewable by subscribers.<br \/><a href=\"https:\/\/territorialchallenges.com\/wp-login.php\">Connection<\/a><br \/><a href=\"https:\/\/territorialchallenges.com\/en\/wp-login.php\/?action=register\">Register<\/a><\/div>","protected":false},"author":11,"featured_media":123342,"comment_status":"closed","ping_status":"closed","sticky":true,"template":"","format":"standard","meta":{"pmpro_default_level":0,"footnotes":""},"categories":[130],"tags":[],"blocksy_meta":"","yoast_head":"<!-- This site is optimized with the Yoast SEO plugin v21.5 - https:\/\/yoast.com\/wordpress\/plugins\/seo\/ -->\n<title>La France face au d\u00e9fi de la d\u00e9sindustrialisation : repenser l&#039;avenir par les territoires - Territorial Challenges<\/title>\n<meta name=\"robots\" content=\"index, follow, max-snippet:-1, max-image-preview:large, max-video-preview:-1\" \/>\n<link rel=\"canonical\" href=\"https:\/\/territorialchallenges.com\/en\/2024\/09\/26\/la-france-face-au-defi-de-la-desindustrialisation-repenser-lavenir-par-les-territoires\/123339\/\" \/>\n<meta property=\"og:locale\" content=\"en_US\" \/>\n<meta property=\"og:type\" content=\"article\" \/>\n<meta property=\"og:title\" content=\"La France face au d\u00e9fi de la d\u00e9sindustrialisation : repenser l&#039;avenir par les territoires - Territorial Challenges\" \/>\n<meta property=\"og:description\" content=\"La France, l&rsquo;une des nations les plus d\u00e9sindustrialis\u00e9es d&rsquo;Europe, peine \u00e0 retrouver une place forte par les usines. Olivier Lluansi, expert en r\u00e9industrialisation, propose une relance qui passe non seulement par les m\u00e9tropoles, mais surtout par les territoires et les collectivit\u00e9s locales. Pour lui, l&rsquo;avenir industriel de la France repose sur une approche d\u00e9centralis\u00e9e et [&hellip;]\" \/>\n<meta property=\"og:url\" content=\"https:\/\/territorialchallenges.com\/en\/2024\/09\/26\/la-france-face-au-defi-de-la-desindustrialisation-repenser-lavenir-par-les-territoires\/123339\/\" \/>\n<meta property=\"og:site_name\" content=\"Territorial Challenges\" \/>\n<meta property=\"article:published_time\" content=\"2024-09-26T21:12:11+00:00\" \/>\n<meta property=\"article:modified_time\" content=\"2024-09-26T21:18:18+00:00\" \/>\n<meta property=\"og:image\" content=\"https:\/\/territorialchallenges.com\/wp-content\/uploads\/2024\/09\/reflexionfaiteimage.jpg\" \/>\n\t<meta property=\"og:image:width\" content=\"1280\" \/>\n\t<meta property=\"og:image:height\" content=\"887\" \/>\n\t<meta property=\"og:image:type\" content=\"image\/jpeg\" \/>\n<meta name=\"author\" content=\"ni.abdi\" \/>\n<meta name=\"twitter:card\" content=\"summary_large_image\" \/>\n<meta name=\"twitter:creator\" content=\"@Ni.abdi\" \/>\n<meta name=\"twitter:label1\" content=\"Written by\" \/>\n\t<meta name=\"twitter:data1\" content=\"ni.abdi\" \/>\n\t<meta name=\"twitter:label2\" content=\"Est. reading time\" \/>\n\t<meta name=\"twitter:data2\" content=\"4 minutes\" \/>\n<script type=\"application\/ld+json\" class=\"yoast-schema-graph\">{\"@context\":\"https:\/\/schema.org\",\"@graph\":[{\"@type\":\"Article\",\"@id\":\"https:\/\/territorialchallenges.com\/2024\/09\/26\/la-france-face-au-defi-de-la-desindustrialisation-repenser-lavenir-par-les-territoires\/123339\/#article\",\"isPartOf\":{\"@id\":\"https:\/\/territorialchallenges.com\/2024\/09\/26\/la-france-face-au-defi-de-la-desindustrialisation-repenser-lavenir-par-les-territoires\/123339\/\"},\"author\":{\"name\":\"ni.abdi\",\"@id\":\"https:\/\/territorialchallenges.com\/#\/schema\/person\/098f145c7c61a021c425e010f840080f\"},\"headline\":\"La France face au d\u00e9fi de la d\u00e9sindustrialisation : repenser l&rsquo;avenir par les territoires\",\"datePublished\":\"2024-09-26T21:12:11+00:00\",\"dateModified\":\"2024-09-26T21:18:18+00:00\",\"mainEntityOfPage\":{\"@id\":\"https:\/\/territorialchallenges.com\/2024\/09\/26\/la-france-face-au-defi-de-la-desindustrialisation-repenser-lavenir-par-les-territoires\/123339\/\"},\"wordCount\":872,\"publisher\":{\"@id\":\"https:\/\/territorialchallenges.com\/#organization\"},\"articleSection\":[\"R\u00e9flexion faite\"],\"inLanguage\":\"en-US\"},{\"@type\":\"WebPage\",\"@id\":\"https:\/\/territorialchallenges.com\/2024\/09\/26\/la-france-face-au-defi-de-la-desindustrialisation-repenser-lavenir-par-les-territoires\/123339\/\",\"url\":\"https:\/\/territorialchallenges.com\/2024\/09\/26\/la-france-face-au-defi-de-la-desindustrialisation-repenser-lavenir-par-les-territoires\/123339\/\",\"name\":\"La France face au d\u00e9fi de la d\u00e9sindustrialisation : repenser l'avenir par les territoires - Territorial Challenges\",\"isPartOf\":{\"@id\":\"https:\/\/territorialchallenges.com\/#website\"},\"datePublished\":\"2024-09-26T21:12:11+00:00\",\"dateModified\":\"2024-09-26T21:18:18+00:00\",\"breadcrumb\":{\"@id\":\"https:\/\/territorialchallenges.com\/2024\/09\/26\/la-france-face-au-defi-de-la-desindustrialisation-repenser-lavenir-par-les-territoires\/123339\/#breadcrumb\"},\"inLanguage\":\"en-US\",\"potentialAction\":[{\"@type\":\"ReadAction\",\"target\":[\"https:\/\/territorialchallenges.com\/2024\/09\/26\/la-france-face-au-defi-de-la-desindustrialisation-repenser-lavenir-par-les-territoires\/123339\/\"]}]},{\"@type\":\"BreadcrumbList\",\"@id\":\"https:\/\/territorialchallenges.com\/2024\/09\/26\/la-france-face-au-defi-de-la-desindustrialisation-repenser-lavenir-par-les-territoires\/123339\/#breadcrumb\",\"itemListElement\":[{\"@type\":\"ListItem\",\"position\":1,\"name\":\"Home\",\"item\":\"https:\/\/territorialchallenges.com\/\"},{\"@type\":\"ListItem\",\"position\":2,\"name\":\"La France face au d\u00e9fi de la d\u00e9sindustrialisation : repenser l&rsquo;avenir par les territoires\"}]},{\"@type\":\"WebSite\",\"@id\":\"https:\/\/territorialchallenges.com\/#website\",\"url\":\"https:\/\/territorialchallenges.com\/\",\"name\":\"Territorial Challenges\",\"description\":\"Veille Internationale - Strat\u00e9gie Intelligentes - Bonnes pratiques\",\"publisher\":{\"@id\":\"https:\/\/territorialchallenges.com\/#organization\"},\"potentialAction\":[{\"@type\":\"SearchAction\",\"target\":{\"@type\":\"EntryPoint\",\"urlTemplate\":\"https:\/\/territorialchallenges.com\/?s={search_term_string}\"},\"query-input\":\"required name=search_term_string\"}],\"inLanguage\":\"en-US\"},{\"@type\":\"Organization\",\"@id\":\"https:\/\/territorialchallenges.com\/#organization\",\"name\":\"Territorial Challenges\",\"url\":\"https:\/\/territorialchallenges.com\/\",\"logo\":{\"@type\":\"ImageObject\",\"inLanguage\":\"en-US\",\"@id\":\"https:\/\/territorialchallenges.com\/#\/schema\/logo\/image\/\",\"url\":\"https:\/\/territorialchallenges.com\/wp-content\/uploads\/2023\/10\/logo-1.png\",\"contentUrl\":\"https:\/\/territorialchallenges.com\/wp-content\/uploads\/2023\/10\/logo-1.png\",\"width\":1832,\"height\":576,\"caption\":\"Territorial Challenges\"},\"image\":{\"@id\":\"https:\/\/territorialchallenges.com\/#\/schema\/logo\/image\/\"}},{\"@type\":\"Person\",\"@id\":\"https:\/\/territorialchallenges.com\/#\/schema\/person\/098f145c7c61a021c425e010f840080f\",\"name\":\"ni.abdi\",\"image\":{\"@type\":\"ImageObject\",\"inLanguage\":\"en-US\",\"@id\":\"https:\/\/territorialchallenges.com\/#\/schema\/person\/image\/\",\"url\":\"https:\/\/secure.gravatar.com\/avatar\/2a2f2491f3c80039986ba989b1e4b510?s=96&d=identicon&r=g\",\"contentUrl\":\"https:\/\/secure.gravatar.com\/avatar\/2a2f2491f3c80039986ba989b1e4b510?s=96&d=identicon&r=g\",\"caption\":\"ni.abdi\"},\"sameAs\":[\"https:\/\/twitter.com\/Ni.abdi\"],\"url\":\"https:\/\/territorialchallenges.com\/en\/author\/ni-abdi\/\"}]}<\/script>\n<!-- \/ Yoast SEO plugin. -->","yoast_head_json":{"title":"La France face au d\u00e9fi de la d\u00e9sindustrialisation : repenser l'avenir par les territoires - Territorial Challenges","robots":{"index":"index","follow":"follow","max-snippet":"max-snippet:-1","max-image-preview":"max-image-preview:large","max-video-preview":"max-video-preview:-1"},"canonical":"https:\/\/territorialchallenges.com\/en\/2024\/09\/26\/la-france-face-au-defi-de-la-desindustrialisation-repenser-lavenir-par-les-territoires\/123339\/","og_locale":"en_US","og_type":"article","og_title":"La France face au d\u00e9fi de la d\u00e9sindustrialisation : repenser l'avenir par les territoires - Territorial Challenges","og_description":"La France, l&rsquo;une des nations les plus d\u00e9sindustrialis\u00e9es d&rsquo;Europe, peine \u00e0 retrouver une place forte par les usines. Olivier Lluansi, expert en r\u00e9industrialisation, propose une relance qui passe non seulement par les m\u00e9tropoles, mais surtout par les territoires et les collectivit\u00e9s locales. Pour lui, l&rsquo;avenir industriel de la France repose sur une approche d\u00e9centralis\u00e9e et [&hellip;]","og_url":"https:\/\/territorialchallenges.com\/en\/2024\/09\/26\/la-france-face-au-defi-de-la-desindustrialisation-repenser-lavenir-par-les-territoires\/123339\/","og_site_name":"Territorial Challenges","article_published_time":"2024-09-26T21:12:11+00:00","article_modified_time":"2024-09-26T21:18:18+00:00","og_image":[{"width":1280,"height":887,"url":"https:\/\/territorialchallenges.com\/wp-content\/uploads\/2024\/09\/reflexionfaiteimage.jpg","type":"image\/jpeg"}],"author":"ni.abdi","twitter_card":"summary_large_image","twitter_creator":"@Ni.abdi","twitter_misc":{"Written by":"ni.abdi","Est. reading time":"4 minutes"},"schema":{"@context":"https:\/\/schema.org","@graph":[{"@type":"Article","@id":"https:\/\/territorialchallenges.com\/2024\/09\/26\/la-france-face-au-defi-de-la-desindustrialisation-repenser-lavenir-par-les-territoires\/123339\/#article","isPartOf":{"@id":"https:\/\/territorialchallenges.com\/2024\/09\/26\/la-france-face-au-defi-de-la-desindustrialisation-repenser-lavenir-par-les-territoires\/123339\/"},"author":{"name":"ni.abdi","@id":"https:\/\/territorialchallenges.com\/#\/schema\/person\/098f145c7c61a021c425e010f840080f"},"headline":"La France face au d\u00e9fi de la d\u00e9sindustrialisation : repenser l&rsquo;avenir par les territoires","datePublished":"2024-09-26T21:12:11+00:00","dateModified":"2024-09-26T21:18:18+00:00","mainEntityOfPage":{"@id":"https:\/\/territorialchallenges.com\/2024\/09\/26\/la-france-face-au-defi-de-la-desindustrialisation-repenser-lavenir-par-les-territoires\/123339\/"},"wordCount":872,"publisher":{"@id":"https:\/\/territorialchallenges.com\/#organization"},"articleSection":["R\u00e9flexion faite"],"inLanguage":"en-US"},{"@type":"WebPage","@id":"https:\/\/territorialchallenges.com\/2024\/09\/26\/la-france-face-au-defi-de-la-desindustrialisation-repenser-lavenir-par-les-territoires\/123339\/","url":"https:\/\/territorialchallenges.com\/2024\/09\/26\/la-france-face-au-defi-de-la-desindustrialisation-repenser-lavenir-par-les-territoires\/123339\/","name":"La France face au d\u00e9fi de la d\u00e9sindustrialisation : repenser l'avenir par les territoires - Territorial Challenges","isPartOf":{"@id":"https:\/\/territorialchallenges.com\/#website"},"datePublished":"2024-09-26T21:12:11+00:00","dateModified":"2024-09-26T21:18:18+00:00","breadcrumb":{"@id":"https:\/\/territorialchallenges.com\/2024\/09\/26\/la-france-face-au-defi-de-la-desindustrialisation-repenser-lavenir-par-les-territoires\/123339\/#breadcrumb"},"inLanguage":"en-US","potentialAction":[{"@type":"ReadAction","target":["https:\/\/territorialchallenges.com\/2024\/09\/26\/la-france-face-au-defi-de-la-desindustrialisation-repenser-lavenir-par-les-territoires\/123339\/"]}]},{"@type":"BreadcrumbList","@id":"https:\/\/territorialchallenges.com\/2024\/09\/26\/la-france-face-au-defi-de-la-desindustrialisation-repenser-lavenir-par-les-territoires\/123339\/#breadcrumb","itemListElement":[{"@type":"ListItem","position":1,"name":"Home","item":"https:\/\/territorialchallenges.com\/"},{"@type":"ListItem","position":2,"name":"La France face au d\u00e9fi de la d\u00e9sindustrialisation : repenser l&rsquo;avenir par les territoires"}]},{"@type":"WebSite","@id":"https:\/\/territorialchallenges.com\/#website","url":"https:\/\/territorialchallenges.com\/","name":"Territorial Challenges","description":"Veille Internationale - Intelligent strategies - Best practices","publisher":{"@id":"https:\/\/territorialchallenges.com\/#organization"},"potentialAction":[{"@type":"SearchAction","target":{"@type":"EntryPoint","urlTemplate":"https:\/\/territorialchallenges.com\/?s={search_term_string}"},"query-input":"required name=search_term_string"}],"inLanguage":"en-US"},{"@type":"Organization","@id":"https:\/\/territorialchallenges.com\/#organization","name":"Territorial Challenges","url":"https:\/\/territorialchallenges.com\/","logo":{"@type":"ImageObject","inLanguage":"en-US","@id":"https:\/\/territorialchallenges.com\/#\/schema\/logo\/image\/","url":"https:\/\/territorialchallenges.com\/wp-content\/uploads\/2023\/10\/logo-1.png","contentUrl":"https:\/\/territorialchallenges.com\/wp-content\/uploads\/2023\/10\/logo-1.png","width":1832,"height":576,"caption":"Territorial Challenges"},"image":{"@id":"https:\/\/territorialchallenges.com\/#\/schema\/logo\/image\/"}},{"@type":"Person","@id":"https:\/\/territorialchallenges.com\/#\/schema\/person\/098f145c7c61a021c425e010f840080f","name":"ni.abdi","image":{"@type":"ImageObject","inLanguage":"en-US","@id":"https:\/\/territorialchallenges.com\/#\/schema\/person\/image\/","url":"https:\/\/secure.gravatar.com\/avatar\/2a2f2491f3c80039986ba989b1e4b510?s=96&d=identicon&r=g","contentUrl":"https:\/\/secure.gravatar.com\/avatar\/2a2f2491f3c80039986ba989b1e4b510?s=96&d=identicon&r=g","caption":"ni.abdi"},"sameAs":["https:\/\/twitter.com\/Ni.abdi"],"url":"https:\/\/territorialchallenges.com\/en\/author\/ni-abdi\/"}]}},"_links":{"self":[{"href":"https:\/\/territorialchallenges.com\/en\/wp-json\/wp\/v2\/posts\/123339"}],"collection":[{"href":"https:\/\/territorialchallenges.com\/en\/wp-json\/wp\/v2\/posts"}],"about":[{"href":"https:\/\/territorialchallenges.com\/en\/wp-json\/wp\/v2\/types\/post"}],"author":[{"embeddable":true,"href":"https:\/\/territorialchallenges.com\/en\/wp-json\/wp\/v2\/users\/11"}],"replies":[{"embeddable":true,"href":"https:\/\/territorialchallenges.com\/en\/wp-json\/wp\/v2\/comments?post=123339"}],"version-history":[{"count":2,"href":"https:\/\/territorialchallenges.com\/en\/wp-json\/wp\/v2\/posts\/123339\/revisions"}],"predecessor-version":[{"id":123344,"href":"https:\/\/territorialchallenges.com\/en\/wp-json\/wp\/v2\/posts\/123339\/revisions\/123344"}],"wp:featuredmedia":[{"embeddable":true,"href":"https:\/\/territorialchallenges.com\/en\/wp-json\/wp\/v2\/media\/123342"}],"wp:attachment":[{"href":"https:\/\/territorialchallenges.com\/en\/wp-json\/wp\/v2\/media?parent=123339"}],"wp:term":[{"taxonomy":"category","embeddable":true,"href":"https:\/\/territorialchallenges.com\/en\/wp-json\/wp\/v2\/categories?post=123339"},{"taxonomy":"post_tag","embeddable":true,"href":"https:\/\/territorialchallenges.com\/en\/wp-json\/wp\/v2\/tags?post=123339"}],"curies":[{"name":"wp","href":"https:\/\/api.w.org\/{rel}","templated":true}]}}