{"id":123267,"date":"2024-09-18T13:04:56","date_gmt":"2024-09-18T11:04:56","guid":{"rendered":"https:\/\/territorialchallenges.com\/?p=123267"},"modified":"2024-09-18T13:04:58","modified_gmt":"2024-09-18T11:04:58","slug":"informatisation-en-france-une-evaluation-a-partir-de-donnees-individuelles","status":"publish","type":"post","link":"https:\/\/territorialchallenges.com\/en\/2024\/09\/18\/informatisation-en-france-une-evaluation-a-partir-de-donnees-individuelles\/123267\/","title":{"rendered":"Computerization in France: an assessment based on individual data"},"content":{"rendered":"<p>The computerization of businesses has long been perceived as a massive investment that does not lead to the expected productivity gains. This paradox, attributed to Solow, was revived by the particularly strong growth in the United States in the second half of the 1990s. The growth rate of labor productivity increased from 1.51% to\u2026 <\/p>\n<div class=\"pmpro_content_message\">Article only viewable by subscribers.<br \/><a href=\"https:\/\/territorialchallenges.com\/wp-login.php\">Connection<\/a><br \/><a href=\"https:\/\/territorialchallenges.com\/en\/wp-login.php\/?action=register\">Register<\/a><\/div>","protected":false},"excerpt":{"rendered":"<p>L&rsquo;informatisation des entreprises a longtemps \u00e9t\u00e9 per\u00e7ue comme un investissement massif ne conduisant pas aux gains de productivit\u00e9 attendus. Ce paradoxe, attribu\u00e9 \u00e0 Solow, a \u00e9t\u00e9 ranim\u00e9 par la croissance particuli\u00e8rement forte des \u00c9tats-Unis dans la seconde moiti\u00e9 des ann\u00e9es 90. Le taux de croissance de la productivit\u00e9 du travail est pass\u00e9 de 1,5% \u00e0... <\/p>\n<div class=\"pmpro_content_message\">Article only viewable by subscribers.<br \/><a href=\"https:\/\/territorialchallenges.com\/wp-login.php\">Connection<\/a><br \/><a href=\"https:\/\/territorialchallenges.com\/en\/wp-login.php\/?action=register\">Register<\/a><\/div>","protected":false},"author":11,"featured_media":123268,"comment_status":"closed","ping_status":"closed","sticky":true,"template":"","format":"standard","meta":{"pmpro_default_level":0,"footnotes":""},"categories":[121],"tags":[],"blocksy_meta":"","yoast_head":"<!-- This site is optimized with the Yoast SEO plugin v21.5 - https:\/\/yoast.com\/wordpress\/plugins\/seo\/ -->\n<title>Informatisation en France : une \u00e9valuation \u00e0 partir de donn\u00e9es individuelles - Territorial Challenges<\/title>\n<meta name=\"robots\" content=\"index, follow, max-snippet:-1, max-image-preview:large, max-video-preview:-1\" \/>\n<link rel=\"canonical\" href=\"https:\/\/territorialchallenges.com\/en\/2024\/09\/18\/informatisation-en-france-une-evaluation-a-partir-de-donnees-individuelles\/123267\/\" \/>\n<meta property=\"og:locale\" content=\"en_US\" \/>\n<meta property=\"og:type\" content=\"article\" \/>\n<meta property=\"og:title\" content=\"Informatisation en France : une \u00e9valuation \u00e0 partir de donn\u00e9es individuelles - Territorial Challenges\" \/>\n<meta property=\"og:description\" content=\"L&rsquo;informatisation des entreprises a longtemps \u00e9t\u00e9 per\u00e7ue comme un investissement massif ne conduisant pas aux gains de productivit\u00e9 attendus. Ce paradoxe, attribu\u00e9 \u00e0 Solow, a \u00e9t\u00e9 ranim\u00e9 par la croissance particuli\u00e8rement forte des \u00c9tats-Unis dans la seconde moiti\u00e9 des ann\u00e9es 90. Le taux de croissance de la productivit\u00e9 du travail est pass\u00e9 de 1,5% \u00e0 [&hellip;]\" \/>\n<meta property=\"og:url\" content=\"https:\/\/territorialchallenges.com\/en\/2024\/09\/18\/informatisation-en-france-une-evaluation-a-partir-de-donnees-individuelles\/123267\/\" \/>\n<meta property=\"og:site_name\" content=\"Territorial Challenges\" \/>\n<meta property=\"article:published_time\" content=\"2024-09-18T11:04:56+00:00\" \/>\n<meta property=\"article:modified_time\" content=\"2024-09-18T11:04:58+00:00\" \/>\n<meta property=\"og:image\" content=\"https:\/\/territorialchallenges.com\/wp-content\/uploads\/2024\/09\/memoireimageinformatique.jpeg\" \/>\n\t<meta property=\"og:image:width\" content=\"1024\" \/>\n\t<meta property=\"og:image:height\" content=\"1450\" \/>\n\t<meta property=\"og:image:type\" content=\"image\/jpeg\" \/>\n<meta name=\"author\" content=\"ni.abdi\" \/>\n<meta name=\"twitter:card\" content=\"summary_large_image\" \/>\n<meta name=\"twitter:creator\" content=\"@Ni.abdi\" \/>\n<meta name=\"twitter:label1\" content=\"Written by\" \/>\n\t<meta name=\"twitter:data1\" content=\"ni.abdi\" \/>\n\t<meta name=\"twitter:label2\" content=\"Est. reading time\" \/>\n\t<meta name=\"twitter:data2\" content=\"5 minutes\" \/>\n<script type=\"application\/ld+json\" class=\"yoast-schema-graph\">{\"@context\":\"https:\/\/schema.org\",\"@graph\":[{\"@type\":\"Article\",\"@id\":\"https:\/\/territorialchallenges.com\/2024\/09\/18\/informatisation-en-france-une-evaluation-a-partir-de-donnees-individuelles\/123267\/#article\",\"isPartOf\":{\"@id\":\"https:\/\/territorialchallenges.com\/2024\/09\/18\/informatisation-en-france-une-evaluation-a-partir-de-donnees-individuelles\/123267\/\"},\"author\":{\"name\":\"ni.abdi\",\"@id\":\"https:\/\/territorialchallenges.com\/#\/schema\/person\/098f145c7c61a021c425e010f840080f\"},\"headline\":\"Informatisation en France : une \u00e9valuation \u00e0 partir de donn\u00e9es individuelles\",\"datePublished\":\"2024-09-18T11:04:56+00:00\",\"dateModified\":\"2024-09-18T11:04:58+00:00\",\"mainEntityOfPage\":{\"@id\":\"https:\/\/territorialchallenges.com\/2024\/09\/18\/informatisation-en-france-une-evaluation-a-partir-de-donnees-individuelles\/123267\/\"},\"wordCount\":860,\"publisher\":{\"@id\":\"https:\/\/territorialchallenges.com\/#organization\"},\"articleSection\":[\"M\u00e9moire\"],\"inLanguage\":\"en-US\"},{\"@type\":\"WebPage\",\"@id\":\"https:\/\/territorialchallenges.com\/2024\/09\/18\/informatisation-en-france-une-evaluation-a-partir-de-donnees-individuelles\/123267\/\",\"url\":\"https:\/\/territorialchallenges.com\/2024\/09\/18\/informatisation-en-france-une-evaluation-a-partir-de-donnees-individuelles\/123267\/\",\"name\":\"Informatisation en France : une \u00e9valuation \u00e0 partir de donn\u00e9es individuelles - Territorial Challenges\",\"isPartOf\":{\"@id\":\"https:\/\/territorialchallenges.com\/#website\"},\"datePublished\":\"2024-09-18T11:04:56+00:00\",\"dateModified\":\"2024-09-18T11:04:58+00:00\",\"breadcrumb\":{\"@id\":\"https:\/\/territorialchallenges.com\/2024\/09\/18\/informatisation-en-france-une-evaluation-a-partir-de-donnees-individuelles\/123267\/#breadcrumb\"},\"inLanguage\":\"en-US\",\"potentialAction\":[{\"@type\":\"ReadAction\",\"target\":[\"https:\/\/territorialchallenges.com\/2024\/09\/18\/informatisation-en-france-une-evaluation-a-partir-de-donnees-individuelles\/123267\/\"]}]},{\"@type\":\"BreadcrumbList\",\"@id\":\"https:\/\/territorialchallenges.com\/2024\/09\/18\/informatisation-en-france-une-evaluation-a-partir-de-donnees-individuelles\/123267\/#breadcrumb\",\"itemListElement\":[{\"@type\":\"ListItem\",\"position\":1,\"name\":\"Home\",\"item\":\"https:\/\/territorialchallenges.com\/\"},{\"@type\":\"ListItem\",\"position\":2,\"name\":\"Informatisation en France : une \u00e9valuation \u00e0 partir de donn\u00e9es individuelles\"}]},{\"@type\":\"WebSite\",\"@id\":\"https:\/\/territorialchallenges.com\/#website\",\"url\":\"https:\/\/territorialchallenges.com\/\",\"name\":\"Territorial Challenges\",\"description\":\"Veille Internationale - Strat\u00e9gie Intelligentes - Bonnes pratiques\",\"publisher\":{\"@id\":\"https:\/\/territorialchallenges.com\/#organization\"},\"potentialAction\":[{\"@type\":\"SearchAction\",\"target\":{\"@type\":\"EntryPoint\",\"urlTemplate\":\"https:\/\/territorialchallenges.com\/?s={search_term_string}\"},\"query-input\":\"required name=search_term_string\"}],\"inLanguage\":\"en-US\"},{\"@type\":\"Organization\",\"@id\":\"https:\/\/territorialchallenges.com\/#organization\",\"name\":\"Territorial Challenges\",\"url\":\"https:\/\/territorialchallenges.com\/\",\"logo\":{\"@type\":\"ImageObject\",\"inLanguage\":\"en-US\",\"@id\":\"https:\/\/territorialchallenges.com\/#\/schema\/logo\/image\/\",\"url\":\"https:\/\/territorialchallenges.com\/wp-content\/uploads\/2023\/10\/logo-1.png\",\"contentUrl\":\"https:\/\/territorialchallenges.com\/wp-content\/uploads\/2023\/10\/logo-1.png\",\"width\":1832,\"height\":576,\"caption\":\"Territorial Challenges\"},\"image\":{\"@id\":\"https:\/\/territorialchallenges.com\/#\/schema\/logo\/image\/\"}},{\"@type\":\"Person\",\"@id\":\"https:\/\/territorialchallenges.com\/#\/schema\/person\/098f145c7c61a021c425e010f840080f\",\"name\":\"ni.abdi\",\"image\":{\"@type\":\"ImageObject\",\"inLanguage\":\"en-US\",\"@id\":\"https:\/\/territorialchallenges.com\/#\/schema\/person\/image\/\",\"url\":\"https:\/\/secure.gravatar.com\/avatar\/2a2f2491f3c80039986ba989b1e4b510?s=96&d=identicon&r=g\",\"contentUrl\":\"https:\/\/secure.gravatar.com\/avatar\/2a2f2491f3c80039986ba989b1e4b510?s=96&d=identicon&r=g\",\"caption\":\"ni.abdi\"},\"sameAs\":[\"https:\/\/twitter.com\/Ni.abdi\"],\"url\":\"https:\/\/territorialchallenges.com\/en\/author\/ni-abdi\/\"}]}<\/script>\n<!-- \/ Yoast SEO plugin. -->","yoast_head_json":{"title":"Informatisation en France : une \u00e9valuation \u00e0 partir de donn\u00e9es individuelles - Territorial Challenges","robots":{"index":"index","follow":"follow","max-snippet":"max-snippet:-1","max-image-preview":"max-image-preview:large","max-video-preview":"max-video-preview:-1"},"canonical":"https:\/\/territorialchallenges.com\/en\/2024\/09\/18\/informatisation-en-france-une-evaluation-a-partir-de-donnees-individuelles\/123267\/","og_locale":"en_US","og_type":"article","og_title":"Informatisation en France : une \u00e9valuation \u00e0 partir de donn\u00e9es individuelles - Territorial Challenges","og_description":"L&rsquo;informatisation des entreprises a longtemps \u00e9t\u00e9 per\u00e7ue comme un investissement massif ne conduisant pas aux gains de productivit\u00e9 attendus. Ce paradoxe, attribu\u00e9 \u00e0 Solow, a \u00e9t\u00e9 ranim\u00e9 par la croissance particuli\u00e8rement forte des \u00c9tats-Unis dans la seconde moiti\u00e9 des ann\u00e9es 90. Le taux de croissance de la productivit\u00e9 du travail est pass\u00e9 de 1,5% \u00e0 [&hellip;]","og_url":"https:\/\/territorialchallenges.com\/en\/2024\/09\/18\/informatisation-en-france-une-evaluation-a-partir-de-donnees-individuelles\/123267\/","og_site_name":"Territorial Challenges","article_published_time":"2024-09-18T11:04:56+00:00","article_modified_time":"2024-09-18T11:04:58+00:00","og_image":[{"width":1024,"height":1450,"url":"https:\/\/territorialchallenges.com\/wp-content\/uploads\/2024\/09\/memoireimageinformatique.jpeg","type":"image\/jpeg"}],"author":"ni.abdi","twitter_card":"summary_large_image","twitter_creator":"@Ni.abdi","twitter_misc":{"Written by":"ni.abdi","Est. reading time":"5 minutes"},"schema":{"@context":"https:\/\/schema.org","@graph":[{"@type":"Article","@id":"https:\/\/territorialchallenges.com\/2024\/09\/18\/informatisation-en-france-une-evaluation-a-partir-de-donnees-individuelles\/123267\/#article","isPartOf":{"@id":"https:\/\/territorialchallenges.com\/2024\/09\/18\/informatisation-en-france-une-evaluation-a-partir-de-donnees-individuelles\/123267\/"},"author":{"name":"ni.abdi","@id":"https:\/\/territorialchallenges.com\/#\/schema\/person\/098f145c7c61a021c425e010f840080f"},"headline":"Informatisation en France : une \u00e9valuation \u00e0 partir de donn\u00e9es individuelles","datePublished":"2024-09-18T11:04:56+00:00","dateModified":"2024-09-18T11:04:58+00:00","mainEntityOfPage":{"@id":"https:\/\/territorialchallenges.com\/2024\/09\/18\/informatisation-en-france-une-evaluation-a-partir-de-donnees-individuelles\/123267\/"},"wordCount":860,"publisher":{"@id":"https:\/\/territorialchallenges.com\/#organization"},"articleSection":["M\u00e9moire"],"inLanguage":"en-US"},{"@type":"WebPage","@id":"https:\/\/territorialchallenges.com\/2024\/09\/18\/informatisation-en-france-une-evaluation-a-partir-de-donnees-individuelles\/123267\/","url":"https:\/\/territorialchallenges.com\/2024\/09\/18\/informatisation-en-france-une-evaluation-a-partir-de-donnees-individuelles\/123267\/","name":"Informatisation en France : une \u00e9valuation \u00e0 partir de donn\u00e9es individuelles - Territorial Challenges","isPartOf":{"@id":"https:\/\/territorialchallenges.com\/#website"},"datePublished":"2024-09-18T11:04:56+00:00","dateModified":"2024-09-18T11:04:58+00:00","breadcrumb":{"@id":"https:\/\/territorialchallenges.com\/2024\/09\/18\/informatisation-en-france-une-evaluation-a-partir-de-donnees-individuelles\/123267\/#breadcrumb"},"inLanguage":"en-US","potentialAction":[{"@type":"ReadAction","target":["https:\/\/territorialchallenges.com\/2024\/09\/18\/informatisation-en-france-une-evaluation-a-partir-de-donnees-individuelles\/123267\/"]}]},{"@type":"BreadcrumbList","@id":"https:\/\/territorialchallenges.com\/2024\/09\/18\/informatisation-en-france-une-evaluation-a-partir-de-donnees-individuelles\/123267\/#breadcrumb","itemListElement":[{"@type":"ListItem","position":1,"name":"Home","item":"https:\/\/territorialchallenges.com\/"},{"@type":"ListItem","position":2,"name":"Informatisation en France : une \u00e9valuation \u00e0 partir de donn\u00e9es individuelles"}]},{"@type":"WebSite","@id":"https:\/\/territorialchallenges.com\/#website","url":"https:\/\/territorialchallenges.com\/","name":"Territorial Challenges","description":"Veille Internationale - Intelligent strategies - Best practices","publisher":{"@id":"https:\/\/territorialchallenges.com\/#organization"},"potentialAction":[{"@type":"SearchAction","target":{"@type":"EntryPoint","urlTemplate":"https:\/\/territorialchallenges.com\/?s={search_term_string}"},"query-input":"required name=search_term_string"}],"inLanguage":"en-US"},{"@type":"Organization","@id":"https:\/\/territorialchallenges.com\/#organization","name":"Territorial Challenges","url":"https:\/\/territorialchallenges.com\/","logo":{"@type":"ImageObject","inLanguage":"en-US","@id":"https:\/\/territorialchallenges.com\/#\/schema\/logo\/image\/","url":"https:\/\/territorialchallenges.com\/wp-content\/uploads\/2023\/10\/logo-1.png","contentUrl":"https:\/\/territorialchallenges.com\/wp-content\/uploads\/2023\/10\/logo-1.png","width":1832,"height":576,"caption":"Territorial Challenges"},"image":{"@id":"https:\/\/territorialchallenges.com\/#\/schema\/logo\/image\/"}},{"@type":"Person","@id":"https:\/\/territorialchallenges.com\/#\/schema\/person\/098f145c7c61a021c425e010f840080f","name":"ni.abdi","image":{"@type":"ImageObject","inLanguage":"en-US","@id":"https:\/\/territorialchallenges.com\/#\/schema\/person\/image\/","url":"https:\/\/secure.gravatar.com\/avatar\/2a2f2491f3c80039986ba989b1e4b510?s=96&d=identicon&r=g","contentUrl":"https:\/\/secure.gravatar.com\/avatar\/2a2f2491f3c80039986ba989b1e4b510?s=96&d=identicon&r=g","caption":"ni.abdi"},"sameAs":["https:\/\/twitter.com\/Ni.abdi"],"url":"https:\/\/territorialchallenges.com\/en\/author\/ni-abdi\/"}]}},"_links":{"self":[{"href":"https:\/\/territorialchallenges.com\/en\/wp-json\/wp\/v2\/posts\/123267"}],"collection":[{"href":"https:\/\/territorialchallenges.com\/en\/wp-json\/wp\/v2\/posts"}],"about":[{"href":"https:\/\/territorialchallenges.com\/en\/wp-json\/wp\/v2\/types\/post"}],"author":[{"embeddable":true,"href":"https:\/\/territorialchallenges.com\/en\/wp-json\/wp\/v2\/users\/11"}],"replies":[{"embeddable":true,"href":"https:\/\/territorialchallenges.com\/en\/wp-json\/wp\/v2\/comments?post=123267"}],"version-history":[{"count":1,"href":"https:\/\/territorialchallenges.com\/en\/wp-json\/wp\/v2\/posts\/123267\/revisions"}],"predecessor-version":[{"id":123269,"href":"https:\/\/territorialchallenges.com\/en\/wp-json\/wp\/v2\/posts\/123267\/revisions\/123269"}],"wp:featuredmedia":[{"embeddable":true,"href":"https:\/\/territorialchallenges.com\/en\/wp-json\/wp\/v2\/media\/123268"}],"wp:attachment":[{"href":"https:\/\/territorialchallenges.com\/en\/wp-json\/wp\/v2\/media?parent=123267"}],"wp:term":[{"taxonomy":"category","embeddable":true,"href":"https:\/\/territorialchallenges.com\/en\/wp-json\/wp\/v2\/categories?post=123267"},{"taxonomy":"post_tag","embeddable":true,"href":"https:\/\/territorialchallenges.com\/en\/wp-json\/wp\/v2\/tags?post=123267"}],"curies":[{"name":"wp","href":"https:\/\/api.w.org\/{rel}","templated":true}]}}