{"id":122963,"date":"2024-06-27T18:46:50","date_gmt":"2024-06-27T16:46:50","guid":{"rendered":"https:\/\/territorialchallenges.com\/?p=122963"},"modified":"2024-06-27T18:46:50","modified_gmt":"2024-06-27T16:46:50","slug":"christophe-fouquet-un-visage-francais-a-la-tete-du-geant-des-semi-conducteurs","status":"publish","type":"post","link":"https:\/\/territorialchallenges.com\/en\/2024\/06\/27\/christophe-fouquet-un-visage-francais-a-la-tete-du-geant-des-semi-conducteurs\/122963\/","title":{"rendered":"Christophe Fouquet: A French face at the head of the semiconductor giant"},"content":{"rendered":"<p>Veldhoven (Netherlands), April 24, 2024, the leadership transition at ASML marks a new era for the global leader in semiconductor production equipment. Christophe Fouquet, the current Chief Commercial Officer, has taken the reins of the Dutch company, succeeding Peter Wennink. With this appointment, Fouquet becomes the second Frenchman to lead ASML,\u2026 <\/p>\n<div class=\"pmpro_content_message\">Article only viewable by subscribers.<br \/><a href=\"https:\/\/territorialchallenges.com\/wp-login.php\">Connection<\/a><br \/><a href=\"https:\/\/territorialchallenges.com\/en\/wp-login.php\/?action=register\">Register<\/a><\/div>","protected":false},"excerpt":{"rendered":"<p>Veldhoven (Pays Bas), 24 avril 2024, la transition \u00e0 la t\u00eate d&rsquo;ASML marque une nouvelle \u00e8re pour le leader mondial des \u00e9quipements de production de semi-conducteurs. Christophe Fouquet, l&rsquo;actuel directeur des affaires commerciales, a pris les r\u00eanes de l&rsquo;entreprise n\u00e9erlandaise, succ\u00e9dant \u00e0 Peter Wennink. Avec cette nomination, Fouquet devient le deuxi\u00e8me Fran\u00e7ais \u00e0 diriger ASML,... <\/p>\n<div class=\"pmpro_content_message\">Article only viewable by subscribers.<br \/><a href=\"https:\/\/territorialchallenges.com\/wp-login.php\">Connection<\/a><br \/><a href=\"https:\/\/territorialchallenges.com\/en\/wp-login.php\/?action=register\">Register<\/a><\/div>","protected":false},"author":11,"featured_media":122964,"comment_status":"closed","ping_status":"closed","sticky":true,"template":"","format":"standard","meta":{"pmpro_default_level":0,"footnotes":""},"categories":[126,117],"tags":[],"blocksy_meta":"","yoast_head":"<!-- This site is optimized with the Yoast SEO plugin v21.5 - https:\/\/yoast.com\/wordpress\/plugins\/seo\/ -->\n<title>Christophe Fouquet: Un visage fran\u00e7ais \u00e0 la t\u00eate du g\u00e9ant des semi-conducteurs - Territorial Challenges<\/title>\n<meta name=\"robots\" content=\"index, follow, max-snippet:-1, max-image-preview:large, max-video-preview:-1\" \/>\n<link rel=\"canonical\" href=\"https:\/\/territorialchallenges.com\/en\/2024\/06\/27\/christophe-fouquet-un-visage-francais-a-la-tete-du-geant-des-semi-conducteurs\/122963\/\" \/>\n<meta property=\"og:locale\" content=\"en_US\" \/>\n<meta property=\"og:type\" content=\"article\" \/>\n<meta property=\"og:title\" content=\"Christophe Fouquet: Un visage fran\u00e7ais \u00e0 la t\u00eate du g\u00e9ant des semi-conducteurs - Territorial Challenges\" \/>\n<meta property=\"og:description\" content=\"Veldhoven (Pays Bas), 24 avril 2024, la transition \u00e0 la t\u00eate d&rsquo;ASML marque une nouvelle \u00e8re pour le leader mondial des \u00e9quipements de production de semi-conducteurs. Christophe Fouquet, l&rsquo;actuel directeur des affaires commerciales, a pris les r\u00eanes de l&rsquo;entreprise n\u00e9erlandaise, succ\u00e9dant \u00e0 Peter Wennink. Avec cette nomination, Fouquet devient le deuxi\u00e8me Fran\u00e7ais \u00e0 diriger ASML, [&hellip;]\" \/>\n<meta property=\"og:url\" content=\"https:\/\/territorialchallenges.com\/en\/2024\/06\/27\/christophe-fouquet-un-visage-francais-a-la-tete-du-geant-des-semi-conducteurs\/122963\/\" \/>\n<meta property=\"og:site_name\" content=\"Territorial Challenges\" \/>\n<meta property=\"article:published_time\" content=\"2024-06-27T16:46:50+00:00\" \/>\n<meta property=\"og:image\" content=\"https:\/\/territorialchallenges.com\/wp-content\/uploads\/2024\/06\/fouquetimage.jpeg\" \/>\n\t<meta property=\"og:image:width\" content=\"800\" \/>\n\t<meta property=\"og:image:height\" content=\"800\" \/>\n\t<meta property=\"og:image:type\" content=\"image\/jpeg\" \/>\n<meta name=\"author\" content=\"ni.abdi\" \/>\n<meta name=\"twitter:card\" content=\"summary_large_image\" \/>\n<meta name=\"twitter:creator\" content=\"@Ni.abdi\" \/>\n<meta name=\"twitter:label1\" content=\"Written by\" \/>\n\t<meta name=\"twitter:data1\" content=\"ni.abdi\" \/>\n\t<meta name=\"twitter:label2\" content=\"Est. reading time\" \/>\n\t<meta name=\"twitter:data2\" content=\"4 minutes\" \/>\n<script type=\"application\/ld+json\" class=\"yoast-schema-graph\">{\"@context\":\"https:\/\/schema.org\",\"@graph\":[{\"@type\":\"Article\",\"@id\":\"https:\/\/territorialchallenges.com\/2024\/06\/27\/christophe-fouquet-un-visage-francais-a-la-tete-du-geant-des-semi-conducteurs\/122963\/#article\",\"isPartOf\":{\"@id\":\"https:\/\/territorialchallenges.com\/2024\/06\/27\/christophe-fouquet-un-visage-francais-a-la-tete-du-geant-des-semi-conducteurs\/122963\/\"},\"author\":{\"name\":\"ni.abdi\",\"@id\":\"https:\/\/territorialchallenges.com\/#\/schema\/person\/098f145c7c61a021c425e010f840080f\"},\"headline\":\"Christophe Fouquet: Un visage fran\u00e7ais \u00e0 la t\u00eate du g\u00e9ant des semi-conducteurs\",\"datePublished\":\"2024-06-27T16:46:50+00:00\",\"dateModified\":\"2024-06-27T16:46:50+00:00\",\"mainEntityOfPage\":{\"@id\":\"https:\/\/territorialchallenges.com\/2024\/06\/27\/christophe-fouquet-un-visage-francais-a-la-tete-du-geant-des-semi-conducteurs\/122963\/\"},\"wordCount\":831,\"publisher\":{\"@id\":\"https:\/\/territorialchallenges.com\/#organization\"},\"articleSection\":[\"On parle d'eux\",\"\u00c9cosyst\u00e8me\"],\"inLanguage\":\"en-US\"},{\"@type\":\"WebPage\",\"@id\":\"https:\/\/territorialchallenges.com\/2024\/06\/27\/christophe-fouquet-un-visage-francais-a-la-tete-du-geant-des-semi-conducteurs\/122963\/\",\"url\":\"https:\/\/territorialchallenges.com\/2024\/06\/27\/christophe-fouquet-un-visage-francais-a-la-tete-du-geant-des-semi-conducteurs\/122963\/\",\"name\":\"Christophe Fouquet: Un visage fran\u00e7ais \u00e0 la t\u00eate du g\u00e9ant des semi-conducteurs - Territorial Challenges\",\"isPartOf\":{\"@id\":\"https:\/\/territorialchallenges.com\/#website\"},\"datePublished\":\"2024-06-27T16:46:50+00:00\",\"dateModified\":\"2024-06-27T16:46:50+00:00\",\"breadcrumb\":{\"@id\":\"https:\/\/territorialchallenges.com\/2024\/06\/27\/christophe-fouquet-un-visage-francais-a-la-tete-du-geant-des-semi-conducteurs\/122963\/#breadcrumb\"},\"inLanguage\":\"en-US\",\"potentialAction\":[{\"@type\":\"ReadAction\",\"target\":[\"https:\/\/territorialchallenges.com\/2024\/06\/27\/christophe-fouquet-un-visage-francais-a-la-tete-du-geant-des-semi-conducteurs\/122963\/\"]}]},{\"@type\":\"BreadcrumbList\",\"@id\":\"https:\/\/territorialchallenges.com\/2024\/06\/27\/christophe-fouquet-un-visage-francais-a-la-tete-du-geant-des-semi-conducteurs\/122963\/#breadcrumb\",\"itemListElement\":[{\"@type\":\"ListItem\",\"position\":1,\"name\":\"Home\",\"item\":\"https:\/\/territorialchallenges.com\/\"},{\"@type\":\"ListItem\",\"position\":2,\"name\":\"Christophe Fouquet: Un visage fran\u00e7ais \u00e0 la t\u00eate du g\u00e9ant des semi-conducteurs\"}]},{\"@type\":\"WebSite\",\"@id\":\"https:\/\/territorialchallenges.com\/#website\",\"url\":\"https:\/\/territorialchallenges.com\/\",\"name\":\"Territorial Challenges\",\"description\":\"Veille Internationale - Strat\u00e9gie Intelligentes - Bonnes pratiques\",\"publisher\":{\"@id\":\"https:\/\/territorialchallenges.com\/#organization\"},\"potentialAction\":[{\"@type\":\"SearchAction\",\"target\":{\"@type\":\"EntryPoint\",\"urlTemplate\":\"https:\/\/territorialchallenges.com\/?s={search_term_string}\"},\"query-input\":\"required name=search_term_string\"}],\"inLanguage\":\"en-US\"},{\"@type\":\"Organization\",\"@id\":\"https:\/\/territorialchallenges.com\/#organization\",\"name\":\"Territorial Challenges\",\"url\":\"https:\/\/territorialchallenges.com\/\",\"logo\":{\"@type\":\"ImageObject\",\"inLanguage\":\"en-US\",\"@id\":\"https:\/\/territorialchallenges.com\/#\/schema\/logo\/image\/\",\"url\":\"https:\/\/territorialchallenges.com\/wp-content\/uploads\/2023\/10\/logo-1.png\",\"contentUrl\":\"https:\/\/territorialchallenges.com\/wp-content\/uploads\/2023\/10\/logo-1.png\",\"width\":1832,\"height\":576,\"caption\":\"Territorial Challenges\"},\"image\":{\"@id\":\"https:\/\/territorialchallenges.com\/#\/schema\/logo\/image\/\"}},{\"@type\":\"Person\",\"@id\":\"https:\/\/territorialchallenges.com\/#\/schema\/person\/098f145c7c61a021c425e010f840080f\",\"name\":\"ni.abdi\",\"image\":{\"@type\":\"ImageObject\",\"inLanguage\":\"en-US\",\"@id\":\"https:\/\/territorialchallenges.com\/#\/schema\/person\/image\/\",\"url\":\"https:\/\/secure.gravatar.com\/avatar\/2a2f2491f3c80039986ba989b1e4b510?s=96&d=identicon&r=g\",\"contentUrl\":\"https:\/\/secure.gravatar.com\/avatar\/2a2f2491f3c80039986ba989b1e4b510?s=96&d=identicon&r=g\",\"caption\":\"ni.abdi\"},\"sameAs\":[\"https:\/\/twitter.com\/Ni.abdi\"],\"url\":\"https:\/\/territorialchallenges.com\/en\/author\/ni-abdi\/\"}]}<\/script>\n<!-- \/ Yoast SEO plugin. -->","yoast_head_json":{"title":"Christophe Fouquet: Un visage fran\u00e7ais \u00e0 la t\u00eate du g\u00e9ant des semi-conducteurs - Territorial Challenges","robots":{"index":"index","follow":"follow","max-snippet":"max-snippet:-1","max-image-preview":"max-image-preview:large","max-video-preview":"max-video-preview:-1"},"canonical":"https:\/\/territorialchallenges.com\/en\/2024\/06\/27\/christophe-fouquet-un-visage-francais-a-la-tete-du-geant-des-semi-conducteurs\/122963\/","og_locale":"en_US","og_type":"article","og_title":"Christophe Fouquet: Un visage fran\u00e7ais \u00e0 la t\u00eate du g\u00e9ant des semi-conducteurs - Territorial Challenges","og_description":"Veldhoven (Pays Bas), 24 avril 2024, la transition \u00e0 la t\u00eate d&rsquo;ASML marque une nouvelle \u00e8re pour le leader mondial des \u00e9quipements de production de semi-conducteurs. Christophe Fouquet, l&rsquo;actuel directeur des affaires commerciales, a pris les r\u00eanes de l&rsquo;entreprise n\u00e9erlandaise, succ\u00e9dant \u00e0 Peter Wennink. Avec cette nomination, Fouquet devient le deuxi\u00e8me Fran\u00e7ais \u00e0 diriger ASML, [&hellip;]","og_url":"https:\/\/territorialchallenges.com\/en\/2024\/06\/27\/christophe-fouquet-un-visage-francais-a-la-tete-du-geant-des-semi-conducteurs\/122963\/","og_site_name":"Territorial Challenges","article_published_time":"2024-06-27T16:46:50+00:00","og_image":[{"width":800,"height":800,"url":"https:\/\/territorialchallenges.com\/wp-content\/uploads\/2024\/06\/fouquetimage.jpeg","type":"image\/jpeg"}],"author":"ni.abdi","twitter_card":"summary_large_image","twitter_creator":"@Ni.abdi","twitter_misc":{"Written by":"ni.abdi","Est. reading time":"4 minutes"},"schema":{"@context":"https:\/\/schema.org","@graph":[{"@type":"Article","@id":"https:\/\/territorialchallenges.com\/2024\/06\/27\/christophe-fouquet-un-visage-francais-a-la-tete-du-geant-des-semi-conducteurs\/122963\/#article","isPartOf":{"@id":"https:\/\/territorialchallenges.com\/2024\/06\/27\/christophe-fouquet-un-visage-francais-a-la-tete-du-geant-des-semi-conducteurs\/122963\/"},"author":{"name":"ni.abdi","@id":"https:\/\/territorialchallenges.com\/#\/schema\/person\/098f145c7c61a021c425e010f840080f"},"headline":"Christophe Fouquet: Un visage fran\u00e7ais \u00e0 la t\u00eate du g\u00e9ant des semi-conducteurs","datePublished":"2024-06-27T16:46:50+00:00","dateModified":"2024-06-27T16:46:50+00:00","mainEntityOfPage":{"@id":"https:\/\/territorialchallenges.com\/2024\/06\/27\/christophe-fouquet-un-visage-francais-a-la-tete-du-geant-des-semi-conducteurs\/122963\/"},"wordCount":831,"publisher":{"@id":"https:\/\/territorialchallenges.com\/#organization"},"articleSection":["On parle d'eux","\u00c9cosyst\u00e8me"],"inLanguage":"en-US"},{"@type":"WebPage","@id":"https:\/\/territorialchallenges.com\/2024\/06\/27\/christophe-fouquet-un-visage-francais-a-la-tete-du-geant-des-semi-conducteurs\/122963\/","url":"https:\/\/territorialchallenges.com\/2024\/06\/27\/christophe-fouquet-un-visage-francais-a-la-tete-du-geant-des-semi-conducteurs\/122963\/","name":"Christophe Fouquet: Un visage fran\u00e7ais \u00e0 la t\u00eate du g\u00e9ant des semi-conducteurs - Territorial Challenges","isPartOf":{"@id":"https:\/\/territorialchallenges.com\/#website"},"datePublished":"2024-06-27T16:46:50+00:00","dateModified":"2024-06-27T16:46:50+00:00","breadcrumb":{"@id":"https:\/\/territorialchallenges.com\/2024\/06\/27\/christophe-fouquet-un-visage-francais-a-la-tete-du-geant-des-semi-conducteurs\/122963\/#breadcrumb"},"inLanguage":"en-US","potentialAction":[{"@type":"ReadAction","target":["https:\/\/territorialchallenges.com\/2024\/06\/27\/christophe-fouquet-un-visage-francais-a-la-tete-du-geant-des-semi-conducteurs\/122963\/"]}]},{"@type":"BreadcrumbList","@id":"https:\/\/territorialchallenges.com\/2024\/06\/27\/christophe-fouquet-un-visage-francais-a-la-tete-du-geant-des-semi-conducteurs\/122963\/#breadcrumb","itemListElement":[{"@type":"ListItem","position":1,"name":"Home","item":"https:\/\/territorialchallenges.com\/"},{"@type":"ListItem","position":2,"name":"Christophe Fouquet: Un visage fran\u00e7ais \u00e0 la t\u00eate du g\u00e9ant des semi-conducteurs"}]},{"@type":"WebSite","@id":"https:\/\/territorialchallenges.com\/#website","url":"https:\/\/territorialchallenges.com\/","name":"Territorial Challenges","description":"Veille Internationale - Intelligent strategies - Best practices","publisher":{"@id":"https:\/\/territorialchallenges.com\/#organization"},"potentialAction":[{"@type":"SearchAction","target":{"@type":"EntryPoint","urlTemplate":"https:\/\/territorialchallenges.com\/?s={search_term_string}"},"query-input":"required name=search_term_string"}],"inLanguage":"en-US"},{"@type":"Organization","@id":"https:\/\/territorialchallenges.com\/#organization","name":"Territorial Challenges","url":"https:\/\/territorialchallenges.com\/","logo":{"@type":"ImageObject","inLanguage":"en-US","@id":"https:\/\/territorialchallenges.com\/#\/schema\/logo\/image\/","url":"https:\/\/territorialchallenges.com\/wp-content\/uploads\/2023\/10\/logo-1.png","contentUrl":"https:\/\/territorialchallenges.com\/wp-content\/uploads\/2023\/10\/logo-1.png","width":1832,"height":576,"caption":"Territorial Challenges"},"image":{"@id":"https:\/\/territorialchallenges.com\/#\/schema\/logo\/image\/"}},{"@type":"Person","@id":"https:\/\/territorialchallenges.com\/#\/schema\/person\/098f145c7c61a021c425e010f840080f","name":"ni.abdi","image":{"@type":"ImageObject","inLanguage":"en-US","@id":"https:\/\/territorialchallenges.com\/#\/schema\/person\/image\/","url":"https:\/\/secure.gravatar.com\/avatar\/2a2f2491f3c80039986ba989b1e4b510?s=96&d=identicon&r=g","contentUrl":"https:\/\/secure.gravatar.com\/avatar\/2a2f2491f3c80039986ba989b1e4b510?s=96&d=identicon&r=g","caption":"ni.abdi"},"sameAs":["https:\/\/twitter.com\/Ni.abdi"],"url":"https:\/\/territorialchallenges.com\/en\/author\/ni-abdi\/"}]}},"_links":{"self":[{"href":"https:\/\/territorialchallenges.com\/en\/wp-json\/wp\/v2\/posts\/122963"}],"collection":[{"href":"https:\/\/territorialchallenges.com\/en\/wp-json\/wp\/v2\/posts"}],"about":[{"href":"https:\/\/territorialchallenges.com\/en\/wp-json\/wp\/v2\/types\/post"}],"author":[{"embeddable":true,"href":"https:\/\/territorialchallenges.com\/en\/wp-json\/wp\/v2\/users\/11"}],"replies":[{"embeddable":true,"href":"https:\/\/territorialchallenges.com\/en\/wp-json\/wp\/v2\/comments?post=122963"}],"version-history":[{"count":1,"href":"https:\/\/territorialchallenges.com\/en\/wp-json\/wp\/v2\/posts\/122963\/revisions"}],"predecessor-version":[{"id":122965,"href":"https:\/\/territorialchallenges.com\/en\/wp-json\/wp\/v2\/posts\/122963\/revisions\/122965"}],"wp:featuredmedia":[{"embeddable":true,"href":"https:\/\/territorialchallenges.com\/en\/wp-json\/wp\/v2\/media\/122964"}],"wp:attachment":[{"href":"https:\/\/territorialchallenges.com\/en\/wp-json\/wp\/v2\/media?parent=122963"}],"wp:term":[{"taxonomy":"category","embeddable":true,"href":"https:\/\/territorialchallenges.com\/en\/wp-json\/wp\/v2\/categories?post=122963"},{"taxonomy":"post_tag","embeddable":true,"href":"https:\/\/territorialchallenges.com\/en\/wp-json\/wp\/v2\/tags?post=122963"}],"curies":[{"name":"wp","href":"https:\/\/api.w.org\/{rel}","templated":true}]}}