{"id":122948,"date":"2024-06-27T17:45:19","date_gmt":"2024-06-27T15:45:19","guid":{"rendered":"https:\/\/territorialchallenges.com\/?p=122948"},"modified":"2024-06-27T18:11:48","modified_gmt":"2024-06-27T16:11:48","slug":"areti-et-wiener-netze-unissent-leurs-forces-pour-innover-les-reseaux-electriques-de-rome-et-vienne","status":"publish","type":"post","link":"https:\/\/territorialchallenges.com\/en\/2024\/06\/27\/areti-et-wiener-netze-unissent-leurs-forces-pour-innover-les-reseaux-electriques-de-rome-et-vienne\/122948\/","title":{"rendered":"Areti and Wiener Netze join forces to innovate the electricity networks of Rome and Vienna"},"content":{"rendered":"<p>Roman electrician Areti and Viennese-based Wiener Netze are collaborating to modernize and digitize the electricity grids of the two historic capitals. This cooperation focuses on advanced technologies such as next-generation smart meters and flexibility management, aimed at improving the efficiency and resilience of the electricity infrastructure. Roman electrician Areti and\u2026 <\/p>\n<div class=\"pmpro_content_message\">Article only viewable by subscribers.<br \/><a href=\"https:\/\/territorialchallenges.com\/wp-login.php\">Connection<\/a><br \/><a href=\"https:\/\/territorialchallenges.com\/en\/wp-login.php\/?action=register\">Register<\/a><\/div>","protected":false},"excerpt":{"rendered":"<p>L\u2019\u00e9lectricien romain Areti et le viennois Wiener Netze collaborent pour moderniser et num\u00e9riser les r\u00e9seaux \u00e9lectriques des deux capitales historiques. Cette coop\u00e9ration se concentre sur des technologies avanc\u00e9es comme les compteurs intelligents de nouvelle g\u00e9n\u00e9ration et la gestion de la flexibilit\u00e9, visant \u00e0 am\u00e9liorer l&rsquo;efficacit\u00e9 et la r\u00e9silience des infrastructures \u00e9lectriques. L&rsquo;\u00e9lectricien romain Areti et... <\/p>\n<div class=\"pmpro_content_message\">Article only viewable by subscribers.<br \/><a href=\"https:\/\/territorialchallenges.com\/wp-login.php\">Connection<\/a><br \/><a href=\"https:\/\/territorialchallenges.com\/en\/wp-login.php\/?action=register\">Register<\/a><\/div>","protected":false},"author":11,"featured_media":122949,"comment_status":"closed","ping_status":"closed","sticky":true,"template":"","format":"standard","meta":{"pmpro_default_level":0,"footnotes":""},"categories":[18,127],"tags":[],"blocksy_meta":"","yoast_head":"<!-- This site is optimized with the Yoast SEO plugin v21.5 - https:\/\/yoast.com\/wordpress\/plugins\/seo\/ -->\n<title>Areti et Wiener Netze unissent leurs forces pour innover les r\u00e9seaux \u00e9lectriques de Rome et Vienne - Territorial Challenges<\/title>\n<meta name=\"robots\" content=\"index, follow, max-snippet:-1, max-image-preview:large, max-video-preview:-1\" \/>\n<link rel=\"canonical\" href=\"https:\/\/territorialchallenges.com\/en\/2024\/06\/27\/areti-et-wiener-netze-unissent-leurs-forces-pour-innover-les-reseaux-electriques-de-rome-et-vienne\/122948\/\" \/>\n<meta property=\"og:locale\" content=\"en_US\" \/>\n<meta property=\"og:type\" content=\"article\" \/>\n<meta property=\"og:title\" content=\"Areti et Wiener Netze unissent leurs forces pour innover les r\u00e9seaux \u00e9lectriques de Rome et Vienne - Territorial Challenges\" \/>\n<meta property=\"og:description\" content=\"L\u2019\u00e9lectricien romain Areti et le viennois Wiener Netze collaborent pour moderniser et num\u00e9riser les r\u00e9seaux \u00e9lectriques des deux capitales historiques. Cette coop\u00e9ration se concentre sur des technologies avanc\u00e9es comme les compteurs intelligents de nouvelle g\u00e9n\u00e9ration et la gestion de la flexibilit\u00e9, visant \u00e0 am\u00e9liorer l&rsquo;efficacit\u00e9 et la r\u00e9silience des infrastructures \u00e9lectriques. L&rsquo;\u00e9lectricien romain Areti et [&hellip;]\" \/>\n<meta property=\"og:url\" content=\"https:\/\/territorialchallenges.com\/en\/2024\/06\/27\/areti-et-wiener-netze-unissent-leurs-forces-pour-innover-les-reseaux-electriques-de-rome-et-vienne\/122948\/\" \/>\n<meta property=\"og:site_name\" content=\"Territorial Challenges\" \/>\n<meta property=\"article:published_time\" content=\"2024-06-27T15:45:19+00:00\" \/>\n<meta property=\"article:modified_time\" content=\"2024-06-27T16:11:48+00:00\" \/>\n<meta property=\"og:image\" content=\"https:\/\/territorialchallenges.com\/wp-content\/uploads\/2024\/06\/transitionenergetiqueimage.jpg\" \/>\n\t<meta property=\"og:image:width\" content=\"1280\" \/>\n\t<meta property=\"og:image:height\" content=\"945\" \/>\n\t<meta property=\"og:image:type\" content=\"image\/jpeg\" \/>\n<meta name=\"author\" content=\"ni.abdi\" \/>\n<meta name=\"twitter:card\" content=\"summary_large_image\" \/>\n<meta name=\"twitter:creator\" content=\"@Ni.abdi\" \/>\n<meta name=\"twitter:label1\" content=\"Written by\" \/>\n\t<meta name=\"twitter:data1\" content=\"ni.abdi\" \/>\n\t<meta name=\"twitter:label2\" content=\"Est. reading time\" \/>\n\t<meta name=\"twitter:data2\" content=\"4 minutes\" \/>\n<script type=\"application\/ld+json\" class=\"yoast-schema-graph\">{\"@context\":\"https:\/\/schema.org\",\"@graph\":[{\"@type\":\"Article\",\"@id\":\"https:\/\/territorialchallenges.com\/2024\/06\/27\/areti-et-wiener-netze-unissent-leurs-forces-pour-innover-les-reseaux-electriques-de-rome-et-vienne\/122948\/#article\",\"isPartOf\":{\"@id\":\"https:\/\/territorialchallenges.com\/2024\/06\/27\/areti-et-wiener-netze-unissent-leurs-forces-pour-innover-les-reseaux-electriques-de-rome-et-vienne\/122948\/\"},\"author\":{\"name\":\"ni.abdi\",\"@id\":\"https:\/\/territorialchallenges.com\/#\/schema\/person\/098f145c7c61a021c425e010f840080f\"},\"headline\":\"Areti et Wiener Netze unissent leurs forces pour innover les r\u00e9seaux \u00e9lectriques de Rome et Vienne\",\"datePublished\":\"2024-06-27T15:45:19+00:00\",\"dateModified\":\"2024-06-27T16:11:48+00:00\",\"mainEntityOfPage\":{\"@id\":\"https:\/\/territorialchallenges.com\/2024\/06\/27\/areti-et-wiener-netze-unissent-leurs-forces-pour-innover-les-reseaux-electriques-de-rome-et-vienne\/122948\/\"},\"wordCount\":817,\"publisher\":{\"@id\":\"https:\/\/territorialchallenges.com\/#organization\"},\"articleSection\":[\"Transition \u00c9nerg\u00e9tique\",\"Actualit\u00e9 Europe\"],\"inLanguage\":\"en-US\"},{\"@type\":\"WebPage\",\"@id\":\"https:\/\/territorialchallenges.com\/2024\/06\/27\/areti-et-wiener-netze-unissent-leurs-forces-pour-innover-les-reseaux-electriques-de-rome-et-vienne\/122948\/\",\"url\":\"https:\/\/territorialchallenges.com\/2024\/06\/27\/areti-et-wiener-netze-unissent-leurs-forces-pour-innover-les-reseaux-electriques-de-rome-et-vienne\/122948\/\",\"name\":\"Areti et Wiener Netze unissent leurs forces pour innover les r\u00e9seaux \u00e9lectriques de Rome et Vienne - Territorial Challenges\",\"isPartOf\":{\"@id\":\"https:\/\/territorialchallenges.com\/#website\"},\"datePublished\":\"2024-06-27T15:45:19+00:00\",\"dateModified\":\"2024-06-27T16:11:48+00:00\",\"breadcrumb\":{\"@id\":\"https:\/\/territorialchallenges.com\/2024\/06\/27\/areti-et-wiener-netze-unissent-leurs-forces-pour-innover-les-reseaux-electriques-de-rome-et-vienne\/122948\/#breadcrumb\"},\"inLanguage\":\"en-US\",\"potentialAction\":[{\"@type\":\"ReadAction\",\"target\":[\"https:\/\/territorialchallenges.com\/2024\/06\/27\/areti-et-wiener-netze-unissent-leurs-forces-pour-innover-les-reseaux-electriques-de-rome-et-vienne\/122948\/\"]}]},{\"@type\":\"BreadcrumbList\",\"@id\":\"https:\/\/territorialchallenges.com\/2024\/06\/27\/areti-et-wiener-netze-unissent-leurs-forces-pour-innover-les-reseaux-electriques-de-rome-et-vienne\/122948\/#breadcrumb\",\"itemListElement\":[{\"@type\":\"ListItem\",\"position\":1,\"name\":\"Home\",\"item\":\"https:\/\/territorialchallenges.com\/\"},{\"@type\":\"ListItem\",\"position\":2,\"name\":\"Areti et Wiener Netze unissent leurs forces pour innover les r\u00e9seaux \u00e9lectriques de Rome et Vienne\"}]},{\"@type\":\"WebSite\",\"@id\":\"https:\/\/territorialchallenges.com\/#website\",\"url\":\"https:\/\/territorialchallenges.com\/\",\"name\":\"Territorial Challenges\",\"description\":\"Veille Internationale - Strat\u00e9gie Intelligentes - Bonnes pratiques\",\"publisher\":{\"@id\":\"https:\/\/territorialchallenges.com\/#organization\"},\"potentialAction\":[{\"@type\":\"SearchAction\",\"target\":{\"@type\":\"EntryPoint\",\"urlTemplate\":\"https:\/\/territorialchallenges.com\/?s={search_term_string}\"},\"query-input\":\"required name=search_term_string\"}],\"inLanguage\":\"en-US\"},{\"@type\":\"Organization\",\"@id\":\"https:\/\/territorialchallenges.com\/#organization\",\"name\":\"Territorial Challenges\",\"url\":\"https:\/\/territorialchallenges.com\/\",\"logo\":{\"@type\":\"ImageObject\",\"inLanguage\":\"en-US\",\"@id\":\"https:\/\/territorialchallenges.com\/#\/schema\/logo\/image\/\",\"url\":\"https:\/\/territorialchallenges.com\/wp-content\/uploads\/2023\/10\/logo-1.png\",\"contentUrl\":\"https:\/\/territorialchallenges.com\/wp-content\/uploads\/2023\/10\/logo-1.png\",\"width\":1832,\"height\":576,\"caption\":\"Territorial Challenges\"},\"image\":{\"@id\":\"https:\/\/territorialchallenges.com\/#\/schema\/logo\/image\/\"}},{\"@type\":\"Person\",\"@id\":\"https:\/\/territorialchallenges.com\/#\/schema\/person\/098f145c7c61a021c425e010f840080f\",\"name\":\"ni.abdi\",\"image\":{\"@type\":\"ImageObject\",\"inLanguage\":\"en-US\",\"@id\":\"https:\/\/territorialchallenges.com\/#\/schema\/person\/image\/\",\"url\":\"https:\/\/secure.gravatar.com\/avatar\/2a2f2491f3c80039986ba989b1e4b510?s=96&d=identicon&r=g\",\"contentUrl\":\"https:\/\/secure.gravatar.com\/avatar\/2a2f2491f3c80039986ba989b1e4b510?s=96&d=identicon&r=g\",\"caption\":\"ni.abdi\"},\"sameAs\":[\"https:\/\/twitter.com\/Ni.abdi\"],\"url\":\"https:\/\/territorialchallenges.com\/en\/author\/ni-abdi\/\"}]}<\/script>\n<!-- \/ Yoast SEO plugin. -->","yoast_head_json":{"title":"Areti et Wiener Netze unissent leurs forces pour innover les r\u00e9seaux \u00e9lectriques de Rome et Vienne - Territorial Challenges","robots":{"index":"index","follow":"follow","max-snippet":"max-snippet:-1","max-image-preview":"max-image-preview:large","max-video-preview":"max-video-preview:-1"},"canonical":"https:\/\/territorialchallenges.com\/en\/2024\/06\/27\/areti-et-wiener-netze-unissent-leurs-forces-pour-innover-les-reseaux-electriques-de-rome-et-vienne\/122948\/","og_locale":"en_US","og_type":"article","og_title":"Areti et Wiener Netze unissent leurs forces pour innover les r\u00e9seaux \u00e9lectriques de Rome et Vienne - Territorial Challenges","og_description":"L\u2019\u00e9lectricien romain Areti et le viennois Wiener Netze collaborent pour moderniser et num\u00e9riser les r\u00e9seaux \u00e9lectriques des deux capitales historiques. Cette coop\u00e9ration se concentre sur des technologies avanc\u00e9es comme les compteurs intelligents de nouvelle g\u00e9n\u00e9ration et la gestion de la flexibilit\u00e9, visant \u00e0 am\u00e9liorer l&rsquo;efficacit\u00e9 et la r\u00e9silience des infrastructures \u00e9lectriques. L&rsquo;\u00e9lectricien romain Areti et [&hellip;]","og_url":"https:\/\/territorialchallenges.com\/en\/2024\/06\/27\/areti-et-wiener-netze-unissent-leurs-forces-pour-innover-les-reseaux-electriques-de-rome-et-vienne\/122948\/","og_site_name":"Territorial Challenges","article_published_time":"2024-06-27T15:45:19+00:00","article_modified_time":"2024-06-27T16:11:48+00:00","og_image":[{"width":1280,"height":945,"url":"https:\/\/territorialchallenges.com\/wp-content\/uploads\/2024\/06\/transitionenergetiqueimage.jpg","type":"image\/jpeg"}],"author":"ni.abdi","twitter_card":"summary_large_image","twitter_creator":"@Ni.abdi","twitter_misc":{"Written by":"ni.abdi","Est. reading time":"4 minutes"},"schema":{"@context":"https:\/\/schema.org","@graph":[{"@type":"Article","@id":"https:\/\/territorialchallenges.com\/2024\/06\/27\/areti-et-wiener-netze-unissent-leurs-forces-pour-innover-les-reseaux-electriques-de-rome-et-vienne\/122948\/#article","isPartOf":{"@id":"https:\/\/territorialchallenges.com\/2024\/06\/27\/areti-et-wiener-netze-unissent-leurs-forces-pour-innover-les-reseaux-electriques-de-rome-et-vienne\/122948\/"},"author":{"name":"ni.abdi","@id":"https:\/\/territorialchallenges.com\/#\/schema\/person\/098f145c7c61a021c425e010f840080f"},"headline":"Areti et Wiener Netze unissent leurs forces pour innover les r\u00e9seaux \u00e9lectriques de Rome et Vienne","datePublished":"2024-06-27T15:45:19+00:00","dateModified":"2024-06-27T16:11:48+00:00","mainEntityOfPage":{"@id":"https:\/\/territorialchallenges.com\/2024\/06\/27\/areti-et-wiener-netze-unissent-leurs-forces-pour-innover-les-reseaux-electriques-de-rome-et-vienne\/122948\/"},"wordCount":817,"publisher":{"@id":"https:\/\/territorialchallenges.com\/#organization"},"articleSection":["Transition \u00c9nerg\u00e9tique","Actualit\u00e9 Europe"],"inLanguage":"en-US"},{"@type":"WebPage","@id":"https:\/\/territorialchallenges.com\/2024\/06\/27\/areti-et-wiener-netze-unissent-leurs-forces-pour-innover-les-reseaux-electriques-de-rome-et-vienne\/122948\/","url":"https:\/\/territorialchallenges.com\/2024\/06\/27\/areti-et-wiener-netze-unissent-leurs-forces-pour-innover-les-reseaux-electriques-de-rome-et-vienne\/122948\/","name":"Areti et Wiener Netze unissent leurs forces pour innover les r\u00e9seaux \u00e9lectriques de Rome et Vienne - Territorial Challenges","isPartOf":{"@id":"https:\/\/territorialchallenges.com\/#website"},"datePublished":"2024-06-27T15:45:19+00:00","dateModified":"2024-06-27T16:11:48+00:00","breadcrumb":{"@id":"https:\/\/territorialchallenges.com\/2024\/06\/27\/areti-et-wiener-netze-unissent-leurs-forces-pour-innover-les-reseaux-electriques-de-rome-et-vienne\/122948\/#breadcrumb"},"inLanguage":"en-US","potentialAction":[{"@type":"ReadAction","target":["https:\/\/territorialchallenges.com\/2024\/06\/27\/areti-et-wiener-netze-unissent-leurs-forces-pour-innover-les-reseaux-electriques-de-rome-et-vienne\/122948\/"]}]},{"@type":"BreadcrumbList","@id":"https:\/\/territorialchallenges.com\/2024\/06\/27\/areti-et-wiener-netze-unissent-leurs-forces-pour-innover-les-reseaux-electriques-de-rome-et-vienne\/122948\/#breadcrumb","itemListElement":[{"@type":"ListItem","position":1,"name":"Home","item":"https:\/\/territorialchallenges.com\/"},{"@type":"ListItem","position":2,"name":"Areti et Wiener Netze unissent leurs forces pour innover les r\u00e9seaux \u00e9lectriques de Rome et Vienne"}]},{"@type":"WebSite","@id":"https:\/\/territorialchallenges.com\/#website","url":"https:\/\/territorialchallenges.com\/","name":"Territorial Challenges","description":"Veille Internationale - Intelligent strategies - Best practices","publisher":{"@id":"https:\/\/territorialchallenges.com\/#organization"},"potentialAction":[{"@type":"SearchAction","target":{"@type":"EntryPoint","urlTemplate":"https:\/\/territorialchallenges.com\/?s={search_term_string}"},"query-input":"required name=search_term_string"}],"inLanguage":"en-US"},{"@type":"Organization","@id":"https:\/\/territorialchallenges.com\/#organization","name":"Territorial Challenges","url":"https:\/\/territorialchallenges.com\/","logo":{"@type":"ImageObject","inLanguage":"en-US","@id":"https:\/\/territorialchallenges.com\/#\/schema\/logo\/image\/","url":"https:\/\/territorialchallenges.com\/wp-content\/uploads\/2023\/10\/logo-1.png","contentUrl":"https:\/\/territorialchallenges.com\/wp-content\/uploads\/2023\/10\/logo-1.png","width":1832,"height":576,"caption":"Territorial Challenges"},"image":{"@id":"https:\/\/territorialchallenges.com\/#\/schema\/logo\/image\/"}},{"@type":"Person","@id":"https:\/\/territorialchallenges.com\/#\/schema\/person\/098f145c7c61a021c425e010f840080f","name":"ni.abdi","image":{"@type":"ImageObject","inLanguage":"en-US","@id":"https:\/\/territorialchallenges.com\/#\/schema\/person\/image\/","url":"https:\/\/secure.gravatar.com\/avatar\/2a2f2491f3c80039986ba989b1e4b510?s=96&d=identicon&r=g","contentUrl":"https:\/\/secure.gravatar.com\/avatar\/2a2f2491f3c80039986ba989b1e4b510?s=96&d=identicon&r=g","caption":"ni.abdi"},"sameAs":["https:\/\/twitter.com\/Ni.abdi"],"url":"https:\/\/territorialchallenges.com\/en\/author\/ni-abdi\/"}]}},"_links":{"self":[{"href":"https:\/\/territorialchallenges.com\/en\/wp-json\/wp\/v2\/posts\/122948"}],"collection":[{"href":"https:\/\/territorialchallenges.com\/en\/wp-json\/wp\/v2\/posts"}],"about":[{"href":"https:\/\/territorialchallenges.com\/en\/wp-json\/wp\/v2\/types\/post"}],"author":[{"embeddable":true,"href":"https:\/\/territorialchallenges.com\/en\/wp-json\/wp\/v2\/users\/11"}],"replies":[{"embeddable":true,"href":"https:\/\/territorialchallenges.com\/en\/wp-json\/wp\/v2\/comments?post=122948"}],"version-history":[{"count":2,"href":"https:\/\/territorialchallenges.com\/en\/wp-json\/wp\/v2\/posts\/122948\/revisions"}],"predecessor-version":[{"id":122955,"href":"https:\/\/territorialchallenges.com\/en\/wp-json\/wp\/v2\/posts\/122948\/revisions\/122955"}],"wp:featuredmedia":[{"embeddable":true,"href":"https:\/\/territorialchallenges.com\/en\/wp-json\/wp\/v2\/media\/122949"}],"wp:attachment":[{"href":"https:\/\/territorialchallenges.com\/en\/wp-json\/wp\/v2\/media?parent=122948"}],"wp:term":[{"taxonomy":"category","embeddable":true,"href":"https:\/\/territorialchallenges.com\/en\/wp-json\/wp\/v2\/categories?post=122948"},{"taxonomy":"post_tag","embeddable":true,"href":"https:\/\/territorialchallenges.com\/en\/wp-json\/wp\/v2\/tags?post=122948"}],"curies":[{"name":"wp","href":"https:\/\/api.w.org\/{rel}","templated":true}]}}