{"id":122463,"date":"2024-03-19T12:03:31","date_gmt":"2024-03-19T11:03:31","guid":{"rendered":"https:\/\/territorialchallenges.com\/?p=122463"},"modified":"2024-03-19T12:03:33","modified_gmt":"2024-03-19T11:03:33","slug":"espagne-murcie-inaugure-la-chaire-smart-city-murcia-pour-une-transition-numerique-novatrice","status":"publish","type":"post","link":"https:\/\/territorialchallenges.com\/en\/2024\/03\/19\/espagne-murcie-inaugure-la-chaire-smart-city-murcia-pour-une-transition-numerique-novatrice\/122463\/","title":{"rendered":"Spain: Murcia inaugurates the \u201cSmart City Murcia Chair\u201d for an innovative digital transition"},"content":{"rendered":"<p>The city of Murcia, in partnership with the University of Murcia, is taking a new step towards the future with the creation of the &quot;Smart City Murcia Chair.&quot; This collaboration agreement, signed by Mayor Jos\u00e9 Ballesta and Rector Jos\u00e9 Luj\u00e1n, aims to boost research in information and communication technologies... <\/p>\n<div class=\"pmpro_content_message\">Article only viewable by subscribers.<br \/><a href=\"https:\/\/territorialchallenges.com\/wp-login.php\">Connection<\/a><br \/><a href=\"https:\/\/territorialchallenges.com\/en\/wp-login.php\/?action=register\">Register<\/a><\/div>","protected":false},"excerpt":{"rendered":"<p>La ville de Murcie, en partenariat avec l&rsquo;Universit\u00e9 de Murcie, franchit une nouvelle \u00e9tape vers l&rsquo;avenir avec la cr\u00e9ation de la \u00ab\u00a0Chaire Smart City Murcia\u00a0\u00bb. Cet accord de collaboration, sign\u00e9 par le maire Jos\u00e9 Ballesta et le recteur Jos\u00e9 Luj\u00e1n, vise \u00e0 dynamiser la recherche en mati\u00e8re de technologies de l&rsquo;information et de la communication... <\/p>\n<div class=\"pmpro_content_message\">Article only viewable by subscribers.<br \/><a href=\"https:\/\/territorialchallenges.com\/wp-login.php\">Connection<\/a><br \/><a href=\"https:\/\/territorialchallenges.com\/en\/wp-login.php\/?action=register\">Register<\/a><\/div>","protected":false},"author":11,"featured_media":122464,"comment_status":"closed","ping_status":"closed","sticky":true,"template":"","format":"standard","meta":{"pmpro_default_level":0,"footnotes":""},"categories":[19,127],"tags":[],"blocksy_meta":"","yoast_head":"<!-- This site is optimized with the Yoast SEO plugin v21.5 - https:\/\/yoast.com\/wordpress\/plugins\/seo\/ -->\n<title>Espagne\u00a0: Murcie inaugure la &quot;Chaire Smart City Murcia&quot; pour une transition num\u00e9rique novatrice - Territorial Challenges<\/title>\n<meta name=\"robots\" content=\"index, follow, max-snippet:-1, max-image-preview:large, max-video-preview:-1\" \/>\n<link rel=\"canonical\" href=\"https:\/\/territorialchallenges.com\/en\/2024\/03\/19\/espagne-murcie-inaugure-la-chaire-smart-city-murcia-pour-une-transition-numerique-novatrice\/122463\/\" \/>\n<meta property=\"og:locale\" content=\"en_US\" \/>\n<meta property=\"og:type\" content=\"article\" \/>\n<meta property=\"og:title\" content=\"Espagne\u00a0: Murcie inaugure la &quot;Chaire Smart City Murcia&quot; pour une transition num\u00e9rique novatrice - Territorial Challenges\" \/>\n<meta property=\"og:description\" content=\"La ville de Murcie, en partenariat avec l&rsquo;Universit\u00e9 de Murcie, franchit une nouvelle \u00e9tape vers l&rsquo;avenir avec la cr\u00e9ation de la \u00ab\u00a0Chaire Smart City Murcia\u00a0\u00bb. Cet accord de collaboration, sign\u00e9 par le maire Jos\u00e9 Ballesta et le recteur Jos\u00e9 Luj\u00e1n, vise \u00e0 dynamiser la recherche en mati\u00e8re de technologies de l&rsquo;information et de la communication [&hellip;]\" \/>\n<meta property=\"og:url\" content=\"https:\/\/territorialchallenges.com\/en\/2024\/03\/19\/espagne-murcie-inaugure-la-chaire-smart-city-murcia-pour-une-transition-numerique-novatrice\/122463\/\" \/>\n<meta property=\"og:site_name\" content=\"Territorial Challenges\" \/>\n<meta property=\"article:published_time\" content=\"2024-03-19T11:03:31+00:00\" \/>\n<meta property=\"article:modified_time\" content=\"2024-03-19T11:03:33+00:00\" \/>\n<meta property=\"og:image\" content=\"https:\/\/territorialchallenges.com\/wp-content\/uploads\/2024\/03\/TerritoireIntelligentsMurcie.jpg\" \/>\n\t<meta property=\"og:image:width\" content=\"1280\" \/>\n\t<meta property=\"og:image:height\" content=\"720\" \/>\n\t<meta property=\"og:image:type\" content=\"image\/jpeg\" \/>\n<meta name=\"author\" content=\"ni.abdi\" \/>\n<meta name=\"twitter:card\" content=\"summary_large_image\" \/>\n<meta name=\"twitter:creator\" content=\"@Ni.abdi\" \/>\n<meta name=\"twitter:label1\" content=\"Written by\" \/>\n\t<meta name=\"twitter:data1\" content=\"ni.abdi\" \/>\n\t<meta name=\"twitter:label2\" content=\"Est. reading time\" \/>\n\t<meta name=\"twitter:data2\" content=\"3 minutes\" \/>\n<script type=\"application\/ld+json\" class=\"yoast-schema-graph\">{\"@context\":\"https:\/\/schema.org\",\"@graph\":[{\"@type\":\"Article\",\"@id\":\"https:\/\/territorialchallenges.com\/2024\/03\/19\/espagne-murcie-inaugure-la-chaire-smart-city-murcia-pour-une-transition-numerique-novatrice\/122463\/#article\",\"isPartOf\":{\"@id\":\"https:\/\/territorialchallenges.com\/2024\/03\/19\/espagne-murcie-inaugure-la-chaire-smart-city-murcia-pour-une-transition-numerique-novatrice\/122463\/\"},\"author\":{\"name\":\"ni.abdi\",\"@id\":\"https:\/\/territorialchallenges.com\/#\/schema\/person\/098f145c7c61a021c425e010f840080f\"},\"headline\":\"Espagne\u00a0: Murcie inaugure la \u00ab\u00a0Chaire Smart City Murcia\u00a0\u00bb pour une transition num\u00e9rique novatrice\",\"datePublished\":\"2024-03-19T11:03:31+00:00\",\"dateModified\":\"2024-03-19T11:03:33+00:00\",\"mainEntityOfPage\":{\"@id\":\"https:\/\/territorialchallenges.com\/2024\/03\/19\/espagne-murcie-inaugure-la-chaire-smart-city-murcia-pour-une-transition-numerique-novatrice\/122463\/\"},\"wordCount\":618,\"publisher\":{\"@id\":\"https:\/\/territorialchallenges.com\/#organization\"},\"articleSection\":[\"Territoires Intelligents\",\"Actualit\u00e9 Europe\"],\"inLanguage\":\"en-US\"},{\"@type\":\"WebPage\",\"@id\":\"https:\/\/territorialchallenges.com\/2024\/03\/19\/espagne-murcie-inaugure-la-chaire-smart-city-murcia-pour-une-transition-numerique-novatrice\/122463\/\",\"url\":\"https:\/\/territorialchallenges.com\/2024\/03\/19\/espagne-murcie-inaugure-la-chaire-smart-city-murcia-pour-une-transition-numerique-novatrice\/122463\/\",\"name\":\"Espagne\u00a0: Murcie inaugure la \\\"Chaire Smart City Murcia\\\" pour une transition num\u00e9rique novatrice - Territorial Challenges\",\"isPartOf\":{\"@id\":\"https:\/\/territorialchallenges.com\/#website\"},\"datePublished\":\"2024-03-19T11:03:31+00:00\",\"dateModified\":\"2024-03-19T11:03:33+00:00\",\"breadcrumb\":{\"@id\":\"https:\/\/territorialchallenges.com\/2024\/03\/19\/espagne-murcie-inaugure-la-chaire-smart-city-murcia-pour-une-transition-numerique-novatrice\/122463\/#breadcrumb\"},\"inLanguage\":\"en-US\",\"potentialAction\":[{\"@type\":\"ReadAction\",\"target\":[\"https:\/\/territorialchallenges.com\/2024\/03\/19\/espagne-murcie-inaugure-la-chaire-smart-city-murcia-pour-une-transition-numerique-novatrice\/122463\/\"]}]},{\"@type\":\"BreadcrumbList\",\"@id\":\"https:\/\/territorialchallenges.com\/2024\/03\/19\/espagne-murcie-inaugure-la-chaire-smart-city-murcia-pour-une-transition-numerique-novatrice\/122463\/#breadcrumb\",\"itemListElement\":[{\"@type\":\"ListItem\",\"position\":1,\"name\":\"Home\",\"item\":\"https:\/\/territorialchallenges.com\/\"},{\"@type\":\"ListItem\",\"position\":2,\"name\":\"Espagne\u00a0: Murcie inaugure la \u00ab\u00a0Chaire Smart City Murcia\u00a0\u00bb pour une transition num\u00e9rique novatrice\"}]},{\"@type\":\"WebSite\",\"@id\":\"https:\/\/territorialchallenges.com\/#website\",\"url\":\"https:\/\/territorialchallenges.com\/\",\"name\":\"Territorial Challenges\",\"description\":\"Veille Internationale - Strat\u00e9gie Intelligentes - Bonnes pratiques\",\"publisher\":{\"@id\":\"https:\/\/territorialchallenges.com\/#organization\"},\"potentialAction\":[{\"@type\":\"SearchAction\",\"target\":{\"@type\":\"EntryPoint\",\"urlTemplate\":\"https:\/\/territorialchallenges.com\/?s={search_term_string}\"},\"query-input\":\"required name=search_term_string\"}],\"inLanguage\":\"en-US\"},{\"@type\":\"Organization\",\"@id\":\"https:\/\/territorialchallenges.com\/#organization\",\"name\":\"Territorial Challenges\",\"url\":\"https:\/\/territorialchallenges.com\/\",\"logo\":{\"@type\":\"ImageObject\",\"inLanguage\":\"en-US\",\"@id\":\"https:\/\/territorialchallenges.com\/#\/schema\/logo\/image\/\",\"url\":\"https:\/\/territorialchallenges.com\/wp-content\/uploads\/2023\/10\/logo-1.png\",\"contentUrl\":\"https:\/\/territorialchallenges.com\/wp-content\/uploads\/2023\/10\/logo-1.png\",\"width\":1832,\"height\":576,\"caption\":\"Territorial Challenges\"},\"image\":{\"@id\":\"https:\/\/territorialchallenges.com\/#\/schema\/logo\/image\/\"}},{\"@type\":\"Person\",\"@id\":\"https:\/\/territorialchallenges.com\/#\/schema\/person\/098f145c7c61a021c425e010f840080f\",\"name\":\"ni.abdi\",\"image\":{\"@type\":\"ImageObject\",\"inLanguage\":\"en-US\",\"@id\":\"https:\/\/territorialchallenges.com\/#\/schema\/person\/image\/\",\"url\":\"https:\/\/secure.gravatar.com\/avatar\/2a2f2491f3c80039986ba989b1e4b510?s=96&d=identicon&r=g\",\"contentUrl\":\"https:\/\/secure.gravatar.com\/avatar\/2a2f2491f3c80039986ba989b1e4b510?s=96&d=identicon&r=g\",\"caption\":\"ni.abdi\"},\"sameAs\":[\"https:\/\/twitter.com\/Ni.abdi\"],\"url\":\"https:\/\/territorialchallenges.com\/en\/author\/ni-abdi\/\"}]}<\/script>\n<!-- \/ Yoast SEO plugin. -->","yoast_head_json":{"title":"Espagne\u00a0: Murcie inaugure la \"Chaire Smart City Murcia\" pour une transition num\u00e9rique novatrice - Territorial Challenges","robots":{"index":"index","follow":"follow","max-snippet":"max-snippet:-1","max-image-preview":"max-image-preview:large","max-video-preview":"max-video-preview:-1"},"canonical":"https:\/\/territorialchallenges.com\/en\/2024\/03\/19\/espagne-murcie-inaugure-la-chaire-smart-city-murcia-pour-une-transition-numerique-novatrice\/122463\/","og_locale":"en_US","og_type":"article","og_title":"Espagne\u00a0: Murcie inaugure la \"Chaire Smart City Murcia\" pour une transition num\u00e9rique novatrice - Territorial Challenges","og_description":"La ville de Murcie, en partenariat avec l&rsquo;Universit\u00e9 de Murcie, franchit une nouvelle \u00e9tape vers l&rsquo;avenir avec la cr\u00e9ation de la \u00ab\u00a0Chaire Smart City Murcia\u00a0\u00bb. Cet accord de collaboration, sign\u00e9 par le maire Jos\u00e9 Ballesta et le recteur Jos\u00e9 Luj\u00e1n, vise \u00e0 dynamiser la recherche en mati\u00e8re de technologies de l&rsquo;information et de la communication [&hellip;]","og_url":"https:\/\/territorialchallenges.com\/en\/2024\/03\/19\/espagne-murcie-inaugure-la-chaire-smart-city-murcia-pour-une-transition-numerique-novatrice\/122463\/","og_site_name":"Territorial Challenges","article_published_time":"2024-03-19T11:03:31+00:00","article_modified_time":"2024-03-19T11:03:33+00:00","og_image":[{"width":1280,"height":720,"url":"https:\/\/territorialchallenges.com\/wp-content\/uploads\/2024\/03\/TerritoireIntelligentsMurcie.jpg","type":"image\/jpeg"}],"author":"ni.abdi","twitter_card":"summary_large_image","twitter_creator":"@Ni.abdi","twitter_misc":{"Written by":"ni.abdi","Est. reading time":"3 minutes"},"schema":{"@context":"https:\/\/schema.org","@graph":[{"@type":"Article","@id":"https:\/\/territorialchallenges.com\/2024\/03\/19\/espagne-murcie-inaugure-la-chaire-smart-city-murcia-pour-une-transition-numerique-novatrice\/122463\/#article","isPartOf":{"@id":"https:\/\/territorialchallenges.com\/2024\/03\/19\/espagne-murcie-inaugure-la-chaire-smart-city-murcia-pour-une-transition-numerique-novatrice\/122463\/"},"author":{"name":"ni.abdi","@id":"https:\/\/territorialchallenges.com\/#\/schema\/person\/098f145c7c61a021c425e010f840080f"},"headline":"Espagne\u00a0: Murcie inaugure la \u00ab\u00a0Chaire Smart City Murcia\u00a0\u00bb pour une transition num\u00e9rique novatrice","datePublished":"2024-03-19T11:03:31+00:00","dateModified":"2024-03-19T11:03:33+00:00","mainEntityOfPage":{"@id":"https:\/\/territorialchallenges.com\/2024\/03\/19\/espagne-murcie-inaugure-la-chaire-smart-city-murcia-pour-une-transition-numerique-novatrice\/122463\/"},"wordCount":618,"publisher":{"@id":"https:\/\/territorialchallenges.com\/#organization"},"articleSection":["Territoires Intelligents","Actualit\u00e9 Europe"],"inLanguage":"en-US"},{"@type":"WebPage","@id":"https:\/\/territorialchallenges.com\/2024\/03\/19\/espagne-murcie-inaugure-la-chaire-smart-city-murcia-pour-une-transition-numerique-novatrice\/122463\/","url":"https:\/\/territorialchallenges.com\/2024\/03\/19\/espagne-murcie-inaugure-la-chaire-smart-city-murcia-pour-une-transition-numerique-novatrice\/122463\/","name":"Espagne\u00a0: Murcie inaugure la \"Chaire Smart City Murcia\" pour une transition num\u00e9rique novatrice - Territorial Challenges","isPartOf":{"@id":"https:\/\/territorialchallenges.com\/#website"},"datePublished":"2024-03-19T11:03:31+00:00","dateModified":"2024-03-19T11:03:33+00:00","breadcrumb":{"@id":"https:\/\/territorialchallenges.com\/2024\/03\/19\/espagne-murcie-inaugure-la-chaire-smart-city-murcia-pour-une-transition-numerique-novatrice\/122463\/#breadcrumb"},"inLanguage":"en-US","potentialAction":[{"@type":"ReadAction","target":["https:\/\/territorialchallenges.com\/2024\/03\/19\/espagne-murcie-inaugure-la-chaire-smart-city-murcia-pour-une-transition-numerique-novatrice\/122463\/"]}]},{"@type":"BreadcrumbList","@id":"https:\/\/territorialchallenges.com\/2024\/03\/19\/espagne-murcie-inaugure-la-chaire-smart-city-murcia-pour-une-transition-numerique-novatrice\/122463\/#breadcrumb","itemListElement":[{"@type":"ListItem","position":1,"name":"Home","item":"https:\/\/territorialchallenges.com\/"},{"@type":"ListItem","position":2,"name":"Espagne\u00a0: Murcie inaugure la \u00ab\u00a0Chaire Smart City Murcia\u00a0\u00bb pour une transition num\u00e9rique novatrice"}]},{"@type":"WebSite","@id":"https:\/\/territorialchallenges.com\/#website","url":"https:\/\/territorialchallenges.com\/","name":"Territorial Challenges","description":"Veille Internationale - Intelligent strategies - Best practices","publisher":{"@id":"https:\/\/territorialchallenges.com\/#organization"},"potentialAction":[{"@type":"SearchAction","target":{"@type":"EntryPoint","urlTemplate":"https:\/\/territorialchallenges.com\/?s={search_term_string}"},"query-input":"required name=search_term_string"}],"inLanguage":"en-US"},{"@type":"Organization","@id":"https:\/\/territorialchallenges.com\/#organization","name":"Territorial Challenges","url":"https:\/\/territorialchallenges.com\/","logo":{"@type":"ImageObject","inLanguage":"en-US","@id":"https:\/\/territorialchallenges.com\/#\/schema\/logo\/image\/","url":"https:\/\/territorialchallenges.com\/wp-content\/uploads\/2023\/10\/logo-1.png","contentUrl":"https:\/\/territorialchallenges.com\/wp-content\/uploads\/2023\/10\/logo-1.png","width":1832,"height":576,"caption":"Territorial Challenges"},"image":{"@id":"https:\/\/territorialchallenges.com\/#\/schema\/logo\/image\/"}},{"@type":"Person","@id":"https:\/\/territorialchallenges.com\/#\/schema\/person\/098f145c7c61a021c425e010f840080f","name":"ni.abdi","image":{"@type":"ImageObject","inLanguage":"en-US","@id":"https:\/\/territorialchallenges.com\/#\/schema\/person\/image\/","url":"https:\/\/secure.gravatar.com\/avatar\/2a2f2491f3c80039986ba989b1e4b510?s=96&d=identicon&r=g","contentUrl":"https:\/\/secure.gravatar.com\/avatar\/2a2f2491f3c80039986ba989b1e4b510?s=96&d=identicon&r=g","caption":"ni.abdi"},"sameAs":["https:\/\/twitter.com\/Ni.abdi"],"url":"https:\/\/territorialchallenges.com\/en\/author\/ni-abdi\/"}]}},"_links":{"self":[{"href":"https:\/\/territorialchallenges.com\/en\/wp-json\/wp\/v2\/posts\/122463"}],"collection":[{"href":"https:\/\/territorialchallenges.com\/en\/wp-json\/wp\/v2\/posts"}],"about":[{"href":"https:\/\/territorialchallenges.com\/en\/wp-json\/wp\/v2\/types\/post"}],"author":[{"embeddable":true,"href":"https:\/\/territorialchallenges.com\/en\/wp-json\/wp\/v2\/users\/11"}],"replies":[{"embeddable":true,"href":"https:\/\/territorialchallenges.com\/en\/wp-json\/wp\/v2\/comments?post=122463"}],"version-history":[{"count":1,"href":"https:\/\/territorialchallenges.com\/en\/wp-json\/wp\/v2\/posts\/122463\/revisions"}],"predecessor-version":[{"id":122465,"href":"https:\/\/territorialchallenges.com\/en\/wp-json\/wp\/v2\/posts\/122463\/revisions\/122465"}],"wp:featuredmedia":[{"embeddable":true,"href":"https:\/\/territorialchallenges.com\/en\/wp-json\/wp\/v2\/media\/122464"}],"wp:attachment":[{"href":"https:\/\/territorialchallenges.com\/en\/wp-json\/wp\/v2\/media?parent=122463"}],"wp:term":[{"taxonomy":"category","embeddable":true,"href":"https:\/\/territorialchallenges.com\/en\/wp-json\/wp\/v2\/categories?post=122463"},{"taxonomy":"post_tag","embeddable":true,"href":"https:\/\/territorialchallenges.com\/en\/wp-json\/wp\/v2\/tags?post=122463"}],"curies":[{"name":"wp","href":"https:\/\/api.w.org\/{rel}","templated":true}]}}