{"id":122450,"date":"2024-03-19T11:12:28","date_gmt":"2024-03-19T10:12:28","guid":{"rendered":"https:\/\/territorialchallenges.com\/?p=122450"},"modified":"2024-03-19T11:12:30","modified_gmt":"2024-03-19T10:12:30","slug":"la-vie-urbaine-et-lheritage-de-pierre-lavedan-dans-lurbanisme-francais","status":"publish","type":"post","link":"https:\/\/territorialchallenges.com\/en\/2024\/03\/19\/la-vie-urbaine-et-lheritage-de-pierre-lavedan-dans-lurbanisme-francais\/122450\/","title":{"rendered":"Urban life and the legacy of Pierre Lavedan in French urban planning"},"content":{"rendered":"<p>The journal &quot;La Vie Urbaine,&quot; edited by historian and urban planner Pierre Lavedan, profoundly influenced the intellectual landscape of urban planning in France in the 20th century. Founded in 1919, this publication has become an essential reference for research in urban planning and urban history, providing a platform for innovative analyses and intellectual debates\u2026. <\/p>\n<div class=\"pmpro_content_message\">Article only viewable by subscribers.<br \/><a href=\"https:\/\/territorialchallenges.com\/wp-login.php\">Connection<\/a><br \/><a href=\"https:\/\/territorialchallenges.com\/en\/wp-login.php\/?action=register\">Register<\/a><\/div>","protected":false},"excerpt":{"rendered":"<p>La Revue \u00ab\u00a0La Vie Urbaine\u00a0\u00bb, dirig\u00e9e par l&rsquo;historien et urbaniste Pierre Lavedan, a profond\u00e9ment influenc\u00e9 le paysage intellectuel de l&rsquo;urbanisme en France au XXe si\u00e8cle. Fond\u00e9e en 1919, cette publication est devenue une r\u00e9f\u00e9rence incontournable pour la recherche en urbanisme et en histoire urbaine, offrant une plateforme pour des analyses novatrices et des d\u00e9bats intellectuels.... <\/p>\n<div class=\"pmpro_content_message\">Article only viewable by subscribers.<br \/><a href=\"https:\/\/territorialchallenges.com\/wp-login.php\">Connection<\/a><br \/><a href=\"https:\/\/territorialchallenges.com\/en\/wp-login.php\/?action=register\">Register<\/a><\/div>","protected":false},"author":11,"featured_media":122451,"comment_status":"closed","ping_status":"closed","sticky":true,"template":"","format":"standard","meta":{"pmpro_default_level":0,"footnotes":""},"categories":[121],"tags":[],"blocksy_meta":"","yoast_head":"<!-- This site is optimized with the Yoast SEO plugin v21.5 - https:\/\/yoast.com\/wordpress\/plugins\/seo\/ -->\n<title>La vie urbaine et l&#039;h\u00e9ritage de Pierre Lavedan dans l&#039;urbanisme fran\u00e7ais - Territorial Challenges<\/title>\n<meta name=\"robots\" content=\"index, follow, max-snippet:-1, max-image-preview:large, max-video-preview:-1\" \/>\n<link rel=\"canonical\" href=\"https:\/\/territorialchallenges.com\/en\/2024\/03\/19\/la-vie-urbaine-et-lheritage-de-pierre-lavedan-dans-lurbanisme-francais\/122450\/\" \/>\n<meta property=\"og:locale\" content=\"en_US\" \/>\n<meta property=\"og:type\" content=\"article\" \/>\n<meta property=\"og:title\" content=\"La vie urbaine et l&#039;h\u00e9ritage de Pierre Lavedan dans l&#039;urbanisme fran\u00e7ais - Territorial Challenges\" \/>\n<meta property=\"og:description\" content=\"La Revue \u00ab\u00a0La Vie Urbaine\u00a0\u00bb, dirig\u00e9e par l&rsquo;historien et urbaniste Pierre Lavedan, a profond\u00e9ment influenc\u00e9 le paysage intellectuel de l&rsquo;urbanisme en France au XXe si\u00e8cle. Fond\u00e9e en 1919, cette publication est devenue une r\u00e9f\u00e9rence incontournable pour la recherche en urbanisme et en histoire urbaine, offrant une plateforme pour des analyses novatrices et des d\u00e9bats intellectuels. [&hellip;]\" \/>\n<meta property=\"og:url\" content=\"https:\/\/territorialchallenges.com\/en\/2024\/03\/19\/la-vie-urbaine-et-lheritage-de-pierre-lavedan-dans-lurbanisme-francais\/122450\/\" \/>\n<meta property=\"og:site_name\" content=\"Territorial Challenges\" \/>\n<meta property=\"article:published_time\" content=\"2024-03-19T10:12:28+00:00\" \/>\n<meta property=\"article:modified_time\" content=\"2024-03-19T10:12:30+00:00\" \/>\n<meta property=\"og:image\" content=\"https:\/\/territorialchallenges.com\/wp-content\/uploads\/2024\/03\/memoirelavedanphoto1.jpeg\" \/>\n\t<meta property=\"og:image:width\" content=\"204\" \/>\n\t<meta property=\"og:image:height\" content=\"247\" \/>\n\t<meta property=\"og:image:type\" content=\"image\/jpeg\" \/>\n<meta name=\"author\" content=\"ni.abdi\" \/>\n<meta name=\"twitter:card\" content=\"summary_large_image\" \/>\n<meta name=\"twitter:creator\" content=\"@Ni.abdi\" \/>\n<meta name=\"twitter:label1\" content=\"Written by\" \/>\n\t<meta name=\"twitter:data1\" content=\"ni.abdi\" \/>\n\t<meta name=\"twitter:label2\" content=\"Est. reading time\" \/>\n\t<meta name=\"twitter:data2\" content=\"3 minutes\" \/>\n<script type=\"application\/ld+json\" class=\"yoast-schema-graph\">{\"@context\":\"https:\/\/schema.org\",\"@graph\":[{\"@type\":\"Article\",\"@id\":\"https:\/\/territorialchallenges.com\/2024\/03\/19\/la-vie-urbaine-et-lheritage-de-pierre-lavedan-dans-lurbanisme-francais\/122450\/#article\",\"isPartOf\":{\"@id\":\"https:\/\/territorialchallenges.com\/2024\/03\/19\/la-vie-urbaine-et-lheritage-de-pierre-lavedan-dans-lurbanisme-francais\/122450\/\"},\"author\":{\"name\":\"ni.abdi\",\"@id\":\"https:\/\/territorialchallenges.com\/#\/schema\/person\/098f145c7c61a021c425e010f840080f\"},\"headline\":\"La vie urbaine et l&rsquo;h\u00e9ritage de Pierre Lavedan dans l&rsquo;urbanisme fran\u00e7ais\",\"datePublished\":\"2024-03-19T10:12:28+00:00\",\"dateModified\":\"2024-03-19T10:12:30+00:00\",\"mainEntityOfPage\":{\"@id\":\"https:\/\/territorialchallenges.com\/2024\/03\/19\/la-vie-urbaine-et-lheritage-de-pierre-lavedan-dans-lurbanisme-francais\/122450\/\"},\"wordCount\":496,\"publisher\":{\"@id\":\"https:\/\/territorialchallenges.com\/#organization\"},\"articleSection\":[\"M\u00e9moire\"],\"inLanguage\":\"en-US\"},{\"@type\":\"WebPage\",\"@id\":\"https:\/\/territorialchallenges.com\/2024\/03\/19\/la-vie-urbaine-et-lheritage-de-pierre-lavedan-dans-lurbanisme-francais\/122450\/\",\"url\":\"https:\/\/territorialchallenges.com\/2024\/03\/19\/la-vie-urbaine-et-lheritage-de-pierre-lavedan-dans-lurbanisme-francais\/122450\/\",\"name\":\"La vie urbaine et l'h\u00e9ritage de Pierre Lavedan dans l'urbanisme fran\u00e7ais - Territorial Challenges\",\"isPartOf\":{\"@id\":\"https:\/\/territorialchallenges.com\/#website\"},\"datePublished\":\"2024-03-19T10:12:28+00:00\",\"dateModified\":\"2024-03-19T10:12:30+00:00\",\"breadcrumb\":{\"@id\":\"https:\/\/territorialchallenges.com\/2024\/03\/19\/la-vie-urbaine-et-lheritage-de-pierre-lavedan-dans-lurbanisme-francais\/122450\/#breadcrumb\"},\"inLanguage\":\"en-US\",\"potentialAction\":[{\"@type\":\"ReadAction\",\"target\":[\"https:\/\/territorialchallenges.com\/2024\/03\/19\/la-vie-urbaine-et-lheritage-de-pierre-lavedan-dans-lurbanisme-francais\/122450\/\"]}]},{\"@type\":\"BreadcrumbList\",\"@id\":\"https:\/\/territorialchallenges.com\/2024\/03\/19\/la-vie-urbaine-et-lheritage-de-pierre-lavedan-dans-lurbanisme-francais\/122450\/#breadcrumb\",\"itemListElement\":[{\"@type\":\"ListItem\",\"position\":1,\"name\":\"Home\",\"item\":\"https:\/\/territorialchallenges.com\/\"},{\"@type\":\"ListItem\",\"position\":2,\"name\":\"La vie urbaine et l&rsquo;h\u00e9ritage de Pierre Lavedan dans l&rsquo;urbanisme fran\u00e7ais\"}]},{\"@type\":\"WebSite\",\"@id\":\"https:\/\/territorialchallenges.com\/#website\",\"url\":\"https:\/\/territorialchallenges.com\/\",\"name\":\"Territorial Challenges\",\"description\":\"Veille Internationale - Strat\u00e9gie Intelligentes - Bonnes pratiques\",\"publisher\":{\"@id\":\"https:\/\/territorialchallenges.com\/#organization\"},\"potentialAction\":[{\"@type\":\"SearchAction\",\"target\":{\"@type\":\"EntryPoint\",\"urlTemplate\":\"https:\/\/territorialchallenges.com\/?s={search_term_string}\"},\"query-input\":\"required name=search_term_string\"}],\"inLanguage\":\"en-US\"},{\"@type\":\"Organization\",\"@id\":\"https:\/\/territorialchallenges.com\/#organization\",\"name\":\"Territorial Challenges\",\"url\":\"https:\/\/territorialchallenges.com\/\",\"logo\":{\"@type\":\"ImageObject\",\"inLanguage\":\"en-US\",\"@id\":\"https:\/\/territorialchallenges.com\/#\/schema\/logo\/image\/\",\"url\":\"https:\/\/territorialchallenges.com\/wp-content\/uploads\/2023\/10\/logo-1.png\",\"contentUrl\":\"https:\/\/territorialchallenges.com\/wp-content\/uploads\/2023\/10\/logo-1.png\",\"width\":1832,\"height\":576,\"caption\":\"Territorial Challenges\"},\"image\":{\"@id\":\"https:\/\/territorialchallenges.com\/#\/schema\/logo\/image\/\"}},{\"@type\":\"Person\",\"@id\":\"https:\/\/territorialchallenges.com\/#\/schema\/person\/098f145c7c61a021c425e010f840080f\",\"name\":\"ni.abdi\",\"image\":{\"@type\":\"ImageObject\",\"inLanguage\":\"en-US\",\"@id\":\"https:\/\/territorialchallenges.com\/#\/schema\/person\/image\/\",\"url\":\"https:\/\/secure.gravatar.com\/avatar\/2a2f2491f3c80039986ba989b1e4b510?s=96&d=identicon&r=g\",\"contentUrl\":\"https:\/\/secure.gravatar.com\/avatar\/2a2f2491f3c80039986ba989b1e4b510?s=96&d=identicon&r=g\",\"caption\":\"ni.abdi\"},\"sameAs\":[\"https:\/\/twitter.com\/Ni.abdi\"],\"url\":\"https:\/\/territorialchallenges.com\/en\/author\/ni-abdi\/\"}]}<\/script>\n<!-- \/ Yoast SEO plugin. -->","yoast_head_json":{"title":"La vie urbaine et l'h\u00e9ritage de Pierre Lavedan dans l'urbanisme fran\u00e7ais - Territorial Challenges","robots":{"index":"index","follow":"follow","max-snippet":"max-snippet:-1","max-image-preview":"max-image-preview:large","max-video-preview":"max-video-preview:-1"},"canonical":"https:\/\/territorialchallenges.com\/en\/2024\/03\/19\/la-vie-urbaine-et-lheritage-de-pierre-lavedan-dans-lurbanisme-francais\/122450\/","og_locale":"en_US","og_type":"article","og_title":"La vie urbaine et l'h\u00e9ritage de Pierre Lavedan dans l'urbanisme fran\u00e7ais - Territorial Challenges","og_description":"La Revue \u00ab\u00a0La Vie Urbaine\u00a0\u00bb, dirig\u00e9e par l&rsquo;historien et urbaniste Pierre Lavedan, a profond\u00e9ment influenc\u00e9 le paysage intellectuel de l&rsquo;urbanisme en France au XXe si\u00e8cle. Fond\u00e9e en 1919, cette publication est devenue une r\u00e9f\u00e9rence incontournable pour la recherche en urbanisme et en histoire urbaine, offrant une plateforme pour des analyses novatrices et des d\u00e9bats intellectuels. [&hellip;]","og_url":"https:\/\/territorialchallenges.com\/en\/2024\/03\/19\/la-vie-urbaine-et-lheritage-de-pierre-lavedan-dans-lurbanisme-francais\/122450\/","og_site_name":"Territorial Challenges","article_published_time":"2024-03-19T10:12:28+00:00","article_modified_time":"2024-03-19T10:12:30+00:00","og_image":[{"width":204,"height":247,"url":"https:\/\/territorialchallenges.com\/wp-content\/uploads\/2024\/03\/memoirelavedanphoto1.jpeg","type":"image\/jpeg"}],"author":"ni.abdi","twitter_card":"summary_large_image","twitter_creator":"@Ni.abdi","twitter_misc":{"Written by":"ni.abdi","Est. reading time":"3 minutes"},"schema":{"@context":"https:\/\/schema.org","@graph":[{"@type":"Article","@id":"https:\/\/territorialchallenges.com\/2024\/03\/19\/la-vie-urbaine-et-lheritage-de-pierre-lavedan-dans-lurbanisme-francais\/122450\/#article","isPartOf":{"@id":"https:\/\/territorialchallenges.com\/2024\/03\/19\/la-vie-urbaine-et-lheritage-de-pierre-lavedan-dans-lurbanisme-francais\/122450\/"},"author":{"name":"ni.abdi","@id":"https:\/\/territorialchallenges.com\/#\/schema\/person\/098f145c7c61a021c425e010f840080f"},"headline":"La vie urbaine et l&rsquo;h\u00e9ritage de Pierre Lavedan dans l&rsquo;urbanisme fran\u00e7ais","datePublished":"2024-03-19T10:12:28+00:00","dateModified":"2024-03-19T10:12:30+00:00","mainEntityOfPage":{"@id":"https:\/\/territorialchallenges.com\/2024\/03\/19\/la-vie-urbaine-et-lheritage-de-pierre-lavedan-dans-lurbanisme-francais\/122450\/"},"wordCount":496,"publisher":{"@id":"https:\/\/territorialchallenges.com\/#organization"},"articleSection":["M\u00e9moire"],"inLanguage":"en-US"},{"@type":"WebPage","@id":"https:\/\/territorialchallenges.com\/2024\/03\/19\/la-vie-urbaine-et-lheritage-de-pierre-lavedan-dans-lurbanisme-francais\/122450\/","url":"https:\/\/territorialchallenges.com\/2024\/03\/19\/la-vie-urbaine-et-lheritage-de-pierre-lavedan-dans-lurbanisme-francais\/122450\/","name":"La vie urbaine et l'h\u00e9ritage de Pierre Lavedan dans l'urbanisme fran\u00e7ais - Territorial Challenges","isPartOf":{"@id":"https:\/\/territorialchallenges.com\/#website"},"datePublished":"2024-03-19T10:12:28+00:00","dateModified":"2024-03-19T10:12:30+00:00","breadcrumb":{"@id":"https:\/\/territorialchallenges.com\/2024\/03\/19\/la-vie-urbaine-et-lheritage-de-pierre-lavedan-dans-lurbanisme-francais\/122450\/#breadcrumb"},"inLanguage":"en-US","potentialAction":[{"@type":"ReadAction","target":["https:\/\/territorialchallenges.com\/2024\/03\/19\/la-vie-urbaine-et-lheritage-de-pierre-lavedan-dans-lurbanisme-francais\/122450\/"]}]},{"@type":"BreadcrumbList","@id":"https:\/\/territorialchallenges.com\/2024\/03\/19\/la-vie-urbaine-et-lheritage-de-pierre-lavedan-dans-lurbanisme-francais\/122450\/#breadcrumb","itemListElement":[{"@type":"ListItem","position":1,"name":"Home","item":"https:\/\/territorialchallenges.com\/"},{"@type":"ListItem","position":2,"name":"La vie urbaine et l&rsquo;h\u00e9ritage de Pierre Lavedan dans l&rsquo;urbanisme fran\u00e7ais"}]},{"@type":"WebSite","@id":"https:\/\/territorialchallenges.com\/#website","url":"https:\/\/territorialchallenges.com\/","name":"Territorial Challenges","description":"Veille Internationale - Intelligent strategies - Best practices","publisher":{"@id":"https:\/\/territorialchallenges.com\/#organization"},"potentialAction":[{"@type":"SearchAction","target":{"@type":"EntryPoint","urlTemplate":"https:\/\/territorialchallenges.com\/?s={search_term_string}"},"query-input":"required name=search_term_string"}],"inLanguage":"en-US"},{"@type":"Organization","@id":"https:\/\/territorialchallenges.com\/#organization","name":"Territorial Challenges","url":"https:\/\/territorialchallenges.com\/","logo":{"@type":"ImageObject","inLanguage":"en-US","@id":"https:\/\/territorialchallenges.com\/#\/schema\/logo\/image\/","url":"https:\/\/territorialchallenges.com\/wp-content\/uploads\/2023\/10\/logo-1.png","contentUrl":"https:\/\/territorialchallenges.com\/wp-content\/uploads\/2023\/10\/logo-1.png","width":1832,"height":576,"caption":"Territorial Challenges"},"image":{"@id":"https:\/\/territorialchallenges.com\/#\/schema\/logo\/image\/"}},{"@type":"Person","@id":"https:\/\/territorialchallenges.com\/#\/schema\/person\/098f145c7c61a021c425e010f840080f","name":"ni.abdi","image":{"@type":"ImageObject","inLanguage":"en-US","@id":"https:\/\/territorialchallenges.com\/#\/schema\/person\/image\/","url":"https:\/\/secure.gravatar.com\/avatar\/2a2f2491f3c80039986ba989b1e4b510?s=96&d=identicon&r=g","contentUrl":"https:\/\/secure.gravatar.com\/avatar\/2a2f2491f3c80039986ba989b1e4b510?s=96&d=identicon&r=g","caption":"ni.abdi"},"sameAs":["https:\/\/twitter.com\/Ni.abdi"],"url":"https:\/\/territorialchallenges.com\/en\/author\/ni-abdi\/"}]}},"_links":{"self":[{"href":"https:\/\/territorialchallenges.com\/en\/wp-json\/wp\/v2\/posts\/122450"}],"collection":[{"href":"https:\/\/territorialchallenges.com\/en\/wp-json\/wp\/v2\/posts"}],"about":[{"href":"https:\/\/territorialchallenges.com\/en\/wp-json\/wp\/v2\/types\/post"}],"author":[{"embeddable":true,"href":"https:\/\/territorialchallenges.com\/en\/wp-json\/wp\/v2\/users\/11"}],"replies":[{"embeddable":true,"href":"https:\/\/territorialchallenges.com\/en\/wp-json\/wp\/v2\/comments?post=122450"}],"version-history":[{"count":1,"href":"https:\/\/territorialchallenges.com\/en\/wp-json\/wp\/v2\/posts\/122450\/revisions"}],"predecessor-version":[{"id":122452,"href":"https:\/\/territorialchallenges.com\/en\/wp-json\/wp\/v2\/posts\/122450\/revisions\/122452"}],"wp:featuredmedia":[{"embeddable":true,"href":"https:\/\/territorialchallenges.com\/en\/wp-json\/wp\/v2\/media\/122451"}],"wp:attachment":[{"href":"https:\/\/territorialchallenges.com\/en\/wp-json\/wp\/v2\/media?parent=122450"}],"wp:term":[{"taxonomy":"category","embeddable":true,"href":"https:\/\/territorialchallenges.com\/en\/wp-json\/wp\/v2\/categories?post=122450"},{"taxonomy":"post_tag","embeddable":true,"href":"https:\/\/territorialchallenges.com\/en\/wp-json\/wp\/v2\/tags?post=122450"}],"curies":[{"name":"wp","href":"https:\/\/api.w.org\/{rel}","templated":true}]}}