{"id":122217,"date":"2024-01-29T15:35:28","date_gmt":"2024-01-29T14:35:28","guid":{"rendered":"https:\/\/territorialchallenges.com\/?p=122217"},"modified":"2024-01-29T15:41:34","modified_gmt":"2024-01-29T14:41:34","slug":"san-jose-pionniere-de-lintelligence-artificielle-responsable-khaled-tawfik-a-la-tete-dun-consortium-dia","status":"publish","type":"post","link":"https:\/\/territorialchallenges.com\/en\/2024\/01\/29\/san-jose-pionniere-de-lintelligence-artificielle-responsable-khaled-tawfik-a-la-tete-dun-consortium-dia\/122217\/","title":{"rendered":"California: San Jose leads artificial intelligence consortium"},"content":{"rendered":"<p>The city of San Jos\u00e9, in the heart of Silicon Valley, stands out for its commitment to the responsible use of Artificial Intelligence (AI). Under the able leadership of Chief Information Officer Khaled Tawfik, the city is working to set exemplary standards for generative AI. Currently, Tawfik is working to create a consortium\u2026 <\/p>\n<div class=\"pmpro_content_message\">Article only viewable by subscribers.<br \/><a href=\"https:\/\/territorialchallenges.com\/wp-login.php\">Connection<\/a><br \/><a href=\"https:\/\/territorialchallenges.com\/en\/wp-login.php\/?action=register\">Register<\/a><\/div>","protected":false},"excerpt":{"rendered":"<p>La ville de San Jos\u00e9, au c\u0153ur de la Silicon Valley, se distingue par son engagement envers une utilisation responsable de l&rsquo;Intelligence Artificielle (IA). Sous la direction \u00e9clair\u00e9e de Khaled Tawfik, directeur des syst\u00e8mes d&rsquo;information, la municipalit\u00e9 s&rsquo;efforce de d\u00e9finir des normes exemplaires en mati\u00e8re d&rsquo;IA g\u00e9n\u00e9rative. Actuellement, Tawfik travaille \u00e0 la cr\u00e9ation d&rsquo;un consortium... <\/p>\n<div class=\"pmpro_content_message\">Article only viewable by subscribers.<br \/><a href=\"https:\/\/territorialchallenges.com\/wp-login.php\">Connection<\/a><br \/><a href=\"https:\/\/territorialchallenges.com\/en\/wp-login.php\/?action=register\">Register<\/a><\/div>","protected":false},"author":11,"featured_media":122218,"comment_status":"closed","ping_status":"closed","sticky":true,"template":"","format":"standard","meta":{"pmpro_default_level":0,"footnotes":""},"categories":[130,117],"tags":[],"blocksy_meta":"","yoast_head":"<!-- This site is optimized with the Yoast SEO plugin v21.5 - https:\/\/yoast.com\/wordpress\/plugins\/seo\/ -->\n<title>Californie: la ville de San Jos\u00e9 \u00e0 la t\u00eate d&#039;un consortium d&#039;intelligence artificielle - Territorial Challenges<\/title>\n<meta name=\"robots\" content=\"index, follow, max-snippet:-1, max-image-preview:large, max-video-preview:-1\" \/>\n<link rel=\"canonical\" href=\"https:\/\/territorialchallenges.com\/en\/2024\/01\/29\/san-jose-pionniere-de-lintelligence-artificielle-responsable-khaled-tawfik-a-la-tete-dun-consortium-dia\/122217\/\" \/>\n<meta property=\"og:locale\" content=\"en_US\" \/>\n<meta property=\"og:type\" content=\"article\" \/>\n<meta property=\"og:title\" content=\"Californie: la ville de San Jos\u00e9 \u00e0 la t\u00eate d&#039;un consortium d&#039;intelligence artificielle - Territorial Challenges\" \/>\n<meta property=\"og:description\" content=\"La ville de San Jos\u00e9, au c\u0153ur de la Silicon Valley, se distingue par son engagement envers une utilisation responsable de l&rsquo;Intelligence Artificielle (IA). Sous la direction \u00e9clair\u00e9e de Khaled Tawfik, directeur des syst\u00e8mes d&rsquo;information, la municipalit\u00e9 s&rsquo;efforce de d\u00e9finir des normes exemplaires en mati\u00e8re d&rsquo;IA g\u00e9n\u00e9rative. Actuellement, Tawfik travaille \u00e0 la cr\u00e9ation d&rsquo;un consortium [&hellip;]\" \/>\n<meta property=\"og:url\" content=\"https:\/\/territorialchallenges.com\/en\/2024\/01\/29\/san-jose-pionniere-de-lintelligence-artificielle-responsable-khaled-tawfik-a-la-tete-dun-consortium-dia\/122217\/\" \/>\n<meta property=\"og:site_name\" content=\"Territorial Challenges\" \/>\n<meta property=\"article:published_time\" content=\"2024-01-29T14:35:28+00:00\" \/>\n<meta property=\"article:modified_time\" content=\"2024-01-29T14:41:34+00:00\" \/>\n<meta property=\"og:image\" content=\"https:\/\/territorialchallenges.com\/wp-content\/uploads\/2024\/01\/san-josereflexion.jpg\" \/>\n\t<meta property=\"og:image:width\" content=\"1280\" \/>\n\t<meta property=\"og:image:height\" content=\"853\" \/>\n\t<meta property=\"og:image:type\" content=\"image\/jpeg\" \/>\n<meta name=\"author\" content=\"ni.abdi\" \/>\n<meta name=\"twitter:card\" content=\"summary_large_image\" \/>\n<meta name=\"twitter:creator\" content=\"@Ni.abdi\" \/>\n<meta name=\"twitter:label1\" content=\"Written by\" \/>\n\t<meta name=\"twitter:data1\" content=\"ni.abdi\" \/>\n\t<meta name=\"twitter:label2\" content=\"Est. reading time\" \/>\n\t<meta name=\"twitter:data2\" content=\"4 minutes\" \/>\n<script type=\"application\/ld+json\" class=\"yoast-schema-graph\">{\"@context\":\"https:\/\/schema.org\",\"@graph\":[{\"@type\":\"Article\",\"@id\":\"https:\/\/territorialchallenges.com\/2024\/01\/29\/san-jose-pionniere-de-lintelligence-artificielle-responsable-khaled-tawfik-a-la-tete-dun-consortium-dia\/122217\/#article\",\"isPartOf\":{\"@id\":\"https:\/\/territorialchallenges.com\/2024\/01\/29\/san-jose-pionniere-de-lintelligence-artificielle-responsable-khaled-tawfik-a-la-tete-dun-consortium-dia\/122217\/\"},\"author\":{\"name\":\"ni.abdi\",\"@id\":\"https:\/\/territorialchallenges.com\/#\/schema\/person\/098f145c7c61a021c425e010f840080f\"},\"headline\":\"Californie: la ville de San Jos\u00e9 \u00e0 la t\u00eate d&rsquo;un consortium d&rsquo;intelligence artificielle\",\"datePublished\":\"2024-01-29T14:35:28+00:00\",\"dateModified\":\"2024-01-29T14:41:34+00:00\",\"mainEntityOfPage\":{\"@id\":\"https:\/\/territorialchallenges.com\/2024\/01\/29\/san-jose-pionniere-de-lintelligence-artificielle-responsable-khaled-tawfik-a-la-tete-dun-consortium-dia\/122217\/\"},\"wordCount\":723,\"publisher\":{\"@id\":\"https:\/\/territorialchallenges.com\/#organization\"},\"articleSection\":[\"R\u00e9flexion faite\",\"\u00c9cosyst\u00e8me\"],\"inLanguage\":\"en-US\"},{\"@type\":\"WebPage\",\"@id\":\"https:\/\/territorialchallenges.com\/2024\/01\/29\/san-jose-pionniere-de-lintelligence-artificielle-responsable-khaled-tawfik-a-la-tete-dun-consortium-dia\/122217\/\",\"url\":\"https:\/\/territorialchallenges.com\/2024\/01\/29\/san-jose-pionniere-de-lintelligence-artificielle-responsable-khaled-tawfik-a-la-tete-dun-consortium-dia\/122217\/\",\"name\":\"Californie: la ville de San Jos\u00e9 \u00e0 la t\u00eate d'un consortium d'intelligence artificielle - Territorial Challenges\",\"isPartOf\":{\"@id\":\"https:\/\/territorialchallenges.com\/#website\"},\"datePublished\":\"2024-01-29T14:35:28+00:00\",\"dateModified\":\"2024-01-29T14:41:34+00:00\",\"breadcrumb\":{\"@id\":\"https:\/\/territorialchallenges.com\/2024\/01\/29\/san-jose-pionniere-de-lintelligence-artificielle-responsable-khaled-tawfik-a-la-tete-dun-consortium-dia\/122217\/#breadcrumb\"},\"inLanguage\":\"en-US\",\"potentialAction\":[{\"@type\":\"ReadAction\",\"target\":[\"https:\/\/territorialchallenges.com\/2024\/01\/29\/san-jose-pionniere-de-lintelligence-artificielle-responsable-khaled-tawfik-a-la-tete-dun-consortium-dia\/122217\/\"]}]},{\"@type\":\"BreadcrumbList\",\"@id\":\"https:\/\/territorialchallenges.com\/2024\/01\/29\/san-jose-pionniere-de-lintelligence-artificielle-responsable-khaled-tawfik-a-la-tete-dun-consortium-dia\/122217\/#breadcrumb\",\"itemListElement\":[{\"@type\":\"ListItem\",\"position\":1,\"name\":\"Home\",\"item\":\"https:\/\/territorialchallenges.com\/\"},{\"@type\":\"ListItem\",\"position\":2,\"name\":\"Californie: la ville de San Jos\u00e9 \u00e0 la t\u00eate d&rsquo;un consortium d&rsquo;intelligence artificielle\"}]},{\"@type\":\"WebSite\",\"@id\":\"https:\/\/territorialchallenges.com\/#website\",\"url\":\"https:\/\/territorialchallenges.com\/\",\"name\":\"Territorial Challenges\",\"description\":\"Veille Internationale - Strat\u00e9gie Intelligentes - Bonnes pratiques\",\"publisher\":{\"@id\":\"https:\/\/territorialchallenges.com\/#organization\"},\"potentialAction\":[{\"@type\":\"SearchAction\",\"target\":{\"@type\":\"EntryPoint\",\"urlTemplate\":\"https:\/\/territorialchallenges.com\/?s={search_term_string}\"},\"query-input\":\"required name=search_term_string\"}],\"inLanguage\":\"en-US\"},{\"@type\":\"Organization\",\"@id\":\"https:\/\/territorialchallenges.com\/#organization\",\"name\":\"Territorial Challenges\",\"url\":\"https:\/\/territorialchallenges.com\/\",\"logo\":{\"@type\":\"ImageObject\",\"inLanguage\":\"en-US\",\"@id\":\"https:\/\/territorialchallenges.com\/#\/schema\/logo\/image\/\",\"url\":\"https:\/\/territorialchallenges.com\/wp-content\/uploads\/2023\/10\/logo-1.png\",\"contentUrl\":\"https:\/\/territorialchallenges.com\/wp-content\/uploads\/2023\/10\/logo-1.png\",\"width\":1832,\"height\":576,\"caption\":\"Territorial Challenges\"},\"image\":{\"@id\":\"https:\/\/territorialchallenges.com\/#\/schema\/logo\/image\/\"}},{\"@type\":\"Person\",\"@id\":\"https:\/\/territorialchallenges.com\/#\/schema\/person\/098f145c7c61a021c425e010f840080f\",\"name\":\"ni.abdi\",\"image\":{\"@type\":\"ImageObject\",\"inLanguage\":\"en-US\",\"@id\":\"https:\/\/territorialchallenges.com\/#\/schema\/person\/image\/\",\"url\":\"https:\/\/secure.gravatar.com\/avatar\/2a2f2491f3c80039986ba989b1e4b510?s=96&d=identicon&r=g\",\"contentUrl\":\"https:\/\/secure.gravatar.com\/avatar\/2a2f2491f3c80039986ba989b1e4b510?s=96&d=identicon&r=g\",\"caption\":\"ni.abdi\"},\"sameAs\":[\"https:\/\/twitter.com\/Ni.abdi\"],\"url\":\"https:\/\/territorialchallenges.com\/en\/author\/ni-abdi\/\"}]}<\/script>\n<!-- \/ Yoast SEO plugin. -->","yoast_head_json":{"title":"Californie: la ville de San Jos\u00e9 \u00e0 la t\u00eate d'un consortium d'intelligence artificielle - Territorial Challenges","robots":{"index":"index","follow":"follow","max-snippet":"max-snippet:-1","max-image-preview":"max-image-preview:large","max-video-preview":"max-video-preview:-1"},"canonical":"https:\/\/territorialchallenges.com\/en\/2024\/01\/29\/san-jose-pionniere-de-lintelligence-artificielle-responsable-khaled-tawfik-a-la-tete-dun-consortium-dia\/122217\/","og_locale":"en_US","og_type":"article","og_title":"Californie: la ville de San Jos\u00e9 \u00e0 la t\u00eate d'un consortium d'intelligence artificielle - Territorial Challenges","og_description":"La ville de San Jos\u00e9, au c\u0153ur de la Silicon Valley, se distingue par son engagement envers une utilisation responsable de l&rsquo;Intelligence Artificielle (IA). Sous la direction \u00e9clair\u00e9e de Khaled Tawfik, directeur des syst\u00e8mes d&rsquo;information, la municipalit\u00e9 s&rsquo;efforce de d\u00e9finir des normes exemplaires en mati\u00e8re d&rsquo;IA g\u00e9n\u00e9rative. Actuellement, Tawfik travaille \u00e0 la cr\u00e9ation d&rsquo;un consortium [&hellip;]","og_url":"https:\/\/territorialchallenges.com\/en\/2024\/01\/29\/san-jose-pionniere-de-lintelligence-artificielle-responsable-khaled-tawfik-a-la-tete-dun-consortium-dia\/122217\/","og_site_name":"Territorial Challenges","article_published_time":"2024-01-29T14:35:28+00:00","article_modified_time":"2024-01-29T14:41:34+00:00","og_image":[{"width":1280,"height":853,"url":"https:\/\/territorialchallenges.com\/wp-content\/uploads\/2024\/01\/san-josereflexion.jpg","type":"image\/jpeg"}],"author":"ni.abdi","twitter_card":"summary_large_image","twitter_creator":"@Ni.abdi","twitter_misc":{"Written by":"ni.abdi","Est. reading time":"4 minutes"},"schema":{"@context":"https:\/\/schema.org","@graph":[{"@type":"Article","@id":"https:\/\/territorialchallenges.com\/2024\/01\/29\/san-jose-pionniere-de-lintelligence-artificielle-responsable-khaled-tawfik-a-la-tete-dun-consortium-dia\/122217\/#article","isPartOf":{"@id":"https:\/\/territorialchallenges.com\/2024\/01\/29\/san-jose-pionniere-de-lintelligence-artificielle-responsable-khaled-tawfik-a-la-tete-dun-consortium-dia\/122217\/"},"author":{"name":"ni.abdi","@id":"https:\/\/territorialchallenges.com\/#\/schema\/person\/098f145c7c61a021c425e010f840080f"},"headline":"Californie: la ville de San Jos\u00e9 \u00e0 la t\u00eate d&rsquo;un consortium d&rsquo;intelligence artificielle","datePublished":"2024-01-29T14:35:28+00:00","dateModified":"2024-01-29T14:41:34+00:00","mainEntityOfPage":{"@id":"https:\/\/territorialchallenges.com\/2024\/01\/29\/san-jose-pionniere-de-lintelligence-artificielle-responsable-khaled-tawfik-a-la-tete-dun-consortium-dia\/122217\/"},"wordCount":723,"publisher":{"@id":"https:\/\/territorialchallenges.com\/#organization"},"articleSection":["R\u00e9flexion faite","\u00c9cosyst\u00e8me"],"inLanguage":"en-US"},{"@type":"WebPage","@id":"https:\/\/territorialchallenges.com\/2024\/01\/29\/san-jose-pionniere-de-lintelligence-artificielle-responsable-khaled-tawfik-a-la-tete-dun-consortium-dia\/122217\/","url":"https:\/\/territorialchallenges.com\/2024\/01\/29\/san-jose-pionniere-de-lintelligence-artificielle-responsable-khaled-tawfik-a-la-tete-dun-consortium-dia\/122217\/","name":"Californie: la ville de San Jos\u00e9 \u00e0 la t\u00eate d'un consortium d'intelligence artificielle - Territorial Challenges","isPartOf":{"@id":"https:\/\/territorialchallenges.com\/#website"},"datePublished":"2024-01-29T14:35:28+00:00","dateModified":"2024-01-29T14:41:34+00:00","breadcrumb":{"@id":"https:\/\/territorialchallenges.com\/2024\/01\/29\/san-jose-pionniere-de-lintelligence-artificielle-responsable-khaled-tawfik-a-la-tete-dun-consortium-dia\/122217\/#breadcrumb"},"inLanguage":"en-US","potentialAction":[{"@type":"ReadAction","target":["https:\/\/territorialchallenges.com\/2024\/01\/29\/san-jose-pionniere-de-lintelligence-artificielle-responsable-khaled-tawfik-a-la-tete-dun-consortium-dia\/122217\/"]}]},{"@type":"BreadcrumbList","@id":"https:\/\/territorialchallenges.com\/2024\/01\/29\/san-jose-pionniere-de-lintelligence-artificielle-responsable-khaled-tawfik-a-la-tete-dun-consortium-dia\/122217\/#breadcrumb","itemListElement":[{"@type":"ListItem","position":1,"name":"Home","item":"https:\/\/territorialchallenges.com\/"},{"@type":"ListItem","position":2,"name":"Californie: la ville de San Jos\u00e9 \u00e0 la t\u00eate d&rsquo;un consortium d&rsquo;intelligence artificielle"}]},{"@type":"WebSite","@id":"https:\/\/territorialchallenges.com\/#website","url":"https:\/\/territorialchallenges.com\/","name":"Territorial Challenges","description":"Veille Internationale - Intelligent strategies - Best practices","publisher":{"@id":"https:\/\/territorialchallenges.com\/#organization"},"potentialAction":[{"@type":"SearchAction","target":{"@type":"EntryPoint","urlTemplate":"https:\/\/territorialchallenges.com\/?s={search_term_string}"},"query-input":"required name=search_term_string"}],"inLanguage":"en-US"},{"@type":"Organization","@id":"https:\/\/territorialchallenges.com\/#organization","name":"Territorial Challenges","url":"https:\/\/territorialchallenges.com\/","logo":{"@type":"ImageObject","inLanguage":"en-US","@id":"https:\/\/territorialchallenges.com\/#\/schema\/logo\/image\/","url":"https:\/\/territorialchallenges.com\/wp-content\/uploads\/2023\/10\/logo-1.png","contentUrl":"https:\/\/territorialchallenges.com\/wp-content\/uploads\/2023\/10\/logo-1.png","width":1832,"height":576,"caption":"Territorial Challenges"},"image":{"@id":"https:\/\/territorialchallenges.com\/#\/schema\/logo\/image\/"}},{"@type":"Person","@id":"https:\/\/territorialchallenges.com\/#\/schema\/person\/098f145c7c61a021c425e010f840080f","name":"ni.abdi","image":{"@type":"ImageObject","inLanguage":"en-US","@id":"https:\/\/territorialchallenges.com\/#\/schema\/person\/image\/","url":"https:\/\/secure.gravatar.com\/avatar\/2a2f2491f3c80039986ba989b1e4b510?s=96&d=identicon&r=g","contentUrl":"https:\/\/secure.gravatar.com\/avatar\/2a2f2491f3c80039986ba989b1e4b510?s=96&d=identicon&r=g","caption":"ni.abdi"},"sameAs":["https:\/\/twitter.com\/Ni.abdi"],"url":"https:\/\/territorialchallenges.com\/en\/author\/ni-abdi\/"}]}},"_links":{"self":[{"href":"https:\/\/territorialchallenges.com\/en\/wp-json\/wp\/v2\/posts\/122217"}],"collection":[{"href":"https:\/\/territorialchallenges.com\/en\/wp-json\/wp\/v2\/posts"}],"about":[{"href":"https:\/\/territorialchallenges.com\/en\/wp-json\/wp\/v2\/types\/post"}],"author":[{"embeddable":true,"href":"https:\/\/territorialchallenges.com\/en\/wp-json\/wp\/v2\/users\/11"}],"replies":[{"embeddable":true,"href":"https:\/\/territorialchallenges.com\/en\/wp-json\/wp\/v2\/comments?post=122217"}],"version-history":[{"count":2,"href":"https:\/\/territorialchallenges.com\/en\/wp-json\/wp\/v2\/posts\/122217\/revisions"}],"predecessor-version":[{"id":122222,"href":"https:\/\/territorialchallenges.com\/en\/wp-json\/wp\/v2\/posts\/122217\/revisions\/122222"}],"wp:featuredmedia":[{"embeddable":true,"href":"https:\/\/territorialchallenges.com\/en\/wp-json\/wp\/v2\/media\/122218"}],"wp:attachment":[{"href":"https:\/\/territorialchallenges.com\/en\/wp-json\/wp\/v2\/media?parent=122217"}],"wp:term":[{"taxonomy":"category","embeddable":true,"href":"https:\/\/territorialchallenges.com\/en\/wp-json\/wp\/v2\/categories?post=122217"},{"taxonomy":"post_tag","embeddable":true,"href":"https:\/\/territorialchallenges.com\/en\/wp-json\/wp\/v2\/tags?post=122217"}],"curies":[{"name":"wp","href":"https:\/\/api.w.org\/{rel}","templated":true}]}}