{"id":122105,"date":"2024-01-08T12:53:53","date_gmt":"2024-01-08T11:53:53","guid":{"rendered":"https:\/\/territorialchallenges.com\/?p=122105"},"modified":"2024-01-09T09:41:59","modified_gmt":"2024-01-09T08:41:59","slug":"pour-des-collectivites-prospectives-lia-au-service-dune-gestion-urbaine-inclusive","status":"publish","type":"post","link":"https:\/\/territorialchallenges.com\/en\/2024\/01\/08\/pour-des-collectivites-prospectives-lia-au-service-dune-gestion-urbaine-inclusive\/122105\/","title":{"rendered":"For forward-looking communities: AI for inclusive urban management"},"content":{"rendered":"<p>Artificial intelligence (AI) is emerging as a transformative force within local governments, offering considerable opportunities but also posing crucial challenges. In this editorial, we explore the pressing need for municipalities to adopt forward-looking public policies, shaping the use of AI in their territories. At a time when democratic challenges and the realities\u2026 <\/p>\n<div class=\"pmpro_content_message\">Article only viewable by subscribers.<br \/><a href=\"https:\/\/territorialchallenges.com\/wp-login.php\">Connection<\/a><br \/><a href=\"https:\/\/territorialchallenges.com\/en\/wp-login.php\/?action=register\">Register<\/a><\/div>","protected":false},"excerpt":{"rendered":"<p>L&rsquo;intelligence artificielle (IA) \u00e9merge comme une force transformatrice au sein des collectivit\u00e9s locales, offrant des opportunit\u00e9s consid\u00e9rables mais posant \u00e9galement des d\u00e9fis cruciaux. Dans cet \u00e9ditorial, nous explorerons la n\u00e9cessit\u00e9 pressante pour les municipalit\u00e9s d&rsquo;adopter des politiques publiques prospectives, fa\u00e7onnant l&rsquo;utilisation de l&rsquo;IA dans leur territoire. \u00c0 l&rsquo;heure o\u00f9 les enjeux d\u00e9mocratiques et les r\u00e9alit\u00e9s... <\/p>\n<div class=\"pmpro_content_message\">Article only viewable by subscribers.<br \/><a href=\"https:\/\/territorialchallenges.com\/wp-login.php\">Connection<\/a><br \/><a href=\"https:\/\/territorialchallenges.com\/en\/wp-login.php\/?action=register\">Register<\/a><\/div>","protected":false},"author":11,"featured_media":122106,"comment_status":"closed","ping_status":"closed","sticky":true,"template":"","format":"standard","meta":{"pmpro_default_level":0,"footnotes":""},"categories":[130,117],"tags":[],"blocksy_meta":"","yoast_head":"<!-- This site is optimized with the Yoast SEO plugin v21.5 - https:\/\/yoast.com\/wordpress\/plugins\/seo\/ -->\n<title>Pour des collectivit\u00e9s prospectives : l&#039;IA au service d&#039;une gestion urbaine inclusive - Territorial Challenges<\/title>\n<meta name=\"robots\" content=\"index, follow, max-snippet:-1, max-image-preview:large, max-video-preview:-1\" \/>\n<link rel=\"canonical\" href=\"https:\/\/territorialchallenges.com\/en\/2024\/01\/08\/pour-des-collectivites-prospectives-lia-au-service-dune-gestion-urbaine-inclusive\/122105\/\" \/>\n<meta property=\"og:locale\" content=\"en_US\" \/>\n<meta property=\"og:type\" content=\"article\" \/>\n<meta property=\"og:title\" content=\"Pour des collectivit\u00e9s prospectives : l&#039;IA au service d&#039;une gestion urbaine inclusive - Territorial Challenges\" \/>\n<meta property=\"og:description\" content=\"L&rsquo;intelligence artificielle (IA) \u00e9merge comme une force transformatrice au sein des collectivit\u00e9s locales, offrant des opportunit\u00e9s consid\u00e9rables mais posant \u00e9galement des d\u00e9fis cruciaux. Dans cet \u00e9ditorial, nous explorerons la n\u00e9cessit\u00e9 pressante pour les municipalit\u00e9s d&rsquo;adopter des politiques publiques prospectives, fa\u00e7onnant l&rsquo;utilisation de l&rsquo;IA dans leur territoire. \u00c0 l&rsquo;heure o\u00f9 les enjeux d\u00e9mocratiques et les r\u00e9alit\u00e9s [&hellip;]\" \/>\n<meta property=\"og:url\" content=\"https:\/\/territorialchallenges.com\/en\/2024\/01\/08\/pour-des-collectivites-prospectives-lia-au-service-dune-gestion-urbaine-inclusive\/122105\/\" \/>\n<meta property=\"og:site_name\" content=\"Territorial Challenges\" \/>\n<meta property=\"article:published_time\" content=\"2024-01-08T11:53:53+00:00\" \/>\n<meta property=\"article:modified_time\" content=\"2024-01-09T08:41:59+00:00\" \/>\n<meta property=\"og:image\" content=\"https:\/\/territorialchallenges.com\/wp-content\/uploads\/2024\/01\/ReflexionFaite9.01.24.Photo_.jpg\" \/>\n\t<meta property=\"og:image:width\" content=\"1280\" \/>\n\t<meta property=\"og:image:height\" content=\"758\" \/>\n\t<meta property=\"og:image:type\" content=\"image\/jpeg\" \/>\n<meta name=\"author\" content=\"ni.abdi\" \/>\n<meta name=\"twitter:card\" content=\"summary_large_image\" \/>\n<meta name=\"twitter:creator\" content=\"@Ni.abdi\" \/>\n<meta name=\"twitter:label1\" content=\"Written by\" \/>\n\t<meta name=\"twitter:data1\" content=\"ni.abdi\" \/>\n\t<meta name=\"twitter:label2\" content=\"Est. reading time\" \/>\n\t<meta name=\"twitter:data2\" content=\"4 minutes\" \/>\n<script type=\"application\/ld+json\" class=\"yoast-schema-graph\">{\"@context\":\"https:\/\/schema.org\",\"@graph\":[{\"@type\":\"Article\",\"@id\":\"https:\/\/territorialchallenges.com\/2024\/01\/08\/pour-des-collectivites-prospectives-lia-au-service-dune-gestion-urbaine-inclusive\/122105\/#article\",\"isPartOf\":{\"@id\":\"https:\/\/territorialchallenges.com\/2024\/01\/08\/pour-des-collectivites-prospectives-lia-au-service-dune-gestion-urbaine-inclusive\/122105\/\"},\"author\":{\"name\":\"ni.abdi\",\"@id\":\"https:\/\/territorialchallenges.com\/#\/schema\/person\/098f145c7c61a021c425e010f840080f\"},\"headline\":\"Pour des collectivit\u00e9s prospectives : l&rsquo;IA au service d&rsquo;une gestion urbaine inclusive\",\"datePublished\":\"2024-01-08T11:53:53+00:00\",\"dateModified\":\"2024-01-09T08:41:59+00:00\",\"mainEntityOfPage\":{\"@id\":\"https:\/\/territorialchallenges.com\/2024\/01\/08\/pour-des-collectivites-prospectives-lia-au-service-dune-gestion-urbaine-inclusive\/122105\/\"},\"wordCount\":899,\"publisher\":{\"@id\":\"https:\/\/territorialchallenges.com\/#organization\"},\"articleSection\":[\"R\u00e9flexion faite\",\"\u00c9cosyst\u00e8me\"],\"inLanguage\":\"en-US\"},{\"@type\":\"WebPage\",\"@id\":\"https:\/\/territorialchallenges.com\/2024\/01\/08\/pour-des-collectivites-prospectives-lia-au-service-dune-gestion-urbaine-inclusive\/122105\/\",\"url\":\"https:\/\/territorialchallenges.com\/2024\/01\/08\/pour-des-collectivites-prospectives-lia-au-service-dune-gestion-urbaine-inclusive\/122105\/\",\"name\":\"Pour des collectivit\u00e9s prospectives : l'IA au service d'une gestion urbaine inclusive - Territorial Challenges\",\"isPartOf\":{\"@id\":\"https:\/\/territorialchallenges.com\/#website\"},\"datePublished\":\"2024-01-08T11:53:53+00:00\",\"dateModified\":\"2024-01-09T08:41:59+00:00\",\"breadcrumb\":{\"@id\":\"https:\/\/territorialchallenges.com\/2024\/01\/08\/pour-des-collectivites-prospectives-lia-au-service-dune-gestion-urbaine-inclusive\/122105\/#breadcrumb\"},\"inLanguage\":\"en-US\",\"potentialAction\":[{\"@type\":\"ReadAction\",\"target\":[\"https:\/\/territorialchallenges.com\/2024\/01\/08\/pour-des-collectivites-prospectives-lia-au-service-dune-gestion-urbaine-inclusive\/122105\/\"]}]},{\"@type\":\"BreadcrumbList\",\"@id\":\"https:\/\/territorialchallenges.com\/2024\/01\/08\/pour-des-collectivites-prospectives-lia-au-service-dune-gestion-urbaine-inclusive\/122105\/#breadcrumb\",\"itemListElement\":[{\"@type\":\"ListItem\",\"position\":1,\"name\":\"Home\",\"item\":\"https:\/\/territorialchallenges.com\/\"},{\"@type\":\"ListItem\",\"position\":2,\"name\":\"Pour des collectivit\u00e9s prospectives : l&rsquo;IA au service d&rsquo;une gestion urbaine inclusive\"}]},{\"@type\":\"WebSite\",\"@id\":\"https:\/\/territorialchallenges.com\/#website\",\"url\":\"https:\/\/territorialchallenges.com\/\",\"name\":\"Territorial Challenges\",\"description\":\"Veille Internationale - Strat\u00e9gie Intelligentes - Bonnes pratiques\",\"publisher\":{\"@id\":\"https:\/\/territorialchallenges.com\/#organization\"},\"potentialAction\":[{\"@type\":\"SearchAction\",\"target\":{\"@type\":\"EntryPoint\",\"urlTemplate\":\"https:\/\/territorialchallenges.com\/?s={search_term_string}\"},\"query-input\":\"required name=search_term_string\"}],\"inLanguage\":\"en-US\"},{\"@type\":\"Organization\",\"@id\":\"https:\/\/territorialchallenges.com\/#organization\",\"name\":\"Territorial Challenges\",\"url\":\"https:\/\/territorialchallenges.com\/\",\"logo\":{\"@type\":\"ImageObject\",\"inLanguage\":\"en-US\",\"@id\":\"https:\/\/territorialchallenges.com\/#\/schema\/logo\/image\/\",\"url\":\"https:\/\/territorialchallenges.com\/wp-content\/uploads\/2023\/10\/logo-1.png\",\"contentUrl\":\"https:\/\/territorialchallenges.com\/wp-content\/uploads\/2023\/10\/logo-1.png\",\"width\":1832,\"height\":576,\"caption\":\"Territorial Challenges\"},\"image\":{\"@id\":\"https:\/\/territorialchallenges.com\/#\/schema\/logo\/image\/\"}},{\"@type\":\"Person\",\"@id\":\"https:\/\/territorialchallenges.com\/#\/schema\/person\/098f145c7c61a021c425e010f840080f\",\"name\":\"ni.abdi\",\"image\":{\"@type\":\"ImageObject\",\"inLanguage\":\"en-US\",\"@id\":\"https:\/\/territorialchallenges.com\/#\/schema\/person\/image\/\",\"url\":\"https:\/\/secure.gravatar.com\/avatar\/2a2f2491f3c80039986ba989b1e4b510?s=96&d=identicon&r=g\",\"contentUrl\":\"https:\/\/secure.gravatar.com\/avatar\/2a2f2491f3c80039986ba989b1e4b510?s=96&d=identicon&r=g\",\"caption\":\"ni.abdi\"},\"sameAs\":[\"https:\/\/twitter.com\/Ni.abdi\"],\"url\":\"https:\/\/territorialchallenges.com\/en\/author\/ni-abdi\/\"}]}<\/script>\n<!-- \/ Yoast SEO plugin. -->","yoast_head_json":{"title":"Pour des collectivit\u00e9s prospectives : l'IA au service d'une gestion urbaine inclusive - Territorial Challenges","robots":{"index":"index","follow":"follow","max-snippet":"max-snippet:-1","max-image-preview":"max-image-preview:large","max-video-preview":"max-video-preview:-1"},"canonical":"https:\/\/territorialchallenges.com\/en\/2024\/01\/08\/pour-des-collectivites-prospectives-lia-au-service-dune-gestion-urbaine-inclusive\/122105\/","og_locale":"en_US","og_type":"article","og_title":"Pour des collectivit\u00e9s prospectives : l'IA au service d'une gestion urbaine inclusive - Territorial Challenges","og_description":"L&rsquo;intelligence artificielle (IA) \u00e9merge comme une force transformatrice au sein des collectivit\u00e9s locales, offrant des opportunit\u00e9s consid\u00e9rables mais posant \u00e9galement des d\u00e9fis cruciaux. Dans cet \u00e9ditorial, nous explorerons la n\u00e9cessit\u00e9 pressante pour les municipalit\u00e9s d&rsquo;adopter des politiques publiques prospectives, fa\u00e7onnant l&rsquo;utilisation de l&rsquo;IA dans leur territoire. \u00c0 l&rsquo;heure o\u00f9 les enjeux d\u00e9mocratiques et les r\u00e9alit\u00e9s [&hellip;]","og_url":"https:\/\/territorialchallenges.com\/en\/2024\/01\/08\/pour-des-collectivites-prospectives-lia-au-service-dune-gestion-urbaine-inclusive\/122105\/","og_site_name":"Territorial Challenges","article_published_time":"2024-01-08T11:53:53+00:00","article_modified_time":"2024-01-09T08:41:59+00:00","og_image":[{"width":1280,"height":758,"url":"https:\/\/territorialchallenges.com\/wp-content\/uploads\/2024\/01\/ReflexionFaite9.01.24.Photo_.jpg","type":"image\/jpeg"}],"author":"ni.abdi","twitter_card":"summary_large_image","twitter_creator":"@Ni.abdi","twitter_misc":{"Written by":"ni.abdi","Est. reading time":"4 minutes"},"schema":{"@context":"https:\/\/schema.org","@graph":[{"@type":"Article","@id":"https:\/\/territorialchallenges.com\/2024\/01\/08\/pour-des-collectivites-prospectives-lia-au-service-dune-gestion-urbaine-inclusive\/122105\/#article","isPartOf":{"@id":"https:\/\/territorialchallenges.com\/2024\/01\/08\/pour-des-collectivites-prospectives-lia-au-service-dune-gestion-urbaine-inclusive\/122105\/"},"author":{"name":"ni.abdi","@id":"https:\/\/territorialchallenges.com\/#\/schema\/person\/098f145c7c61a021c425e010f840080f"},"headline":"Pour des collectivit\u00e9s prospectives : l&rsquo;IA au service d&rsquo;une gestion urbaine inclusive","datePublished":"2024-01-08T11:53:53+00:00","dateModified":"2024-01-09T08:41:59+00:00","mainEntityOfPage":{"@id":"https:\/\/territorialchallenges.com\/2024\/01\/08\/pour-des-collectivites-prospectives-lia-au-service-dune-gestion-urbaine-inclusive\/122105\/"},"wordCount":899,"publisher":{"@id":"https:\/\/territorialchallenges.com\/#organization"},"articleSection":["R\u00e9flexion faite","\u00c9cosyst\u00e8me"],"inLanguage":"en-US"},{"@type":"WebPage","@id":"https:\/\/territorialchallenges.com\/2024\/01\/08\/pour-des-collectivites-prospectives-lia-au-service-dune-gestion-urbaine-inclusive\/122105\/","url":"https:\/\/territorialchallenges.com\/2024\/01\/08\/pour-des-collectivites-prospectives-lia-au-service-dune-gestion-urbaine-inclusive\/122105\/","name":"Pour des collectivit\u00e9s prospectives : l'IA au service d'une gestion urbaine inclusive - Territorial Challenges","isPartOf":{"@id":"https:\/\/territorialchallenges.com\/#website"},"datePublished":"2024-01-08T11:53:53+00:00","dateModified":"2024-01-09T08:41:59+00:00","breadcrumb":{"@id":"https:\/\/territorialchallenges.com\/2024\/01\/08\/pour-des-collectivites-prospectives-lia-au-service-dune-gestion-urbaine-inclusive\/122105\/#breadcrumb"},"inLanguage":"en-US","potentialAction":[{"@type":"ReadAction","target":["https:\/\/territorialchallenges.com\/2024\/01\/08\/pour-des-collectivites-prospectives-lia-au-service-dune-gestion-urbaine-inclusive\/122105\/"]}]},{"@type":"BreadcrumbList","@id":"https:\/\/territorialchallenges.com\/2024\/01\/08\/pour-des-collectivites-prospectives-lia-au-service-dune-gestion-urbaine-inclusive\/122105\/#breadcrumb","itemListElement":[{"@type":"ListItem","position":1,"name":"Home","item":"https:\/\/territorialchallenges.com\/"},{"@type":"ListItem","position":2,"name":"Pour des collectivit\u00e9s prospectives : l&rsquo;IA au service d&rsquo;une gestion urbaine inclusive"}]},{"@type":"WebSite","@id":"https:\/\/territorialchallenges.com\/#website","url":"https:\/\/territorialchallenges.com\/","name":"Territorial Challenges","description":"Veille Internationale - Intelligent strategies - Best practices","publisher":{"@id":"https:\/\/territorialchallenges.com\/#organization"},"potentialAction":[{"@type":"SearchAction","target":{"@type":"EntryPoint","urlTemplate":"https:\/\/territorialchallenges.com\/?s={search_term_string}"},"query-input":"required name=search_term_string"}],"inLanguage":"en-US"},{"@type":"Organization","@id":"https:\/\/territorialchallenges.com\/#organization","name":"Territorial Challenges","url":"https:\/\/territorialchallenges.com\/","logo":{"@type":"ImageObject","inLanguage":"en-US","@id":"https:\/\/territorialchallenges.com\/#\/schema\/logo\/image\/","url":"https:\/\/territorialchallenges.com\/wp-content\/uploads\/2023\/10\/logo-1.png","contentUrl":"https:\/\/territorialchallenges.com\/wp-content\/uploads\/2023\/10\/logo-1.png","width":1832,"height":576,"caption":"Territorial Challenges"},"image":{"@id":"https:\/\/territorialchallenges.com\/#\/schema\/logo\/image\/"}},{"@type":"Person","@id":"https:\/\/territorialchallenges.com\/#\/schema\/person\/098f145c7c61a021c425e010f840080f","name":"ni.abdi","image":{"@type":"ImageObject","inLanguage":"en-US","@id":"https:\/\/territorialchallenges.com\/#\/schema\/person\/image\/","url":"https:\/\/secure.gravatar.com\/avatar\/2a2f2491f3c80039986ba989b1e4b510?s=96&d=identicon&r=g","contentUrl":"https:\/\/secure.gravatar.com\/avatar\/2a2f2491f3c80039986ba989b1e4b510?s=96&d=identicon&r=g","caption":"ni.abdi"},"sameAs":["https:\/\/twitter.com\/Ni.abdi"],"url":"https:\/\/territorialchallenges.com\/en\/author\/ni-abdi\/"}]}},"_links":{"self":[{"href":"https:\/\/territorialchallenges.com\/en\/wp-json\/wp\/v2\/posts\/122105"}],"collection":[{"href":"https:\/\/territorialchallenges.com\/en\/wp-json\/wp\/v2\/posts"}],"about":[{"href":"https:\/\/territorialchallenges.com\/en\/wp-json\/wp\/v2\/types\/post"}],"author":[{"embeddable":true,"href":"https:\/\/territorialchallenges.com\/en\/wp-json\/wp\/v2\/users\/11"}],"replies":[{"embeddable":true,"href":"https:\/\/territorialchallenges.com\/en\/wp-json\/wp\/v2\/comments?post=122105"}],"version-history":[{"count":1,"href":"https:\/\/territorialchallenges.com\/en\/wp-json\/wp\/v2\/posts\/122105\/revisions"}],"predecessor-version":[{"id":122107,"href":"https:\/\/territorialchallenges.com\/en\/wp-json\/wp\/v2\/posts\/122105\/revisions\/122107"}],"wp:featuredmedia":[{"embeddable":true,"href":"https:\/\/territorialchallenges.com\/en\/wp-json\/wp\/v2\/media\/122106"}],"wp:attachment":[{"href":"https:\/\/territorialchallenges.com\/en\/wp-json\/wp\/v2\/media?parent=122105"}],"wp:term":[{"taxonomy":"category","embeddable":true,"href":"https:\/\/territorialchallenges.com\/en\/wp-json\/wp\/v2\/categories?post=122105"},{"taxonomy":"post_tag","embeddable":true,"href":"https:\/\/territorialchallenges.com\/en\/wp-json\/wp\/v2\/tags?post=122105"}],"curies":[{"name":"wp","href":"https:\/\/api.w.org\/{rel}","templated":true}]}}