{"id":121838,"date":"2023-11-27T11:22:27","date_gmt":"2023-11-27T10:22:27","guid":{"rendered":"https:\/\/territorialchallenges.com\/?p=121838"},"modified":"2023-11-27T16:52:43","modified_gmt":"2023-11-27T15:52:43","slug":"francois-latour-larchitecte-visionnaire-du-grand-paris","status":"publish","type":"post","link":"https:\/\/territorialchallenges.com\/en\/2023\/11\/27\/francois-latour-larchitecte-visionnaire-du-grand-paris\/121838\/","title":{"rendered":"Fran\u00e7ois Latour: The visionary architect of Greater Paris \u00bb"},"content":{"rendered":"<p>In the shadows of Parisian history lies Fran\u00e7ois Latour, distinguished lawyer, intrepid economist, and visionary politician. Born in 1886, his legacy is marked by his writing as much as his actions. Through his publications, including &quot;The Greatest Paris, a Problem of Authority (1930),&quot; he crafted a bold vision for the metropolis, making him\u2026 <\/p>\n<div class=\"pmpro_content_message\">Article only viewable by subscribers.<br \/><a href=\"https:\/\/territorialchallenges.com\/wp-login.php\">Connection<\/a><br \/><a href=\"https:\/\/territorialchallenges.com\/en\/wp-login.php\/?action=register\">Register<\/a><\/div>","protected":false},"excerpt":{"rendered":"<p>Dans l&rsquo;ombre des ruelles de l&rsquo;histoire parisienne r\u00e9side Fran\u00e7ois Latour, avocat \u00e9m\u00e9rite, \u00e9conomiste intr\u00e9pide et homme politique visionnaire. N\u00e9 en 1886, son h\u00e9ritage est marqu\u00e9 par la plume autant que par l&rsquo;action. \u00c0 travers ses publications, dont \u00ab\u00a0Le Plus grand Paris, probl\u00e8me d&rsquo;autorit\u00e9 (1930)\u00a0\u00bb, il fa\u00e7onne une vision audacieuse pour la m\u00e9tropole, faisant de lui... <\/p>\n<div class=\"pmpro_content_message\">Article only viewable by subscribers.<br \/><a href=\"https:\/\/territorialchallenges.com\/wp-login.php\">Connection<\/a><br \/><a href=\"https:\/\/territorialchallenges.com\/en\/wp-login.php\/?action=register\">Register<\/a><\/div>","protected":false},"author":11,"featured_media":121839,"comment_status":"closed","ping_status":"closed","sticky":true,"template":"","format":"standard","meta":{"pmpro_default_level":0,"footnotes":""},"categories":[121],"tags":[],"blocksy_meta":"","yoast_head":"<!-- This site is optimized with the Yoast SEO plugin v21.5 - https:\/\/yoast.com\/wordpress\/plugins\/seo\/ -->\n<title>Fran\u00e7ois Latour : L&#039;architecte visionnaire du Grand Paris&quot; - Territorial Challenges<\/title>\n<meta name=\"robots\" content=\"index, follow, max-snippet:-1, max-image-preview:large, max-video-preview:-1\" \/>\n<link rel=\"canonical\" href=\"https:\/\/territorialchallenges.com\/en\/2023\/11\/27\/francois-latour-larchitecte-visionnaire-du-grand-paris\/121838\/\" \/>\n<meta property=\"og:locale\" content=\"en_US\" \/>\n<meta property=\"og:type\" content=\"article\" \/>\n<meta property=\"og:title\" content=\"Fran\u00e7ois Latour : L&#039;architecte visionnaire du Grand Paris&quot; - Territorial Challenges\" \/>\n<meta property=\"og:description\" content=\"Dans l&rsquo;ombre des ruelles de l&rsquo;histoire parisienne r\u00e9side Fran\u00e7ois Latour, avocat \u00e9m\u00e9rite, \u00e9conomiste intr\u00e9pide et homme politique visionnaire. N\u00e9 en 1886, son h\u00e9ritage est marqu\u00e9 par la plume autant que par l&rsquo;action. \u00c0 travers ses publications, dont \u00ab\u00a0Le Plus grand Paris, probl\u00e8me d&rsquo;autorit\u00e9 (1930)\u00a0\u00bb, il fa\u00e7onne une vision audacieuse pour la m\u00e9tropole, faisant de lui [&hellip;]\" \/>\n<meta property=\"og:url\" content=\"https:\/\/territorialchallenges.com\/en\/2023\/11\/27\/francois-latour-larchitecte-visionnaire-du-grand-paris\/121838\/\" \/>\n<meta property=\"og:site_name\" content=\"Territorial Challenges\" \/>\n<meta property=\"article:published_time\" content=\"2023-11-27T10:22:27+00:00\" \/>\n<meta property=\"article:modified_time\" content=\"2023-11-27T15:52:43+00:00\" \/>\n<meta property=\"og:image\" content=\"https:\/\/territorialchallenges.com\/wp-content\/uploads\/2023\/11\/Francois_Latour_a_son_bureau_de_travail_-_photographie_de_presse_-_Agence_Rol.png\" \/>\n\t<meta property=\"og:image:width\" content=\"1024\" \/>\n\t<meta property=\"og:image:height\" content=\"959\" \/>\n\t<meta property=\"og:image:type\" content=\"image\/png\" \/>\n<meta name=\"author\" content=\"ni.abdi\" \/>\n<meta name=\"twitter:card\" content=\"summary_large_image\" \/>\n<meta name=\"twitter:creator\" content=\"@Ni.abdi\" \/>\n<meta name=\"twitter:label1\" content=\"Written by\" \/>\n\t<meta name=\"twitter:data1\" content=\"ni.abdi\" \/>\n\t<meta name=\"twitter:label2\" content=\"Est. reading time\" \/>\n\t<meta name=\"twitter:data2\" content=\"3 minutes\" \/>\n<script type=\"application\/ld+json\" class=\"yoast-schema-graph\">{\"@context\":\"https:\/\/schema.org\",\"@graph\":[{\"@type\":\"Article\",\"@id\":\"https:\/\/territorialchallenges.com\/2023\/11\/27\/francois-latour-larchitecte-visionnaire-du-grand-paris\/121838\/#article\",\"isPartOf\":{\"@id\":\"https:\/\/territorialchallenges.com\/2023\/11\/27\/francois-latour-larchitecte-visionnaire-du-grand-paris\/121838\/\"},\"author\":{\"name\":\"ni.abdi\",\"@id\":\"https:\/\/territorialchallenges.com\/#\/schema\/person\/098f145c7c61a021c425e010f840080f\"},\"headline\":\"Fran\u00e7ois Latour : L&rsquo;architecte visionnaire du Grand Paris\u00a0\u00bb\",\"datePublished\":\"2023-11-27T10:22:27+00:00\",\"dateModified\":\"2023-11-27T15:52:43+00:00\",\"mainEntityOfPage\":{\"@id\":\"https:\/\/territorialchallenges.com\/2023\/11\/27\/francois-latour-larchitecte-visionnaire-du-grand-paris\/121838\/\"},\"wordCount\":621,\"publisher\":{\"@id\":\"https:\/\/territorialchallenges.com\/#organization\"},\"articleSection\":[\"M\u00e9moire\"],\"inLanguage\":\"en-US\"},{\"@type\":\"WebPage\",\"@id\":\"https:\/\/territorialchallenges.com\/2023\/11\/27\/francois-latour-larchitecte-visionnaire-du-grand-paris\/121838\/\",\"url\":\"https:\/\/territorialchallenges.com\/2023\/11\/27\/francois-latour-larchitecte-visionnaire-du-grand-paris\/121838\/\",\"name\":\"Fran\u00e7ois Latour : L'architecte visionnaire du Grand Paris\\\" - Territorial Challenges\",\"isPartOf\":{\"@id\":\"https:\/\/territorialchallenges.com\/#website\"},\"datePublished\":\"2023-11-27T10:22:27+00:00\",\"dateModified\":\"2023-11-27T15:52:43+00:00\",\"breadcrumb\":{\"@id\":\"https:\/\/territorialchallenges.com\/2023\/11\/27\/francois-latour-larchitecte-visionnaire-du-grand-paris\/121838\/#breadcrumb\"},\"inLanguage\":\"en-US\",\"potentialAction\":[{\"@type\":\"ReadAction\",\"target\":[\"https:\/\/territorialchallenges.com\/2023\/11\/27\/francois-latour-larchitecte-visionnaire-du-grand-paris\/121838\/\"]}]},{\"@type\":\"BreadcrumbList\",\"@id\":\"https:\/\/territorialchallenges.com\/2023\/11\/27\/francois-latour-larchitecte-visionnaire-du-grand-paris\/121838\/#breadcrumb\",\"itemListElement\":[{\"@type\":\"ListItem\",\"position\":1,\"name\":\"Home\",\"item\":\"https:\/\/territorialchallenges.com\/\"},{\"@type\":\"ListItem\",\"position\":2,\"name\":\"Fran\u00e7ois Latour : L&rsquo;architecte visionnaire du Grand Paris\u00a0\u00bb\"}]},{\"@type\":\"WebSite\",\"@id\":\"https:\/\/territorialchallenges.com\/#website\",\"url\":\"https:\/\/territorialchallenges.com\/\",\"name\":\"Territorial Challenges\",\"description\":\"Veille Internationale - Strat\u00e9gie Intelligentes - Bonnes pratiques\",\"publisher\":{\"@id\":\"https:\/\/territorialchallenges.com\/#organization\"},\"potentialAction\":[{\"@type\":\"SearchAction\",\"target\":{\"@type\":\"EntryPoint\",\"urlTemplate\":\"https:\/\/territorialchallenges.com\/?s={search_term_string}\"},\"query-input\":\"required name=search_term_string\"}],\"inLanguage\":\"en-US\"},{\"@type\":\"Organization\",\"@id\":\"https:\/\/territorialchallenges.com\/#organization\",\"name\":\"Territorial Challenges\",\"url\":\"https:\/\/territorialchallenges.com\/\",\"logo\":{\"@type\":\"ImageObject\",\"inLanguage\":\"en-US\",\"@id\":\"https:\/\/territorialchallenges.com\/#\/schema\/logo\/image\/\",\"url\":\"https:\/\/territorialchallenges.com\/wp-content\/uploads\/2023\/10\/logo-1.png\",\"contentUrl\":\"https:\/\/territorialchallenges.com\/wp-content\/uploads\/2023\/10\/logo-1.png\",\"width\":1832,\"height\":576,\"caption\":\"Territorial Challenges\"},\"image\":{\"@id\":\"https:\/\/territorialchallenges.com\/#\/schema\/logo\/image\/\"}},{\"@type\":\"Person\",\"@id\":\"https:\/\/territorialchallenges.com\/#\/schema\/person\/098f145c7c61a021c425e010f840080f\",\"name\":\"ni.abdi\",\"image\":{\"@type\":\"ImageObject\",\"inLanguage\":\"en-US\",\"@id\":\"https:\/\/territorialchallenges.com\/#\/schema\/person\/image\/\",\"url\":\"https:\/\/secure.gravatar.com\/avatar\/2a2f2491f3c80039986ba989b1e4b510?s=96&d=identicon&r=g\",\"contentUrl\":\"https:\/\/secure.gravatar.com\/avatar\/2a2f2491f3c80039986ba989b1e4b510?s=96&d=identicon&r=g\",\"caption\":\"ni.abdi\"},\"sameAs\":[\"https:\/\/twitter.com\/Ni.abdi\"],\"url\":\"https:\/\/territorialchallenges.com\/en\/author\/ni-abdi\/\"}]}<\/script>\n<!-- \/ Yoast SEO plugin. -->","yoast_head_json":{"title":"Fran\u00e7ois Latour : L'architecte visionnaire du Grand Paris\" - Territorial Challenges","robots":{"index":"index","follow":"follow","max-snippet":"max-snippet:-1","max-image-preview":"max-image-preview:large","max-video-preview":"max-video-preview:-1"},"canonical":"https:\/\/territorialchallenges.com\/en\/2023\/11\/27\/francois-latour-larchitecte-visionnaire-du-grand-paris\/121838\/","og_locale":"en_US","og_type":"article","og_title":"Fran\u00e7ois Latour : L'architecte visionnaire du Grand Paris\" - Territorial Challenges","og_description":"Dans l&rsquo;ombre des ruelles de l&rsquo;histoire parisienne r\u00e9side Fran\u00e7ois Latour, avocat \u00e9m\u00e9rite, \u00e9conomiste intr\u00e9pide et homme politique visionnaire. N\u00e9 en 1886, son h\u00e9ritage est marqu\u00e9 par la plume autant que par l&rsquo;action. \u00c0 travers ses publications, dont \u00ab\u00a0Le Plus grand Paris, probl\u00e8me d&rsquo;autorit\u00e9 (1930)\u00a0\u00bb, il fa\u00e7onne une vision audacieuse pour la m\u00e9tropole, faisant de lui [&hellip;]","og_url":"https:\/\/territorialchallenges.com\/en\/2023\/11\/27\/francois-latour-larchitecte-visionnaire-du-grand-paris\/121838\/","og_site_name":"Territorial Challenges","article_published_time":"2023-11-27T10:22:27+00:00","article_modified_time":"2023-11-27T15:52:43+00:00","og_image":[{"width":1024,"height":959,"url":"https:\/\/territorialchallenges.com\/wp-content\/uploads\/2023\/11\/Francois_Latour_a_son_bureau_de_travail_-_photographie_de_presse_-_Agence_Rol.png","type":"image\/png"}],"author":"ni.abdi","twitter_card":"summary_large_image","twitter_creator":"@Ni.abdi","twitter_misc":{"Written by":"ni.abdi","Est. reading time":"3 minutes"},"schema":{"@context":"https:\/\/schema.org","@graph":[{"@type":"Article","@id":"https:\/\/territorialchallenges.com\/2023\/11\/27\/francois-latour-larchitecte-visionnaire-du-grand-paris\/121838\/#article","isPartOf":{"@id":"https:\/\/territorialchallenges.com\/2023\/11\/27\/francois-latour-larchitecte-visionnaire-du-grand-paris\/121838\/"},"author":{"name":"ni.abdi","@id":"https:\/\/territorialchallenges.com\/#\/schema\/person\/098f145c7c61a021c425e010f840080f"},"headline":"Fran\u00e7ois Latour : L&rsquo;architecte visionnaire du Grand Paris\u00a0\u00bb","datePublished":"2023-11-27T10:22:27+00:00","dateModified":"2023-11-27T15:52:43+00:00","mainEntityOfPage":{"@id":"https:\/\/territorialchallenges.com\/2023\/11\/27\/francois-latour-larchitecte-visionnaire-du-grand-paris\/121838\/"},"wordCount":621,"publisher":{"@id":"https:\/\/territorialchallenges.com\/#organization"},"articleSection":["M\u00e9moire"],"inLanguage":"en-US"},{"@type":"WebPage","@id":"https:\/\/territorialchallenges.com\/2023\/11\/27\/francois-latour-larchitecte-visionnaire-du-grand-paris\/121838\/","url":"https:\/\/territorialchallenges.com\/2023\/11\/27\/francois-latour-larchitecte-visionnaire-du-grand-paris\/121838\/","name":"Fran\u00e7ois Latour : L'architecte visionnaire du Grand Paris\" - Territorial Challenges","isPartOf":{"@id":"https:\/\/territorialchallenges.com\/#website"},"datePublished":"2023-11-27T10:22:27+00:00","dateModified":"2023-11-27T15:52:43+00:00","breadcrumb":{"@id":"https:\/\/territorialchallenges.com\/2023\/11\/27\/francois-latour-larchitecte-visionnaire-du-grand-paris\/121838\/#breadcrumb"},"inLanguage":"en-US","potentialAction":[{"@type":"ReadAction","target":["https:\/\/territorialchallenges.com\/2023\/11\/27\/francois-latour-larchitecte-visionnaire-du-grand-paris\/121838\/"]}]},{"@type":"BreadcrumbList","@id":"https:\/\/territorialchallenges.com\/2023\/11\/27\/francois-latour-larchitecte-visionnaire-du-grand-paris\/121838\/#breadcrumb","itemListElement":[{"@type":"ListItem","position":1,"name":"Home","item":"https:\/\/territorialchallenges.com\/"},{"@type":"ListItem","position":2,"name":"Fran\u00e7ois Latour : L&rsquo;architecte visionnaire du Grand Paris\u00a0\u00bb"}]},{"@type":"WebSite","@id":"https:\/\/territorialchallenges.com\/#website","url":"https:\/\/territorialchallenges.com\/","name":"Territorial Challenges","description":"Veille Internationale - Intelligent strategies - Best practices","publisher":{"@id":"https:\/\/territorialchallenges.com\/#organization"},"potentialAction":[{"@type":"SearchAction","target":{"@type":"EntryPoint","urlTemplate":"https:\/\/territorialchallenges.com\/?s={search_term_string}"},"query-input":"required name=search_term_string"}],"inLanguage":"en-US"},{"@type":"Organization","@id":"https:\/\/territorialchallenges.com\/#organization","name":"Territorial Challenges","url":"https:\/\/territorialchallenges.com\/","logo":{"@type":"ImageObject","inLanguage":"en-US","@id":"https:\/\/territorialchallenges.com\/#\/schema\/logo\/image\/","url":"https:\/\/territorialchallenges.com\/wp-content\/uploads\/2023\/10\/logo-1.png","contentUrl":"https:\/\/territorialchallenges.com\/wp-content\/uploads\/2023\/10\/logo-1.png","width":1832,"height":576,"caption":"Territorial Challenges"},"image":{"@id":"https:\/\/territorialchallenges.com\/#\/schema\/logo\/image\/"}},{"@type":"Person","@id":"https:\/\/territorialchallenges.com\/#\/schema\/person\/098f145c7c61a021c425e010f840080f","name":"ni.abdi","image":{"@type":"ImageObject","inLanguage":"en-US","@id":"https:\/\/territorialchallenges.com\/#\/schema\/person\/image\/","url":"https:\/\/secure.gravatar.com\/avatar\/2a2f2491f3c80039986ba989b1e4b510?s=96&d=identicon&r=g","contentUrl":"https:\/\/secure.gravatar.com\/avatar\/2a2f2491f3c80039986ba989b1e4b510?s=96&d=identicon&r=g","caption":"ni.abdi"},"sameAs":["https:\/\/twitter.com\/Ni.abdi"],"url":"https:\/\/territorialchallenges.com\/en\/author\/ni-abdi\/"}]}},"_links":{"self":[{"href":"https:\/\/territorialchallenges.com\/en\/wp-json\/wp\/v2\/posts\/121838"}],"collection":[{"href":"https:\/\/territorialchallenges.com\/en\/wp-json\/wp\/v2\/posts"}],"about":[{"href":"https:\/\/territorialchallenges.com\/en\/wp-json\/wp\/v2\/types\/post"}],"author":[{"embeddable":true,"href":"https:\/\/territorialchallenges.com\/en\/wp-json\/wp\/v2\/users\/11"}],"replies":[{"embeddable":true,"href":"https:\/\/territorialchallenges.com\/en\/wp-json\/wp\/v2\/comments?post=121838"}],"version-history":[{"count":2,"href":"https:\/\/territorialchallenges.com\/en\/wp-json\/wp\/v2\/posts\/121838\/revisions"}],"predecessor-version":[{"id":121870,"href":"https:\/\/territorialchallenges.com\/en\/wp-json\/wp\/v2\/posts\/121838\/revisions\/121870"}],"wp:featuredmedia":[{"embeddable":true,"href":"https:\/\/territorialchallenges.com\/en\/wp-json\/wp\/v2\/media\/121839"}],"wp:attachment":[{"href":"https:\/\/territorialchallenges.com\/en\/wp-json\/wp\/v2\/media?parent=121838"}],"wp:term":[{"taxonomy":"category","embeddable":true,"href":"https:\/\/territorialchallenges.com\/en\/wp-json\/wp\/v2\/categories?post=121838"},{"taxonomy":"post_tag","embeddable":true,"href":"https:\/\/territorialchallenges.com\/en\/wp-json\/wp\/v2\/tags?post=121838"}],"curies":[{"name":"wp","href":"https:\/\/api.w.org\/{rel}","templated":true}]}}