{"id":121165,"date":"2023-09-25T13:03:51","date_gmt":"2023-09-25T11:03:51","guid":{"rendered":"https:\/\/territorialchallenges.com\/?p=121165"},"modified":"2023-09-25T13:03:51","modified_gmt":"2023-09-25T11:03:51","slug":"allemagne-la-ministre-federal-de-leducation-veut-renforcer-les-competences-en-ia-dans-les-ecoles","status":"publish","type":"post","link":"https:\/\/territorialchallenges.com\/en\/2023\/09\/25\/allemagne-la-ministre-federal-de-leducation-veut-renforcer-les-competences-en-ia-dans-les-ecoles\/121165\/","title":{"rendered":"Germany: Federal Education Minister wants to strengthen AI skills in schools"},"content":{"rendered":"<p>Germany is committed to preparing its youth for the digital future by putting artificial intelligence (AI) at the heart of basic education through the AI4Schools project, supported by Federal Minister of Education Bettina Stark-Watzinger. This ambitious project aims to familiarize students with AI and offer them career opportunities in this field by\u2026 <\/p>\n<div class=\"pmpro_content_message\">Article only viewable by subscribers.<br \/><a href=\"https:\/\/territorialchallenges.com\/wp-login.php\">Connection<\/a><br \/><a href=\"https:\/\/territorialchallenges.com\/en\/wp-login.php\/?action=register\">Register<\/a><\/div>","protected":false},"excerpt":{"rendered":"<p>L&rsquo;Allemagne s&rsquo;engage \u00e0 pr\u00e9parer sa jeunesse \u00e0 l&rsquo;avenir num\u00e9rique en mettant l&rsquo;intelligence artificielle (IA) au c\u0153ur de l&rsquo;\u00e9ducation de base gr\u00e2ce au projet AI4Schools, soutenu par la ministre f\u00e9d\u00e9rale de l&rsquo;\u00c9ducation, Bettina Stark-Watzinger. Ce projet ambitieux vise \u00e0 familiariser les \u00e9l\u00e8ves avec l&rsquo;IA et \u00e0 leur offrir des opportunit\u00e9s de carri\u00e8re dans ce domaine en... <\/p>\n<div class=\"pmpro_content_message\">Article only viewable by subscribers.<br \/><a href=\"https:\/\/territorialchallenges.com\/wp-login.php\">Connection<\/a><br \/><a href=\"https:\/\/territorialchallenges.com\/en\/wp-login.php\/?action=register\">Register<\/a><\/div>","protected":false},"author":11,"featured_media":121169,"comment_status":"open","ping_status":"open","sticky":true,"template":"","format":"standard","meta":{"pmpro_default_level":0,"footnotes":""},"categories":[19,127],"tags":[],"blocksy_meta":"","yoast_head":"<!-- This site is optimized with the Yoast SEO plugin v21.5 - https:\/\/yoast.com\/wordpress\/plugins\/seo\/ -->\n<title>Allemagne : la ministre f\u00e9d\u00e9ral de l\u2019\u00c9ducation veut renforcer les comp\u00e9tences en IA dans les \u00e9coles - Territorial Challenges<\/title>\n<meta name=\"robots\" content=\"index, follow, max-snippet:-1, max-image-preview:large, max-video-preview:-1\" \/>\n<link rel=\"canonical\" href=\"https:\/\/territorialchallenges.com\/en\/2023\/09\/25\/allemagne-la-ministre-federal-de-leducation-veut-renforcer-les-competences-en-ia-dans-les-ecoles\/121165\/\" \/>\n<meta property=\"og:locale\" content=\"en_US\" \/>\n<meta property=\"og:type\" content=\"article\" \/>\n<meta property=\"og:title\" content=\"Allemagne : la ministre f\u00e9d\u00e9ral de l\u2019\u00c9ducation veut renforcer les comp\u00e9tences en IA dans les \u00e9coles - Territorial Challenges\" \/>\n<meta property=\"og:description\" content=\"L&rsquo;Allemagne s&rsquo;engage \u00e0 pr\u00e9parer sa jeunesse \u00e0 l&rsquo;avenir num\u00e9rique en mettant l&rsquo;intelligence artificielle (IA) au c\u0153ur de l&rsquo;\u00e9ducation de base gr\u00e2ce au projet AI4Schools, soutenu par la ministre f\u00e9d\u00e9rale de l&rsquo;\u00c9ducation, Bettina Stark-Watzinger. Ce projet ambitieux vise \u00e0 familiariser les \u00e9l\u00e8ves avec l&rsquo;IA et \u00e0 leur offrir des opportunit\u00e9s de carri\u00e8re dans ce domaine en [&hellip;]\" \/>\n<meta property=\"og:url\" content=\"https:\/\/territorialchallenges.com\/en\/2023\/09\/25\/allemagne-la-ministre-federal-de-leducation-veut-renforcer-les-competences-en-ia-dans-les-ecoles\/121165\/\" \/>\n<meta property=\"og:site_name\" content=\"Territorial Challenges\" \/>\n<meta property=\"article:published_time\" content=\"2023-09-25T11:03:51+00:00\" \/>\n<meta property=\"og:image\" content=\"https:\/\/territorialchallenges.com\/wp-content\/uploads\/2023\/09\/SmartCitiesIAdansLesEcolesAllemagne.photo_.jpg\" \/>\n\t<meta property=\"og:image:width\" content=\"1280\" \/>\n\t<meta property=\"og:image:height\" content=\"545\" \/>\n\t<meta property=\"og:image:type\" content=\"image\/jpeg\" \/>\n<meta name=\"author\" content=\"ni.abdi\" \/>\n<meta name=\"twitter:card\" content=\"summary_large_image\" \/>\n<meta name=\"twitter:creator\" content=\"@Ni.abdi\" \/>\n<meta name=\"twitter:label1\" content=\"Written by\" \/>\n\t<meta name=\"twitter:data1\" content=\"ni.abdi\" \/>\n\t<meta name=\"twitter:label2\" content=\"Est. reading time\" \/>\n\t<meta name=\"twitter:data2\" content=\"4 minutes\" \/>\n<script type=\"application\/ld+json\" class=\"yoast-schema-graph\">{\"@context\":\"https:\/\/schema.org\",\"@graph\":[{\"@type\":\"Article\",\"@id\":\"https:\/\/territorialchallenges.com\/2023\/09\/25\/allemagne-la-ministre-federal-de-leducation-veut-renforcer-les-competences-en-ia-dans-les-ecoles\/121165\/#article\",\"isPartOf\":{\"@id\":\"https:\/\/territorialchallenges.com\/2023\/09\/25\/allemagne-la-ministre-federal-de-leducation-veut-renforcer-les-competences-en-ia-dans-les-ecoles\/121165\/\"},\"author\":{\"name\":\"ni.abdi\",\"@id\":\"https:\/\/territorialchallenges.com\/#\/schema\/person\/098f145c7c61a021c425e010f840080f\"},\"headline\":\"Allemagne : la ministre f\u00e9d\u00e9ral de l\u2019\u00c9ducation veut renforcer les comp\u00e9tences en IA dans les \u00e9coles\",\"datePublished\":\"2023-09-25T11:03:51+00:00\",\"dateModified\":\"2023-09-25T11:03:51+00:00\",\"mainEntityOfPage\":{\"@id\":\"https:\/\/territorialchallenges.com\/2023\/09\/25\/allemagne-la-ministre-federal-de-leducation-veut-renforcer-les-competences-en-ia-dans-les-ecoles\/121165\/\"},\"wordCount\":889,\"commentCount\":0,\"publisher\":{\"@id\":\"https:\/\/territorialchallenges.com\/#organization\"},\"articleSection\":[\"Territoires Intelligents\",\"Actualit\u00e9 Europe\"],\"inLanguage\":\"en-US\"},{\"@type\":\"WebPage\",\"@id\":\"https:\/\/territorialchallenges.com\/2023\/09\/25\/allemagne-la-ministre-federal-de-leducation-veut-renforcer-les-competences-en-ia-dans-les-ecoles\/121165\/\",\"url\":\"https:\/\/territorialchallenges.com\/2023\/09\/25\/allemagne-la-ministre-federal-de-leducation-veut-renforcer-les-competences-en-ia-dans-les-ecoles\/121165\/\",\"name\":\"Allemagne : la ministre f\u00e9d\u00e9ral de l\u2019\u00c9ducation veut renforcer les comp\u00e9tences en IA dans les \u00e9coles - Territorial Challenges\",\"isPartOf\":{\"@id\":\"https:\/\/territorialchallenges.com\/#website\"},\"datePublished\":\"2023-09-25T11:03:51+00:00\",\"dateModified\":\"2023-09-25T11:03:51+00:00\",\"breadcrumb\":{\"@id\":\"https:\/\/territorialchallenges.com\/2023\/09\/25\/allemagne-la-ministre-federal-de-leducation-veut-renforcer-les-competences-en-ia-dans-les-ecoles\/121165\/#breadcrumb\"},\"inLanguage\":\"en-US\",\"potentialAction\":[{\"@type\":\"ReadAction\",\"target\":[\"https:\/\/territorialchallenges.com\/2023\/09\/25\/allemagne-la-ministre-federal-de-leducation-veut-renforcer-les-competences-en-ia-dans-les-ecoles\/121165\/\"]}]},{\"@type\":\"BreadcrumbList\",\"@id\":\"https:\/\/territorialchallenges.com\/2023\/09\/25\/allemagne-la-ministre-federal-de-leducation-veut-renforcer-les-competences-en-ia-dans-les-ecoles\/121165\/#breadcrumb\",\"itemListElement\":[{\"@type\":\"ListItem\",\"position\":1,\"name\":\"Home\",\"item\":\"https:\/\/territorialchallenges.com\/\"},{\"@type\":\"ListItem\",\"position\":2,\"name\":\"Allemagne : la ministre f\u00e9d\u00e9ral de l\u2019\u00c9ducation veut renforcer les comp\u00e9tences en IA dans les \u00e9coles\"}]},{\"@type\":\"WebSite\",\"@id\":\"https:\/\/territorialchallenges.com\/#website\",\"url\":\"https:\/\/territorialchallenges.com\/\",\"name\":\"Territorial Challenges\",\"description\":\"Veille Internationale - Strat\u00e9gie Intelligentes - Bonnes pratiques\",\"publisher\":{\"@id\":\"https:\/\/territorialchallenges.com\/#organization\"},\"potentialAction\":[{\"@type\":\"SearchAction\",\"target\":{\"@type\":\"EntryPoint\",\"urlTemplate\":\"https:\/\/territorialchallenges.com\/?s={search_term_string}\"},\"query-input\":\"required name=search_term_string\"}],\"inLanguage\":\"en-US\"},{\"@type\":\"Organization\",\"@id\":\"https:\/\/territorialchallenges.com\/#organization\",\"name\":\"Territorial Challenges\",\"url\":\"https:\/\/territorialchallenges.com\/\",\"logo\":{\"@type\":\"ImageObject\",\"inLanguage\":\"en-US\",\"@id\":\"https:\/\/territorialchallenges.com\/#\/schema\/logo\/image\/\",\"url\":\"https:\/\/territorialchallenges.com\/wp-content\/uploads\/2023\/10\/logo-1.png\",\"contentUrl\":\"https:\/\/territorialchallenges.com\/wp-content\/uploads\/2023\/10\/logo-1.png\",\"width\":1832,\"height\":576,\"caption\":\"Territorial Challenges\"},\"image\":{\"@id\":\"https:\/\/territorialchallenges.com\/#\/schema\/logo\/image\/\"}},{\"@type\":\"Person\",\"@id\":\"https:\/\/territorialchallenges.com\/#\/schema\/person\/098f145c7c61a021c425e010f840080f\",\"name\":\"ni.abdi\",\"image\":{\"@type\":\"ImageObject\",\"inLanguage\":\"en-US\",\"@id\":\"https:\/\/territorialchallenges.com\/#\/schema\/person\/image\/\",\"url\":\"https:\/\/secure.gravatar.com\/avatar\/2a2f2491f3c80039986ba989b1e4b510?s=96&d=identicon&r=g\",\"contentUrl\":\"https:\/\/secure.gravatar.com\/avatar\/2a2f2491f3c80039986ba989b1e4b510?s=96&d=identicon&r=g\",\"caption\":\"ni.abdi\"},\"sameAs\":[\"https:\/\/twitter.com\/Ni.abdi\"],\"url\":\"https:\/\/territorialchallenges.com\/en\/author\/ni-abdi\/\"}]}<\/script>\n<!-- \/ Yoast SEO plugin. -->","yoast_head_json":{"title":"Allemagne : la ministre f\u00e9d\u00e9ral de l\u2019\u00c9ducation veut renforcer les comp\u00e9tences en IA dans les \u00e9coles - Territorial Challenges","robots":{"index":"index","follow":"follow","max-snippet":"max-snippet:-1","max-image-preview":"max-image-preview:large","max-video-preview":"max-video-preview:-1"},"canonical":"https:\/\/territorialchallenges.com\/en\/2023\/09\/25\/allemagne-la-ministre-federal-de-leducation-veut-renforcer-les-competences-en-ia-dans-les-ecoles\/121165\/","og_locale":"en_US","og_type":"article","og_title":"Allemagne : la ministre f\u00e9d\u00e9ral de l\u2019\u00c9ducation veut renforcer les comp\u00e9tences en IA dans les \u00e9coles - Territorial Challenges","og_description":"L&rsquo;Allemagne s&rsquo;engage \u00e0 pr\u00e9parer sa jeunesse \u00e0 l&rsquo;avenir num\u00e9rique en mettant l&rsquo;intelligence artificielle (IA) au c\u0153ur de l&rsquo;\u00e9ducation de base gr\u00e2ce au projet AI4Schools, soutenu par la ministre f\u00e9d\u00e9rale de l&rsquo;\u00c9ducation, Bettina Stark-Watzinger. Ce projet ambitieux vise \u00e0 familiariser les \u00e9l\u00e8ves avec l&rsquo;IA et \u00e0 leur offrir des opportunit\u00e9s de carri\u00e8re dans ce domaine en [&hellip;]","og_url":"https:\/\/territorialchallenges.com\/en\/2023\/09\/25\/allemagne-la-ministre-federal-de-leducation-veut-renforcer-les-competences-en-ia-dans-les-ecoles\/121165\/","og_site_name":"Territorial Challenges","article_published_time":"2023-09-25T11:03:51+00:00","og_image":[{"width":1280,"height":545,"url":"https:\/\/territorialchallenges.com\/wp-content\/uploads\/2023\/09\/SmartCitiesIAdansLesEcolesAllemagne.photo_.jpg","type":"image\/jpeg"}],"author":"ni.abdi","twitter_card":"summary_large_image","twitter_creator":"@Ni.abdi","twitter_misc":{"Written by":"ni.abdi","Est. reading time":"4 minutes"},"schema":{"@context":"https:\/\/schema.org","@graph":[{"@type":"Article","@id":"https:\/\/territorialchallenges.com\/2023\/09\/25\/allemagne-la-ministre-federal-de-leducation-veut-renforcer-les-competences-en-ia-dans-les-ecoles\/121165\/#article","isPartOf":{"@id":"https:\/\/territorialchallenges.com\/2023\/09\/25\/allemagne-la-ministre-federal-de-leducation-veut-renforcer-les-competences-en-ia-dans-les-ecoles\/121165\/"},"author":{"name":"ni.abdi","@id":"https:\/\/territorialchallenges.com\/#\/schema\/person\/098f145c7c61a021c425e010f840080f"},"headline":"Allemagne : la ministre f\u00e9d\u00e9ral de l\u2019\u00c9ducation veut renforcer les comp\u00e9tences en IA dans les \u00e9coles","datePublished":"2023-09-25T11:03:51+00:00","dateModified":"2023-09-25T11:03:51+00:00","mainEntityOfPage":{"@id":"https:\/\/territorialchallenges.com\/2023\/09\/25\/allemagne-la-ministre-federal-de-leducation-veut-renforcer-les-competences-en-ia-dans-les-ecoles\/121165\/"},"wordCount":889,"commentCount":0,"publisher":{"@id":"https:\/\/territorialchallenges.com\/#organization"},"articleSection":["Territoires Intelligents","Actualit\u00e9 Europe"],"inLanguage":"en-US"},{"@type":"WebPage","@id":"https:\/\/territorialchallenges.com\/2023\/09\/25\/allemagne-la-ministre-federal-de-leducation-veut-renforcer-les-competences-en-ia-dans-les-ecoles\/121165\/","url":"https:\/\/territorialchallenges.com\/2023\/09\/25\/allemagne-la-ministre-federal-de-leducation-veut-renforcer-les-competences-en-ia-dans-les-ecoles\/121165\/","name":"Allemagne : la ministre f\u00e9d\u00e9ral de l\u2019\u00c9ducation veut renforcer les comp\u00e9tences en IA dans les \u00e9coles - Territorial Challenges","isPartOf":{"@id":"https:\/\/territorialchallenges.com\/#website"},"datePublished":"2023-09-25T11:03:51+00:00","dateModified":"2023-09-25T11:03:51+00:00","breadcrumb":{"@id":"https:\/\/territorialchallenges.com\/2023\/09\/25\/allemagne-la-ministre-federal-de-leducation-veut-renforcer-les-competences-en-ia-dans-les-ecoles\/121165\/#breadcrumb"},"inLanguage":"en-US","potentialAction":[{"@type":"ReadAction","target":["https:\/\/territorialchallenges.com\/2023\/09\/25\/allemagne-la-ministre-federal-de-leducation-veut-renforcer-les-competences-en-ia-dans-les-ecoles\/121165\/"]}]},{"@type":"BreadcrumbList","@id":"https:\/\/territorialchallenges.com\/2023\/09\/25\/allemagne-la-ministre-federal-de-leducation-veut-renforcer-les-competences-en-ia-dans-les-ecoles\/121165\/#breadcrumb","itemListElement":[{"@type":"ListItem","position":1,"name":"Home","item":"https:\/\/territorialchallenges.com\/"},{"@type":"ListItem","position":2,"name":"Allemagne : la ministre f\u00e9d\u00e9ral de l\u2019\u00c9ducation veut renforcer les comp\u00e9tences en IA dans les \u00e9coles"}]},{"@type":"WebSite","@id":"https:\/\/territorialchallenges.com\/#website","url":"https:\/\/territorialchallenges.com\/","name":"Territorial Challenges","description":"Veille Internationale - Intelligent strategies - Best practices","publisher":{"@id":"https:\/\/territorialchallenges.com\/#organization"},"potentialAction":[{"@type":"SearchAction","target":{"@type":"EntryPoint","urlTemplate":"https:\/\/territorialchallenges.com\/?s={search_term_string}"},"query-input":"required name=search_term_string"}],"inLanguage":"en-US"},{"@type":"Organization","@id":"https:\/\/territorialchallenges.com\/#organization","name":"Territorial Challenges","url":"https:\/\/territorialchallenges.com\/","logo":{"@type":"ImageObject","inLanguage":"en-US","@id":"https:\/\/territorialchallenges.com\/#\/schema\/logo\/image\/","url":"https:\/\/territorialchallenges.com\/wp-content\/uploads\/2023\/10\/logo-1.png","contentUrl":"https:\/\/territorialchallenges.com\/wp-content\/uploads\/2023\/10\/logo-1.png","width":1832,"height":576,"caption":"Territorial Challenges"},"image":{"@id":"https:\/\/territorialchallenges.com\/#\/schema\/logo\/image\/"}},{"@type":"Person","@id":"https:\/\/territorialchallenges.com\/#\/schema\/person\/098f145c7c61a021c425e010f840080f","name":"ni.abdi","image":{"@type":"ImageObject","inLanguage":"en-US","@id":"https:\/\/territorialchallenges.com\/#\/schema\/person\/image\/","url":"https:\/\/secure.gravatar.com\/avatar\/2a2f2491f3c80039986ba989b1e4b510?s=96&d=identicon&r=g","contentUrl":"https:\/\/secure.gravatar.com\/avatar\/2a2f2491f3c80039986ba989b1e4b510?s=96&d=identicon&r=g","caption":"ni.abdi"},"sameAs":["https:\/\/twitter.com\/Ni.abdi"],"url":"https:\/\/territorialchallenges.com\/en\/author\/ni-abdi\/"}]}},"_links":{"self":[{"href":"https:\/\/territorialchallenges.com\/en\/wp-json\/wp\/v2\/posts\/121165"}],"collection":[{"href":"https:\/\/territorialchallenges.com\/en\/wp-json\/wp\/v2\/posts"}],"about":[{"href":"https:\/\/territorialchallenges.com\/en\/wp-json\/wp\/v2\/types\/post"}],"author":[{"embeddable":true,"href":"https:\/\/territorialchallenges.com\/en\/wp-json\/wp\/v2\/users\/11"}],"replies":[{"embeddable":true,"href":"https:\/\/territorialchallenges.com\/en\/wp-json\/wp\/v2\/comments?post=121165"}],"version-history":[{"count":1,"href":"https:\/\/territorialchallenges.com\/en\/wp-json\/wp\/v2\/posts\/121165\/revisions"}],"predecessor-version":[{"id":121173,"href":"https:\/\/territorialchallenges.com\/en\/wp-json\/wp\/v2\/posts\/121165\/revisions\/121173"}],"wp:featuredmedia":[{"embeddable":true,"href":"https:\/\/territorialchallenges.com\/en\/wp-json\/wp\/v2\/media\/121169"}],"wp:attachment":[{"href":"https:\/\/territorialchallenges.com\/en\/wp-json\/wp\/v2\/media?parent=121165"}],"wp:term":[{"taxonomy":"category","embeddable":true,"href":"https:\/\/territorialchallenges.com\/en\/wp-json\/wp\/v2\/categories?post=121165"},{"taxonomy":"post_tag","embeddable":true,"href":"https:\/\/territorialchallenges.com\/en\/wp-json\/wp\/v2\/tags?post=121165"}],"curies":[{"name":"wp","href":"https:\/\/api.w.org\/{rel}","templated":true}]}}