{"id":120962,"date":"2023-08-15T08:22:04","date_gmt":"2023-08-15T06:22:04","guid":{"rendered":"https:\/\/territorialchallenges.com\/?p=120962"},"modified":"2023-08-15T08:22:04","modified_gmt":"2023-08-15T06:22:04","slug":"agdata-city-prague-a-la-pointe-de-la-revolution-urbaine-avec-la-surveillance-hyperlocale-du-microclimat","status":"publish","type":"post","link":"https:\/\/territorialchallenges.com\/en\/2023\/08\/15\/agdata-city-prague-a-la-pointe-de-la-revolution-urbaine-avec-la-surveillance-hyperlocale-du-microclimat\/120962\/","title":{"rendered":"Agdata City: Prague at the forefront of the urban revolution with hyperlocal microclimate monitoring"},"content":{"rendered":"<p>Prague, the magnificent Czech capital, is building a reputation as a smart city innovator thanks to its groundbreaking Agdata City project. By meticulously monitoring the urban microclimate, Prague is bringing data online for the benefit of its citizens and sustainable urban development. Learn how this initiative, supported by strategic partnerships and\u2026 <\/p>\n<div class=\"pmpro_content_message\">Article only viewable by subscribers.<br \/><a href=\"https:\/\/territorialchallenges.com\/wp-login.php\">Connection<\/a><br \/><a href=\"https:\/\/territorialchallenges.com\/en\/wp-login.php\/?action=register\">Register<\/a><\/div>","protected":false},"excerpt":{"rendered":"<p>Prague, la magnifique capitale tch\u00e8que, se forge une r\u00e9putation d&rsquo;innovatrice en mati\u00e8re de villes intelligentes gr\u00e2ce \u00e0 son projet r\u00e9volutionnaire Agdata City. En surveillant minutieusement le microclimat urbain, Prague am\u00e8ne les donn\u00e9es en ligne pour le b\u00e9n\u00e9fice de ses citoyens et du d\u00e9veloppement urbain durable. D\u00e9couvrez comment cette initiative, soutenue par des partenariats strat\u00e9giques et... <\/p>\n<div class=\"pmpro_content_message\">Article only viewable by subscribers.<br \/><a href=\"https:\/\/territorialchallenges.com\/wp-login.php\">Connection<\/a><br \/><a href=\"https:\/\/territorialchallenges.com\/en\/wp-login.php\/?action=register\">Register<\/a><\/div>","protected":false},"author":11,"featured_media":120963,"comment_status":"open","ping_status":"open","sticky":true,"template":"","format":"standard","meta":{"pmpro_default_level":0,"footnotes":""},"categories":[19,127],"tags":[],"blocksy_meta":"","yoast_head":"<!-- This site is optimized with the Yoast SEO plugin v21.5 - https:\/\/yoast.com\/wordpress\/plugins\/seo\/ -->\n<title>Agdata City : Prague \u00e0 la pointe de la r\u00e9volution urbaine avec la surveillance hyperlocale du microclimat - Territorial Challenges<\/title>\n<meta name=\"robots\" content=\"index, follow, max-snippet:-1, max-image-preview:large, max-video-preview:-1\" \/>\n<link rel=\"canonical\" href=\"https:\/\/territorialchallenges.com\/en\/2023\/08\/15\/agdata-city-prague-a-la-pointe-de-la-revolution-urbaine-avec-la-surveillance-hyperlocale-du-microclimat\/120962\/\" \/>\n<meta property=\"og:locale\" content=\"en_US\" \/>\n<meta property=\"og:type\" content=\"article\" \/>\n<meta property=\"og:title\" content=\"Agdata City : Prague \u00e0 la pointe de la r\u00e9volution urbaine avec la surveillance hyperlocale du microclimat - Territorial Challenges\" \/>\n<meta property=\"og:description\" content=\"Prague, la magnifique capitale tch\u00e8que, se forge une r\u00e9putation d&rsquo;innovatrice en mati\u00e8re de villes intelligentes gr\u00e2ce \u00e0 son projet r\u00e9volutionnaire Agdata City. En surveillant minutieusement le microclimat urbain, Prague am\u00e8ne les donn\u00e9es en ligne pour le b\u00e9n\u00e9fice de ses citoyens et du d\u00e9veloppement urbain durable. D\u00e9couvrez comment cette initiative, soutenue par des partenariats strat\u00e9giques et [&hellip;]\" \/>\n<meta property=\"og:url\" content=\"https:\/\/territorialchallenges.com\/en\/2023\/08\/15\/agdata-city-prague-a-la-pointe-de-la-revolution-urbaine-avec-la-surveillance-hyperlocale-du-microclimat\/120962\/\" \/>\n<meta property=\"og:site_name\" content=\"Territorial Challenges\" \/>\n<meta property=\"article:published_time\" content=\"2023-08-15T06:22:04+00:00\" \/>\n<meta property=\"og:image\" content=\"https:\/\/territorialchallenges.com\/wp-content\/uploads\/2023\/08\/smartcitiesprague.jpg\" \/>\n\t<meta property=\"og:image:width\" content=\"1280\" \/>\n\t<meta property=\"og:image:height\" content=\"636\" \/>\n\t<meta property=\"og:image:type\" content=\"image\/jpeg\" \/>\n<meta name=\"author\" content=\"ni.abdi\" \/>\n<meta name=\"twitter:card\" content=\"summary_large_image\" \/>\n<meta name=\"twitter:creator\" content=\"@Ni.abdi\" \/>\n<meta name=\"twitter:label1\" content=\"Written by\" \/>\n\t<meta name=\"twitter:data1\" content=\"ni.abdi\" \/>\n\t<meta name=\"twitter:label2\" content=\"Est. reading time\" \/>\n\t<meta name=\"twitter:data2\" content=\"3 minutes\" \/>\n<script type=\"application\/ld+json\" class=\"yoast-schema-graph\">{\"@context\":\"https:\/\/schema.org\",\"@graph\":[{\"@type\":\"Article\",\"@id\":\"https:\/\/territorialchallenges.com\/2023\/08\/15\/agdata-city-prague-a-la-pointe-de-la-revolution-urbaine-avec-la-surveillance-hyperlocale-du-microclimat\/120962\/#article\",\"isPartOf\":{\"@id\":\"https:\/\/territorialchallenges.com\/2023\/08\/15\/agdata-city-prague-a-la-pointe-de-la-revolution-urbaine-avec-la-surveillance-hyperlocale-du-microclimat\/120962\/\"},\"author\":{\"name\":\"ni.abdi\",\"@id\":\"https:\/\/territorialchallenges.com\/#\/schema\/person\/098f145c7c61a021c425e010f840080f\"},\"headline\":\"Agdata City : Prague \u00e0 la pointe de la r\u00e9volution urbaine avec la surveillance hyperlocale du microclimat\",\"datePublished\":\"2023-08-15T06:22:04+00:00\",\"dateModified\":\"2023-08-15T06:22:04+00:00\",\"mainEntityOfPage\":{\"@id\":\"https:\/\/territorialchallenges.com\/2023\/08\/15\/agdata-city-prague-a-la-pointe-de-la-revolution-urbaine-avec-la-surveillance-hyperlocale-du-microclimat\/120962\/\"},\"wordCount\":726,\"commentCount\":0,\"publisher\":{\"@id\":\"https:\/\/territorialchallenges.com\/#organization\"},\"articleSection\":[\"Territoires Intelligents\",\"Actualit\u00e9 Europe\"],\"inLanguage\":\"en-US\"},{\"@type\":\"WebPage\",\"@id\":\"https:\/\/territorialchallenges.com\/2023\/08\/15\/agdata-city-prague-a-la-pointe-de-la-revolution-urbaine-avec-la-surveillance-hyperlocale-du-microclimat\/120962\/\",\"url\":\"https:\/\/territorialchallenges.com\/2023\/08\/15\/agdata-city-prague-a-la-pointe-de-la-revolution-urbaine-avec-la-surveillance-hyperlocale-du-microclimat\/120962\/\",\"name\":\"Agdata City : Prague \u00e0 la pointe de la r\u00e9volution urbaine avec la surveillance hyperlocale du microclimat - Territorial Challenges\",\"isPartOf\":{\"@id\":\"https:\/\/territorialchallenges.com\/#website\"},\"datePublished\":\"2023-08-15T06:22:04+00:00\",\"dateModified\":\"2023-08-15T06:22:04+00:00\",\"breadcrumb\":{\"@id\":\"https:\/\/territorialchallenges.com\/2023\/08\/15\/agdata-city-prague-a-la-pointe-de-la-revolution-urbaine-avec-la-surveillance-hyperlocale-du-microclimat\/120962\/#breadcrumb\"},\"inLanguage\":\"en-US\",\"potentialAction\":[{\"@type\":\"ReadAction\",\"target\":[\"https:\/\/territorialchallenges.com\/2023\/08\/15\/agdata-city-prague-a-la-pointe-de-la-revolution-urbaine-avec-la-surveillance-hyperlocale-du-microclimat\/120962\/\"]}]},{\"@type\":\"BreadcrumbList\",\"@id\":\"https:\/\/territorialchallenges.com\/2023\/08\/15\/agdata-city-prague-a-la-pointe-de-la-revolution-urbaine-avec-la-surveillance-hyperlocale-du-microclimat\/120962\/#breadcrumb\",\"itemListElement\":[{\"@type\":\"ListItem\",\"position\":1,\"name\":\"Home\",\"item\":\"https:\/\/territorialchallenges.com\/\"},{\"@type\":\"ListItem\",\"position\":2,\"name\":\"Agdata City : Prague \u00e0 la pointe de la r\u00e9volution urbaine avec la surveillance hyperlocale du microclimat\"}]},{\"@type\":\"WebSite\",\"@id\":\"https:\/\/territorialchallenges.com\/#website\",\"url\":\"https:\/\/territorialchallenges.com\/\",\"name\":\"Territorial Challenges\",\"description\":\"Veille Internationale - Strat\u00e9gie Intelligentes - Bonnes pratiques\",\"publisher\":{\"@id\":\"https:\/\/territorialchallenges.com\/#organization\"},\"potentialAction\":[{\"@type\":\"SearchAction\",\"target\":{\"@type\":\"EntryPoint\",\"urlTemplate\":\"https:\/\/territorialchallenges.com\/?s={search_term_string}\"},\"query-input\":\"required name=search_term_string\"}],\"inLanguage\":\"en-US\"},{\"@type\":\"Organization\",\"@id\":\"https:\/\/territorialchallenges.com\/#organization\",\"name\":\"Territorial Challenges\",\"url\":\"https:\/\/territorialchallenges.com\/\",\"logo\":{\"@type\":\"ImageObject\",\"inLanguage\":\"en-US\",\"@id\":\"https:\/\/territorialchallenges.com\/#\/schema\/logo\/image\/\",\"url\":\"https:\/\/territorialchallenges.com\/wp-content\/uploads\/2023\/10\/logo-1.png\",\"contentUrl\":\"https:\/\/territorialchallenges.com\/wp-content\/uploads\/2023\/10\/logo-1.png\",\"width\":1832,\"height\":576,\"caption\":\"Territorial Challenges\"},\"image\":{\"@id\":\"https:\/\/territorialchallenges.com\/#\/schema\/logo\/image\/\"}},{\"@type\":\"Person\",\"@id\":\"https:\/\/territorialchallenges.com\/#\/schema\/person\/098f145c7c61a021c425e010f840080f\",\"name\":\"ni.abdi\",\"image\":{\"@type\":\"ImageObject\",\"inLanguage\":\"en-US\",\"@id\":\"https:\/\/territorialchallenges.com\/#\/schema\/person\/image\/\",\"url\":\"https:\/\/secure.gravatar.com\/avatar\/2a2f2491f3c80039986ba989b1e4b510?s=96&d=identicon&r=g\",\"contentUrl\":\"https:\/\/secure.gravatar.com\/avatar\/2a2f2491f3c80039986ba989b1e4b510?s=96&d=identicon&r=g\",\"caption\":\"ni.abdi\"},\"sameAs\":[\"https:\/\/twitter.com\/Ni.abdi\"],\"url\":\"https:\/\/territorialchallenges.com\/en\/author\/ni-abdi\/\"}]}<\/script>\n<!-- \/ Yoast SEO plugin. -->","yoast_head_json":{"title":"Agdata City : Prague \u00e0 la pointe de la r\u00e9volution urbaine avec la surveillance hyperlocale du microclimat - Territorial Challenges","robots":{"index":"index","follow":"follow","max-snippet":"max-snippet:-1","max-image-preview":"max-image-preview:large","max-video-preview":"max-video-preview:-1"},"canonical":"https:\/\/territorialchallenges.com\/en\/2023\/08\/15\/agdata-city-prague-a-la-pointe-de-la-revolution-urbaine-avec-la-surveillance-hyperlocale-du-microclimat\/120962\/","og_locale":"en_US","og_type":"article","og_title":"Agdata City : Prague \u00e0 la pointe de la r\u00e9volution urbaine avec la surveillance hyperlocale du microclimat - Territorial Challenges","og_description":"Prague, la magnifique capitale tch\u00e8que, se forge une r\u00e9putation d&rsquo;innovatrice en mati\u00e8re de villes intelligentes gr\u00e2ce \u00e0 son projet r\u00e9volutionnaire Agdata City. En surveillant minutieusement le microclimat urbain, Prague am\u00e8ne les donn\u00e9es en ligne pour le b\u00e9n\u00e9fice de ses citoyens et du d\u00e9veloppement urbain durable. D\u00e9couvrez comment cette initiative, soutenue par des partenariats strat\u00e9giques et [&hellip;]","og_url":"https:\/\/territorialchallenges.com\/en\/2023\/08\/15\/agdata-city-prague-a-la-pointe-de-la-revolution-urbaine-avec-la-surveillance-hyperlocale-du-microclimat\/120962\/","og_site_name":"Territorial Challenges","article_published_time":"2023-08-15T06:22:04+00:00","og_image":[{"width":1280,"height":636,"url":"https:\/\/territorialchallenges.com\/wp-content\/uploads\/2023\/08\/smartcitiesprague.jpg","type":"image\/jpeg"}],"author":"ni.abdi","twitter_card":"summary_large_image","twitter_creator":"@Ni.abdi","twitter_misc":{"Written by":"ni.abdi","Est. reading time":"3 minutes"},"schema":{"@context":"https:\/\/schema.org","@graph":[{"@type":"Article","@id":"https:\/\/territorialchallenges.com\/2023\/08\/15\/agdata-city-prague-a-la-pointe-de-la-revolution-urbaine-avec-la-surveillance-hyperlocale-du-microclimat\/120962\/#article","isPartOf":{"@id":"https:\/\/territorialchallenges.com\/2023\/08\/15\/agdata-city-prague-a-la-pointe-de-la-revolution-urbaine-avec-la-surveillance-hyperlocale-du-microclimat\/120962\/"},"author":{"name":"ni.abdi","@id":"https:\/\/territorialchallenges.com\/#\/schema\/person\/098f145c7c61a021c425e010f840080f"},"headline":"Agdata City : Prague \u00e0 la pointe de la r\u00e9volution urbaine avec la surveillance hyperlocale du microclimat","datePublished":"2023-08-15T06:22:04+00:00","dateModified":"2023-08-15T06:22:04+00:00","mainEntityOfPage":{"@id":"https:\/\/territorialchallenges.com\/2023\/08\/15\/agdata-city-prague-a-la-pointe-de-la-revolution-urbaine-avec-la-surveillance-hyperlocale-du-microclimat\/120962\/"},"wordCount":726,"commentCount":0,"publisher":{"@id":"https:\/\/territorialchallenges.com\/#organization"},"articleSection":["Territoires Intelligents","Actualit\u00e9 Europe"],"inLanguage":"en-US"},{"@type":"WebPage","@id":"https:\/\/territorialchallenges.com\/2023\/08\/15\/agdata-city-prague-a-la-pointe-de-la-revolution-urbaine-avec-la-surveillance-hyperlocale-du-microclimat\/120962\/","url":"https:\/\/territorialchallenges.com\/2023\/08\/15\/agdata-city-prague-a-la-pointe-de-la-revolution-urbaine-avec-la-surveillance-hyperlocale-du-microclimat\/120962\/","name":"Agdata City : Prague \u00e0 la pointe de la r\u00e9volution urbaine avec la surveillance hyperlocale du microclimat - Territorial Challenges","isPartOf":{"@id":"https:\/\/territorialchallenges.com\/#website"},"datePublished":"2023-08-15T06:22:04+00:00","dateModified":"2023-08-15T06:22:04+00:00","breadcrumb":{"@id":"https:\/\/territorialchallenges.com\/2023\/08\/15\/agdata-city-prague-a-la-pointe-de-la-revolution-urbaine-avec-la-surveillance-hyperlocale-du-microclimat\/120962\/#breadcrumb"},"inLanguage":"en-US","potentialAction":[{"@type":"ReadAction","target":["https:\/\/territorialchallenges.com\/2023\/08\/15\/agdata-city-prague-a-la-pointe-de-la-revolution-urbaine-avec-la-surveillance-hyperlocale-du-microclimat\/120962\/"]}]},{"@type":"BreadcrumbList","@id":"https:\/\/territorialchallenges.com\/2023\/08\/15\/agdata-city-prague-a-la-pointe-de-la-revolution-urbaine-avec-la-surveillance-hyperlocale-du-microclimat\/120962\/#breadcrumb","itemListElement":[{"@type":"ListItem","position":1,"name":"Home","item":"https:\/\/territorialchallenges.com\/"},{"@type":"ListItem","position":2,"name":"Agdata City : Prague \u00e0 la pointe de la r\u00e9volution urbaine avec la surveillance hyperlocale du microclimat"}]},{"@type":"WebSite","@id":"https:\/\/territorialchallenges.com\/#website","url":"https:\/\/territorialchallenges.com\/","name":"Territorial Challenges","description":"Veille Internationale - Intelligent strategies - Best practices","publisher":{"@id":"https:\/\/territorialchallenges.com\/#organization"},"potentialAction":[{"@type":"SearchAction","target":{"@type":"EntryPoint","urlTemplate":"https:\/\/territorialchallenges.com\/?s={search_term_string}"},"query-input":"required name=search_term_string"}],"inLanguage":"en-US"},{"@type":"Organization","@id":"https:\/\/territorialchallenges.com\/#organization","name":"Territorial Challenges","url":"https:\/\/territorialchallenges.com\/","logo":{"@type":"ImageObject","inLanguage":"en-US","@id":"https:\/\/territorialchallenges.com\/#\/schema\/logo\/image\/","url":"https:\/\/territorialchallenges.com\/wp-content\/uploads\/2023\/10\/logo-1.png","contentUrl":"https:\/\/territorialchallenges.com\/wp-content\/uploads\/2023\/10\/logo-1.png","width":1832,"height":576,"caption":"Territorial Challenges"},"image":{"@id":"https:\/\/territorialchallenges.com\/#\/schema\/logo\/image\/"}},{"@type":"Person","@id":"https:\/\/territorialchallenges.com\/#\/schema\/person\/098f145c7c61a021c425e010f840080f","name":"ni.abdi","image":{"@type":"ImageObject","inLanguage":"en-US","@id":"https:\/\/territorialchallenges.com\/#\/schema\/person\/image\/","url":"https:\/\/secure.gravatar.com\/avatar\/2a2f2491f3c80039986ba989b1e4b510?s=96&d=identicon&r=g","contentUrl":"https:\/\/secure.gravatar.com\/avatar\/2a2f2491f3c80039986ba989b1e4b510?s=96&d=identicon&r=g","caption":"ni.abdi"},"sameAs":["https:\/\/twitter.com\/Ni.abdi"],"url":"https:\/\/territorialchallenges.com\/en\/author\/ni-abdi\/"}]}},"_links":{"self":[{"href":"https:\/\/territorialchallenges.com\/en\/wp-json\/wp\/v2\/posts\/120962"}],"collection":[{"href":"https:\/\/territorialchallenges.com\/en\/wp-json\/wp\/v2\/posts"}],"about":[{"href":"https:\/\/territorialchallenges.com\/en\/wp-json\/wp\/v2\/types\/post"}],"author":[{"embeddable":true,"href":"https:\/\/territorialchallenges.com\/en\/wp-json\/wp\/v2\/users\/11"}],"replies":[{"embeddable":true,"href":"https:\/\/territorialchallenges.com\/en\/wp-json\/wp\/v2\/comments?post=120962"}],"version-history":[{"count":1,"href":"https:\/\/territorialchallenges.com\/en\/wp-json\/wp\/v2\/posts\/120962\/revisions"}],"predecessor-version":[{"id":120967,"href":"https:\/\/territorialchallenges.com\/en\/wp-json\/wp\/v2\/posts\/120962\/revisions\/120967"}],"wp:featuredmedia":[{"embeddable":true,"href":"https:\/\/territorialchallenges.com\/en\/wp-json\/wp\/v2\/media\/120963"}],"wp:attachment":[{"href":"https:\/\/territorialchallenges.com\/en\/wp-json\/wp\/v2\/media?parent=120962"}],"wp:term":[{"taxonomy":"category","embeddable":true,"href":"https:\/\/territorialchallenges.com\/en\/wp-json\/wp\/v2\/categories?post=120962"},{"taxonomy":"post_tag","embeddable":true,"href":"https:\/\/territorialchallenges.com\/en\/wp-json\/wp\/v2\/tags?post=120962"}],"curies":[{"name":"wp","href":"https:\/\/api.w.org\/{rel}","templated":true}]}}