{"id":120949,"date":"2023-08-10T10:10:52","date_gmt":"2023-08-10T08:10:52","guid":{"rendered":"https:\/\/territorialchallenges.com\/?p=120949"},"modified":"2023-08-10T10:10:52","modified_gmt":"2023-08-10T08:10:52","slug":"pour-un-avenir-lumineux-jeunes-et-energies-renouvelables","status":"publish","type":"post","link":"https:\/\/territorialchallenges.com\/en\/2023\/08\/10\/pour-un-avenir-lumineux-jeunes-et-energies-renouvelables\/120949\/","title":{"rendered":"For a Bright Future \u2013 Youth and Renewable Energies"},"content":{"rendered":"<p>The French government has set ambitious targets for the development of solar photovoltaic: 48.1 GW of PV capacity by 2030 and 140 GW by 2050. However, it is imperative that concrete measures are taken to support young people who aspire to enter the field of renewable energy, particularly in\u2026 <\/p>\n<div class=\"pmpro_content_message\">Article only viewable by subscribers.<br \/><a href=\"https:\/\/territorialchallenges.com\/wp-login.php\">Connection<\/a><br \/><a href=\"https:\/\/territorialchallenges.com\/en\/wp-login.php\/?action=register\">Register<\/a><\/div>","protected":false},"excerpt":{"rendered":"<p>Le gouvernement fran\u00e7ais a pos\u00e9 des objectifs ambitieux pour le d\u00e9veloppement du solaire photovolta\u00efque : 48,1 GW de capacit\u00e9 PV d&rsquo;ici 2030 et 140 GW d&rsquo;ici 2050. Cependant, il est imp\u00e9ratif que des mesures concr\u00e8tes soient prises pour soutenir les jeunes qui aspirent \u00e0 se lancer dans le domaine des \u00e9nergies renouvelables, en particulier dans... <\/p>\n<div class=\"pmpro_content_message\">Article only viewable by subscribers.<br \/><a href=\"https:\/\/territorialchallenges.com\/wp-login.php\">Connection<\/a><br \/><a href=\"https:\/\/territorialchallenges.com\/en\/wp-login.php\/?action=register\">Register<\/a><\/div>","protected":false},"author":11,"featured_media":120950,"comment_status":"open","ping_status":"open","sticky":true,"template":"","format":"standard","meta":{"pmpro_default_level":0,"footnotes":""},"categories":[130,117],"tags":[],"blocksy_meta":"","yoast_head":"<!-- This site is optimized with the Yoast SEO plugin v21.5 - https:\/\/yoast.com\/wordpress\/plugins\/seo\/ -->\n<title>Pour un Avenir Lumineux - Jeunes et \u00c9nergies Renouvelables - Territorial Challenges<\/title>\n<meta name=\"robots\" content=\"index, follow, max-snippet:-1, max-image-preview:large, max-video-preview:-1\" \/>\n<link rel=\"canonical\" href=\"https:\/\/territorialchallenges.com\/en\/2023\/08\/10\/pour-un-avenir-lumineux-jeunes-et-energies-renouvelables\/120949\/\" \/>\n<meta property=\"og:locale\" content=\"en_US\" \/>\n<meta property=\"og:type\" content=\"article\" \/>\n<meta property=\"og:title\" content=\"Pour un Avenir Lumineux - Jeunes et \u00c9nergies Renouvelables - Territorial Challenges\" \/>\n<meta property=\"og:description\" content=\"Le gouvernement fran\u00e7ais a pos\u00e9 des objectifs ambitieux pour le d\u00e9veloppement du solaire photovolta\u00efque : 48,1 GW de capacit\u00e9 PV d&rsquo;ici 2030 et 140 GW d&rsquo;ici 2050. Cependant, il est imp\u00e9ratif que des mesures concr\u00e8tes soient prises pour soutenir les jeunes qui aspirent \u00e0 se lancer dans le domaine des \u00e9nergies renouvelables, en particulier dans [&hellip;]\" \/>\n<meta property=\"og:url\" content=\"https:\/\/territorialchallenges.com\/en\/2023\/08\/10\/pour-un-avenir-lumineux-jeunes-et-energies-renouvelables\/120949\/\" \/>\n<meta property=\"og:site_name\" content=\"Territorial Challenges\" \/>\n<meta property=\"article:published_time\" content=\"2023-08-10T08:10:52+00:00\" \/>\n<meta property=\"og:image\" content=\"https:\/\/territorialchallenges.com\/wp-content\/uploads\/2023\/08\/photovoltaique.jpg\" \/>\n\t<meta property=\"og:image:width\" content=\"1280\" \/>\n\t<meta property=\"og:image:height\" content=\"576\" \/>\n\t<meta property=\"og:image:type\" content=\"image\/jpeg\" \/>\n<meta name=\"author\" content=\"ni.abdi\" \/>\n<meta name=\"twitter:card\" content=\"summary_large_image\" \/>\n<meta name=\"twitter:creator\" content=\"@Ni.abdi\" \/>\n<meta name=\"twitter:label1\" content=\"Written by\" \/>\n\t<meta name=\"twitter:data1\" content=\"ni.abdi\" \/>\n\t<meta name=\"twitter:label2\" content=\"Est. reading time\" \/>\n\t<meta name=\"twitter:data2\" content=\"3 minutes\" \/>\n<script type=\"application\/ld+json\" class=\"yoast-schema-graph\">{\"@context\":\"https:\/\/schema.org\",\"@graph\":[{\"@type\":\"Article\",\"@id\":\"https:\/\/territorialchallenges.com\/2023\/08\/10\/pour-un-avenir-lumineux-jeunes-et-energies-renouvelables\/120949\/#article\",\"isPartOf\":{\"@id\":\"https:\/\/territorialchallenges.com\/2023\/08\/10\/pour-un-avenir-lumineux-jeunes-et-energies-renouvelables\/120949\/\"},\"author\":{\"name\":\"ni.abdi\",\"@id\":\"https:\/\/territorialchallenges.com\/#\/schema\/person\/098f145c7c61a021c425e010f840080f\"},\"headline\":\"Pour un Avenir Lumineux &#8211; Jeunes et \u00c9nergies Renouvelables\",\"datePublished\":\"2023-08-10T08:10:52+00:00\",\"dateModified\":\"2023-08-10T08:10:52+00:00\",\"mainEntityOfPage\":{\"@id\":\"https:\/\/territorialchallenges.com\/2023\/08\/10\/pour-un-avenir-lumineux-jeunes-et-energies-renouvelables\/120949\/\"},\"wordCount\":603,\"commentCount\":0,\"publisher\":{\"@id\":\"https:\/\/territorialchallenges.com\/#organization\"},\"articleSection\":[\"R\u00e9flexion faite\",\"\u00c9cosyst\u00e8me\"],\"inLanguage\":\"en-US\"},{\"@type\":\"WebPage\",\"@id\":\"https:\/\/territorialchallenges.com\/2023\/08\/10\/pour-un-avenir-lumineux-jeunes-et-energies-renouvelables\/120949\/\",\"url\":\"https:\/\/territorialchallenges.com\/2023\/08\/10\/pour-un-avenir-lumineux-jeunes-et-energies-renouvelables\/120949\/\",\"name\":\"Pour un Avenir Lumineux - Jeunes et \u00c9nergies Renouvelables - Territorial Challenges\",\"isPartOf\":{\"@id\":\"https:\/\/territorialchallenges.com\/#website\"},\"datePublished\":\"2023-08-10T08:10:52+00:00\",\"dateModified\":\"2023-08-10T08:10:52+00:00\",\"breadcrumb\":{\"@id\":\"https:\/\/territorialchallenges.com\/2023\/08\/10\/pour-un-avenir-lumineux-jeunes-et-energies-renouvelables\/120949\/#breadcrumb\"},\"inLanguage\":\"en-US\",\"potentialAction\":[{\"@type\":\"ReadAction\",\"target\":[\"https:\/\/territorialchallenges.com\/2023\/08\/10\/pour-un-avenir-lumineux-jeunes-et-energies-renouvelables\/120949\/\"]}]},{\"@type\":\"BreadcrumbList\",\"@id\":\"https:\/\/territorialchallenges.com\/2023\/08\/10\/pour-un-avenir-lumineux-jeunes-et-energies-renouvelables\/120949\/#breadcrumb\",\"itemListElement\":[{\"@type\":\"ListItem\",\"position\":1,\"name\":\"Home\",\"item\":\"https:\/\/territorialchallenges.com\/\"},{\"@type\":\"ListItem\",\"position\":2,\"name\":\"Pour un Avenir Lumineux &#8211; Jeunes et \u00c9nergies Renouvelables\"}]},{\"@type\":\"WebSite\",\"@id\":\"https:\/\/territorialchallenges.com\/#website\",\"url\":\"https:\/\/territorialchallenges.com\/\",\"name\":\"Territorial Challenges\",\"description\":\"Veille Internationale - Strat\u00e9gie Intelligentes - Bonnes pratiques\",\"publisher\":{\"@id\":\"https:\/\/territorialchallenges.com\/#organization\"},\"potentialAction\":[{\"@type\":\"SearchAction\",\"target\":{\"@type\":\"EntryPoint\",\"urlTemplate\":\"https:\/\/territorialchallenges.com\/?s={search_term_string}\"},\"query-input\":\"required name=search_term_string\"}],\"inLanguage\":\"en-US\"},{\"@type\":\"Organization\",\"@id\":\"https:\/\/territorialchallenges.com\/#organization\",\"name\":\"Territorial Challenges\",\"url\":\"https:\/\/territorialchallenges.com\/\",\"logo\":{\"@type\":\"ImageObject\",\"inLanguage\":\"en-US\",\"@id\":\"https:\/\/territorialchallenges.com\/#\/schema\/logo\/image\/\",\"url\":\"https:\/\/territorialchallenges.com\/wp-content\/uploads\/2023\/10\/logo-1.png\",\"contentUrl\":\"https:\/\/territorialchallenges.com\/wp-content\/uploads\/2023\/10\/logo-1.png\",\"width\":1832,\"height\":576,\"caption\":\"Territorial Challenges\"},\"image\":{\"@id\":\"https:\/\/territorialchallenges.com\/#\/schema\/logo\/image\/\"}},{\"@type\":\"Person\",\"@id\":\"https:\/\/territorialchallenges.com\/#\/schema\/person\/098f145c7c61a021c425e010f840080f\",\"name\":\"ni.abdi\",\"image\":{\"@type\":\"ImageObject\",\"inLanguage\":\"en-US\",\"@id\":\"https:\/\/territorialchallenges.com\/#\/schema\/person\/image\/\",\"url\":\"https:\/\/secure.gravatar.com\/avatar\/2a2f2491f3c80039986ba989b1e4b510?s=96&d=identicon&r=g\",\"contentUrl\":\"https:\/\/secure.gravatar.com\/avatar\/2a2f2491f3c80039986ba989b1e4b510?s=96&d=identicon&r=g\",\"caption\":\"ni.abdi\"},\"sameAs\":[\"https:\/\/twitter.com\/Ni.abdi\"],\"url\":\"https:\/\/territorialchallenges.com\/en\/author\/ni-abdi\/\"}]}<\/script>\n<!-- \/ Yoast SEO plugin. -->","yoast_head_json":{"title":"Pour un Avenir Lumineux - Jeunes et \u00c9nergies Renouvelables - Territorial Challenges","robots":{"index":"index","follow":"follow","max-snippet":"max-snippet:-1","max-image-preview":"max-image-preview:large","max-video-preview":"max-video-preview:-1"},"canonical":"https:\/\/territorialchallenges.com\/en\/2023\/08\/10\/pour-un-avenir-lumineux-jeunes-et-energies-renouvelables\/120949\/","og_locale":"en_US","og_type":"article","og_title":"Pour un Avenir Lumineux - Jeunes et \u00c9nergies Renouvelables - Territorial Challenges","og_description":"Le gouvernement fran\u00e7ais a pos\u00e9 des objectifs ambitieux pour le d\u00e9veloppement du solaire photovolta\u00efque : 48,1 GW de capacit\u00e9 PV d&rsquo;ici 2030 et 140 GW d&rsquo;ici 2050. Cependant, il est imp\u00e9ratif que des mesures concr\u00e8tes soient prises pour soutenir les jeunes qui aspirent \u00e0 se lancer dans le domaine des \u00e9nergies renouvelables, en particulier dans [&hellip;]","og_url":"https:\/\/territorialchallenges.com\/en\/2023\/08\/10\/pour-un-avenir-lumineux-jeunes-et-energies-renouvelables\/120949\/","og_site_name":"Territorial Challenges","article_published_time":"2023-08-10T08:10:52+00:00","og_image":[{"width":1280,"height":576,"url":"https:\/\/territorialchallenges.com\/wp-content\/uploads\/2023\/08\/photovoltaique.jpg","type":"image\/jpeg"}],"author":"ni.abdi","twitter_card":"summary_large_image","twitter_creator":"@Ni.abdi","twitter_misc":{"Written by":"ni.abdi","Est. reading time":"3 minutes"},"schema":{"@context":"https:\/\/schema.org","@graph":[{"@type":"Article","@id":"https:\/\/territorialchallenges.com\/2023\/08\/10\/pour-un-avenir-lumineux-jeunes-et-energies-renouvelables\/120949\/#article","isPartOf":{"@id":"https:\/\/territorialchallenges.com\/2023\/08\/10\/pour-un-avenir-lumineux-jeunes-et-energies-renouvelables\/120949\/"},"author":{"name":"ni.abdi","@id":"https:\/\/territorialchallenges.com\/#\/schema\/person\/098f145c7c61a021c425e010f840080f"},"headline":"Pour un Avenir Lumineux &#8211; Jeunes et \u00c9nergies Renouvelables","datePublished":"2023-08-10T08:10:52+00:00","dateModified":"2023-08-10T08:10:52+00:00","mainEntityOfPage":{"@id":"https:\/\/territorialchallenges.com\/2023\/08\/10\/pour-un-avenir-lumineux-jeunes-et-energies-renouvelables\/120949\/"},"wordCount":603,"commentCount":0,"publisher":{"@id":"https:\/\/territorialchallenges.com\/#organization"},"articleSection":["R\u00e9flexion faite","\u00c9cosyst\u00e8me"],"inLanguage":"en-US"},{"@type":"WebPage","@id":"https:\/\/territorialchallenges.com\/2023\/08\/10\/pour-un-avenir-lumineux-jeunes-et-energies-renouvelables\/120949\/","url":"https:\/\/territorialchallenges.com\/2023\/08\/10\/pour-un-avenir-lumineux-jeunes-et-energies-renouvelables\/120949\/","name":"Pour un Avenir Lumineux - Jeunes et \u00c9nergies Renouvelables - Territorial Challenges","isPartOf":{"@id":"https:\/\/territorialchallenges.com\/#website"},"datePublished":"2023-08-10T08:10:52+00:00","dateModified":"2023-08-10T08:10:52+00:00","breadcrumb":{"@id":"https:\/\/territorialchallenges.com\/2023\/08\/10\/pour-un-avenir-lumineux-jeunes-et-energies-renouvelables\/120949\/#breadcrumb"},"inLanguage":"en-US","potentialAction":[{"@type":"ReadAction","target":["https:\/\/territorialchallenges.com\/2023\/08\/10\/pour-un-avenir-lumineux-jeunes-et-energies-renouvelables\/120949\/"]}]},{"@type":"BreadcrumbList","@id":"https:\/\/territorialchallenges.com\/2023\/08\/10\/pour-un-avenir-lumineux-jeunes-et-energies-renouvelables\/120949\/#breadcrumb","itemListElement":[{"@type":"ListItem","position":1,"name":"Home","item":"https:\/\/territorialchallenges.com\/"},{"@type":"ListItem","position":2,"name":"Pour un Avenir Lumineux &#8211; Jeunes et \u00c9nergies Renouvelables"}]},{"@type":"WebSite","@id":"https:\/\/territorialchallenges.com\/#website","url":"https:\/\/territorialchallenges.com\/","name":"Territorial Challenges","description":"Veille Internationale - Intelligent strategies - Best practices","publisher":{"@id":"https:\/\/territorialchallenges.com\/#organization"},"potentialAction":[{"@type":"SearchAction","target":{"@type":"EntryPoint","urlTemplate":"https:\/\/territorialchallenges.com\/?s={search_term_string}"},"query-input":"required name=search_term_string"}],"inLanguage":"en-US"},{"@type":"Organization","@id":"https:\/\/territorialchallenges.com\/#organization","name":"Territorial Challenges","url":"https:\/\/territorialchallenges.com\/","logo":{"@type":"ImageObject","inLanguage":"en-US","@id":"https:\/\/territorialchallenges.com\/#\/schema\/logo\/image\/","url":"https:\/\/territorialchallenges.com\/wp-content\/uploads\/2023\/10\/logo-1.png","contentUrl":"https:\/\/territorialchallenges.com\/wp-content\/uploads\/2023\/10\/logo-1.png","width":1832,"height":576,"caption":"Territorial Challenges"},"image":{"@id":"https:\/\/territorialchallenges.com\/#\/schema\/logo\/image\/"}},{"@type":"Person","@id":"https:\/\/territorialchallenges.com\/#\/schema\/person\/098f145c7c61a021c425e010f840080f","name":"ni.abdi","image":{"@type":"ImageObject","inLanguage":"en-US","@id":"https:\/\/territorialchallenges.com\/#\/schema\/person\/image\/","url":"https:\/\/secure.gravatar.com\/avatar\/2a2f2491f3c80039986ba989b1e4b510?s=96&d=identicon&r=g","contentUrl":"https:\/\/secure.gravatar.com\/avatar\/2a2f2491f3c80039986ba989b1e4b510?s=96&d=identicon&r=g","caption":"ni.abdi"},"sameAs":["https:\/\/twitter.com\/Ni.abdi"],"url":"https:\/\/territorialchallenges.com\/en\/author\/ni-abdi\/"}]}},"_links":{"self":[{"href":"https:\/\/territorialchallenges.com\/en\/wp-json\/wp\/v2\/posts\/120949"}],"collection":[{"href":"https:\/\/territorialchallenges.com\/en\/wp-json\/wp\/v2\/posts"}],"about":[{"href":"https:\/\/territorialchallenges.com\/en\/wp-json\/wp\/v2\/types\/post"}],"author":[{"embeddable":true,"href":"https:\/\/territorialchallenges.com\/en\/wp-json\/wp\/v2\/users\/11"}],"replies":[{"embeddable":true,"href":"https:\/\/territorialchallenges.com\/en\/wp-json\/wp\/v2\/comments?post=120949"}],"version-history":[{"count":1,"href":"https:\/\/territorialchallenges.com\/en\/wp-json\/wp\/v2\/posts\/120949\/revisions"}],"predecessor-version":[{"id":120954,"href":"https:\/\/territorialchallenges.com\/en\/wp-json\/wp\/v2\/posts\/120949\/revisions\/120954"}],"wp:featuredmedia":[{"embeddable":true,"href":"https:\/\/territorialchallenges.com\/en\/wp-json\/wp\/v2\/media\/120950"}],"wp:attachment":[{"href":"https:\/\/territorialchallenges.com\/en\/wp-json\/wp\/v2\/media?parent=120949"}],"wp:term":[{"taxonomy":"category","embeddable":true,"href":"https:\/\/territorialchallenges.com\/en\/wp-json\/wp\/v2\/categories?post=120949"},{"taxonomy":"post_tag","embeddable":true,"href":"https:\/\/territorialchallenges.com\/en\/wp-json\/wp\/v2\/tags?post=120949"}],"curies":[{"name":"wp","href":"https:\/\/api.w.org\/{rel}","templated":true}]}}