{"id":120853,"date":"2023-07-31T22:32:47","date_gmt":"2023-07-31T20:32:47","guid":{"rendered":"https:\/\/territorialchallenges.com\/?p=120853"},"modified":"2023-07-31T22:33:11","modified_gmt":"2023-07-31T20:33:11","slug":"michael-gratzel-le-visionnaire-des-cellules-solaires-a-pigment-photosensible","status":"publish","type":"post","link":"https:\/\/territorialchallenges.com\/en\/2023\/07\/31\/michael-gratzel-le-visionnaire-des-cellules-solaires-a-pigment-photosensible\/120853\/","title":{"rendered":"Michael Gr\u00e4tzel: The Visionary of Photosensitive Pigment Solar Cells"},"content":{"rendered":"<p>Born on May 11, 1944, in Dorfchemnitz, Germany, Michael Gr\u00e4tzel is a Swiss chemist of German descent whose contributions to the field of renewable energy have opened new perspectives in the conversion of solar energy into electrical energy. The installation in recent weeks in Aquitaine of the industrial project Solar Transparencies, a new technological subsidiary\u2026 <\/p>\n<div class=\"pmpro_content_message\">Article only viewable by subscribers.<br \/><a href=\"https:\/\/territorialchallenges.com\/wp-login.php\">Connection<\/a><br \/><a href=\"https:\/\/territorialchallenges.com\/en\/wp-login.php\/?action=register\">Register<\/a><\/div>","protected":false},"excerpt":{"rendered":"<p>N\u00e9 le 11 mai 1944 \u00e0 Dorfchemnitz en Allemagne, Michael Gr\u00e4tzel est un chimiste suisse d&rsquo;origine allemande dont les contributions dans le domaine des \u00e9nergies renouvelables ont ouvert de nouvelles perspectives dans la conversion de l&rsquo;\u00e9nergie solaire en \u00e9nergie \u00e9lectrique. L&rsquo;installation ces derni\u00e8res semaines en Aquitaine du projet industriel Solar Transparencies, une nouvelle filiale technologique... <\/p>\n<div class=\"pmpro_content_message\">Article only viewable by subscribers.<br \/><a href=\"https:\/\/territorialchallenges.com\/wp-login.php\">Connection<\/a><br \/><a href=\"https:\/\/territorialchallenges.com\/en\/wp-login.php\/?action=register\">Register<\/a><\/div>","protected":false},"author":11,"featured_media":120854,"comment_status":"open","ping_status":"open","sticky":true,"template":"","format":"standard","meta":{"pmpro_default_level":0,"footnotes":""},"categories":[126,117],"tags":[],"blocksy_meta":"","yoast_head":"<!-- This site is optimized with the Yoast SEO plugin v21.5 - https:\/\/yoast.com\/wordpress\/plugins\/seo\/ -->\n<title>Michael Gr\u00e4tzel : Le Visionnaire des Cellules Solaires \u00e0 Pigment Photosensible - Territorial Challenges<\/title>\n<meta name=\"robots\" content=\"index, follow, max-snippet:-1, max-image-preview:large, max-video-preview:-1\" \/>\n<link rel=\"canonical\" href=\"https:\/\/territorialchallenges.com\/en\/2023\/07\/31\/michael-gratzel-le-visionnaire-des-cellules-solaires-a-pigment-photosensible\/120853\/\" \/>\n<meta property=\"og:locale\" content=\"en_US\" \/>\n<meta property=\"og:type\" content=\"article\" \/>\n<meta property=\"og:title\" content=\"Michael Gr\u00e4tzel : Le Visionnaire des Cellules Solaires \u00e0 Pigment Photosensible - Territorial Challenges\" \/>\n<meta property=\"og:description\" content=\"N\u00e9 le 11 mai 1944 \u00e0 Dorfchemnitz en Allemagne, Michael Gr\u00e4tzel est un chimiste suisse d&rsquo;origine allemande dont les contributions dans le domaine des \u00e9nergies renouvelables ont ouvert de nouvelles perspectives dans la conversion de l&rsquo;\u00e9nergie solaire en \u00e9nergie \u00e9lectrique. L&rsquo;installation ces derni\u00e8res semaines en Aquitaine du projet industriel Solar Transparencies, une nouvelle filiale technologique [&hellip;]\" \/>\n<meta property=\"og:url\" content=\"https:\/\/territorialchallenges.com\/en\/2023\/07\/31\/michael-gratzel-le-visionnaire-des-cellules-solaires-a-pigment-photosensible\/120853\/\" \/>\n<meta property=\"og:site_name\" content=\"Territorial Challenges\" \/>\n<meta property=\"article:published_time\" content=\"2023-07-31T20:32:47+00:00\" \/>\n<meta property=\"article:modified_time\" content=\"2023-07-31T20:33:11+00:00\" \/>\n<meta property=\"og:image\" content=\"https:\/\/territorialchallenges.com\/wp-content\/uploads\/2023\/07\/Michael_GratzelOnparledeux.jpg\" \/>\n\t<meta property=\"og:image:width\" content=\"330\" \/>\n\t<meta property=\"og:image:height\" content=\"189\" \/>\n\t<meta property=\"og:image:type\" content=\"image\/jpeg\" \/>\n<meta name=\"author\" content=\"ni.abdi\" \/>\n<meta name=\"twitter:card\" content=\"summary_large_image\" \/>\n<meta name=\"twitter:creator\" content=\"@Ni.abdi\" \/>\n<meta name=\"twitter:label1\" content=\"Written by\" \/>\n\t<meta name=\"twitter:data1\" content=\"ni.abdi\" \/>\n\t<meta name=\"twitter:label2\" content=\"Est. reading time\" \/>\n\t<meta name=\"twitter:data2\" content=\"3 minutes\" \/>\n<script type=\"application\/ld+json\" class=\"yoast-schema-graph\">{\"@context\":\"https:\/\/schema.org\",\"@graph\":[{\"@type\":\"Article\",\"@id\":\"https:\/\/territorialchallenges.com\/2023\/07\/31\/michael-gratzel-le-visionnaire-des-cellules-solaires-a-pigment-photosensible\/120853\/#article\",\"isPartOf\":{\"@id\":\"https:\/\/territorialchallenges.com\/2023\/07\/31\/michael-gratzel-le-visionnaire-des-cellules-solaires-a-pigment-photosensible\/120853\/\"},\"author\":{\"name\":\"ni.abdi\",\"@id\":\"https:\/\/territorialchallenges.com\/#\/schema\/person\/098f145c7c61a021c425e010f840080f\"},\"headline\":\"Michael Gr\u00e4tzel : Le Visionnaire des Cellules Solaires \u00e0 Pigment Photosensible\",\"datePublished\":\"2023-07-31T20:32:47+00:00\",\"dateModified\":\"2023-07-31T20:33:11+00:00\",\"mainEntityOfPage\":{\"@id\":\"https:\/\/territorialchallenges.com\/2023\/07\/31\/michael-gratzel-le-visionnaire-des-cellules-solaires-a-pigment-photosensible\/120853\/\"},\"wordCount\":574,\"commentCount\":0,\"publisher\":{\"@id\":\"https:\/\/territorialchallenges.com\/#organization\"},\"articleSection\":[\"On parle d'eux\",\"\u00c9cosyst\u00e8me\"],\"inLanguage\":\"en-US\"},{\"@type\":\"WebPage\",\"@id\":\"https:\/\/territorialchallenges.com\/2023\/07\/31\/michael-gratzel-le-visionnaire-des-cellules-solaires-a-pigment-photosensible\/120853\/\",\"url\":\"https:\/\/territorialchallenges.com\/2023\/07\/31\/michael-gratzel-le-visionnaire-des-cellules-solaires-a-pigment-photosensible\/120853\/\",\"name\":\"Michael Gr\u00e4tzel : Le Visionnaire des Cellules Solaires \u00e0 Pigment Photosensible - Territorial Challenges\",\"isPartOf\":{\"@id\":\"https:\/\/territorialchallenges.com\/#website\"},\"datePublished\":\"2023-07-31T20:32:47+00:00\",\"dateModified\":\"2023-07-31T20:33:11+00:00\",\"breadcrumb\":{\"@id\":\"https:\/\/territorialchallenges.com\/2023\/07\/31\/michael-gratzel-le-visionnaire-des-cellules-solaires-a-pigment-photosensible\/120853\/#breadcrumb\"},\"inLanguage\":\"en-US\",\"potentialAction\":[{\"@type\":\"ReadAction\",\"target\":[\"https:\/\/territorialchallenges.com\/2023\/07\/31\/michael-gratzel-le-visionnaire-des-cellules-solaires-a-pigment-photosensible\/120853\/\"]}]},{\"@type\":\"BreadcrumbList\",\"@id\":\"https:\/\/territorialchallenges.com\/2023\/07\/31\/michael-gratzel-le-visionnaire-des-cellules-solaires-a-pigment-photosensible\/120853\/#breadcrumb\",\"itemListElement\":[{\"@type\":\"ListItem\",\"position\":1,\"name\":\"Home\",\"item\":\"https:\/\/territorialchallenges.com\/\"},{\"@type\":\"ListItem\",\"position\":2,\"name\":\"Michael Gr\u00e4tzel : Le Visionnaire des Cellules Solaires \u00e0 Pigment Photosensible\"}]},{\"@type\":\"WebSite\",\"@id\":\"https:\/\/territorialchallenges.com\/#website\",\"url\":\"https:\/\/territorialchallenges.com\/\",\"name\":\"Territorial Challenges\",\"description\":\"Veille Internationale - Strat\u00e9gie Intelligentes - Bonnes pratiques\",\"publisher\":{\"@id\":\"https:\/\/territorialchallenges.com\/#organization\"},\"potentialAction\":[{\"@type\":\"SearchAction\",\"target\":{\"@type\":\"EntryPoint\",\"urlTemplate\":\"https:\/\/territorialchallenges.com\/?s={search_term_string}\"},\"query-input\":\"required name=search_term_string\"}],\"inLanguage\":\"en-US\"},{\"@type\":\"Organization\",\"@id\":\"https:\/\/territorialchallenges.com\/#organization\",\"name\":\"Territorial Challenges\",\"url\":\"https:\/\/territorialchallenges.com\/\",\"logo\":{\"@type\":\"ImageObject\",\"inLanguage\":\"en-US\",\"@id\":\"https:\/\/territorialchallenges.com\/#\/schema\/logo\/image\/\",\"url\":\"https:\/\/territorialchallenges.com\/wp-content\/uploads\/2023\/10\/logo-1.png\",\"contentUrl\":\"https:\/\/territorialchallenges.com\/wp-content\/uploads\/2023\/10\/logo-1.png\",\"width\":1832,\"height\":576,\"caption\":\"Territorial Challenges\"},\"image\":{\"@id\":\"https:\/\/territorialchallenges.com\/#\/schema\/logo\/image\/\"}},{\"@type\":\"Person\",\"@id\":\"https:\/\/territorialchallenges.com\/#\/schema\/person\/098f145c7c61a021c425e010f840080f\",\"name\":\"ni.abdi\",\"image\":{\"@type\":\"ImageObject\",\"inLanguage\":\"en-US\",\"@id\":\"https:\/\/territorialchallenges.com\/#\/schema\/person\/image\/\",\"url\":\"https:\/\/secure.gravatar.com\/avatar\/2a2f2491f3c80039986ba989b1e4b510?s=96&d=identicon&r=g\",\"contentUrl\":\"https:\/\/secure.gravatar.com\/avatar\/2a2f2491f3c80039986ba989b1e4b510?s=96&d=identicon&r=g\",\"caption\":\"ni.abdi\"},\"sameAs\":[\"https:\/\/twitter.com\/Ni.abdi\"],\"url\":\"https:\/\/territorialchallenges.com\/en\/author\/ni-abdi\/\"}]}<\/script>\n<!-- \/ Yoast SEO plugin. -->","yoast_head_json":{"title":"Michael Gr\u00e4tzel : Le Visionnaire des Cellules Solaires \u00e0 Pigment Photosensible - Territorial Challenges","robots":{"index":"index","follow":"follow","max-snippet":"max-snippet:-1","max-image-preview":"max-image-preview:large","max-video-preview":"max-video-preview:-1"},"canonical":"https:\/\/territorialchallenges.com\/en\/2023\/07\/31\/michael-gratzel-le-visionnaire-des-cellules-solaires-a-pigment-photosensible\/120853\/","og_locale":"en_US","og_type":"article","og_title":"Michael Gr\u00e4tzel : Le Visionnaire des Cellules Solaires \u00e0 Pigment Photosensible - Territorial Challenges","og_description":"N\u00e9 le 11 mai 1944 \u00e0 Dorfchemnitz en Allemagne, Michael Gr\u00e4tzel est un chimiste suisse d&rsquo;origine allemande dont les contributions dans le domaine des \u00e9nergies renouvelables ont ouvert de nouvelles perspectives dans la conversion de l&rsquo;\u00e9nergie solaire en \u00e9nergie \u00e9lectrique. L&rsquo;installation ces derni\u00e8res semaines en Aquitaine du projet industriel Solar Transparencies, une nouvelle filiale technologique [&hellip;]","og_url":"https:\/\/territorialchallenges.com\/en\/2023\/07\/31\/michael-gratzel-le-visionnaire-des-cellules-solaires-a-pigment-photosensible\/120853\/","og_site_name":"Territorial Challenges","article_published_time":"2023-07-31T20:32:47+00:00","article_modified_time":"2023-07-31T20:33:11+00:00","og_image":[{"width":330,"height":189,"url":"https:\/\/territorialchallenges.com\/wp-content\/uploads\/2023\/07\/Michael_GratzelOnparledeux.jpg","type":"image\/jpeg"}],"author":"ni.abdi","twitter_card":"summary_large_image","twitter_creator":"@Ni.abdi","twitter_misc":{"Written by":"ni.abdi","Est. reading time":"3 minutes"},"schema":{"@context":"https:\/\/schema.org","@graph":[{"@type":"Article","@id":"https:\/\/territorialchallenges.com\/2023\/07\/31\/michael-gratzel-le-visionnaire-des-cellules-solaires-a-pigment-photosensible\/120853\/#article","isPartOf":{"@id":"https:\/\/territorialchallenges.com\/2023\/07\/31\/michael-gratzel-le-visionnaire-des-cellules-solaires-a-pigment-photosensible\/120853\/"},"author":{"name":"ni.abdi","@id":"https:\/\/territorialchallenges.com\/#\/schema\/person\/098f145c7c61a021c425e010f840080f"},"headline":"Michael Gr\u00e4tzel : Le Visionnaire des Cellules Solaires \u00e0 Pigment Photosensible","datePublished":"2023-07-31T20:32:47+00:00","dateModified":"2023-07-31T20:33:11+00:00","mainEntityOfPage":{"@id":"https:\/\/territorialchallenges.com\/2023\/07\/31\/michael-gratzel-le-visionnaire-des-cellules-solaires-a-pigment-photosensible\/120853\/"},"wordCount":574,"commentCount":0,"publisher":{"@id":"https:\/\/territorialchallenges.com\/#organization"},"articleSection":["On parle d'eux","\u00c9cosyst\u00e8me"],"inLanguage":"en-US"},{"@type":"WebPage","@id":"https:\/\/territorialchallenges.com\/2023\/07\/31\/michael-gratzel-le-visionnaire-des-cellules-solaires-a-pigment-photosensible\/120853\/","url":"https:\/\/territorialchallenges.com\/2023\/07\/31\/michael-gratzel-le-visionnaire-des-cellules-solaires-a-pigment-photosensible\/120853\/","name":"Michael Gr\u00e4tzel : Le Visionnaire des Cellules Solaires \u00e0 Pigment Photosensible - Territorial Challenges","isPartOf":{"@id":"https:\/\/territorialchallenges.com\/#website"},"datePublished":"2023-07-31T20:32:47+00:00","dateModified":"2023-07-31T20:33:11+00:00","breadcrumb":{"@id":"https:\/\/territorialchallenges.com\/2023\/07\/31\/michael-gratzel-le-visionnaire-des-cellules-solaires-a-pigment-photosensible\/120853\/#breadcrumb"},"inLanguage":"en-US","potentialAction":[{"@type":"ReadAction","target":["https:\/\/territorialchallenges.com\/2023\/07\/31\/michael-gratzel-le-visionnaire-des-cellules-solaires-a-pigment-photosensible\/120853\/"]}]},{"@type":"BreadcrumbList","@id":"https:\/\/territorialchallenges.com\/2023\/07\/31\/michael-gratzel-le-visionnaire-des-cellules-solaires-a-pigment-photosensible\/120853\/#breadcrumb","itemListElement":[{"@type":"ListItem","position":1,"name":"Home","item":"https:\/\/territorialchallenges.com\/"},{"@type":"ListItem","position":2,"name":"Michael Gr\u00e4tzel : Le Visionnaire des Cellules Solaires \u00e0 Pigment Photosensible"}]},{"@type":"WebSite","@id":"https:\/\/territorialchallenges.com\/#website","url":"https:\/\/territorialchallenges.com\/","name":"Territorial Challenges","description":"Veille Internationale - Intelligent strategies - Best practices","publisher":{"@id":"https:\/\/territorialchallenges.com\/#organization"},"potentialAction":[{"@type":"SearchAction","target":{"@type":"EntryPoint","urlTemplate":"https:\/\/territorialchallenges.com\/?s={search_term_string}"},"query-input":"required name=search_term_string"}],"inLanguage":"en-US"},{"@type":"Organization","@id":"https:\/\/territorialchallenges.com\/#organization","name":"Territorial Challenges","url":"https:\/\/territorialchallenges.com\/","logo":{"@type":"ImageObject","inLanguage":"en-US","@id":"https:\/\/territorialchallenges.com\/#\/schema\/logo\/image\/","url":"https:\/\/territorialchallenges.com\/wp-content\/uploads\/2023\/10\/logo-1.png","contentUrl":"https:\/\/territorialchallenges.com\/wp-content\/uploads\/2023\/10\/logo-1.png","width":1832,"height":576,"caption":"Territorial Challenges"},"image":{"@id":"https:\/\/territorialchallenges.com\/#\/schema\/logo\/image\/"}},{"@type":"Person","@id":"https:\/\/territorialchallenges.com\/#\/schema\/person\/098f145c7c61a021c425e010f840080f","name":"ni.abdi","image":{"@type":"ImageObject","inLanguage":"en-US","@id":"https:\/\/territorialchallenges.com\/#\/schema\/person\/image\/","url":"https:\/\/secure.gravatar.com\/avatar\/2a2f2491f3c80039986ba989b1e4b510?s=96&d=identicon&r=g","contentUrl":"https:\/\/secure.gravatar.com\/avatar\/2a2f2491f3c80039986ba989b1e4b510?s=96&d=identicon&r=g","caption":"ni.abdi"},"sameAs":["https:\/\/twitter.com\/Ni.abdi"],"url":"https:\/\/territorialchallenges.com\/en\/author\/ni-abdi\/"}]}},"_links":{"self":[{"href":"https:\/\/territorialchallenges.com\/en\/wp-json\/wp\/v2\/posts\/120853"}],"collection":[{"href":"https:\/\/territorialchallenges.com\/en\/wp-json\/wp\/v2\/posts"}],"about":[{"href":"https:\/\/territorialchallenges.com\/en\/wp-json\/wp\/v2\/types\/post"}],"author":[{"embeddable":true,"href":"https:\/\/territorialchallenges.com\/en\/wp-json\/wp\/v2\/users\/11"}],"replies":[{"embeddable":true,"href":"https:\/\/territorialchallenges.com\/en\/wp-json\/wp\/v2\/comments?post=120853"}],"version-history":[{"count":2,"href":"https:\/\/territorialchallenges.com\/en\/wp-json\/wp\/v2\/posts\/120853\/revisions"}],"predecessor-version":[{"id":120859,"href":"https:\/\/territorialchallenges.com\/en\/wp-json\/wp\/v2\/posts\/120853\/revisions\/120859"}],"wp:featuredmedia":[{"embeddable":true,"href":"https:\/\/territorialchallenges.com\/en\/wp-json\/wp\/v2\/media\/120854"}],"wp:attachment":[{"href":"https:\/\/territorialchallenges.com\/en\/wp-json\/wp\/v2\/media?parent=120853"}],"wp:term":[{"taxonomy":"category","embeddable":true,"href":"https:\/\/territorialchallenges.com\/en\/wp-json\/wp\/v2\/categories?post=120853"},{"taxonomy":"post_tag","embeddable":true,"href":"https:\/\/territorialchallenges.com\/en\/wp-json\/wp\/v2\/tags?post=120853"}],"curies":[{"name":"wp","href":"https:\/\/api.w.org\/{rel}","templated":true}]}}