{"id":119683,"date":"2023-04-14T16:26:35","date_gmt":"2023-04-14T14:26:35","guid":{"rendered":"https:\/\/territorialchallenges.com\/?p=119683"},"modified":"2023-04-19T07:38:44","modified_gmt":"2023-04-19T05:38:44","slug":"lindustrie-du-futur-fait-son-evenement-a-barcelone","status":"publish","type":"post","link":"https:\/\/territorialchallenges.com\/en\/2023\/04\/14\/lindustrie-du-futur-fait-son-evenement-a-barcelone\/119683\/","title":{"rendered":"The industry of the future is taking place in Barcelona"},"content":{"rendered":"<p>Advanced Factories is Europe&#039;s premier event for industrial innovation, taking place this coming week (April 18-20), with a program highlighting the key trends in the industry of the future for 2023. All of this will take place in a single city: Barcelona. The pioneering industrial region (Catalonia) has always been at the forefront of\u2026 <\/p>\n<div class=\"pmpro_content_message\">Article only viewable by subscribers.<br \/><a href=\"https:\/\/territorialchallenges.com\/wp-login.php\">Connection<\/a><br \/><a href=\"https:\/\/territorialchallenges.com\/en\/wp-login.php\/?action=register\">Register<\/a><\/div>","protected":false},"excerpt":{"rendered":"<p>Advanced Factories est l\u2019\u00e9v\u00e8nement incontournable de l\u2019innovation industrielle en Europe, et aura lieu cette semaine prochaine (18 au 20 avril), avec un programme o\u00f9 se d\u00e9gageront les tendances fortes de 2023 dans l\u2019industrie du futur. Tout cela se fera dans une ville unique : Barcelone. La r\u00e9gion industrielle pionni\u00e8re (Catalogne) a toujours \u00e9t\u00e9 \u00e0 la... <\/p>\n<div class=\"pmpro_content_message\">Article only viewable by subscribers.<br \/><a href=\"https:\/\/territorialchallenges.com\/wp-login.php\">Connection<\/a><br \/><a href=\"https:\/\/territorialchallenges.com\/en\/wp-login.php\/?action=register\">Register<\/a><\/div>","protected":false},"author":11,"featured_media":119684,"comment_status":"open","ping_status":"open","sticky":true,"template":"","format":"standard","meta":{"pmpro_default_level":0,"footnotes":""},"categories":[17,127],"tags":[],"blocksy_meta":"","yoast_head":"<!-- This site is optimized with the Yoast SEO plugin v21.5 - https:\/\/yoast.com\/wordpress\/plugins\/seo\/ -->\n<title>L\u2019industrie du futur fait son \u00e9v\u00e8nement \u00e0 Barcelone - Territorial Challenges<\/title>\n<meta name=\"robots\" content=\"index, follow, max-snippet:-1, max-image-preview:large, max-video-preview:-1\" \/>\n<link rel=\"canonical\" href=\"https:\/\/territorialchallenges.com\/en\/2023\/04\/14\/lindustrie-du-futur-fait-son-evenement-a-barcelone\/119683\/\" \/>\n<meta property=\"og:locale\" content=\"en_US\" \/>\n<meta property=\"og:type\" content=\"article\" \/>\n<meta property=\"og:title\" content=\"L\u2019industrie du futur fait son \u00e9v\u00e8nement \u00e0 Barcelone - Territorial Challenges\" \/>\n<meta property=\"og:description\" content=\"Advanced Factories est l\u2019\u00e9v\u00e8nement incontournable de l\u2019innovation industrielle en Europe, et aura lieu cette semaine prochaine (18 au 20 avril), avec un programme o\u00f9 se d\u00e9gageront les tendances fortes de 2023 dans l\u2019industrie du futur. Tout cela se fera dans une ville unique : Barcelone. La r\u00e9gion industrielle pionni\u00e8re (Catalogne) a toujours \u00e9t\u00e9 \u00e0 la [&hellip;]\" \/>\n<meta property=\"og:url\" content=\"https:\/\/territorialchallenges.com\/en\/2023\/04\/14\/lindustrie-du-futur-fait-son-evenement-a-barcelone\/119683\/\" \/>\n<meta property=\"og:site_name\" content=\"Territorial Challenges\" \/>\n<meta property=\"article:published_time\" content=\"2023-04-14T14:26:35+00:00\" \/>\n<meta property=\"article:modified_time\" content=\"2023-04-19T05:38:44+00:00\" \/>\n<meta property=\"og:image\" content=\"https:\/\/territorialchallenges.com\/wp-content\/uploads\/2023\/04\/fira1.jpg\" \/>\n\t<meta property=\"og:image:width\" content=\"1333\" \/>\n\t<meta property=\"og:image:height\" content=\"750\" \/>\n\t<meta property=\"og:image:type\" content=\"image\/jpeg\" \/>\n<meta name=\"author\" content=\"ni.abdi\" \/>\n<meta name=\"twitter:card\" content=\"summary_large_image\" \/>\n<meta name=\"twitter:creator\" content=\"@Ni.abdi\" \/>\n<meta name=\"twitter:label1\" content=\"Written by\" \/>\n\t<meta name=\"twitter:data1\" content=\"ni.abdi\" \/>\n\t<meta name=\"twitter:label2\" content=\"Est. reading time\" \/>\n\t<meta name=\"twitter:data2\" content=\"3 minutes\" \/>\n<script type=\"application\/ld+json\" class=\"yoast-schema-graph\">{\"@context\":\"https:\/\/schema.org\",\"@graph\":[{\"@type\":\"Article\",\"@id\":\"https:\/\/territorialchallenges.com\/2023\/04\/14\/lindustrie-du-futur-fait-son-evenement-a-barcelone\/119683\/#article\",\"isPartOf\":{\"@id\":\"https:\/\/territorialchallenges.com\/2023\/04\/14\/lindustrie-du-futur-fait-son-evenement-a-barcelone\/119683\/\"},\"author\":{\"name\":\"ni.abdi\",\"@id\":\"https:\/\/territorialchallenges.com\/#\/schema\/person\/098f145c7c61a021c425e010f840080f\"},\"headline\":\"L\u2019industrie du futur fait son \u00e9v\u00e8nement \u00e0 Barcelone\",\"datePublished\":\"2023-04-14T14:26:35+00:00\",\"dateModified\":\"2023-04-19T05:38:44+00:00\",\"mainEntityOfPage\":{\"@id\":\"https:\/\/territorialchallenges.com\/2023\/04\/14\/lindustrie-du-futur-fait-son-evenement-a-barcelone\/119683\/\"},\"wordCount\":565,\"commentCount\":0,\"publisher\":{\"@id\":\"https:\/\/territorialchallenges.com\/#organization\"},\"articleSection\":[\"Industrie 5.0\",\"Actualit\u00e9 Europe\"],\"inLanguage\":\"en-US\"},{\"@type\":\"WebPage\",\"@id\":\"https:\/\/territorialchallenges.com\/2023\/04\/14\/lindustrie-du-futur-fait-son-evenement-a-barcelone\/119683\/\",\"url\":\"https:\/\/territorialchallenges.com\/2023\/04\/14\/lindustrie-du-futur-fait-son-evenement-a-barcelone\/119683\/\",\"name\":\"L\u2019industrie du futur fait son \u00e9v\u00e8nement \u00e0 Barcelone - Territorial Challenges\",\"isPartOf\":{\"@id\":\"https:\/\/territorialchallenges.com\/#website\"},\"datePublished\":\"2023-04-14T14:26:35+00:00\",\"dateModified\":\"2023-04-19T05:38:44+00:00\",\"breadcrumb\":{\"@id\":\"https:\/\/territorialchallenges.com\/2023\/04\/14\/lindustrie-du-futur-fait-son-evenement-a-barcelone\/119683\/#breadcrumb\"},\"inLanguage\":\"en-US\",\"potentialAction\":[{\"@type\":\"ReadAction\",\"target\":[\"https:\/\/territorialchallenges.com\/2023\/04\/14\/lindustrie-du-futur-fait-son-evenement-a-barcelone\/119683\/\"]}]},{\"@type\":\"BreadcrumbList\",\"@id\":\"https:\/\/territorialchallenges.com\/2023\/04\/14\/lindustrie-du-futur-fait-son-evenement-a-barcelone\/119683\/#breadcrumb\",\"itemListElement\":[{\"@type\":\"ListItem\",\"position\":1,\"name\":\"Home\",\"item\":\"https:\/\/territorialchallenges.com\/\"},{\"@type\":\"ListItem\",\"position\":2,\"name\":\"L\u2019industrie du futur fait son \u00e9v\u00e8nement \u00e0 Barcelone\"}]},{\"@type\":\"WebSite\",\"@id\":\"https:\/\/territorialchallenges.com\/#website\",\"url\":\"https:\/\/territorialchallenges.com\/\",\"name\":\"Territorial Challenges\",\"description\":\"Veille Internationale - Strat\u00e9gie Intelligentes - Bonnes pratiques\",\"publisher\":{\"@id\":\"https:\/\/territorialchallenges.com\/#organization\"},\"potentialAction\":[{\"@type\":\"SearchAction\",\"target\":{\"@type\":\"EntryPoint\",\"urlTemplate\":\"https:\/\/territorialchallenges.com\/?s={search_term_string}\"},\"query-input\":\"required name=search_term_string\"}],\"inLanguage\":\"en-US\"},{\"@type\":\"Organization\",\"@id\":\"https:\/\/territorialchallenges.com\/#organization\",\"name\":\"Territorial Challenges\",\"url\":\"https:\/\/territorialchallenges.com\/\",\"logo\":{\"@type\":\"ImageObject\",\"inLanguage\":\"en-US\",\"@id\":\"https:\/\/territorialchallenges.com\/#\/schema\/logo\/image\/\",\"url\":\"https:\/\/territorialchallenges.com\/wp-content\/uploads\/2023\/10\/logo-1.png\",\"contentUrl\":\"https:\/\/territorialchallenges.com\/wp-content\/uploads\/2023\/10\/logo-1.png\",\"width\":1832,\"height\":576,\"caption\":\"Territorial Challenges\"},\"image\":{\"@id\":\"https:\/\/territorialchallenges.com\/#\/schema\/logo\/image\/\"}},{\"@type\":\"Person\",\"@id\":\"https:\/\/territorialchallenges.com\/#\/schema\/person\/098f145c7c61a021c425e010f840080f\",\"name\":\"ni.abdi\",\"image\":{\"@type\":\"ImageObject\",\"inLanguage\":\"en-US\",\"@id\":\"https:\/\/territorialchallenges.com\/#\/schema\/person\/image\/\",\"url\":\"https:\/\/secure.gravatar.com\/avatar\/2a2f2491f3c80039986ba989b1e4b510?s=96&d=identicon&r=g\",\"contentUrl\":\"https:\/\/secure.gravatar.com\/avatar\/2a2f2491f3c80039986ba989b1e4b510?s=96&d=identicon&r=g\",\"caption\":\"ni.abdi\"},\"sameAs\":[\"https:\/\/twitter.com\/Ni.abdi\"],\"url\":\"https:\/\/territorialchallenges.com\/en\/author\/ni-abdi\/\"}]}<\/script>\n<!-- \/ Yoast SEO plugin. -->","yoast_head_json":{"title":"L\u2019industrie du futur fait son \u00e9v\u00e8nement \u00e0 Barcelone - Territorial Challenges","robots":{"index":"index","follow":"follow","max-snippet":"max-snippet:-1","max-image-preview":"max-image-preview:large","max-video-preview":"max-video-preview:-1"},"canonical":"https:\/\/territorialchallenges.com\/en\/2023\/04\/14\/lindustrie-du-futur-fait-son-evenement-a-barcelone\/119683\/","og_locale":"en_US","og_type":"article","og_title":"L\u2019industrie du futur fait son \u00e9v\u00e8nement \u00e0 Barcelone - Territorial Challenges","og_description":"Advanced Factories est l\u2019\u00e9v\u00e8nement incontournable de l\u2019innovation industrielle en Europe, et aura lieu cette semaine prochaine (18 au 20 avril), avec un programme o\u00f9 se d\u00e9gageront les tendances fortes de 2023 dans l\u2019industrie du futur. Tout cela se fera dans une ville unique : Barcelone. La r\u00e9gion industrielle pionni\u00e8re (Catalogne) a toujours \u00e9t\u00e9 \u00e0 la [&hellip;]","og_url":"https:\/\/territorialchallenges.com\/en\/2023\/04\/14\/lindustrie-du-futur-fait-son-evenement-a-barcelone\/119683\/","og_site_name":"Territorial Challenges","article_published_time":"2023-04-14T14:26:35+00:00","article_modified_time":"2023-04-19T05:38:44+00:00","og_image":[{"width":1333,"height":750,"url":"https:\/\/territorialchallenges.com\/wp-content\/uploads\/2023\/04\/fira1.jpg","type":"image\/jpeg"}],"author":"ni.abdi","twitter_card":"summary_large_image","twitter_creator":"@Ni.abdi","twitter_misc":{"Written by":"ni.abdi","Est. reading time":"3 minutes"},"schema":{"@context":"https:\/\/schema.org","@graph":[{"@type":"Article","@id":"https:\/\/territorialchallenges.com\/2023\/04\/14\/lindustrie-du-futur-fait-son-evenement-a-barcelone\/119683\/#article","isPartOf":{"@id":"https:\/\/territorialchallenges.com\/2023\/04\/14\/lindustrie-du-futur-fait-son-evenement-a-barcelone\/119683\/"},"author":{"name":"ni.abdi","@id":"https:\/\/territorialchallenges.com\/#\/schema\/person\/098f145c7c61a021c425e010f840080f"},"headline":"L\u2019industrie du futur fait son \u00e9v\u00e8nement \u00e0 Barcelone","datePublished":"2023-04-14T14:26:35+00:00","dateModified":"2023-04-19T05:38:44+00:00","mainEntityOfPage":{"@id":"https:\/\/territorialchallenges.com\/2023\/04\/14\/lindustrie-du-futur-fait-son-evenement-a-barcelone\/119683\/"},"wordCount":565,"commentCount":0,"publisher":{"@id":"https:\/\/territorialchallenges.com\/#organization"},"articleSection":["Industrie 5.0","Actualit\u00e9 Europe"],"inLanguage":"en-US"},{"@type":"WebPage","@id":"https:\/\/territorialchallenges.com\/2023\/04\/14\/lindustrie-du-futur-fait-son-evenement-a-barcelone\/119683\/","url":"https:\/\/territorialchallenges.com\/2023\/04\/14\/lindustrie-du-futur-fait-son-evenement-a-barcelone\/119683\/","name":"L\u2019industrie du futur fait son \u00e9v\u00e8nement \u00e0 Barcelone - Territorial Challenges","isPartOf":{"@id":"https:\/\/territorialchallenges.com\/#website"},"datePublished":"2023-04-14T14:26:35+00:00","dateModified":"2023-04-19T05:38:44+00:00","breadcrumb":{"@id":"https:\/\/territorialchallenges.com\/2023\/04\/14\/lindustrie-du-futur-fait-son-evenement-a-barcelone\/119683\/#breadcrumb"},"inLanguage":"en-US","potentialAction":[{"@type":"ReadAction","target":["https:\/\/territorialchallenges.com\/2023\/04\/14\/lindustrie-du-futur-fait-son-evenement-a-barcelone\/119683\/"]}]},{"@type":"BreadcrumbList","@id":"https:\/\/territorialchallenges.com\/2023\/04\/14\/lindustrie-du-futur-fait-son-evenement-a-barcelone\/119683\/#breadcrumb","itemListElement":[{"@type":"ListItem","position":1,"name":"Home","item":"https:\/\/territorialchallenges.com\/"},{"@type":"ListItem","position":2,"name":"L\u2019industrie du futur fait son \u00e9v\u00e8nement \u00e0 Barcelone"}]},{"@type":"WebSite","@id":"https:\/\/territorialchallenges.com\/#website","url":"https:\/\/territorialchallenges.com\/","name":"Territorial Challenges","description":"Veille Internationale - Intelligent strategies - Best practices","publisher":{"@id":"https:\/\/territorialchallenges.com\/#organization"},"potentialAction":[{"@type":"SearchAction","target":{"@type":"EntryPoint","urlTemplate":"https:\/\/territorialchallenges.com\/?s={search_term_string}"},"query-input":"required name=search_term_string"}],"inLanguage":"en-US"},{"@type":"Organization","@id":"https:\/\/territorialchallenges.com\/#organization","name":"Territorial Challenges","url":"https:\/\/territorialchallenges.com\/","logo":{"@type":"ImageObject","inLanguage":"en-US","@id":"https:\/\/territorialchallenges.com\/#\/schema\/logo\/image\/","url":"https:\/\/territorialchallenges.com\/wp-content\/uploads\/2023\/10\/logo-1.png","contentUrl":"https:\/\/territorialchallenges.com\/wp-content\/uploads\/2023\/10\/logo-1.png","width":1832,"height":576,"caption":"Territorial Challenges"},"image":{"@id":"https:\/\/territorialchallenges.com\/#\/schema\/logo\/image\/"}},{"@type":"Person","@id":"https:\/\/territorialchallenges.com\/#\/schema\/person\/098f145c7c61a021c425e010f840080f","name":"ni.abdi","image":{"@type":"ImageObject","inLanguage":"en-US","@id":"https:\/\/territorialchallenges.com\/#\/schema\/person\/image\/","url":"https:\/\/secure.gravatar.com\/avatar\/2a2f2491f3c80039986ba989b1e4b510?s=96&d=identicon&r=g","contentUrl":"https:\/\/secure.gravatar.com\/avatar\/2a2f2491f3c80039986ba989b1e4b510?s=96&d=identicon&r=g","caption":"ni.abdi"},"sameAs":["https:\/\/twitter.com\/Ni.abdi"],"url":"https:\/\/territorialchallenges.com\/en\/author\/ni-abdi\/"}]}},"_links":{"self":[{"href":"https:\/\/territorialchallenges.com\/en\/wp-json\/wp\/v2\/posts\/119683"}],"collection":[{"href":"https:\/\/territorialchallenges.com\/en\/wp-json\/wp\/v2\/posts"}],"about":[{"href":"https:\/\/territorialchallenges.com\/en\/wp-json\/wp\/v2\/types\/post"}],"author":[{"embeddable":true,"href":"https:\/\/territorialchallenges.com\/en\/wp-json\/wp\/v2\/users\/11"}],"replies":[{"embeddable":true,"href":"https:\/\/territorialchallenges.com\/en\/wp-json\/wp\/v2\/comments?post=119683"}],"version-history":[{"count":2,"href":"https:\/\/territorialchallenges.com\/en\/wp-json\/wp\/v2\/posts\/119683\/revisions"}],"predecessor-version":[{"id":119829,"href":"https:\/\/territorialchallenges.com\/en\/wp-json\/wp\/v2\/posts\/119683\/revisions\/119829"}],"wp:featuredmedia":[{"embeddable":true,"href":"https:\/\/territorialchallenges.com\/en\/wp-json\/wp\/v2\/media\/119684"}],"wp:attachment":[{"href":"https:\/\/territorialchallenges.com\/en\/wp-json\/wp\/v2\/media?parent=119683"}],"wp:term":[{"taxonomy":"category","embeddable":true,"href":"https:\/\/territorialchallenges.com\/en\/wp-json\/wp\/v2\/categories?post=119683"},{"taxonomy":"post_tag","embeddable":true,"href":"https:\/\/territorialchallenges.com\/en\/wp-json\/wp\/v2\/tags?post=119683"}],"curies":[{"name":"wp","href":"https:\/\/api.w.org\/{rel}","templated":true}]}}