{"id":1196,"date":"2019-09-02T06:47:55","date_gmt":"2019-09-02T04:47:55","guid":{"rendered":"http:\/\/ecoinovatio.com\/?p=1196"},"modified":"2019-11-22T18:08:56","modified_gmt":"2019-11-22T17:08:56","slug":"le-souhait-indien-dun-davos-dans-lhimalaya","status":"publish","type":"post","link":"https:\/\/territorialchallenges.com\/en\/2019\/09\/02\/le-souhait-indien-dun-davos-dans-lhimalaya\/1196\/","title":{"rendered":"India&#039;s Wish for a Davos in the Himalayas"},"content":{"rendered":"<p>During his participation in the last World Economic Forum (WEF) in Davos, Nitin Gadkari, the Indian Minister of Transport, had an idea: to create the same concept of meeting the world&#039;s great and powerful on the peaks of the Himalayas. The minister even wants to create a smart city to host such an event every year. &quot;...We... <\/p>\n<div class=\"pmpro_content_message\">Article only viewable by subscribers.<br \/><a href=\"https:\/\/territorialchallenges.com\/wp-login.php\">Connection<\/a><br \/><a href=\"https:\/\/territorialchallenges.com\/en\/wp-login.php\/?action=register\">Register<\/a><\/div>","protected":false},"excerpt":{"rendered":"<p>Lors de sa participation au dernier Forum Economique Mondial (WEF), \u00e0 Davos, Nitin Gadkari, le ministre indien du transport, a eu une id\u00e9e. Cr\u00e9er le m\u00eame concept de rencontre des grands de ce monde sur les sommets de l\u2019Himalaya. Le ministre veut m\u00eame cr\u00e9er une ville intelligente pour l\u2019accueil chaque ann\u00e9e d\u2019un tel \u00e9v\u00e8nement. \u00ab\u2026Nous... <\/p>\n<div class=\"pmpro_content_message\">Article only viewable by subscribers.<br \/><a href=\"https:\/\/territorialchallenges.com\/wp-login.php\">Connection<\/a><br \/><a href=\"https:\/\/territorialchallenges.com\/en\/wp-login.php\/?action=register\">Register<\/a><\/div>","protected":false},"author":11,"featured_media":1197,"comment_status":"open","ping_status":"open","sticky":true,"template":"","format":"standard","meta":{"pmpro_default_level":0,"footnotes":""},"categories":[120,117],"tags":[],"blocksy_meta":"","yoast_head":"<!-- This site is optimized with the Yoast SEO plugin v21.5 - https:\/\/yoast.com\/wordpress\/plugins\/seo\/ -->\n<title>Le souhait indien d\u2019un Davos dans l\u2019Himalaya - Territorial Challenges<\/title>\n<meta name=\"robots\" content=\"index, follow, max-snippet:-1, max-image-preview:large, max-video-preview:-1\" \/>\n<link rel=\"canonical\" href=\"https:\/\/territorialchallenges.com\/en\/2019\/09\/02\/le-souhait-indien-dun-davos-dans-lhimalaya\/1196\/\" \/>\n<meta property=\"og:locale\" content=\"en_US\" \/>\n<meta property=\"og:type\" content=\"article\" \/>\n<meta property=\"og:title\" content=\"Le souhait indien d\u2019un Davos dans l\u2019Himalaya - Territorial Challenges\" \/>\n<meta property=\"og:description\" content=\"Lors de sa participation au dernier Forum Economique Mondial (WEF), \u00e0 Davos, Nitin Gadkari, le ministre indien du transport, a eu une id\u00e9e. Cr\u00e9er le m\u00eame concept de rencontre des grands de ce monde sur les sommets de l\u2019Himalaya. Le ministre veut m\u00eame cr\u00e9er une ville intelligente pour l\u2019accueil chaque ann\u00e9e d\u2019un tel \u00e9v\u00e8nement. \u00ab\u2026Nous [&hellip;]\" \/>\n<meta property=\"og:url\" content=\"https:\/\/territorialchallenges.com\/en\/2019\/09\/02\/le-souhait-indien-dun-davos-dans-lhimalaya\/1196\/\" \/>\n<meta property=\"og:site_name\" content=\"Territorial Challenges\" \/>\n<meta property=\"article:published_time\" content=\"2019-09-02T04:47:55+00:00\" \/>\n<meta property=\"article:modified_time\" content=\"2019-11-22T17:08:56+00:00\" \/>\n<meta name=\"author\" content=\"ni.abdi\" \/>\n<meta name=\"twitter:card\" content=\"summary_large_image\" \/>\n<meta name=\"twitter:creator\" content=\"@Ni.abdi\" \/>\n<meta name=\"twitter:label1\" content=\"Written by\" \/>\n\t<meta name=\"twitter:data1\" content=\"ni.abdi\" \/>\n\t<meta name=\"twitter:label2\" content=\"Est. reading time\" \/>\n\t<meta name=\"twitter:data2\" content=\"1 minute\" \/>\n<script type=\"application\/ld+json\" class=\"yoast-schema-graph\">{\"@context\":\"https:\/\/schema.org\",\"@graph\":[{\"@type\":\"Article\",\"@id\":\"https:\/\/territorialchallenges.com\/2019\/09\/02\/le-souhait-indien-dun-davos-dans-lhimalaya\/1196\/#article\",\"isPartOf\":{\"@id\":\"https:\/\/territorialchallenges.com\/2019\/09\/02\/le-souhait-indien-dun-davos-dans-lhimalaya\/1196\/\"},\"author\":{\"name\":\"ni.abdi\",\"@id\":\"https:\/\/territorialchallenges.com\/#\/schema\/person\/098f145c7c61a021c425e010f840080f\"},\"headline\":\"Le souhait indien d\u2019un Davos dans l\u2019Himalaya\",\"datePublished\":\"2019-09-02T04:47:55+00:00\",\"dateModified\":\"2019-11-22T17:08:56+00:00\",\"mainEntityOfPage\":{\"@id\":\"https:\/\/territorialchallenges.com\/2019\/09\/02\/le-souhait-indien-dun-davos-dans-lhimalaya\/1196\/\"},\"wordCount\":308,\"commentCount\":0,\"publisher\":{\"@id\":\"https:\/\/territorialchallenges.com\/#organization\"},\"articleSection\":[\"Il s'est pass\u00e9 \u00e0\",\"\u00c9cosyst\u00e8me\"],\"inLanguage\":\"en-US\"},{\"@type\":\"WebPage\",\"@id\":\"https:\/\/territorialchallenges.com\/2019\/09\/02\/le-souhait-indien-dun-davos-dans-lhimalaya\/1196\/\",\"url\":\"https:\/\/territorialchallenges.com\/2019\/09\/02\/le-souhait-indien-dun-davos-dans-lhimalaya\/1196\/\",\"name\":\"Le souhait indien d\u2019un Davos dans l\u2019Himalaya - Territorial Challenges\",\"isPartOf\":{\"@id\":\"https:\/\/territorialchallenges.com\/#website\"},\"datePublished\":\"2019-09-02T04:47:55+00:00\",\"dateModified\":\"2019-11-22T17:08:56+00:00\",\"breadcrumb\":{\"@id\":\"https:\/\/territorialchallenges.com\/2019\/09\/02\/le-souhait-indien-dun-davos-dans-lhimalaya\/1196\/#breadcrumb\"},\"inLanguage\":\"en-US\",\"potentialAction\":[{\"@type\":\"ReadAction\",\"target\":[\"https:\/\/territorialchallenges.com\/2019\/09\/02\/le-souhait-indien-dun-davos-dans-lhimalaya\/1196\/\"]}]},{\"@type\":\"BreadcrumbList\",\"@id\":\"https:\/\/territorialchallenges.com\/2019\/09\/02\/le-souhait-indien-dun-davos-dans-lhimalaya\/1196\/#breadcrumb\",\"itemListElement\":[{\"@type\":\"ListItem\",\"position\":1,\"name\":\"Home\",\"item\":\"https:\/\/territorialchallenges.com\/\"},{\"@type\":\"ListItem\",\"position\":2,\"name\":\"Le souhait indien d\u2019un Davos dans l\u2019Himalaya\"}]},{\"@type\":\"WebSite\",\"@id\":\"https:\/\/territorialchallenges.com\/#website\",\"url\":\"https:\/\/territorialchallenges.com\/\",\"name\":\"Territorial Challenges\",\"description\":\"Veille Internationale - Strat\u00e9gie Intelligentes - Bonnes pratiques\",\"publisher\":{\"@id\":\"https:\/\/territorialchallenges.com\/#organization\"},\"potentialAction\":[{\"@type\":\"SearchAction\",\"target\":{\"@type\":\"EntryPoint\",\"urlTemplate\":\"https:\/\/territorialchallenges.com\/?s={search_term_string}\"},\"query-input\":\"required name=search_term_string\"}],\"inLanguage\":\"en-US\"},{\"@type\":\"Organization\",\"@id\":\"https:\/\/territorialchallenges.com\/#organization\",\"name\":\"Territorial Challenges\",\"url\":\"https:\/\/territorialchallenges.com\/\",\"logo\":{\"@type\":\"ImageObject\",\"inLanguage\":\"en-US\",\"@id\":\"https:\/\/territorialchallenges.com\/#\/schema\/logo\/image\/\",\"url\":\"https:\/\/territorialchallenges.com\/wp-content\/uploads\/2023\/10\/logo-1.png\",\"contentUrl\":\"https:\/\/territorialchallenges.com\/wp-content\/uploads\/2023\/10\/logo-1.png\",\"width\":1832,\"height\":576,\"caption\":\"Territorial Challenges\"},\"image\":{\"@id\":\"https:\/\/territorialchallenges.com\/#\/schema\/logo\/image\/\"}},{\"@type\":\"Person\",\"@id\":\"https:\/\/territorialchallenges.com\/#\/schema\/person\/098f145c7c61a021c425e010f840080f\",\"name\":\"ni.abdi\",\"image\":{\"@type\":\"ImageObject\",\"inLanguage\":\"en-US\",\"@id\":\"https:\/\/territorialchallenges.com\/#\/schema\/person\/image\/\",\"url\":\"https:\/\/secure.gravatar.com\/avatar\/2a2f2491f3c80039986ba989b1e4b510?s=96&d=identicon&r=g\",\"contentUrl\":\"https:\/\/secure.gravatar.com\/avatar\/2a2f2491f3c80039986ba989b1e4b510?s=96&d=identicon&r=g\",\"caption\":\"ni.abdi\"},\"sameAs\":[\"https:\/\/twitter.com\/Ni.abdi\"],\"url\":\"https:\/\/territorialchallenges.com\/en\/author\/ni-abdi\/\"}]}<\/script>\n<!-- \/ Yoast SEO plugin. -->","yoast_head_json":{"title":"Le souhait indien d\u2019un Davos dans l\u2019Himalaya - Territorial Challenges","robots":{"index":"index","follow":"follow","max-snippet":"max-snippet:-1","max-image-preview":"max-image-preview:large","max-video-preview":"max-video-preview:-1"},"canonical":"https:\/\/territorialchallenges.com\/en\/2019\/09\/02\/le-souhait-indien-dun-davos-dans-lhimalaya\/1196\/","og_locale":"en_US","og_type":"article","og_title":"Le souhait indien d\u2019un Davos dans l\u2019Himalaya - Territorial Challenges","og_description":"Lors de sa participation au dernier Forum Economique Mondial (WEF), \u00e0 Davos, Nitin Gadkari, le ministre indien du transport, a eu une id\u00e9e. Cr\u00e9er le m\u00eame concept de rencontre des grands de ce monde sur les sommets de l\u2019Himalaya. Le ministre veut m\u00eame cr\u00e9er une ville intelligente pour l\u2019accueil chaque ann\u00e9e d\u2019un tel \u00e9v\u00e8nement. \u00ab\u2026Nous [&hellip;]","og_url":"https:\/\/territorialchallenges.com\/en\/2019\/09\/02\/le-souhait-indien-dun-davos-dans-lhimalaya\/1196\/","og_site_name":"Territorial Challenges","article_published_time":"2019-09-02T04:47:55+00:00","article_modified_time":"2019-11-22T17:08:56+00:00","author":"ni.abdi","twitter_card":"summary_large_image","twitter_creator":"@Ni.abdi","twitter_misc":{"Written by":"ni.abdi","Est. reading time":"1 minute"},"schema":{"@context":"https:\/\/schema.org","@graph":[{"@type":"Article","@id":"https:\/\/territorialchallenges.com\/2019\/09\/02\/le-souhait-indien-dun-davos-dans-lhimalaya\/1196\/#article","isPartOf":{"@id":"https:\/\/territorialchallenges.com\/2019\/09\/02\/le-souhait-indien-dun-davos-dans-lhimalaya\/1196\/"},"author":{"name":"ni.abdi","@id":"https:\/\/territorialchallenges.com\/#\/schema\/person\/098f145c7c61a021c425e010f840080f"},"headline":"Le souhait indien d\u2019un Davos dans l\u2019Himalaya","datePublished":"2019-09-02T04:47:55+00:00","dateModified":"2019-11-22T17:08:56+00:00","mainEntityOfPage":{"@id":"https:\/\/territorialchallenges.com\/2019\/09\/02\/le-souhait-indien-dun-davos-dans-lhimalaya\/1196\/"},"wordCount":308,"commentCount":0,"publisher":{"@id":"https:\/\/territorialchallenges.com\/#organization"},"articleSection":["Il s'est pass\u00e9 \u00e0","\u00c9cosyst\u00e8me"],"inLanguage":"en-US"},{"@type":"WebPage","@id":"https:\/\/territorialchallenges.com\/2019\/09\/02\/le-souhait-indien-dun-davos-dans-lhimalaya\/1196\/","url":"https:\/\/territorialchallenges.com\/2019\/09\/02\/le-souhait-indien-dun-davos-dans-lhimalaya\/1196\/","name":"Le souhait indien d\u2019un Davos dans l\u2019Himalaya - Territorial Challenges","isPartOf":{"@id":"https:\/\/territorialchallenges.com\/#website"},"datePublished":"2019-09-02T04:47:55+00:00","dateModified":"2019-11-22T17:08:56+00:00","breadcrumb":{"@id":"https:\/\/territorialchallenges.com\/2019\/09\/02\/le-souhait-indien-dun-davos-dans-lhimalaya\/1196\/#breadcrumb"},"inLanguage":"en-US","potentialAction":[{"@type":"ReadAction","target":["https:\/\/territorialchallenges.com\/2019\/09\/02\/le-souhait-indien-dun-davos-dans-lhimalaya\/1196\/"]}]},{"@type":"BreadcrumbList","@id":"https:\/\/territorialchallenges.com\/2019\/09\/02\/le-souhait-indien-dun-davos-dans-lhimalaya\/1196\/#breadcrumb","itemListElement":[{"@type":"ListItem","position":1,"name":"Home","item":"https:\/\/territorialchallenges.com\/"},{"@type":"ListItem","position":2,"name":"Le souhait indien d\u2019un Davos dans l\u2019Himalaya"}]},{"@type":"WebSite","@id":"https:\/\/territorialchallenges.com\/#website","url":"https:\/\/territorialchallenges.com\/","name":"Territorial Challenges","description":"Veille Internationale - Intelligent strategies - Best practices","publisher":{"@id":"https:\/\/territorialchallenges.com\/#organization"},"potentialAction":[{"@type":"SearchAction","target":{"@type":"EntryPoint","urlTemplate":"https:\/\/territorialchallenges.com\/?s={search_term_string}"},"query-input":"required name=search_term_string"}],"inLanguage":"en-US"},{"@type":"Organization","@id":"https:\/\/territorialchallenges.com\/#organization","name":"Territorial Challenges","url":"https:\/\/territorialchallenges.com\/","logo":{"@type":"ImageObject","inLanguage":"en-US","@id":"https:\/\/territorialchallenges.com\/#\/schema\/logo\/image\/","url":"https:\/\/territorialchallenges.com\/wp-content\/uploads\/2023\/10\/logo-1.png","contentUrl":"https:\/\/territorialchallenges.com\/wp-content\/uploads\/2023\/10\/logo-1.png","width":1832,"height":576,"caption":"Territorial Challenges"},"image":{"@id":"https:\/\/territorialchallenges.com\/#\/schema\/logo\/image\/"}},{"@type":"Person","@id":"https:\/\/territorialchallenges.com\/#\/schema\/person\/098f145c7c61a021c425e010f840080f","name":"ni.abdi","image":{"@type":"ImageObject","inLanguage":"en-US","@id":"https:\/\/territorialchallenges.com\/#\/schema\/person\/image\/","url":"https:\/\/secure.gravatar.com\/avatar\/2a2f2491f3c80039986ba989b1e4b510?s=96&d=identicon&r=g","contentUrl":"https:\/\/secure.gravatar.com\/avatar\/2a2f2491f3c80039986ba989b1e4b510?s=96&d=identicon&r=g","caption":"ni.abdi"},"sameAs":["https:\/\/twitter.com\/Ni.abdi"],"url":"https:\/\/territorialchallenges.com\/en\/author\/ni-abdi\/"}]}},"_links":{"self":[{"href":"https:\/\/territorialchallenges.com\/en\/wp-json\/wp\/v2\/posts\/1196"}],"collection":[{"href":"https:\/\/territorialchallenges.com\/en\/wp-json\/wp\/v2\/posts"}],"about":[{"href":"https:\/\/territorialchallenges.com\/en\/wp-json\/wp\/v2\/types\/post"}],"author":[{"embeddable":true,"href":"https:\/\/territorialchallenges.com\/en\/wp-json\/wp\/v2\/users\/11"}],"replies":[{"embeddable":true,"href":"https:\/\/territorialchallenges.com\/en\/wp-json\/wp\/v2\/comments?post=1196"}],"version-history":[{"count":1,"href":"https:\/\/territorialchallenges.com\/en\/wp-json\/wp\/v2\/posts\/1196\/revisions"}],"predecessor-version":[{"id":84868,"href":"https:\/\/territorialchallenges.com\/en\/wp-json\/wp\/v2\/posts\/1196\/revisions\/84868"}],"wp:featuredmedia":[{"embeddable":true,"href":"https:\/\/territorialchallenges.com\/en\/wp-json\/"}],"wp:attachment":[{"href":"https:\/\/territorialchallenges.com\/en\/wp-json\/wp\/v2\/media?parent=1196"}],"wp:term":[{"taxonomy":"category","embeddable":true,"href":"https:\/\/territorialchallenges.com\/en\/wp-json\/wp\/v2\/categories?post=1196"},{"taxonomy":"post_tag","embeddable":true,"href":"https:\/\/territorialchallenges.com\/en\/wp-json\/wp\/v2\/tags?post=1196"}],"curies":[{"name":"wp","href":"https:\/\/api.w.org\/{rel}","templated":true}]}}