{"id":1042,"date":"2018-06-13T12:56:30","date_gmt":"2018-06-13T10:56:30","guid":{"rendered":"http:\/\/e-novatio.com\/?p=1042"},"modified":"2018-06-13T12:56:30","modified_gmt":"2018-06-13T10:56:30","slug":"europe-les-industriels-manquent-de-cohesion-energetique","status":"publish","type":"post","link":"https:\/\/territorialchallenges.com\/en\/2018\/06\/13\/europe-les-industriels-manquent-de-cohesion-energetique\/1042\/","title":{"rendered":"Europe: Industrialists lack energy cohesion"},"content":{"rendered":"<p>In a column, Patrick Clerens, Secretary General of the European Association for Energy Storage (EASE), discusses the lack of a common vision among manufacturers regarding the energy transition...<\/p>\n<div class=\"pmpro_content_message\">Article only viewable by subscribers.<br \/><a href=\"https:\/\/territorialchallenges.com\/wp-login.php\">Connection<\/a><br \/><a href=\"https:\/\/territorialchallenges.com\/en\/wp-login.php\/?action=register\">Register<\/a><\/div>","protected":false},"excerpt":{"rendered":"<p>In a column, Patrick Clerens, Secretary General of the European Association for Energy Storage (EASE), discusses the lack of a common vision among manufacturers regarding the energy transition...<\/p>\n<div class=\"pmpro_content_message\">Article only viewable by subscribers.<br \/><a href=\"https:\/\/territorialchallenges.com\/wp-login.php\">Connection<\/a><br \/><a href=\"https:\/\/territorialchallenges.com\/en\/wp-login.php\/?action=register\">Register<\/a><\/div>","protected":false},"author":11,"featured_media":1043,"comment_status":"open","ping_status":"open","sticky":true,"template":"","format":"standard","meta":{"pmpro_default_level":0,"footnotes":""},"categories":[18,127],"tags":[],"blocksy_meta":"","yoast_head":"<!-- This site is optimized with the Yoast SEO plugin v21.5 - https:\/\/yoast.com\/wordpress\/plugins\/seo\/ -->\n<title>Europe : les industriels manquent de coh\u00e9sion \u00e9nerg\u00e9tique - Territorial Challenges<\/title>\n<meta name=\"robots\" content=\"index, follow, max-snippet:-1, max-image-preview:large, max-video-preview:-1\" \/>\n<link rel=\"canonical\" href=\"https:\/\/territorialchallenges.com\/en\/2018\/06\/13\/europe-les-industriels-manquent-de-cohesion-energetique\/1042\/\" \/>\n<meta property=\"og:locale\" content=\"en_US\" \/>\n<meta property=\"og:type\" content=\"article\" \/>\n<meta property=\"og:title\" content=\"Europe : les industriels manquent de coh\u00e9sion \u00e9nerg\u00e9tique - Territorial Challenges\" \/>\n<meta property=\"og:description\" content=\"Dans une tribune, Patrick Clerens, Secr\u00e9taire g\u00e9n\u00e9ral de l\u2019Association europ\u00e9enne pour le stockage de l&#039;\u00e9nergie (EASE), revient sur le manque d\u2019une vision commune chez les industriels en mati\u00e8re de transition \u00e9nerg\u00e9tique...\" \/>\n<meta property=\"og:url\" content=\"https:\/\/territorialchallenges.com\/en\/2018\/06\/13\/europe-les-industriels-manquent-de-cohesion-energetique\/1042\/\" \/>\n<meta property=\"og:site_name\" content=\"Territorial Challenges\" \/>\n<meta property=\"article:published_time\" content=\"2018-06-13T10:56:30+00:00\" \/>\n<meta name=\"author\" content=\"ni.abdi\" \/>\n<meta name=\"twitter:card\" content=\"summary_large_image\" \/>\n<meta name=\"twitter:creator\" content=\"@Ni.abdi\" \/>\n<meta name=\"twitter:label1\" content=\"Written by\" \/>\n\t<meta name=\"twitter:data1\" content=\"ni.abdi\" \/>\n\t<meta name=\"twitter:label2\" content=\"Est. reading time\" \/>\n\t<meta name=\"twitter:data2\" content=\"2 minutes\" \/>\n<script type=\"application\/ld+json\" class=\"yoast-schema-graph\">{\"@context\":\"https:\/\/schema.org\",\"@graph\":[{\"@type\":\"Article\",\"@id\":\"https:\/\/territorialchallenges.com\/2018\/06\/13\/europe-les-industriels-manquent-de-cohesion-energetique\/1042\/#article\",\"isPartOf\":{\"@id\":\"https:\/\/territorialchallenges.com\/2018\/06\/13\/europe-les-industriels-manquent-de-cohesion-energetique\/1042\/\"},\"author\":{\"name\":\"ni.abdi\",\"@id\":\"https:\/\/territorialchallenges.com\/#\/schema\/person\/098f145c7c61a021c425e010f840080f\"},\"headline\":\"Europe : les industriels manquent de coh\u00e9sion \u00e9nerg\u00e9tique\",\"datePublished\":\"2018-06-13T10:56:30+00:00\",\"dateModified\":\"2018-06-13T10:56:30+00:00\",\"mainEntityOfPage\":{\"@id\":\"https:\/\/territorialchallenges.com\/2018\/06\/13\/europe-les-industriels-manquent-de-cohesion-energetique\/1042\/\"},\"wordCount\":357,\"commentCount\":0,\"publisher\":{\"@id\":\"https:\/\/territorialchallenges.com\/#organization\"},\"articleSection\":[\"Transition \u00c9nerg\u00e9tique\",\"Actualit\u00e9 Europe\"],\"inLanguage\":\"en-US\"},{\"@type\":\"WebPage\",\"@id\":\"https:\/\/territorialchallenges.com\/2018\/06\/13\/europe-les-industriels-manquent-de-cohesion-energetique\/1042\/\",\"url\":\"https:\/\/territorialchallenges.com\/2018\/06\/13\/europe-les-industriels-manquent-de-cohesion-energetique\/1042\/\",\"name\":\"Europe : les industriels manquent de coh\u00e9sion \u00e9nerg\u00e9tique - Territorial Challenges\",\"isPartOf\":{\"@id\":\"https:\/\/territorialchallenges.com\/#website\"},\"datePublished\":\"2018-06-13T10:56:30+00:00\",\"dateModified\":\"2018-06-13T10:56:30+00:00\",\"breadcrumb\":{\"@id\":\"https:\/\/territorialchallenges.com\/2018\/06\/13\/europe-les-industriels-manquent-de-cohesion-energetique\/1042\/#breadcrumb\"},\"inLanguage\":\"en-US\",\"potentialAction\":[{\"@type\":\"ReadAction\",\"target\":[\"https:\/\/territorialchallenges.com\/2018\/06\/13\/europe-les-industriels-manquent-de-cohesion-energetique\/1042\/\"]}]},{\"@type\":\"BreadcrumbList\",\"@id\":\"https:\/\/territorialchallenges.com\/2018\/06\/13\/europe-les-industriels-manquent-de-cohesion-energetique\/1042\/#breadcrumb\",\"itemListElement\":[{\"@type\":\"ListItem\",\"position\":1,\"name\":\"Home\",\"item\":\"https:\/\/territorialchallenges.com\/\"},{\"@type\":\"ListItem\",\"position\":2,\"name\":\"Europe : les industriels manquent de coh\u00e9sion \u00e9nerg\u00e9tique\"}]},{\"@type\":\"WebSite\",\"@id\":\"https:\/\/territorialchallenges.com\/#website\",\"url\":\"https:\/\/territorialchallenges.com\/\",\"name\":\"Territorial Challenges\",\"description\":\"Veille Internationale - Strat\u00e9gie Intelligentes - Bonnes pratiques\",\"publisher\":{\"@id\":\"https:\/\/territorialchallenges.com\/#organization\"},\"potentialAction\":[{\"@type\":\"SearchAction\",\"target\":{\"@type\":\"EntryPoint\",\"urlTemplate\":\"https:\/\/territorialchallenges.com\/?s={search_term_string}\"},\"query-input\":\"required name=search_term_string\"}],\"inLanguage\":\"en-US\"},{\"@type\":\"Organization\",\"@id\":\"https:\/\/territorialchallenges.com\/#organization\",\"name\":\"Territorial Challenges\",\"url\":\"https:\/\/territorialchallenges.com\/\",\"logo\":{\"@type\":\"ImageObject\",\"inLanguage\":\"en-US\",\"@id\":\"https:\/\/territorialchallenges.com\/#\/schema\/logo\/image\/\",\"url\":\"https:\/\/territorialchallenges.com\/wp-content\/uploads\/2023\/10\/logo-1.png\",\"contentUrl\":\"https:\/\/territorialchallenges.com\/wp-content\/uploads\/2023\/10\/logo-1.png\",\"width\":1832,\"height\":576,\"caption\":\"Territorial Challenges\"},\"image\":{\"@id\":\"https:\/\/territorialchallenges.com\/#\/schema\/logo\/image\/\"}},{\"@type\":\"Person\",\"@id\":\"https:\/\/territorialchallenges.com\/#\/schema\/person\/098f145c7c61a021c425e010f840080f\",\"name\":\"ni.abdi\",\"image\":{\"@type\":\"ImageObject\",\"inLanguage\":\"en-US\",\"@id\":\"https:\/\/territorialchallenges.com\/#\/schema\/person\/image\/\",\"url\":\"https:\/\/secure.gravatar.com\/avatar\/2a2f2491f3c80039986ba989b1e4b510?s=96&d=identicon&r=g\",\"contentUrl\":\"https:\/\/secure.gravatar.com\/avatar\/2a2f2491f3c80039986ba989b1e4b510?s=96&d=identicon&r=g\",\"caption\":\"ni.abdi\"},\"sameAs\":[\"https:\/\/twitter.com\/Ni.abdi\"],\"url\":\"https:\/\/territorialchallenges.com\/en\/author\/ni-abdi\/\"}]}<\/script>\n<!-- \/ Yoast SEO plugin. -->","yoast_head_json":{"title":"Europe : les industriels manquent de coh\u00e9sion \u00e9nerg\u00e9tique - Territorial Challenges","robots":{"index":"index","follow":"follow","max-snippet":"max-snippet:-1","max-image-preview":"max-image-preview:large","max-video-preview":"max-video-preview:-1"},"canonical":"https:\/\/territorialchallenges.com\/en\/2018\/06\/13\/europe-les-industriels-manquent-de-cohesion-energetique\/1042\/","og_locale":"en_US","og_type":"article","og_title":"Europe : les industriels manquent de coh\u00e9sion \u00e9nerg\u00e9tique - Territorial Challenges","og_description":"Dans une tribune, Patrick Clerens, Secr\u00e9taire g\u00e9n\u00e9ral de l\u2019Association europ\u00e9enne pour le stockage de l'\u00e9nergie (EASE), revient sur le manque d\u2019une vision commune chez les industriels en mati\u00e8re de transition \u00e9nerg\u00e9tique...","og_url":"https:\/\/territorialchallenges.com\/en\/2018\/06\/13\/europe-les-industriels-manquent-de-cohesion-energetique\/1042\/","og_site_name":"Territorial Challenges","article_published_time":"2018-06-13T10:56:30+00:00","author":"ni.abdi","twitter_card":"summary_large_image","twitter_creator":"@Ni.abdi","twitter_misc":{"Written by":"ni.abdi","Est. reading time":"2 minutes"},"schema":{"@context":"https:\/\/schema.org","@graph":[{"@type":"Article","@id":"https:\/\/territorialchallenges.com\/2018\/06\/13\/europe-les-industriels-manquent-de-cohesion-energetique\/1042\/#article","isPartOf":{"@id":"https:\/\/territorialchallenges.com\/2018\/06\/13\/europe-les-industriels-manquent-de-cohesion-energetique\/1042\/"},"author":{"name":"ni.abdi","@id":"https:\/\/territorialchallenges.com\/#\/schema\/person\/098f145c7c61a021c425e010f840080f"},"headline":"Europe : les industriels manquent de coh\u00e9sion \u00e9nerg\u00e9tique","datePublished":"2018-06-13T10:56:30+00:00","dateModified":"2018-06-13T10:56:30+00:00","mainEntityOfPage":{"@id":"https:\/\/territorialchallenges.com\/2018\/06\/13\/europe-les-industriels-manquent-de-cohesion-energetique\/1042\/"},"wordCount":357,"commentCount":0,"publisher":{"@id":"https:\/\/territorialchallenges.com\/#organization"},"articleSection":["Transition \u00c9nerg\u00e9tique","Actualit\u00e9 Europe"],"inLanguage":"en-US"},{"@type":"WebPage","@id":"https:\/\/territorialchallenges.com\/2018\/06\/13\/europe-les-industriels-manquent-de-cohesion-energetique\/1042\/","url":"https:\/\/territorialchallenges.com\/2018\/06\/13\/europe-les-industriels-manquent-de-cohesion-energetique\/1042\/","name":"Europe : les industriels manquent de coh\u00e9sion \u00e9nerg\u00e9tique - Territorial Challenges","isPartOf":{"@id":"https:\/\/territorialchallenges.com\/#website"},"datePublished":"2018-06-13T10:56:30+00:00","dateModified":"2018-06-13T10:56:30+00:00","breadcrumb":{"@id":"https:\/\/territorialchallenges.com\/2018\/06\/13\/europe-les-industriels-manquent-de-cohesion-energetique\/1042\/#breadcrumb"},"inLanguage":"en-US","potentialAction":[{"@type":"ReadAction","target":["https:\/\/territorialchallenges.com\/2018\/06\/13\/europe-les-industriels-manquent-de-cohesion-energetique\/1042\/"]}]},{"@type":"BreadcrumbList","@id":"https:\/\/territorialchallenges.com\/2018\/06\/13\/europe-les-industriels-manquent-de-cohesion-energetique\/1042\/#breadcrumb","itemListElement":[{"@type":"ListItem","position":1,"name":"Home","item":"https:\/\/territorialchallenges.com\/"},{"@type":"ListItem","position":2,"name":"Europe : les industriels manquent de coh\u00e9sion \u00e9nerg\u00e9tique"}]},{"@type":"WebSite","@id":"https:\/\/territorialchallenges.com\/#website","url":"https:\/\/territorialchallenges.com\/","name":"Territorial Challenges","description":"Veille Internationale - Intelligent strategies - Best practices","publisher":{"@id":"https:\/\/territorialchallenges.com\/#organization"},"potentialAction":[{"@type":"SearchAction","target":{"@type":"EntryPoint","urlTemplate":"https:\/\/territorialchallenges.com\/?s={search_term_string}"},"query-input":"required name=search_term_string"}],"inLanguage":"en-US"},{"@type":"Organization","@id":"https:\/\/territorialchallenges.com\/#organization","name":"Territorial Challenges","url":"https:\/\/territorialchallenges.com\/","logo":{"@type":"ImageObject","inLanguage":"en-US","@id":"https:\/\/territorialchallenges.com\/#\/schema\/logo\/image\/","url":"https:\/\/territorialchallenges.com\/wp-content\/uploads\/2023\/10\/logo-1.png","contentUrl":"https:\/\/territorialchallenges.com\/wp-content\/uploads\/2023\/10\/logo-1.png","width":1832,"height":576,"caption":"Territorial Challenges"},"image":{"@id":"https:\/\/territorialchallenges.com\/#\/schema\/logo\/image\/"}},{"@type":"Person","@id":"https:\/\/territorialchallenges.com\/#\/schema\/person\/098f145c7c61a021c425e010f840080f","name":"ni.abdi","image":{"@type":"ImageObject","inLanguage":"en-US","@id":"https:\/\/territorialchallenges.com\/#\/schema\/person\/image\/","url":"https:\/\/secure.gravatar.com\/avatar\/2a2f2491f3c80039986ba989b1e4b510?s=96&d=identicon&r=g","contentUrl":"https:\/\/secure.gravatar.com\/avatar\/2a2f2491f3c80039986ba989b1e4b510?s=96&d=identicon&r=g","caption":"ni.abdi"},"sameAs":["https:\/\/twitter.com\/Ni.abdi"],"url":"https:\/\/territorialchallenges.com\/en\/author\/ni-abdi\/"}]}},"_links":{"self":[{"href":"https:\/\/territorialchallenges.com\/en\/wp-json\/wp\/v2\/posts\/1042"}],"collection":[{"href":"https:\/\/territorialchallenges.com\/en\/wp-json\/wp\/v2\/posts"}],"about":[{"href":"https:\/\/territorialchallenges.com\/en\/wp-json\/wp\/v2\/types\/post"}],"author":[{"embeddable":true,"href":"https:\/\/territorialchallenges.com\/en\/wp-json\/wp\/v2\/users\/11"}],"replies":[{"embeddable":true,"href":"https:\/\/territorialchallenges.com\/en\/wp-json\/wp\/v2\/comments?post=1042"}],"version-history":[{"count":0,"href":"https:\/\/territorialchallenges.com\/en\/wp-json\/wp\/v2\/posts\/1042\/revisions"}],"wp:featuredmedia":[{"embeddable":true,"href":"https:\/\/territorialchallenges.com\/en\/wp-json\/"}],"wp:attachment":[{"href":"https:\/\/territorialchallenges.com\/en\/wp-json\/wp\/v2\/media?parent=1042"}],"wp:term":[{"taxonomy":"category","embeddable":true,"href":"https:\/\/territorialchallenges.com\/en\/wp-json\/wp\/v2\/categories?post=1042"},{"taxonomy":"post_tag","embeddable":true,"href":"https:\/\/territorialchallenges.com\/en\/wp-json\/wp\/v2\/tags?post=1042"}],"curies":[{"name":"wp","href":"https:\/\/api.w.org\/{rel}","templated":true}]}}