{"id":89256,"date":"2021-11-16T00:24:04","date_gmt":"2021-11-15T23:24:04","guid":{"rendered":"https:\/\/territorialchallenges.com\/?p=89256"},"modified":"2022-05-02T22:00:14","modified_gmt":"2022-05-02T20:00:14","slug":"les-handicapes-et-solutions-de-la-ville-intelligente","status":"publish","type":"post","link":"https:\/\/territorialchallenges.com\/de\/2021\/11\/16\/les-handicapes-et-solutions-de-la-ville-intelligente\/89256\/","title":{"rendered":"Behinderungen und Smart-City-L\u00f6sungen"},"content":{"rendered":"<p>Im Dezember 2016 twitterte der renommierte Cybersicherheitsexperte Mikko Hypponen: \u201eWenn es smart ist, ist es verwundbar.\u201c Diese einfache Pr\u00e4misse hat sich in den letzten Jahren immer wieder best\u00e4tigt, insbesondere seit Ausbruch der Gesundheitskrise. Denn Sensoren f\u00fcr die \u00f6ffentliche Sicherheit oder industrielle Steuerungssysteme ohne Sicherheitsinfrastruktur \u2026 <\/p>\n<div class=\"pmpro_content_message\">Artikel nur f\u00fcr Abonnenten sichtbar.<br \/><a href=\"https:\/\/territorialchallenges.com\/wp-login.php\">Verbindung<\/a><br \/><a href=\"https:\/\/territorialchallenges.com\/de\/wp-login.php\/?action=register\">Registrieren<\/a><\/div>","protected":false},"excerpt":{"rendered":"<p>En d\u00e9cembre 2016, l&rsquo;expert renomm\u00e9 en cyber-s\u00e9curit\u00e9, Mikko Hypponen, a tweet\u00e9 \u00abSi c&rsquo;est intelligent, c&rsquo;est vuln\u00e9rable\u00bb.\u00a0Cette simple pr\u00e9misse a fait ses preuves \u00e0 maintes reprises au cours des derni\u00e8res ann\u00e9es et notamment depuis le d\u00e9clanchement de la crise sanitaire. Car les capteurs de s\u00e9curit\u00e9 publique ou les syst\u00e8mes de contr\u00f4le industriels laiss\u00e9s sans infrastructure de... <\/p>\n<div class=\"pmpro_content_message\">Artikel nur f\u00fcr Abonnenten sichtbar.<br \/><a href=\"https:\/\/territorialchallenges.com\/wp-login.php\">Verbindung<\/a><br \/><a href=\"https:\/\/territorialchallenges.com\/de\/wp-login.php\/?action=register\">Registrieren<\/a><\/div>","protected":false},"author":11,"featured_media":89257,"comment_status":"open","ping_status":"open","sticky":true,"template":"","format":"standard","meta":{"pmpro_default_level":0,"footnotes":""},"categories":[19],"tags":[],"blocksy_meta":"","yoast_head":"<!-- This site is optimized with the Yoast SEO plugin v21.5 - https:\/\/yoast.com\/wordpress\/plugins\/seo\/ -->\n<title>Les handicapes et solutions de la ville intelligente - Territorial Challenges<\/title>\n<meta name=\"robots\" content=\"index, follow, max-snippet:-1, max-image-preview:large, max-video-preview:-1\" \/>\n<link rel=\"canonical\" href=\"https:\/\/territorialchallenges.com\/de\/2021\/11\/16\/les-handicapes-et-solutions-de-la-ville-intelligente\/89256\/\" \/>\n<meta property=\"og:locale\" content=\"de_DE\" \/>\n<meta property=\"og:type\" content=\"article\" \/>\n<meta property=\"og:title\" content=\"Les handicapes et solutions de la ville intelligente - Territorial Challenges\" \/>\n<meta property=\"og:description\" content=\"En d\u00e9cembre 2016, l&rsquo;expert renomm\u00e9 en cyber-s\u00e9curit\u00e9, Mikko Hypponen, a tweet\u00e9 \u00abSi c&rsquo;est intelligent, c&rsquo;est vuln\u00e9rable\u00bb.\u00a0Cette simple pr\u00e9misse a fait ses preuves \u00e0 maintes reprises au cours des derni\u00e8res ann\u00e9es et notamment depuis le d\u00e9clanchement de la crise sanitaire. Car les capteurs de s\u00e9curit\u00e9 publique ou les syst\u00e8mes de contr\u00f4le industriels laiss\u00e9s sans infrastructure de [&hellip;]\" \/>\n<meta property=\"og:url\" content=\"https:\/\/territorialchallenges.com\/de\/2021\/11\/16\/les-handicapes-et-solutions-de-la-ville-intelligente\/89256\/\" \/>\n<meta property=\"og:site_name\" content=\"Territorial Challenges\" \/>\n<meta property=\"article:published_time\" content=\"2021-11-15T23:24:04+00:00\" \/>\n<meta property=\"article:modified_time\" content=\"2022-05-02T20:00:14+00:00\" \/>\n<meta property=\"og:image\" content=\"https:\/\/territorialchallenges.com\/wp-content\/uploads\/2021\/02\/smartcitiesimage150221.jpg\" \/>\n\t<meta property=\"og:image:width\" content=\"1920\" \/>\n\t<meta property=\"og:image:height\" content=\"639\" \/>\n\t<meta property=\"og:image:type\" content=\"image\/jpeg\" \/>\n<meta name=\"author\" content=\"ni.abdi\" \/>\n<meta name=\"twitter:card\" content=\"summary_large_image\" \/>\n<meta name=\"twitter:creator\" content=\"@Ni.abdi\" \/>\n<meta name=\"twitter:label1\" content=\"Verfasst von\" \/>\n\t<meta name=\"twitter:data1\" content=\"ni.abdi\" \/>\n\t<meta name=\"twitter:label2\" content=\"Gesch\u00e4tzte Lesezeit\" \/>\n\t<meta name=\"twitter:data2\" content=\"6\u00a0Minuten\" \/>\n<script type=\"application\/ld+json\" class=\"yoast-schema-graph\">{\"@context\":\"https:\/\/schema.org\",\"@graph\":[{\"@type\":\"Article\",\"@id\":\"https:\/\/territorialchallenges.com\/2021\/11\/16\/les-handicapes-et-solutions-de-la-ville-intelligente\/89256\/#article\",\"isPartOf\":{\"@id\":\"https:\/\/territorialchallenges.com\/2021\/11\/16\/les-handicapes-et-solutions-de-la-ville-intelligente\/89256\/\"},\"author\":{\"name\":\"ni.abdi\",\"@id\":\"https:\/\/territorialchallenges.com\/#\/schema\/person\/098f145c7c61a021c425e010f840080f\"},\"headline\":\"Les handicapes et solutions de la ville intelligente\",\"datePublished\":\"2021-11-15T23:24:04+00:00\",\"dateModified\":\"2022-05-02T20:00:14+00:00\",\"mainEntityOfPage\":{\"@id\":\"https:\/\/territorialchallenges.com\/2021\/11\/16\/les-handicapes-et-solutions-de-la-ville-intelligente\/89256\/\"},\"wordCount\":1297,\"commentCount\":0,\"publisher\":{\"@id\":\"https:\/\/territorialchallenges.com\/#organization\"},\"articleSection\":[\"Territoires Intelligents\"],\"inLanguage\":\"de\"},{\"@type\":\"WebPage\",\"@id\":\"https:\/\/territorialchallenges.com\/2021\/11\/16\/les-handicapes-et-solutions-de-la-ville-intelligente\/89256\/\",\"url\":\"https:\/\/territorialchallenges.com\/2021\/11\/16\/les-handicapes-et-solutions-de-la-ville-intelligente\/89256\/\",\"name\":\"Les handicapes et solutions de la ville intelligente - Territorial Challenges\",\"isPartOf\":{\"@id\":\"https:\/\/territorialchallenges.com\/#website\"},\"datePublished\":\"2021-11-15T23:24:04+00:00\",\"dateModified\":\"2022-05-02T20:00:14+00:00\",\"breadcrumb\":{\"@id\":\"https:\/\/territorialchallenges.com\/2021\/11\/16\/les-handicapes-et-solutions-de-la-ville-intelligente\/89256\/#breadcrumb\"},\"inLanguage\":\"de\",\"potentialAction\":[{\"@type\":\"ReadAction\",\"target\":[\"https:\/\/territorialchallenges.com\/2021\/11\/16\/les-handicapes-et-solutions-de-la-ville-intelligente\/89256\/\"]}]},{\"@type\":\"BreadcrumbList\",\"@id\":\"https:\/\/territorialchallenges.com\/2021\/11\/16\/les-handicapes-et-solutions-de-la-ville-intelligente\/89256\/#breadcrumb\",\"itemListElement\":[{\"@type\":\"ListItem\",\"position\":1,\"name\":\"Home\",\"item\":\"https:\/\/territorialchallenges.com\/\"},{\"@type\":\"ListItem\",\"position\":2,\"name\":\"Les handicapes et solutions de la ville intelligente\"}]},{\"@type\":\"WebSite\",\"@id\":\"https:\/\/territorialchallenges.com\/#website\",\"url\":\"https:\/\/territorialchallenges.com\/\",\"name\":\"Territorial Challenges\",\"description\":\"Veille Internationale - Strat\u00e9gie Intelligentes - Bonnes pratiques\",\"publisher\":{\"@id\":\"https:\/\/territorialchallenges.com\/#organization\"},\"potentialAction\":[{\"@type\":\"SearchAction\",\"target\":{\"@type\":\"EntryPoint\",\"urlTemplate\":\"https:\/\/territorialchallenges.com\/?s={search_term_string}\"},\"query-input\":\"required name=search_term_string\"}],\"inLanguage\":\"de\"},{\"@type\":\"Organization\",\"@id\":\"https:\/\/territorialchallenges.com\/#organization\",\"name\":\"Territorial Challenges\",\"url\":\"https:\/\/territorialchallenges.com\/\",\"logo\":{\"@type\":\"ImageObject\",\"inLanguage\":\"de\",\"@id\":\"https:\/\/territorialchallenges.com\/#\/schema\/logo\/image\/\",\"url\":\"https:\/\/territorialchallenges.com\/wp-content\/uploads\/2023\/10\/logo-1.png\",\"contentUrl\":\"https:\/\/territorialchallenges.com\/wp-content\/uploads\/2023\/10\/logo-1.png\",\"width\":1832,\"height\":576,\"caption\":\"Territorial Challenges\"},\"image\":{\"@id\":\"https:\/\/territorialchallenges.com\/#\/schema\/logo\/image\/\"}},{\"@type\":\"Person\",\"@id\":\"https:\/\/territorialchallenges.com\/#\/schema\/person\/098f145c7c61a021c425e010f840080f\",\"name\":\"ni.abdi\",\"image\":{\"@type\":\"ImageObject\",\"inLanguage\":\"de\",\"@id\":\"https:\/\/territorialchallenges.com\/#\/schema\/person\/image\/\",\"url\":\"https:\/\/secure.gravatar.com\/avatar\/2a2f2491f3c80039986ba989b1e4b510?s=96&d=identicon&r=g\",\"contentUrl\":\"https:\/\/secure.gravatar.com\/avatar\/2a2f2491f3c80039986ba989b1e4b510?s=96&d=identicon&r=g\",\"caption\":\"ni.abdi\"},\"sameAs\":[\"https:\/\/twitter.com\/Ni.abdi\"],\"url\":\"https:\/\/territorialchallenges.com\/de\/author\/ni-abdi\/\"}]}<\/script>\n<!-- \/ Yoast SEO plugin. -->","yoast_head_json":{"title":"Les handicapes et solutions de la ville intelligente - Territorial Challenges","robots":{"index":"index","follow":"follow","max-snippet":"max-snippet:-1","max-image-preview":"max-image-preview:large","max-video-preview":"max-video-preview:-1"},"canonical":"https:\/\/territorialchallenges.com\/de\/2021\/11\/16\/les-handicapes-et-solutions-de-la-ville-intelligente\/89256\/","og_locale":"de_DE","og_type":"article","og_title":"Les handicapes et solutions de la ville intelligente - Territorial Challenges","og_description":"En d\u00e9cembre 2016, l&rsquo;expert renomm\u00e9 en cyber-s\u00e9curit\u00e9, Mikko Hypponen, a tweet\u00e9 \u00abSi c&rsquo;est intelligent, c&rsquo;est vuln\u00e9rable\u00bb.\u00a0Cette simple pr\u00e9misse a fait ses preuves \u00e0 maintes reprises au cours des derni\u00e8res ann\u00e9es et notamment depuis le d\u00e9clanchement de la crise sanitaire. Car les capteurs de s\u00e9curit\u00e9 publique ou les syst\u00e8mes de contr\u00f4le industriels laiss\u00e9s sans infrastructure de [&hellip;]","og_url":"https:\/\/territorialchallenges.com\/de\/2021\/11\/16\/les-handicapes-et-solutions-de-la-ville-intelligente\/89256\/","og_site_name":"Territorial Challenges","article_published_time":"2021-11-15T23:24:04+00:00","article_modified_time":"2022-05-02T20:00:14+00:00","og_image":[{"width":1920,"height":639,"url":"https:\/\/territorialchallenges.com\/wp-content\/uploads\/2021\/02\/smartcitiesimage150221.jpg","type":"image\/jpeg"}],"author":"ni.abdi","twitter_card":"summary_large_image","twitter_creator":"@Ni.abdi","twitter_misc":{"Verfasst von":"ni.abdi","Gesch\u00e4tzte Lesezeit":"6\u00a0Minuten"},"schema":{"@context":"https:\/\/schema.org","@graph":[{"@type":"Article","@id":"https:\/\/territorialchallenges.com\/2021\/11\/16\/les-handicapes-et-solutions-de-la-ville-intelligente\/89256\/#article","isPartOf":{"@id":"https:\/\/territorialchallenges.com\/2021\/11\/16\/les-handicapes-et-solutions-de-la-ville-intelligente\/89256\/"},"author":{"name":"ni.abdi","@id":"https:\/\/territorialchallenges.com\/#\/schema\/person\/098f145c7c61a021c425e010f840080f"},"headline":"Les handicapes et solutions de la ville intelligente","datePublished":"2021-11-15T23:24:04+00:00","dateModified":"2022-05-02T20:00:14+00:00","mainEntityOfPage":{"@id":"https:\/\/territorialchallenges.com\/2021\/11\/16\/les-handicapes-et-solutions-de-la-ville-intelligente\/89256\/"},"wordCount":1297,"commentCount":0,"publisher":{"@id":"https:\/\/territorialchallenges.com\/#organization"},"articleSection":["Territoires Intelligents"],"inLanguage":"de"},{"@type":"WebPage","@id":"https:\/\/territorialchallenges.com\/2021\/11\/16\/les-handicapes-et-solutions-de-la-ville-intelligente\/89256\/","url":"https:\/\/territorialchallenges.com\/2021\/11\/16\/les-handicapes-et-solutions-de-la-ville-intelligente\/89256\/","name":"Les handicapes et solutions de la ville intelligente - Territorial Challenges","isPartOf":{"@id":"https:\/\/territorialchallenges.com\/#website"},"datePublished":"2021-11-15T23:24:04+00:00","dateModified":"2022-05-02T20:00:14+00:00","breadcrumb":{"@id":"https:\/\/territorialchallenges.com\/2021\/11\/16\/les-handicapes-et-solutions-de-la-ville-intelligente\/89256\/#breadcrumb"},"inLanguage":"de","potentialAction":[{"@type":"ReadAction","target":["https:\/\/territorialchallenges.com\/2021\/11\/16\/les-handicapes-et-solutions-de-la-ville-intelligente\/89256\/"]}]},{"@type":"BreadcrumbList","@id":"https:\/\/territorialchallenges.com\/2021\/11\/16\/les-handicapes-et-solutions-de-la-ville-intelligente\/89256\/#breadcrumb","itemListElement":[{"@type":"ListItem","position":1,"name":"Home","item":"https:\/\/territorialchallenges.com\/"},{"@type":"ListItem","position":2,"name":"Les handicapes et solutions de la ville intelligente"}]},{"@type":"WebSite","@id":"https:\/\/territorialchallenges.com\/#website","url":"https:\/\/territorialchallenges.com\/","name":"Territoriale Herausforderungen","description":"Internationales Monitoring \u2013 Intelligente Strategien \u2013 Best Practices","publisher":{"@id":"https:\/\/territorialchallenges.com\/#organization"},"potentialAction":[{"@type":"SearchAction","target":{"@type":"EntryPoint","urlTemplate":"https:\/\/territorialchallenges.com\/?s={search_term_string}"},"query-input":"required name=search_term_string"}],"inLanguage":"de"},{"@type":"Organization","@id":"https:\/\/territorialchallenges.com\/#organization","name":"Territoriale Herausforderungen","url":"https:\/\/territorialchallenges.com\/","logo":{"@type":"ImageObject","inLanguage":"de","@id":"https:\/\/territorialchallenges.com\/#\/schema\/logo\/image\/","url":"https:\/\/territorialchallenges.com\/wp-content\/uploads\/2023\/10\/logo-1.png","contentUrl":"https:\/\/territorialchallenges.com\/wp-content\/uploads\/2023\/10\/logo-1.png","width":1832,"height":576,"caption":"Territorial Challenges"},"image":{"@id":"https:\/\/territorialchallenges.com\/#\/schema\/logo\/image\/"}},{"@type":"Person","@id":"https:\/\/territorialchallenges.com\/#\/schema\/person\/098f145c7c61a021c425e010f840080f","name":"ni.abdi","image":{"@type":"ImageObject","inLanguage":"de","@id":"https:\/\/territorialchallenges.com\/#\/schema\/person\/image\/","url":"https:\/\/secure.gravatar.com\/avatar\/2a2f2491f3c80039986ba989b1e4b510?s=96&d=identicon&r=g","contentUrl":"https:\/\/secure.gravatar.com\/avatar\/2a2f2491f3c80039986ba989b1e4b510?s=96&d=identicon&r=g","caption":"ni.abdi"},"sameAs":["https:\/\/twitter.com\/Ni.abdi"],"url":"https:\/\/territorialchallenges.com\/de\/author\/ni-abdi\/"}]}},"_links":{"self":[{"href":"https:\/\/territorialchallenges.com\/de\/wp-json\/wp\/v2\/posts\/89256"}],"collection":[{"href":"https:\/\/territorialchallenges.com\/de\/wp-json\/wp\/v2\/posts"}],"about":[{"href":"https:\/\/territorialchallenges.com\/de\/wp-json\/wp\/v2\/types\/post"}],"author":[{"embeddable":true,"href":"https:\/\/territorialchallenges.com\/de\/wp-json\/wp\/v2\/users\/11"}],"replies":[{"embeddable":true,"href":"https:\/\/territorialchallenges.com\/de\/wp-json\/wp\/v2\/comments?post=89256"}],"version-history":[{"count":1,"href":"https:\/\/territorialchallenges.com\/de\/wp-json\/wp\/v2\/posts\/89256\/revisions"}],"predecessor-version":[{"id":89261,"href":"https:\/\/territorialchallenges.com\/de\/wp-json\/wp\/v2\/posts\/89256\/revisions\/89261"}],"wp:featuredmedia":[{"embeddable":true,"href":"https:\/\/territorialchallenges.com\/de\/wp-json\/wp\/v2\/media\/89257"}],"wp:attachment":[{"href":"https:\/\/territorialchallenges.com\/de\/wp-json\/wp\/v2\/media?parent=89256"}],"wp:term":[{"taxonomy":"category","embeddable":true,"href":"https:\/\/territorialchallenges.com\/de\/wp-json\/wp\/v2\/categories?post=89256"},{"taxonomy":"post_tag","embeddable":true,"href":"https:\/\/territorialchallenges.com\/de\/wp-json\/wp\/v2\/tags?post=89256"}],"curies":[{"name":"wp","href":"https:\/\/api.w.org\/{rel}","templated":true}]}}