{"id":86683,"date":"2020-11-27T19:15:21","date_gmt":"2020-11-27T18:15:21","guid":{"rendered":"https:\/\/territorialchallenges.com\/?p=86683"},"modified":"2020-11-27T19:15:21","modified_gmt":"2020-11-27T18:15:21","slug":"smart-city-comment-le-world-economic-forum-a-t-il-pu-oublier-les-villes-francaises","status":"publish","type":"post","link":"https:\/\/territorialchallenges.com\/de\/2020\/11\/27\/smart-city-comment-le-world-economic-forum-a-t-il-pu-oublier-les-villes-francaises\/86683\/","title":{"rendered":"Smart City: Wie konnte das Weltwirtschaftsforum franz\u00f6sische St\u00e4dte vergessen?"},"content":{"rendered":"<p>Wie jede Woche melde ich mich mit einem Leitartikel zu Ihnen, um Ihnen einen \u00dcberblick \u00fcber alles zu geben, was f\u00fcr ABONNENTEN zum Thema Territoriale Herausforderungen ver\u00f6ffentlicht wurde! Vielen Dank. Am 17. November gab das Weltwirtschaftsforum in Genf seine Auswahl von 36 St\u00e4dten aus 22 L\u00e4ndern und sechs\u2026 bekannt. <\/p>\n<div class=\"pmpro_content_message\">Artikel nur f\u00fcr Abonnenten sichtbar.<br \/><a href=\"https:\/\/territorialchallenges.com\/wp-login.php\">Verbindung<\/a><br \/><a href=\"https:\/\/territorialchallenges.com\/de\/wp-login.php\/?action=register\">Registrieren<\/a><\/div>","protected":false},"excerpt":{"rendered":"<p>Wie jede Woche melde ich mich mit einem Leitartikel, um Ihnen einen \u00dcberblick \u00fcber alles zu geben, was f\u00fcr ABONNENTEN zum Thema Territoriale Herausforderungen ver\u00f6ffentlicht wurde! Vielen Dank. Am 17. November gab das Weltwirtschaftsforum in Genf seine Auswahl von 36 St\u00e4dten aus 22 L\u00e4ndern und sechs... bekannt. <\/p>\n<div class=\"pmpro_content_message\">Artikel nur f\u00fcr Abonnenten sichtbar.<br \/><a href=\"https:\/\/territorialchallenges.com\/wp-login.php\">Verbindung<\/a><br \/><a href=\"https:\/\/territorialchallenges.com\/de\/wp-login.php\/?action=register\">Registrieren<\/a><\/div>","protected":false},"author":11,"featured_media":86684,"comment_status":"open","ping_status":"open","sticky":true,"template":"","format":"standard","meta":{"pmpro_default_level":0,"footnotes":""},"categories":[130,117],"tags":[],"blocksy_meta":"","yoast_head":"<!-- This site is optimized with the Yoast SEO plugin v21.5 - https:\/\/yoast.com\/wordpress\/plugins\/seo\/ -->\n<title>Smart City : Comment le World Economic Forum a-t-il pu oublier les villes fran\u00e7aises ? - Territorial Challenges<\/title>\n<meta name=\"robots\" content=\"index, follow, max-snippet:-1, max-image-preview:large, max-video-preview:-1\" \/>\n<link rel=\"canonical\" href=\"https:\/\/territorialchallenges.com\/de\/2020\/11\/27\/smart-city-comment-le-world-economic-forum-a-t-il-pu-oublier-les-villes-francaises\/86683\/\" \/>\n<meta property=\"og:locale\" content=\"de_DE\" \/>\n<meta property=\"og:type\" content=\"article\" \/>\n<meta property=\"og:title\" content=\"Smart City : Comment le World Economic Forum a-t-il pu oublier les villes fran\u00e7aises ? - Territorial Challenges\" \/>\n<meta property=\"og:description\" content=\"Comme chaque semaine, je viens vers vous avec un \u00e9dito, afin de vous donner un aper\u00e7u de tout ce qui est publi\u00e9 pour les ABONNES sur Territorial Challenges ! Merci \u00e0 vous. Le 17 novembre dernier \u00e0 Gen\u00e8ve, le World Economic Forum a rendu public sa s\u00e9lection, des 36 villes de 22 pays et six [&hellip;]\" \/>\n<meta property=\"og:url\" content=\"https:\/\/territorialchallenges.com\/de\/2020\/11\/27\/smart-city-comment-le-world-economic-forum-a-t-il-pu-oublier-les-villes-francaises\/86683\/\" \/>\n<meta property=\"og:site_name\" content=\"Territorial Challenges\" \/>\n<meta property=\"article:published_time\" content=\"2020-11-27T18:15:21+00:00\" \/>\n<meta property=\"og:image\" content=\"https:\/\/territorialchallenges.com\/wp-content\/uploads\/2020\/11\/reflexionfaiteweforum.jpg\" \/>\n\t<meta property=\"og:image:width\" content=\"1200\" \/>\n\t<meta property=\"og:image:height\" content=\"675\" \/>\n\t<meta property=\"og:image:type\" content=\"image\/jpeg\" \/>\n<meta name=\"author\" content=\"ni.abdi\" \/>\n<meta name=\"twitter:card\" content=\"summary_large_image\" \/>\n<meta name=\"twitter:creator\" content=\"@Ni.abdi\" \/>\n<meta name=\"twitter:label1\" content=\"Verfasst von\" \/>\n\t<meta name=\"twitter:data1\" content=\"ni.abdi\" \/>\n\t<meta name=\"twitter:label2\" content=\"Gesch\u00e4tzte Lesezeit\" \/>\n\t<meta name=\"twitter:data2\" content=\"5\u00a0Minuten\" \/>\n<script type=\"application\/ld+json\" class=\"yoast-schema-graph\">{\"@context\":\"https:\/\/schema.org\",\"@graph\":[{\"@type\":\"Article\",\"@id\":\"https:\/\/territorialchallenges.com\/2020\/11\/27\/smart-city-comment-le-world-economic-forum-a-t-il-pu-oublier-les-villes-francaises\/86683\/#article\",\"isPartOf\":{\"@id\":\"https:\/\/territorialchallenges.com\/2020\/11\/27\/smart-city-comment-le-world-economic-forum-a-t-il-pu-oublier-les-villes-francaises\/86683\/\"},\"author\":{\"name\":\"ni.abdi\",\"@id\":\"https:\/\/territorialchallenges.com\/#\/schema\/person\/098f145c7c61a021c425e010f840080f\"},\"headline\":\"Smart City : Comment le World Economic Forum a-t-il pu oublier les villes fran\u00e7aises ?\",\"datePublished\":\"2020-11-27T18:15:21+00:00\",\"dateModified\":\"2020-11-27T18:15:21+00:00\",\"mainEntityOfPage\":{\"@id\":\"https:\/\/territorialchallenges.com\/2020\/11\/27\/smart-city-comment-le-world-economic-forum-a-t-il-pu-oublier-les-villes-francaises\/86683\/\"},\"wordCount\":989,\"commentCount\":0,\"publisher\":{\"@id\":\"https:\/\/territorialchallenges.com\/#organization\"},\"articleSection\":[\"R\u00e9flexion faite\",\"\u00c9cosyst\u00e8me\"],\"inLanguage\":\"de\"},{\"@type\":\"WebPage\",\"@id\":\"https:\/\/territorialchallenges.com\/2020\/11\/27\/smart-city-comment-le-world-economic-forum-a-t-il-pu-oublier-les-villes-francaises\/86683\/\",\"url\":\"https:\/\/territorialchallenges.com\/2020\/11\/27\/smart-city-comment-le-world-economic-forum-a-t-il-pu-oublier-les-villes-francaises\/86683\/\",\"name\":\"Smart City : Comment le World Economic Forum a-t-il pu oublier les villes fran\u00e7aises ? - Territorial Challenges\",\"isPartOf\":{\"@id\":\"https:\/\/territorialchallenges.com\/#website\"},\"datePublished\":\"2020-11-27T18:15:21+00:00\",\"dateModified\":\"2020-11-27T18:15:21+00:00\",\"breadcrumb\":{\"@id\":\"https:\/\/territorialchallenges.com\/2020\/11\/27\/smart-city-comment-le-world-economic-forum-a-t-il-pu-oublier-les-villes-francaises\/86683\/#breadcrumb\"},\"inLanguage\":\"de\",\"potentialAction\":[{\"@type\":\"ReadAction\",\"target\":[\"https:\/\/territorialchallenges.com\/2020\/11\/27\/smart-city-comment-le-world-economic-forum-a-t-il-pu-oublier-les-villes-francaises\/86683\/\"]}]},{\"@type\":\"BreadcrumbList\",\"@id\":\"https:\/\/territorialchallenges.com\/2020\/11\/27\/smart-city-comment-le-world-economic-forum-a-t-il-pu-oublier-les-villes-francaises\/86683\/#breadcrumb\",\"itemListElement\":[{\"@type\":\"ListItem\",\"position\":1,\"name\":\"Home\",\"item\":\"https:\/\/territorialchallenges.com\/\"},{\"@type\":\"ListItem\",\"position\":2,\"name\":\"Smart City : Comment le World Economic Forum a-t-il pu oublier les villes fran\u00e7aises ?\"}]},{\"@type\":\"WebSite\",\"@id\":\"https:\/\/territorialchallenges.com\/#website\",\"url\":\"https:\/\/territorialchallenges.com\/\",\"name\":\"Territorial Challenges\",\"description\":\"Veille Internationale - Strat\u00e9gie Intelligentes - Bonnes pratiques\",\"publisher\":{\"@id\":\"https:\/\/territorialchallenges.com\/#organization\"},\"potentialAction\":[{\"@type\":\"SearchAction\",\"target\":{\"@type\":\"EntryPoint\",\"urlTemplate\":\"https:\/\/territorialchallenges.com\/?s={search_term_string}\"},\"query-input\":\"required name=search_term_string\"}],\"inLanguage\":\"de\"},{\"@type\":\"Organization\",\"@id\":\"https:\/\/territorialchallenges.com\/#organization\",\"name\":\"Territorial Challenges\",\"url\":\"https:\/\/territorialchallenges.com\/\",\"logo\":{\"@type\":\"ImageObject\",\"inLanguage\":\"de\",\"@id\":\"https:\/\/territorialchallenges.com\/#\/schema\/logo\/image\/\",\"url\":\"https:\/\/territorialchallenges.com\/wp-content\/uploads\/2023\/10\/logo-1.png\",\"contentUrl\":\"https:\/\/territorialchallenges.com\/wp-content\/uploads\/2023\/10\/logo-1.png\",\"width\":1832,\"height\":576,\"caption\":\"Territorial Challenges\"},\"image\":{\"@id\":\"https:\/\/territorialchallenges.com\/#\/schema\/logo\/image\/\"}},{\"@type\":\"Person\",\"@id\":\"https:\/\/territorialchallenges.com\/#\/schema\/person\/098f145c7c61a021c425e010f840080f\",\"name\":\"ni.abdi\",\"image\":{\"@type\":\"ImageObject\",\"inLanguage\":\"de\",\"@id\":\"https:\/\/territorialchallenges.com\/#\/schema\/person\/image\/\",\"url\":\"https:\/\/secure.gravatar.com\/avatar\/2a2f2491f3c80039986ba989b1e4b510?s=96&d=identicon&r=g\",\"contentUrl\":\"https:\/\/secure.gravatar.com\/avatar\/2a2f2491f3c80039986ba989b1e4b510?s=96&d=identicon&r=g\",\"caption\":\"ni.abdi\"},\"sameAs\":[\"https:\/\/twitter.com\/Ni.abdi\"],\"url\":\"https:\/\/territorialchallenges.com\/de\/author\/ni-abdi\/\"}]}<\/script>\n<!-- \/ Yoast SEO plugin. -->","yoast_head_json":{"title":"Smart City: Wie konnte das Weltwirtschaftsforum die franz\u00f6sischen St\u00e4dte vergessen? - Territoriale Herausforderungen","robots":{"index":"index","follow":"follow","max-snippet":"max-snippet:-1","max-image-preview":"max-image-preview:large","max-video-preview":"max-video-preview:-1"},"canonical":"https:\/\/territorialchallenges.com\/de\/2020\/11\/27\/smart-city-comment-le-world-economic-forum-a-t-il-pu-oublier-les-villes-francaises\/86683\/","og_locale":"de_DE","og_type":"article","og_title":"Smart City : Comment le World Economic Forum a-t-il pu oublier les villes fran\u00e7aises ? - Territorial Challenges","og_description":"Comme chaque semaine, je viens vers vous avec un \u00e9dito, afin de vous donner un aper\u00e7u de tout ce qui est publi\u00e9 pour les ABONNES sur Territorial Challenges ! Merci \u00e0 vous. Le 17 novembre dernier \u00e0 Gen\u00e8ve, le World Economic Forum a rendu public sa s\u00e9lection, des 36 villes de 22 pays et six [&hellip;]","og_url":"https:\/\/territorialchallenges.com\/de\/2020\/11\/27\/smart-city-comment-le-world-economic-forum-a-t-il-pu-oublier-les-villes-francaises\/86683\/","og_site_name":"Territorial Challenges","article_published_time":"2020-11-27T18:15:21+00:00","og_image":[{"width":1200,"height":675,"url":"https:\/\/territorialchallenges.com\/wp-content\/uploads\/2020\/11\/reflexionfaiteweforum.jpg","type":"image\/jpeg"}],"author":"ni.abdi","twitter_card":"summary_large_image","twitter_creator":"@Ni.abdi","twitter_misc":{"Verfasst von":"ni.abdi","Gesch\u00e4tzte Lesezeit":"5\u00a0Minuten"},"schema":{"@context":"https:\/\/schema.org","@graph":[{"@type":"Article","@id":"https:\/\/territorialchallenges.com\/2020\/11\/27\/smart-city-comment-le-world-economic-forum-a-t-il-pu-oublier-les-villes-francaises\/86683\/#article","isPartOf":{"@id":"https:\/\/territorialchallenges.com\/2020\/11\/27\/smart-city-comment-le-world-economic-forum-a-t-il-pu-oublier-les-villes-francaises\/86683\/"},"author":{"name":"ni.abdi","@id":"https:\/\/territorialchallenges.com\/#\/schema\/person\/098f145c7c61a021c425e010f840080f"},"headline":"Smart City : Comment le World Economic Forum a-t-il pu oublier les villes fran\u00e7aises ?","datePublished":"2020-11-27T18:15:21+00:00","dateModified":"2020-11-27T18:15:21+00:00","mainEntityOfPage":{"@id":"https:\/\/territorialchallenges.com\/2020\/11\/27\/smart-city-comment-le-world-economic-forum-a-t-il-pu-oublier-les-villes-francaises\/86683\/"},"wordCount":989,"commentCount":0,"publisher":{"@id":"https:\/\/territorialchallenges.com\/#organization"},"articleSection":["R\u00e9flexion faite","\u00c9cosyst\u00e8me"],"inLanguage":"de"},{"@type":"WebPage","@id":"https:\/\/territorialchallenges.com\/2020\/11\/27\/smart-city-comment-le-world-economic-forum-a-t-il-pu-oublier-les-villes-francaises\/86683\/","url":"https:\/\/territorialchallenges.com\/2020\/11\/27\/smart-city-comment-le-world-economic-forum-a-t-il-pu-oublier-les-villes-francaises\/86683\/","name":"Smart City: Wie konnte das Weltwirtschaftsforum die franz\u00f6sischen St\u00e4dte vergessen? - Territoriale Herausforderungen","isPartOf":{"@id":"https:\/\/territorialchallenges.com\/#website"},"datePublished":"2020-11-27T18:15:21+00:00","dateModified":"2020-11-27T18:15:21+00:00","breadcrumb":{"@id":"https:\/\/territorialchallenges.com\/2020\/11\/27\/smart-city-comment-le-world-economic-forum-a-t-il-pu-oublier-les-villes-francaises\/86683\/#breadcrumb"},"inLanguage":"de","potentialAction":[{"@type":"ReadAction","target":["https:\/\/territorialchallenges.com\/2020\/11\/27\/smart-city-comment-le-world-economic-forum-a-t-il-pu-oublier-les-villes-francaises\/86683\/"]}]},{"@type":"BreadcrumbList","@id":"https:\/\/territorialchallenges.com\/2020\/11\/27\/smart-city-comment-le-world-economic-forum-a-t-il-pu-oublier-les-villes-francaises\/86683\/#breadcrumb","itemListElement":[{"@type":"ListItem","position":1,"name":"Home","item":"https:\/\/territorialchallenges.com\/"},{"@type":"ListItem","position":2,"name":"Smart City : Comment le World Economic Forum a-t-il pu oublier les villes fran\u00e7aises ?"}]},{"@type":"WebSite","@id":"https:\/\/territorialchallenges.com\/#website","url":"https:\/\/territorialchallenges.com\/","name":"Territoriale Herausforderungen","description":"Internationales Monitoring \u2013 Intelligente Strategien \u2013 Best Practices","publisher":{"@id":"https:\/\/territorialchallenges.com\/#organization"},"potentialAction":[{"@type":"SearchAction","target":{"@type":"EntryPoint","urlTemplate":"https:\/\/territorialchallenges.com\/?s={search_term_string}"},"query-input":"required name=search_term_string"}],"inLanguage":"de"},{"@type":"Organization","@id":"https:\/\/territorialchallenges.com\/#organization","name":"Territoriale Herausforderungen","url":"https:\/\/territorialchallenges.com\/","logo":{"@type":"ImageObject","inLanguage":"de","@id":"https:\/\/territorialchallenges.com\/#\/schema\/logo\/image\/","url":"https:\/\/territorialchallenges.com\/wp-content\/uploads\/2023\/10\/logo-1.png","contentUrl":"https:\/\/territorialchallenges.com\/wp-content\/uploads\/2023\/10\/logo-1.png","width":1832,"height":576,"caption":"Territorial Challenges"},"image":{"@id":"https:\/\/territorialchallenges.com\/#\/schema\/logo\/image\/"}},{"@type":"Person","@id":"https:\/\/territorialchallenges.com\/#\/schema\/person\/098f145c7c61a021c425e010f840080f","name":"ni.abdi","image":{"@type":"ImageObject","inLanguage":"de","@id":"https:\/\/territorialchallenges.com\/#\/schema\/person\/image\/","url":"https:\/\/secure.gravatar.com\/avatar\/2a2f2491f3c80039986ba989b1e4b510?s=96&d=identicon&r=g","contentUrl":"https:\/\/secure.gravatar.com\/avatar\/2a2f2491f3c80039986ba989b1e4b510?s=96&d=identicon&r=g","caption":"ni.abdi"},"sameAs":["https:\/\/twitter.com\/Ni.abdi"],"url":"https:\/\/territorialchallenges.com\/de\/author\/ni-abdi\/"}]}},"_links":{"self":[{"href":"https:\/\/territorialchallenges.com\/de\/wp-json\/wp\/v2\/posts\/86683"}],"collection":[{"href":"https:\/\/territorialchallenges.com\/de\/wp-json\/wp\/v2\/posts"}],"about":[{"href":"https:\/\/territorialchallenges.com\/de\/wp-json\/wp\/v2\/types\/post"}],"author":[{"embeddable":true,"href":"https:\/\/territorialchallenges.com\/de\/wp-json\/wp\/v2\/users\/11"}],"replies":[{"embeddable":true,"href":"https:\/\/territorialchallenges.com\/de\/wp-json\/wp\/v2\/comments?post=86683"}],"version-history":[{"count":1,"href":"https:\/\/territorialchallenges.com\/de\/wp-json\/wp\/v2\/posts\/86683\/revisions"}],"predecessor-version":[{"id":86688,"href":"https:\/\/territorialchallenges.com\/de\/wp-json\/wp\/v2\/posts\/86683\/revisions\/86688"}],"wp:featuredmedia":[{"embeddable":true,"href":"https:\/\/territorialchallenges.com\/de\/wp-json\/wp\/v2\/media\/86684"}],"wp:attachment":[{"href":"https:\/\/territorialchallenges.com\/de\/wp-json\/wp\/v2\/media?parent=86683"}],"wp:term":[{"taxonomy":"category","embeddable":true,"href":"https:\/\/territorialchallenges.com\/de\/wp-json\/wp\/v2\/categories?post=86683"},{"taxonomy":"post_tag","embeddable":true,"href":"https:\/\/territorialchallenges.com\/de\/wp-json\/wp\/v2\/tags?post=86683"}],"curies":[{"name":"wp","href":"https:\/\/api.w.org\/{rel}","templated":true}]}}