{"id":86277,"date":"2020-09-28T22:11:41","date_gmt":"2020-09-28T20:11:41","guid":{"rendered":"https:\/\/territorialchallenges.com\/?p=86277"},"modified":"2020-09-28T22:11:41","modified_gmt":"2020-09-28T20:11:41","slug":"la-competition-saccelere-entre-les-villes-intelligentes-durant-le-covid-19","status":"publish","type":"post","link":"https:\/\/territorialchallenges.com\/de\/2020\/09\/28\/la-competition-saccelere-entre-les-villes-intelligentes-durant-le-covid-19\/86277\/","title":{"rendered":"Der Wettbewerb zwischen Smart Cities versch\u00e4rft sich w\u00e4hrend COVID-19"},"content":{"rendered":"<p>Der im September dieses Jahres vorgestellte \u201eSmart City Index 2020\u201c bekr\u00e4ftigt die Vision von Territorial Challenges, dass bew\u00e4hrte Verfahren im digitalen Wandel von Gebieten durch internationale und nicht nationale Wettbewerbe gemessen werden. Erstellt von der IMD Business School (Lausanne Management Institute in der Schweiz) und der Universit\u00e4t\u2026 <\/p>\n<div class=\"pmpro_content_message\">Artikel nur f\u00fcr Abonnenten sichtbar.<br \/><a href=\"https:\/\/territorialchallenges.com\/wp-login.php\">Verbindung<\/a><br \/><a href=\"https:\/\/territorialchallenges.com\/de\/wp-login.php\/?action=register\">Registrieren<\/a><\/div>","protected":false},"excerpt":{"rendered":"<p>D\u00e9voil\u00e9 durant ce mois de septembre, le \u00ab\u00a0Smart City Index 2020\u00a0\u00bb conforte la vision de Territorial Challenges que les bonnes pratiques en mati\u00e8re de transition num\u00e9rique des territoires, auront pour \u00ab\u00a0unit\u00e9 de mesure\u00a0\u00bb les comp\u00e9titions internationales et non pas nationales. \u00a0R\u00e9alis\u00e9 par l&rsquo;IMD Business School (institut de management de Lausanne en Suisse) et l&rsquo;Universit\u00e9 de... <\/p>\n<div class=\"pmpro_content_message\">Artikel nur f\u00fcr Abonnenten sichtbar.<br \/><a href=\"https:\/\/territorialchallenges.com\/wp-login.php\">Verbindung<\/a><br \/><a href=\"https:\/\/territorialchallenges.com\/de\/wp-login.php\/?action=register\">Registrieren<\/a><\/div>","protected":false},"author":11,"featured_media":86278,"comment_status":"open","ping_status":"open","sticky":true,"template":"","format":"standard","meta":{"pmpro_default_level":0,"footnotes":""},"categories":[130,117],"tags":[],"blocksy_meta":"","yoast_head":"<!-- This site is optimized with the Yoast SEO plugin v21.5 - https:\/\/yoast.com\/wordpress\/plugins\/seo\/ -->\n<title>La comp\u00e9tition s&#039;acc\u00e9l\u00e8re entre les villes intelligentes durant le COVID 19 - Territorial Challenges<\/title>\n<meta name=\"robots\" content=\"index, follow, max-snippet:-1, max-image-preview:large, max-video-preview:-1\" \/>\n<link rel=\"canonical\" href=\"https:\/\/territorialchallenges.com\/de\/2020\/09\/28\/la-competition-saccelere-entre-les-villes-intelligentes-durant-le-covid-19\/86277\/\" \/>\n<meta property=\"og:locale\" content=\"de_DE\" \/>\n<meta property=\"og:type\" content=\"article\" \/>\n<meta property=\"og:title\" content=\"La comp\u00e9tition s&#039;acc\u00e9l\u00e8re entre les villes intelligentes durant le COVID 19 - Territorial Challenges\" \/>\n<meta property=\"og:description\" content=\"D\u00e9voil\u00e9 durant ce mois de septembre, le \u00ab\u00a0Smart City Index 2020\u00a0\u00bb conforte la vision de Territorial Challenges que les bonnes pratiques en mati\u00e8re de transition num\u00e9rique des territoires, auront pour \u00ab\u00a0unit\u00e9 de mesure\u00a0\u00bb les comp\u00e9titions internationales et non pas nationales. \u00a0R\u00e9alis\u00e9 par l&rsquo;IMD Business School (institut de management de Lausanne en Suisse) et l&rsquo;Universit\u00e9 de [&hellip;]\" \/>\n<meta property=\"og:url\" content=\"https:\/\/territorialchallenges.com\/de\/2020\/09\/28\/la-competition-saccelere-entre-les-villes-intelligentes-durant-le-covid-19\/86277\/\" \/>\n<meta property=\"og:site_name\" content=\"Territorial Challenges\" \/>\n<meta property=\"article:published_time\" content=\"2020-09-28T20:11:41+00:00\" \/>\n<meta property=\"og:image\" content=\"https:\/\/territorialchallenges.com\/wp-content\/uploads\/2020\/09\/businessman-4194853_1920.jpg\" \/>\n\t<meta property=\"og:image:width\" content=\"1920\" \/>\n\t<meta property=\"og:image:height\" content=\"905\" \/>\n\t<meta property=\"og:image:type\" content=\"image\/jpeg\" \/>\n<meta name=\"author\" content=\"ni.abdi\" \/>\n<meta name=\"twitter:card\" content=\"summary_large_image\" \/>\n<meta name=\"twitter:creator\" content=\"@Ni.abdi\" \/>\n<meta name=\"twitter:label1\" content=\"Verfasst von\" \/>\n\t<meta name=\"twitter:data1\" content=\"ni.abdi\" \/>\n\t<meta name=\"twitter:label2\" content=\"Gesch\u00e4tzte Lesezeit\" \/>\n\t<meta name=\"twitter:data2\" content=\"4\u00a0Minuten\" \/>\n<script type=\"application\/ld+json\" class=\"yoast-schema-graph\">{\"@context\":\"https:\/\/schema.org\",\"@graph\":[{\"@type\":\"Article\",\"@id\":\"https:\/\/territorialchallenges.com\/2020\/09\/28\/la-competition-saccelere-entre-les-villes-intelligentes-durant-le-covid-19\/86277\/#article\",\"isPartOf\":{\"@id\":\"https:\/\/territorialchallenges.com\/2020\/09\/28\/la-competition-saccelere-entre-les-villes-intelligentes-durant-le-covid-19\/86277\/\"},\"author\":{\"name\":\"ni.abdi\",\"@id\":\"https:\/\/territorialchallenges.com\/#\/schema\/person\/098f145c7c61a021c425e010f840080f\"},\"headline\":\"La comp\u00e9tition s&rsquo;acc\u00e9l\u00e8re entre les villes intelligentes durant le COVID 19\",\"datePublished\":\"2020-09-28T20:11:41+00:00\",\"dateModified\":\"2020-09-28T20:11:41+00:00\",\"mainEntityOfPage\":{\"@id\":\"https:\/\/territorialchallenges.com\/2020\/09\/28\/la-competition-saccelere-entre-les-villes-intelligentes-durant-le-covid-19\/86277\/\"},\"wordCount\":776,\"commentCount\":0,\"publisher\":{\"@id\":\"https:\/\/territorialchallenges.com\/#organization\"},\"articleSection\":[\"R\u00e9flexion faite\",\"\u00c9cosyst\u00e8me\"],\"inLanguage\":\"de\"},{\"@type\":\"WebPage\",\"@id\":\"https:\/\/territorialchallenges.com\/2020\/09\/28\/la-competition-saccelere-entre-les-villes-intelligentes-durant-le-covid-19\/86277\/\",\"url\":\"https:\/\/territorialchallenges.com\/2020\/09\/28\/la-competition-saccelere-entre-les-villes-intelligentes-durant-le-covid-19\/86277\/\",\"name\":\"La comp\u00e9tition s'acc\u00e9l\u00e8re entre les villes intelligentes durant le COVID 19 - Territorial Challenges\",\"isPartOf\":{\"@id\":\"https:\/\/territorialchallenges.com\/#website\"},\"datePublished\":\"2020-09-28T20:11:41+00:00\",\"dateModified\":\"2020-09-28T20:11:41+00:00\",\"breadcrumb\":{\"@id\":\"https:\/\/territorialchallenges.com\/2020\/09\/28\/la-competition-saccelere-entre-les-villes-intelligentes-durant-le-covid-19\/86277\/#breadcrumb\"},\"inLanguage\":\"de\",\"potentialAction\":[{\"@type\":\"ReadAction\",\"target\":[\"https:\/\/territorialchallenges.com\/2020\/09\/28\/la-competition-saccelere-entre-les-villes-intelligentes-durant-le-covid-19\/86277\/\"]}]},{\"@type\":\"BreadcrumbList\",\"@id\":\"https:\/\/territorialchallenges.com\/2020\/09\/28\/la-competition-saccelere-entre-les-villes-intelligentes-durant-le-covid-19\/86277\/#breadcrumb\",\"itemListElement\":[{\"@type\":\"ListItem\",\"position\":1,\"name\":\"Home\",\"item\":\"https:\/\/territorialchallenges.com\/\"},{\"@type\":\"ListItem\",\"position\":2,\"name\":\"La comp\u00e9tition s&rsquo;acc\u00e9l\u00e8re entre les villes intelligentes durant le COVID 19\"}]},{\"@type\":\"WebSite\",\"@id\":\"https:\/\/territorialchallenges.com\/#website\",\"url\":\"https:\/\/territorialchallenges.com\/\",\"name\":\"Territorial Challenges\",\"description\":\"Veille Internationale - Strat\u00e9gie Intelligentes - Bonnes pratiques\",\"publisher\":{\"@id\":\"https:\/\/territorialchallenges.com\/#organization\"},\"potentialAction\":[{\"@type\":\"SearchAction\",\"target\":{\"@type\":\"EntryPoint\",\"urlTemplate\":\"https:\/\/territorialchallenges.com\/?s={search_term_string}\"},\"query-input\":\"required name=search_term_string\"}],\"inLanguage\":\"de\"},{\"@type\":\"Organization\",\"@id\":\"https:\/\/territorialchallenges.com\/#organization\",\"name\":\"Territorial Challenges\",\"url\":\"https:\/\/territorialchallenges.com\/\",\"logo\":{\"@type\":\"ImageObject\",\"inLanguage\":\"de\",\"@id\":\"https:\/\/territorialchallenges.com\/#\/schema\/logo\/image\/\",\"url\":\"https:\/\/territorialchallenges.com\/wp-content\/uploads\/2023\/10\/logo-1.png\",\"contentUrl\":\"https:\/\/territorialchallenges.com\/wp-content\/uploads\/2023\/10\/logo-1.png\",\"width\":1832,\"height\":576,\"caption\":\"Territorial Challenges\"},\"image\":{\"@id\":\"https:\/\/territorialchallenges.com\/#\/schema\/logo\/image\/\"}},{\"@type\":\"Person\",\"@id\":\"https:\/\/territorialchallenges.com\/#\/schema\/person\/098f145c7c61a021c425e010f840080f\",\"name\":\"ni.abdi\",\"image\":{\"@type\":\"ImageObject\",\"inLanguage\":\"de\",\"@id\":\"https:\/\/territorialchallenges.com\/#\/schema\/person\/image\/\",\"url\":\"https:\/\/secure.gravatar.com\/avatar\/2a2f2491f3c80039986ba989b1e4b510?s=96&d=identicon&r=g\",\"contentUrl\":\"https:\/\/secure.gravatar.com\/avatar\/2a2f2491f3c80039986ba989b1e4b510?s=96&d=identicon&r=g\",\"caption\":\"ni.abdi\"},\"sameAs\":[\"https:\/\/twitter.com\/Ni.abdi\"],\"url\":\"https:\/\/territorialchallenges.com\/de\/author\/ni-abdi\/\"}]}<\/script>\n<!-- \/ Yoast SEO plugin. -->","yoast_head_json":{"title":"La comp\u00e9tition s'acc\u00e9l\u00e8re entre les villes intelligentes durant le COVID 19 - Territorial Challenges","robots":{"index":"index","follow":"follow","max-snippet":"max-snippet:-1","max-image-preview":"max-image-preview:large","max-video-preview":"max-video-preview:-1"},"canonical":"https:\/\/territorialchallenges.com\/de\/2020\/09\/28\/la-competition-saccelere-entre-les-villes-intelligentes-durant-le-covid-19\/86277\/","og_locale":"de_DE","og_type":"article","og_title":"La comp\u00e9tition s'acc\u00e9l\u00e8re entre les villes intelligentes durant le COVID 19 - Territorial Challenges","og_description":"D\u00e9voil\u00e9 durant ce mois de septembre, le \u00ab\u00a0Smart City Index 2020\u00a0\u00bb conforte la vision de Territorial Challenges que les bonnes pratiques en mati\u00e8re de transition num\u00e9rique des territoires, auront pour \u00ab\u00a0unit\u00e9 de mesure\u00a0\u00bb les comp\u00e9titions internationales et non pas nationales. \u00a0R\u00e9alis\u00e9 par l&rsquo;IMD Business School (institut de management de Lausanne en Suisse) et l&rsquo;Universit\u00e9 de [&hellip;]","og_url":"https:\/\/territorialchallenges.com\/de\/2020\/09\/28\/la-competition-saccelere-entre-les-villes-intelligentes-durant-le-covid-19\/86277\/","og_site_name":"Territorial Challenges","article_published_time":"2020-09-28T20:11:41+00:00","og_image":[{"width":1920,"height":905,"url":"https:\/\/territorialchallenges.com\/wp-content\/uploads\/2020\/09\/businessman-4194853_1920.jpg","type":"image\/jpeg"}],"author":"ni.abdi","twitter_card":"summary_large_image","twitter_creator":"@Ni.abdi","twitter_misc":{"Verfasst von":"ni.abdi","Gesch\u00e4tzte Lesezeit":"4\u00a0Minuten"},"schema":{"@context":"https:\/\/schema.org","@graph":[{"@type":"Article","@id":"https:\/\/territorialchallenges.com\/2020\/09\/28\/la-competition-saccelere-entre-les-villes-intelligentes-durant-le-covid-19\/86277\/#article","isPartOf":{"@id":"https:\/\/territorialchallenges.com\/2020\/09\/28\/la-competition-saccelere-entre-les-villes-intelligentes-durant-le-covid-19\/86277\/"},"author":{"name":"ni.abdi","@id":"https:\/\/territorialchallenges.com\/#\/schema\/person\/098f145c7c61a021c425e010f840080f"},"headline":"La comp\u00e9tition s&rsquo;acc\u00e9l\u00e8re entre les villes intelligentes durant le COVID 19","datePublished":"2020-09-28T20:11:41+00:00","dateModified":"2020-09-28T20:11:41+00:00","mainEntityOfPage":{"@id":"https:\/\/territorialchallenges.com\/2020\/09\/28\/la-competition-saccelere-entre-les-villes-intelligentes-durant-le-covid-19\/86277\/"},"wordCount":776,"commentCount":0,"publisher":{"@id":"https:\/\/territorialchallenges.com\/#organization"},"articleSection":["R\u00e9flexion faite","\u00c9cosyst\u00e8me"],"inLanguage":"de"},{"@type":"WebPage","@id":"https:\/\/territorialchallenges.com\/2020\/09\/28\/la-competition-saccelere-entre-les-villes-intelligentes-durant-le-covid-19\/86277\/","url":"https:\/\/territorialchallenges.com\/2020\/09\/28\/la-competition-saccelere-entre-les-villes-intelligentes-durant-le-covid-19\/86277\/","name":"La comp\u00e9tition s'acc\u00e9l\u00e8re entre les villes intelligentes durant le COVID 19 - Territorial Challenges","isPartOf":{"@id":"https:\/\/territorialchallenges.com\/#website"},"datePublished":"2020-09-28T20:11:41+00:00","dateModified":"2020-09-28T20:11:41+00:00","breadcrumb":{"@id":"https:\/\/territorialchallenges.com\/2020\/09\/28\/la-competition-saccelere-entre-les-villes-intelligentes-durant-le-covid-19\/86277\/#breadcrumb"},"inLanguage":"de","potentialAction":[{"@type":"ReadAction","target":["https:\/\/territorialchallenges.com\/2020\/09\/28\/la-competition-saccelere-entre-les-villes-intelligentes-durant-le-covid-19\/86277\/"]}]},{"@type":"BreadcrumbList","@id":"https:\/\/territorialchallenges.com\/2020\/09\/28\/la-competition-saccelere-entre-les-villes-intelligentes-durant-le-covid-19\/86277\/#breadcrumb","itemListElement":[{"@type":"ListItem","position":1,"name":"Home","item":"https:\/\/territorialchallenges.com\/"},{"@type":"ListItem","position":2,"name":"La comp\u00e9tition s&rsquo;acc\u00e9l\u00e8re entre les villes intelligentes durant le COVID 19"}]},{"@type":"WebSite","@id":"https:\/\/territorialchallenges.com\/#website","url":"https:\/\/territorialchallenges.com\/","name":"Territoriale Herausforderungen","description":"Internationales Monitoring \u2013 Intelligente Strategien \u2013 Best Practices","publisher":{"@id":"https:\/\/territorialchallenges.com\/#organization"},"potentialAction":[{"@type":"SearchAction","target":{"@type":"EntryPoint","urlTemplate":"https:\/\/territorialchallenges.com\/?s={search_term_string}"},"query-input":"required name=search_term_string"}],"inLanguage":"de"},{"@type":"Organization","@id":"https:\/\/territorialchallenges.com\/#organization","name":"Territoriale Herausforderungen","url":"https:\/\/territorialchallenges.com\/","logo":{"@type":"ImageObject","inLanguage":"de","@id":"https:\/\/territorialchallenges.com\/#\/schema\/logo\/image\/","url":"https:\/\/territorialchallenges.com\/wp-content\/uploads\/2023\/10\/logo-1.png","contentUrl":"https:\/\/territorialchallenges.com\/wp-content\/uploads\/2023\/10\/logo-1.png","width":1832,"height":576,"caption":"Territorial Challenges"},"image":{"@id":"https:\/\/territorialchallenges.com\/#\/schema\/logo\/image\/"}},{"@type":"Person","@id":"https:\/\/territorialchallenges.com\/#\/schema\/person\/098f145c7c61a021c425e010f840080f","name":"ni.abdi","image":{"@type":"ImageObject","inLanguage":"de","@id":"https:\/\/territorialchallenges.com\/#\/schema\/person\/image\/","url":"https:\/\/secure.gravatar.com\/avatar\/2a2f2491f3c80039986ba989b1e4b510?s=96&d=identicon&r=g","contentUrl":"https:\/\/secure.gravatar.com\/avatar\/2a2f2491f3c80039986ba989b1e4b510?s=96&d=identicon&r=g","caption":"ni.abdi"},"sameAs":["https:\/\/twitter.com\/Ni.abdi"],"url":"https:\/\/territorialchallenges.com\/de\/author\/ni-abdi\/"}]}},"_links":{"self":[{"href":"https:\/\/territorialchallenges.com\/de\/wp-json\/wp\/v2\/posts\/86277"}],"collection":[{"href":"https:\/\/territorialchallenges.com\/de\/wp-json\/wp\/v2\/posts"}],"about":[{"href":"https:\/\/territorialchallenges.com\/de\/wp-json\/wp\/v2\/types\/post"}],"author":[{"embeddable":true,"href":"https:\/\/territorialchallenges.com\/de\/wp-json\/wp\/v2\/users\/11"}],"replies":[{"embeddable":true,"href":"https:\/\/territorialchallenges.com\/de\/wp-json\/wp\/v2\/comments?post=86277"}],"version-history":[{"count":1,"href":"https:\/\/territorialchallenges.com\/de\/wp-json\/wp\/v2\/posts\/86277\/revisions"}],"predecessor-version":[{"id":86282,"href":"https:\/\/territorialchallenges.com\/de\/wp-json\/wp\/v2\/posts\/86277\/revisions\/86282"}],"wp:featuredmedia":[{"embeddable":true,"href":"https:\/\/territorialchallenges.com\/de\/wp-json\/wp\/v2\/media\/86278"}],"wp:attachment":[{"href":"https:\/\/territorialchallenges.com\/de\/wp-json\/wp\/v2\/media?parent=86277"}],"wp:term":[{"taxonomy":"category","embeddable":true,"href":"https:\/\/territorialchallenges.com\/de\/wp-json\/wp\/v2\/categories?post=86277"},{"taxonomy":"post_tag","embeddable":true,"href":"https:\/\/territorialchallenges.com\/de\/wp-json\/wp\/v2\/tags?post=86277"}],"curies":[{"name":"wp","href":"https:\/\/api.w.org\/{rel}","templated":true}]}}