{"id":85664,"date":"2020-06-18T23:47:45","date_gmt":"2020-06-18T21:47:45","guid":{"rendered":"https:\/\/territorialchallenges.com\/?p=85664"},"modified":"2020-06-19T00:11:59","modified_gmt":"2020-06-18T22:11:59","slug":"luciano-floridi-le-philisophe-de-nos-vies-numeriques-en-plein-covid-19","status":"publish","type":"post","link":"https:\/\/territorialchallenges.com\/de\/2020\/06\/18\/luciano-floridi-le-philisophe-de-nos-vies-numeriques-en-plein-covid-19\/85664\/","title":{"rendered":"Luciano Floridi: Der Philosoph unseres digitalen Lebens inmitten von COVID-19"},"content":{"rendered":"<p>Es war im vergangenen Oktober in Rom. Am Er\u00f6ffnungsabend der Fachmesse FAIRE, einer Veranstaltung, die sich der technologischen Innovation widmet, wirkte der Philosoph auf das Publikum etwas fehl am Platz, als er mit sanfter Stimme Louis Pasteur als Inbegriff der Innovation vorstellte. Vier Monate sp\u00e4ter, mitten in einer Pandemie, streiten sich die Medien in Italien um diesen Lehrer \u2026 <\/p>\n<div class=\"pmpro_content_message\">Artikel nur f\u00fcr Abonnenten sichtbar.<br \/><a href=\"https:\/\/territorialchallenges.com\/wp-login.php\">Verbindung<\/a><br \/><a href=\"https:\/\/territorialchallenges.com\/de\/wp-login.php\/?action=register\">Registrieren<\/a><\/div>","protected":false},"excerpt":{"rendered":"<p>C&rsquo;\u00e9tait \u00e0 Rome en octobre dernier. Lors de la soir\u00e9e d&rsquo;inauguration du salon FAIRE, \u00e9v\u00e8nement d\u00e9di\u00e9 \u00e0 l&rsquo;innovation technologique, le philosophe a sembl\u00e9 \u00e0 l&rsquo;assistance un peu d\u00e9cal\u00e9, lorsqu&rsquo;il a de sa douce voix, pr\u00e9sent\u00e9 Louis Pasteur, comme la quintessence de l&rsquo;innovation. 4 mois apr\u00e8s, en plein pand\u00e9mie, en Italie les m\u00e9dias s&rsquo;arrachent cet enseignant... <\/p>\n<div class=\"pmpro_content_message\">Artikel nur f\u00fcr Abonnenten sichtbar.<br \/><a href=\"https:\/\/territorialchallenges.com\/wp-login.php\">Verbindung<\/a><br \/><a href=\"https:\/\/territorialchallenges.com\/de\/wp-login.php\/?action=register\">Registrieren<\/a><\/div>","protected":false},"author":11,"featured_media":85665,"comment_status":"open","ping_status":"open","sticky":true,"template":"","format":"standard","meta":{"pmpro_default_level":0,"footnotes":""},"categories":[126,117],"tags":[],"blocksy_meta":"","yoast_head":"<!-- This site is optimized with the Yoast SEO plugin v21.5 - https:\/\/yoast.com\/wordpress\/plugins\/seo\/ -->\n<title>Luciano Floridi: Le philisophe de nos vies num\u00e9riques en plein COVID 19 - Territorial Challenges<\/title>\n<meta name=\"robots\" content=\"index, follow, max-snippet:-1, max-image-preview:large, max-video-preview:-1\" \/>\n<link rel=\"canonical\" href=\"https:\/\/territorialchallenges.com\/de\/2020\/06\/18\/luciano-floridi-le-philisophe-de-nos-vies-numeriques-en-plein-covid-19\/85664\/\" \/>\n<meta property=\"og:locale\" content=\"de_DE\" \/>\n<meta property=\"og:type\" content=\"article\" \/>\n<meta property=\"og:title\" content=\"Luciano Floridi: Le philisophe de nos vies num\u00e9riques en plein COVID 19 - Territorial Challenges\" \/>\n<meta property=\"og:description\" content=\"C&rsquo;\u00e9tait \u00e0 Rome en octobre dernier. Lors de la soir\u00e9e d&rsquo;inauguration du salon FAIRE, \u00e9v\u00e8nement d\u00e9di\u00e9 \u00e0 l&rsquo;innovation technologique, le philosophe a sembl\u00e9 \u00e0 l&rsquo;assistance un peu d\u00e9cal\u00e9, lorsqu&rsquo;il a de sa douce voix, pr\u00e9sent\u00e9 Louis Pasteur, comme la quintessence de l&rsquo;innovation. 4 mois apr\u00e8s, en plein pand\u00e9mie, en Italie les m\u00e9dias s&rsquo;arrachent cet enseignant [&hellip;]\" \/>\n<meta property=\"og:url\" content=\"https:\/\/territorialchallenges.com\/de\/2020\/06\/18\/luciano-floridi-le-philisophe-de-nos-vies-numeriques-en-plein-covid-19\/85664\/\" \/>\n<meta property=\"og:site_name\" content=\"Territorial Challenges\" \/>\n<meta property=\"article:published_time\" content=\"2020-06-18T21:47:45+00:00\" \/>\n<meta property=\"article:modified_time\" content=\"2020-06-18T22:11:59+00:00\" \/>\n<meta property=\"og:image\" content=\"https:\/\/territorialchallenges.com\/wp-content\/uploads\/2020\/06\/Luciano-Floridi-6-photo-courtesy-of-Ian-Scott-2016-1024x527.jpg\" \/>\n\t<meta property=\"og:image:width\" content=\"1024\" \/>\n\t<meta property=\"og:image:height\" content=\"527\" \/>\n\t<meta property=\"og:image:type\" content=\"image\/jpeg\" \/>\n<meta name=\"author\" content=\"ni.abdi\" \/>\n<meta name=\"twitter:card\" content=\"summary_large_image\" \/>\n<meta name=\"twitter:creator\" content=\"@Ni.abdi\" \/>\n<meta name=\"twitter:label1\" content=\"Verfasst von\" \/>\n\t<meta name=\"twitter:data1\" content=\"ni.abdi\" \/>\n\t<meta name=\"twitter:label2\" content=\"Gesch\u00e4tzte Lesezeit\" \/>\n\t<meta name=\"twitter:data2\" content=\"4\u00a0Minuten\" \/>\n<script type=\"application\/ld+json\" class=\"yoast-schema-graph\">{\"@context\":\"https:\/\/schema.org\",\"@graph\":[{\"@type\":\"Article\",\"@id\":\"https:\/\/territorialchallenges.com\/2020\/06\/18\/luciano-floridi-le-philisophe-de-nos-vies-numeriques-en-plein-covid-19\/85664\/#article\",\"isPartOf\":{\"@id\":\"https:\/\/territorialchallenges.com\/2020\/06\/18\/luciano-floridi-le-philisophe-de-nos-vies-numeriques-en-plein-covid-19\/85664\/\"},\"author\":{\"name\":\"ni.abdi\",\"@id\":\"https:\/\/territorialchallenges.com\/#\/schema\/person\/098f145c7c61a021c425e010f840080f\"},\"headline\":\"Luciano Floridi: Le philisophe de nos vies num\u00e9riques en plein COVID 19\",\"datePublished\":\"2020-06-18T21:47:45+00:00\",\"dateModified\":\"2020-06-18T22:11:59+00:00\",\"mainEntityOfPage\":{\"@id\":\"https:\/\/territorialchallenges.com\/2020\/06\/18\/luciano-floridi-le-philisophe-de-nos-vies-numeriques-en-plein-covid-19\/85664\/\"},\"wordCount\":890,\"commentCount\":0,\"publisher\":{\"@id\":\"https:\/\/territorialchallenges.com\/#organization\"},\"articleSection\":[\"On parle d'eux\",\"\u00c9cosyst\u00e8me\"],\"inLanguage\":\"de\"},{\"@type\":\"WebPage\",\"@id\":\"https:\/\/territorialchallenges.com\/2020\/06\/18\/luciano-floridi-le-philisophe-de-nos-vies-numeriques-en-plein-covid-19\/85664\/\",\"url\":\"https:\/\/territorialchallenges.com\/2020\/06\/18\/luciano-floridi-le-philisophe-de-nos-vies-numeriques-en-plein-covid-19\/85664\/\",\"name\":\"Luciano Floridi: Le philisophe de nos vies num\u00e9riques en plein COVID 19 - Territorial Challenges\",\"isPartOf\":{\"@id\":\"https:\/\/territorialchallenges.com\/#website\"},\"datePublished\":\"2020-06-18T21:47:45+00:00\",\"dateModified\":\"2020-06-18T22:11:59+00:00\",\"breadcrumb\":{\"@id\":\"https:\/\/territorialchallenges.com\/2020\/06\/18\/luciano-floridi-le-philisophe-de-nos-vies-numeriques-en-plein-covid-19\/85664\/#breadcrumb\"},\"inLanguage\":\"de\",\"potentialAction\":[{\"@type\":\"ReadAction\",\"target\":[\"https:\/\/territorialchallenges.com\/2020\/06\/18\/luciano-floridi-le-philisophe-de-nos-vies-numeriques-en-plein-covid-19\/85664\/\"]}]},{\"@type\":\"BreadcrumbList\",\"@id\":\"https:\/\/territorialchallenges.com\/2020\/06\/18\/luciano-floridi-le-philisophe-de-nos-vies-numeriques-en-plein-covid-19\/85664\/#breadcrumb\",\"itemListElement\":[{\"@type\":\"ListItem\",\"position\":1,\"name\":\"Home\",\"item\":\"https:\/\/territorialchallenges.com\/\"},{\"@type\":\"ListItem\",\"position\":2,\"name\":\"Luciano Floridi: Le philisophe de nos vies num\u00e9riques en plein COVID 19\"}]},{\"@type\":\"WebSite\",\"@id\":\"https:\/\/territorialchallenges.com\/#website\",\"url\":\"https:\/\/territorialchallenges.com\/\",\"name\":\"Territorial Challenges\",\"description\":\"Veille Internationale - Strat\u00e9gie Intelligentes - Bonnes pratiques\",\"publisher\":{\"@id\":\"https:\/\/territorialchallenges.com\/#organization\"},\"potentialAction\":[{\"@type\":\"SearchAction\",\"target\":{\"@type\":\"EntryPoint\",\"urlTemplate\":\"https:\/\/territorialchallenges.com\/?s={search_term_string}\"},\"query-input\":\"required name=search_term_string\"}],\"inLanguage\":\"de\"},{\"@type\":\"Organization\",\"@id\":\"https:\/\/territorialchallenges.com\/#organization\",\"name\":\"Territorial Challenges\",\"url\":\"https:\/\/territorialchallenges.com\/\",\"logo\":{\"@type\":\"ImageObject\",\"inLanguage\":\"de\",\"@id\":\"https:\/\/territorialchallenges.com\/#\/schema\/logo\/image\/\",\"url\":\"https:\/\/territorialchallenges.com\/wp-content\/uploads\/2023\/10\/logo-1.png\",\"contentUrl\":\"https:\/\/territorialchallenges.com\/wp-content\/uploads\/2023\/10\/logo-1.png\",\"width\":1832,\"height\":576,\"caption\":\"Territorial Challenges\"},\"image\":{\"@id\":\"https:\/\/territorialchallenges.com\/#\/schema\/logo\/image\/\"}},{\"@type\":\"Person\",\"@id\":\"https:\/\/territorialchallenges.com\/#\/schema\/person\/098f145c7c61a021c425e010f840080f\",\"name\":\"ni.abdi\",\"image\":{\"@type\":\"ImageObject\",\"inLanguage\":\"de\",\"@id\":\"https:\/\/territorialchallenges.com\/#\/schema\/person\/image\/\",\"url\":\"https:\/\/secure.gravatar.com\/avatar\/2a2f2491f3c80039986ba989b1e4b510?s=96&d=identicon&r=g\",\"contentUrl\":\"https:\/\/secure.gravatar.com\/avatar\/2a2f2491f3c80039986ba989b1e4b510?s=96&d=identicon&r=g\",\"caption\":\"ni.abdi\"},\"sameAs\":[\"https:\/\/twitter.com\/Ni.abdi\"],\"url\":\"https:\/\/territorialchallenges.com\/de\/author\/ni-abdi\/\"}]}<\/script>\n<!-- \/ Yoast SEO plugin. -->","yoast_head_json":{"title":"Luciano Floridi: Le philisophe de nos vies num\u00e9riques en plein COVID 19 - Territorial Challenges","robots":{"index":"index","follow":"follow","max-snippet":"max-snippet:-1","max-image-preview":"max-image-preview:large","max-video-preview":"max-video-preview:-1"},"canonical":"https:\/\/territorialchallenges.com\/de\/2020\/06\/18\/luciano-floridi-le-philisophe-de-nos-vies-numeriques-en-plein-covid-19\/85664\/","og_locale":"de_DE","og_type":"article","og_title":"Luciano Floridi: Le philisophe de nos vies num\u00e9riques en plein COVID 19 - Territorial Challenges","og_description":"C&rsquo;\u00e9tait \u00e0 Rome en octobre dernier. Lors de la soir\u00e9e d&rsquo;inauguration du salon FAIRE, \u00e9v\u00e8nement d\u00e9di\u00e9 \u00e0 l&rsquo;innovation technologique, le philosophe a sembl\u00e9 \u00e0 l&rsquo;assistance un peu d\u00e9cal\u00e9, lorsqu&rsquo;il a de sa douce voix, pr\u00e9sent\u00e9 Louis Pasteur, comme la quintessence de l&rsquo;innovation. 4 mois apr\u00e8s, en plein pand\u00e9mie, en Italie les m\u00e9dias s&rsquo;arrachent cet enseignant [&hellip;]","og_url":"https:\/\/territorialchallenges.com\/de\/2020\/06\/18\/luciano-floridi-le-philisophe-de-nos-vies-numeriques-en-plein-covid-19\/85664\/","og_site_name":"Territorial Challenges","article_published_time":"2020-06-18T21:47:45+00:00","article_modified_time":"2020-06-18T22:11:59+00:00","og_image":[{"width":1024,"height":527,"url":"https:\/\/territorialchallenges.com\/wp-content\/uploads\/2020\/06\/Luciano-Floridi-6-photo-courtesy-of-Ian-Scott-2016-1024x527.jpg","type":"image\/jpeg"}],"author":"ni.abdi","twitter_card":"summary_large_image","twitter_creator":"@Ni.abdi","twitter_misc":{"Verfasst von":"ni.abdi","Gesch\u00e4tzte Lesezeit":"4\u00a0Minuten"},"schema":{"@context":"https:\/\/schema.org","@graph":[{"@type":"Article","@id":"https:\/\/territorialchallenges.com\/2020\/06\/18\/luciano-floridi-le-philisophe-de-nos-vies-numeriques-en-plein-covid-19\/85664\/#article","isPartOf":{"@id":"https:\/\/territorialchallenges.com\/2020\/06\/18\/luciano-floridi-le-philisophe-de-nos-vies-numeriques-en-plein-covid-19\/85664\/"},"author":{"name":"ni.abdi","@id":"https:\/\/territorialchallenges.com\/#\/schema\/person\/098f145c7c61a021c425e010f840080f"},"headline":"Luciano Floridi: Le philisophe de nos vies num\u00e9riques en plein COVID 19","datePublished":"2020-06-18T21:47:45+00:00","dateModified":"2020-06-18T22:11:59+00:00","mainEntityOfPage":{"@id":"https:\/\/territorialchallenges.com\/2020\/06\/18\/luciano-floridi-le-philisophe-de-nos-vies-numeriques-en-plein-covid-19\/85664\/"},"wordCount":890,"commentCount":0,"publisher":{"@id":"https:\/\/territorialchallenges.com\/#organization"},"articleSection":["On parle d'eux","\u00c9cosyst\u00e8me"],"inLanguage":"de"},{"@type":"WebPage","@id":"https:\/\/territorialchallenges.com\/2020\/06\/18\/luciano-floridi-le-philisophe-de-nos-vies-numeriques-en-plein-covid-19\/85664\/","url":"https:\/\/territorialchallenges.com\/2020\/06\/18\/luciano-floridi-le-philisophe-de-nos-vies-numeriques-en-plein-covid-19\/85664\/","name":"Luciano Floridi: Le philisophe de nos vies num\u00e9riques en plein COVID 19 - Territorial Challenges","isPartOf":{"@id":"https:\/\/territorialchallenges.com\/#website"},"datePublished":"2020-06-18T21:47:45+00:00","dateModified":"2020-06-18T22:11:59+00:00","breadcrumb":{"@id":"https:\/\/territorialchallenges.com\/2020\/06\/18\/luciano-floridi-le-philisophe-de-nos-vies-numeriques-en-plein-covid-19\/85664\/#breadcrumb"},"inLanguage":"de","potentialAction":[{"@type":"ReadAction","target":["https:\/\/territorialchallenges.com\/2020\/06\/18\/luciano-floridi-le-philisophe-de-nos-vies-numeriques-en-plein-covid-19\/85664\/"]}]},{"@type":"BreadcrumbList","@id":"https:\/\/territorialchallenges.com\/2020\/06\/18\/luciano-floridi-le-philisophe-de-nos-vies-numeriques-en-plein-covid-19\/85664\/#breadcrumb","itemListElement":[{"@type":"ListItem","position":1,"name":"Home","item":"https:\/\/territorialchallenges.com\/"},{"@type":"ListItem","position":2,"name":"Luciano Floridi: Le philisophe de nos vies num\u00e9riques en plein COVID 19"}]},{"@type":"WebSite","@id":"https:\/\/territorialchallenges.com\/#website","url":"https:\/\/territorialchallenges.com\/","name":"Territoriale Herausforderungen","description":"Internationales Monitoring \u2013 Intelligente Strategien \u2013 Best Practices","publisher":{"@id":"https:\/\/territorialchallenges.com\/#organization"},"potentialAction":[{"@type":"SearchAction","target":{"@type":"EntryPoint","urlTemplate":"https:\/\/territorialchallenges.com\/?s={search_term_string}"},"query-input":"required name=search_term_string"}],"inLanguage":"de"},{"@type":"Organization","@id":"https:\/\/territorialchallenges.com\/#organization","name":"Territoriale Herausforderungen","url":"https:\/\/territorialchallenges.com\/","logo":{"@type":"ImageObject","inLanguage":"de","@id":"https:\/\/territorialchallenges.com\/#\/schema\/logo\/image\/","url":"https:\/\/territorialchallenges.com\/wp-content\/uploads\/2023\/10\/logo-1.png","contentUrl":"https:\/\/territorialchallenges.com\/wp-content\/uploads\/2023\/10\/logo-1.png","width":1832,"height":576,"caption":"Territorial Challenges"},"image":{"@id":"https:\/\/territorialchallenges.com\/#\/schema\/logo\/image\/"}},{"@type":"Person","@id":"https:\/\/territorialchallenges.com\/#\/schema\/person\/098f145c7c61a021c425e010f840080f","name":"ni.abdi","image":{"@type":"ImageObject","inLanguage":"de","@id":"https:\/\/territorialchallenges.com\/#\/schema\/person\/image\/","url":"https:\/\/secure.gravatar.com\/avatar\/2a2f2491f3c80039986ba989b1e4b510?s=96&d=identicon&r=g","contentUrl":"https:\/\/secure.gravatar.com\/avatar\/2a2f2491f3c80039986ba989b1e4b510?s=96&d=identicon&r=g","caption":"ni.abdi"},"sameAs":["https:\/\/twitter.com\/Ni.abdi"],"url":"https:\/\/territorialchallenges.com\/de\/author\/ni-abdi\/"}]}},"_links":{"self":[{"href":"https:\/\/territorialchallenges.com\/de\/wp-json\/wp\/v2\/posts\/85664"}],"collection":[{"href":"https:\/\/territorialchallenges.com\/de\/wp-json\/wp\/v2\/posts"}],"about":[{"href":"https:\/\/territorialchallenges.com\/de\/wp-json\/wp\/v2\/types\/post"}],"author":[{"embeddable":true,"href":"https:\/\/territorialchallenges.com\/de\/wp-json\/wp\/v2\/users\/11"}],"replies":[{"embeddable":true,"href":"https:\/\/territorialchallenges.com\/de\/wp-json\/wp\/v2\/comments?post=85664"}],"version-history":[{"count":4,"href":"https:\/\/territorialchallenges.com\/de\/wp-json\/wp\/v2\/posts\/85664\/revisions"}],"predecessor-version":[{"id":85672,"href":"https:\/\/territorialchallenges.com\/de\/wp-json\/wp\/v2\/posts\/85664\/revisions\/85672"}],"wp:featuredmedia":[{"embeddable":true,"href":"https:\/\/territorialchallenges.com\/de\/wp-json\/wp\/v2\/media\/85665"}],"wp:attachment":[{"href":"https:\/\/territorialchallenges.com\/de\/wp-json\/wp\/v2\/media?parent=85664"}],"wp:term":[{"taxonomy":"category","embeddable":true,"href":"https:\/\/territorialchallenges.com\/de\/wp-json\/wp\/v2\/categories?post=85664"},{"taxonomy":"post_tag","embeddable":true,"href":"https:\/\/territorialchallenges.com\/de\/wp-json\/wp\/v2\/tags?post=85664"}],"curies":[{"name":"wp","href":"https:\/\/api.w.org\/{rel}","templated":true}]}}