{"id":85563,"date":"2020-05-24T23:03:49","date_gmt":"2020-05-24T21:03:49","guid":{"rendered":"https:\/\/territorialchallenges.com\/?p=85563"},"modified":"2020-05-27T22:26:47","modified_gmt":"2020-05-27T20:26:47","slug":"la-prochaine-phase-de-la-mobilite-dans-les-smart-city-italienne-sera-electrique-et-intelligente","status":"publish","type":"post","link":"https:\/\/territorialchallenges.com\/de\/2020\/05\/24\/la-prochaine-phase-de-la-mobilite-dans-les-smart-city-italienne-sera-electrique-et-intelligente\/85563\/","title":{"rendered":"Die n\u00e4chste Phase der Mobilit\u00e4t in italienischen Smart Territorien wird elektrisch und intelligent sein"},"content":{"rendered":"<p>Elektroroller, Elektrofahrr\u00e4der und herk\u00f6mmliche Fahrr\u00e4der werden die wahren Protagonisten der zweiten Phase sein. Intelligente Mobilit\u00e4t in St\u00e4dten markiert den Beginn einer neuen \u00c4ra. Zu den Ma\u00dfnahmen im Bereich intelligente Mobilit\u00e4t geh\u00f6ren die St\u00e4rkung von Preisgestaltungsdiensten und Mobilit\u00e4ts-Sharing-Systemen (Fahrr\u00e4der und Autos), die St\u00e4rkung\u2026 <\/p>\n<div class=\"pmpro_content_message\">Artikel nur f\u00fcr Abonnenten sichtbar.<br \/><a href=\"https:\/\/territorialchallenges.com\/wp-login.php\">Verbindung<\/a><br \/><a href=\"https:\/\/territorialchallenges.com\/de\/wp-login.php\/?action=register\">Registrieren<\/a><\/div>","protected":false},"excerpt":{"rendered":"<p>Les scooters \u00e9lectriques, les v\u00e9los \u00e9lectriques et les v\u00e9los traditionnels seront les v\u00e9ritables protagonistes de la phase 2. La mobilit\u00e9 intelligente des villes devra marquer le d\u00e9but d&rsquo;une nouvelle \u00e8re. Les activit\u00e9s de mobilit\u00e9 intelligente comprendront le renforcement des services de tarification et des syst\u00e8mes de partage de la mobilit\u00e9 (v\u00e9lo et voiture), le renforcement... <\/p>\n<div class=\"pmpro_content_message\">Artikel nur f\u00fcr Abonnenten sichtbar.<br \/><a href=\"https:\/\/territorialchallenges.com\/wp-login.php\">Verbindung<\/a><br \/><a href=\"https:\/\/territorialchallenges.com\/de\/wp-login.php\/?action=register\">Registrieren<\/a><\/div>","protected":false},"author":11,"featured_media":85564,"comment_status":"open","ping_status":"open","sticky":true,"template":"","format":"standard","meta":{"pmpro_default_level":0,"footnotes":""},"categories":[19,127],"tags":[],"blocksy_meta":"","yoast_head":"<!-- This site is optimized with the Yoast SEO plugin v21.5 - https:\/\/yoast.com\/wordpress\/plugins\/seo\/ -->\n<title>La prochaine phase de la mobilit\u00e9 dans les territoires intelligents italiennes sera \u00e9lectrique et intelligente - Territorial Challenges<\/title>\n<meta name=\"robots\" content=\"index, follow, max-snippet:-1, max-image-preview:large, max-video-preview:-1\" \/>\n<link rel=\"canonical\" href=\"https:\/\/territorialchallenges.com\/de\/2020\/05\/24\/la-prochaine-phase-de-la-mobilite-dans-les-smart-city-italienne-sera-electrique-et-intelligente\/85563\/\" \/>\n<meta property=\"og:locale\" content=\"de_DE\" \/>\n<meta property=\"og:type\" content=\"article\" \/>\n<meta property=\"og:title\" content=\"La prochaine phase de la mobilit\u00e9 dans les territoires intelligents italiennes sera \u00e9lectrique et intelligente - Territorial Challenges\" \/>\n<meta property=\"og:description\" content=\"Les scooters \u00e9lectriques, les v\u00e9los \u00e9lectriques et les v\u00e9los traditionnels seront les v\u00e9ritables protagonistes de la phase 2. La mobilit\u00e9 intelligente des villes devra marquer le d\u00e9but d&rsquo;une nouvelle \u00e8re. Les activit\u00e9s de mobilit\u00e9 intelligente comprendront le renforcement des services de tarification et des syst\u00e8mes de partage de la mobilit\u00e9 (v\u00e9lo et voiture), le renforcement [&hellip;]\" \/>\n<meta property=\"og:url\" content=\"https:\/\/territorialchallenges.com\/de\/2020\/05\/24\/la-prochaine-phase-de-la-mobilite-dans-les-smart-city-italienne-sera-electrique-et-intelligente\/85563\/\" \/>\n<meta property=\"og:site_name\" content=\"Territorial Challenges\" \/>\n<meta property=\"article:published_time\" content=\"2020-05-24T21:03:49+00:00\" \/>\n<meta property=\"article:modified_time\" content=\"2020-05-27T20:26:47+00:00\" \/>\n<meta property=\"og:image\" content=\"https:\/\/territorialchallenges.com\/wp-content\/uploads\/2020\/05\/scooter-593155_1920.jpg\" \/>\n\t<meta property=\"og:image:width\" content=\"1920\" \/>\n\t<meta property=\"og:image:height\" content=\"1280\" \/>\n\t<meta property=\"og:image:type\" content=\"image\/jpeg\" \/>\n<meta name=\"author\" content=\"ni.abdi\" \/>\n<meta name=\"twitter:card\" content=\"summary_large_image\" \/>\n<meta name=\"twitter:creator\" content=\"@Ni.abdi\" \/>\n<meta name=\"twitter:label1\" content=\"Verfasst von\" \/>\n\t<meta name=\"twitter:data1\" content=\"ni.abdi\" \/>\n\t<meta name=\"twitter:label2\" content=\"Gesch\u00e4tzte Lesezeit\" \/>\n\t<meta name=\"twitter:data2\" content=\"4\u00a0Minuten\" \/>\n<script type=\"application\/ld+json\" class=\"yoast-schema-graph\">{\"@context\":\"https:\/\/schema.org\",\"@graph\":[{\"@type\":\"Article\",\"@id\":\"https:\/\/territorialchallenges.com\/2020\/05\/24\/la-prochaine-phase-de-la-mobilite-dans-les-smart-city-italienne-sera-electrique-et-intelligente\/85563\/#article\",\"isPartOf\":{\"@id\":\"https:\/\/territorialchallenges.com\/2020\/05\/24\/la-prochaine-phase-de-la-mobilite-dans-les-smart-city-italienne-sera-electrique-et-intelligente\/85563\/\"},\"author\":{\"name\":\"ni.abdi\",\"@id\":\"https:\/\/territorialchallenges.com\/#\/schema\/person\/098f145c7c61a021c425e010f840080f\"},\"headline\":\"La prochaine phase de la mobilit\u00e9 dans les territoires intelligents italiennes sera \u00e9lectrique et intelligente\",\"datePublished\":\"2020-05-24T21:03:49+00:00\",\"dateModified\":\"2020-05-27T20:26:47+00:00\",\"mainEntityOfPage\":{\"@id\":\"https:\/\/territorialchallenges.com\/2020\/05\/24\/la-prochaine-phase-de-la-mobilite-dans-les-smart-city-italienne-sera-electrique-et-intelligente\/85563\/\"},\"wordCount\":801,\"commentCount\":0,\"publisher\":{\"@id\":\"https:\/\/territorialchallenges.com\/#organization\"},\"articleSection\":[\"Territoires Intelligents\",\"Actualit\u00e9 Europe\"],\"inLanguage\":\"de\"},{\"@type\":\"WebPage\",\"@id\":\"https:\/\/territorialchallenges.com\/2020\/05\/24\/la-prochaine-phase-de-la-mobilite-dans-les-smart-city-italienne-sera-electrique-et-intelligente\/85563\/\",\"url\":\"https:\/\/territorialchallenges.com\/2020\/05\/24\/la-prochaine-phase-de-la-mobilite-dans-les-smart-city-italienne-sera-electrique-et-intelligente\/85563\/\",\"name\":\"La prochaine phase de la mobilit\u00e9 dans les territoires intelligents italiennes sera \u00e9lectrique et intelligente - Territorial Challenges\",\"isPartOf\":{\"@id\":\"https:\/\/territorialchallenges.com\/#website\"},\"datePublished\":\"2020-05-24T21:03:49+00:00\",\"dateModified\":\"2020-05-27T20:26:47+00:00\",\"breadcrumb\":{\"@id\":\"https:\/\/territorialchallenges.com\/2020\/05\/24\/la-prochaine-phase-de-la-mobilite-dans-les-smart-city-italienne-sera-electrique-et-intelligente\/85563\/#breadcrumb\"},\"inLanguage\":\"de\",\"potentialAction\":[{\"@type\":\"ReadAction\",\"target\":[\"https:\/\/territorialchallenges.com\/2020\/05\/24\/la-prochaine-phase-de-la-mobilite-dans-les-smart-city-italienne-sera-electrique-et-intelligente\/85563\/\"]}]},{\"@type\":\"BreadcrumbList\",\"@id\":\"https:\/\/territorialchallenges.com\/2020\/05\/24\/la-prochaine-phase-de-la-mobilite-dans-les-smart-city-italienne-sera-electrique-et-intelligente\/85563\/#breadcrumb\",\"itemListElement\":[{\"@type\":\"ListItem\",\"position\":1,\"name\":\"Home\",\"item\":\"https:\/\/territorialchallenges.com\/\"},{\"@type\":\"ListItem\",\"position\":2,\"name\":\"La prochaine phase de la mobilit\u00e9 dans les territoires intelligents italiennes sera \u00e9lectrique et intelligente\"}]},{\"@type\":\"WebSite\",\"@id\":\"https:\/\/territorialchallenges.com\/#website\",\"url\":\"https:\/\/territorialchallenges.com\/\",\"name\":\"Territorial Challenges\",\"description\":\"Veille Internationale - Strat\u00e9gie Intelligentes - Bonnes pratiques\",\"publisher\":{\"@id\":\"https:\/\/territorialchallenges.com\/#organization\"},\"potentialAction\":[{\"@type\":\"SearchAction\",\"target\":{\"@type\":\"EntryPoint\",\"urlTemplate\":\"https:\/\/territorialchallenges.com\/?s={search_term_string}\"},\"query-input\":\"required name=search_term_string\"}],\"inLanguage\":\"de\"},{\"@type\":\"Organization\",\"@id\":\"https:\/\/territorialchallenges.com\/#organization\",\"name\":\"Territorial Challenges\",\"url\":\"https:\/\/territorialchallenges.com\/\",\"logo\":{\"@type\":\"ImageObject\",\"inLanguage\":\"de\",\"@id\":\"https:\/\/territorialchallenges.com\/#\/schema\/logo\/image\/\",\"url\":\"https:\/\/territorialchallenges.com\/wp-content\/uploads\/2023\/10\/logo-1.png\",\"contentUrl\":\"https:\/\/territorialchallenges.com\/wp-content\/uploads\/2023\/10\/logo-1.png\",\"width\":1832,\"height\":576,\"caption\":\"Territorial Challenges\"},\"image\":{\"@id\":\"https:\/\/territorialchallenges.com\/#\/schema\/logo\/image\/\"}},{\"@type\":\"Person\",\"@id\":\"https:\/\/territorialchallenges.com\/#\/schema\/person\/098f145c7c61a021c425e010f840080f\",\"name\":\"ni.abdi\",\"image\":{\"@type\":\"ImageObject\",\"inLanguage\":\"de\",\"@id\":\"https:\/\/territorialchallenges.com\/#\/schema\/person\/image\/\",\"url\":\"https:\/\/secure.gravatar.com\/avatar\/2a2f2491f3c80039986ba989b1e4b510?s=96&d=identicon&r=g\",\"contentUrl\":\"https:\/\/secure.gravatar.com\/avatar\/2a2f2491f3c80039986ba989b1e4b510?s=96&d=identicon&r=g\",\"caption\":\"ni.abdi\"},\"sameAs\":[\"https:\/\/twitter.com\/Ni.abdi\"],\"url\":\"https:\/\/territorialchallenges.com\/de\/author\/ni-abdi\/\"}]}<\/script>\n<!-- \/ Yoast SEO plugin. -->","yoast_head_json":{"title":"La prochaine phase de la mobilit\u00e9 dans les territoires intelligents italiennes sera \u00e9lectrique et intelligente - Territorial Challenges","robots":{"index":"index","follow":"follow","max-snippet":"max-snippet:-1","max-image-preview":"max-image-preview:large","max-video-preview":"max-video-preview:-1"},"canonical":"https:\/\/territorialchallenges.com\/de\/2020\/05\/24\/la-prochaine-phase-de-la-mobilite-dans-les-smart-city-italienne-sera-electrique-et-intelligente\/85563\/","og_locale":"de_DE","og_type":"article","og_title":"La prochaine phase de la mobilit\u00e9 dans les territoires intelligents italiennes sera \u00e9lectrique et intelligente - Territorial Challenges","og_description":"Les scooters \u00e9lectriques, les v\u00e9los \u00e9lectriques et les v\u00e9los traditionnels seront les v\u00e9ritables protagonistes de la phase 2. La mobilit\u00e9 intelligente des villes devra marquer le d\u00e9but d&rsquo;une nouvelle \u00e8re. Les activit\u00e9s de mobilit\u00e9 intelligente comprendront le renforcement des services de tarification et des syst\u00e8mes de partage de la mobilit\u00e9 (v\u00e9lo et voiture), le renforcement [&hellip;]","og_url":"https:\/\/territorialchallenges.com\/de\/2020\/05\/24\/la-prochaine-phase-de-la-mobilite-dans-les-smart-city-italienne-sera-electrique-et-intelligente\/85563\/","og_site_name":"Territorial Challenges","article_published_time":"2020-05-24T21:03:49+00:00","article_modified_time":"2020-05-27T20:26:47+00:00","og_image":[{"width":1920,"height":1280,"url":"https:\/\/territorialchallenges.com\/wp-content\/uploads\/2020\/05\/scooter-593155_1920.jpg","type":"image\/jpeg"}],"author":"ni.abdi","twitter_card":"summary_large_image","twitter_creator":"@Ni.abdi","twitter_misc":{"Verfasst von":"ni.abdi","Gesch\u00e4tzte Lesezeit":"4\u00a0Minuten"},"schema":{"@context":"https:\/\/schema.org","@graph":[{"@type":"Article","@id":"https:\/\/territorialchallenges.com\/2020\/05\/24\/la-prochaine-phase-de-la-mobilite-dans-les-smart-city-italienne-sera-electrique-et-intelligente\/85563\/#article","isPartOf":{"@id":"https:\/\/territorialchallenges.com\/2020\/05\/24\/la-prochaine-phase-de-la-mobilite-dans-les-smart-city-italienne-sera-electrique-et-intelligente\/85563\/"},"author":{"name":"ni.abdi","@id":"https:\/\/territorialchallenges.com\/#\/schema\/person\/098f145c7c61a021c425e010f840080f"},"headline":"La prochaine phase de la mobilit\u00e9 dans les territoires intelligents italiennes sera \u00e9lectrique et intelligente","datePublished":"2020-05-24T21:03:49+00:00","dateModified":"2020-05-27T20:26:47+00:00","mainEntityOfPage":{"@id":"https:\/\/territorialchallenges.com\/2020\/05\/24\/la-prochaine-phase-de-la-mobilite-dans-les-smart-city-italienne-sera-electrique-et-intelligente\/85563\/"},"wordCount":801,"commentCount":0,"publisher":{"@id":"https:\/\/territorialchallenges.com\/#organization"},"articleSection":["Territoires Intelligents","Actualit\u00e9 Europe"],"inLanguage":"de"},{"@type":"WebPage","@id":"https:\/\/territorialchallenges.com\/2020\/05\/24\/la-prochaine-phase-de-la-mobilite-dans-les-smart-city-italienne-sera-electrique-et-intelligente\/85563\/","url":"https:\/\/territorialchallenges.com\/2020\/05\/24\/la-prochaine-phase-de-la-mobilite-dans-les-smart-city-italienne-sera-electrique-et-intelligente\/85563\/","name":"La prochaine phase de la mobilit\u00e9 dans les territoires intelligents italiennes sera \u00e9lectrique et intelligente - Territorial Challenges","isPartOf":{"@id":"https:\/\/territorialchallenges.com\/#website"},"datePublished":"2020-05-24T21:03:49+00:00","dateModified":"2020-05-27T20:26:47+00:00","breadcrumb":{"@id":"https:\/\/territorialchallenges.com\/2020\/05\/24\/la-prochaine-phase-de-la-mobilite-dans-les-smart-city-italienne-sera-electrique-et-intelligente\/85563\/#breadcrumb"},"inLanguage":"de","potentialAction":[{"@type":"ReadAction","target":["https:\/\/territorialchallenges.com\/2020\/05\/24\/la-prochaine-phase-de-la-mobilite-dans-les-smart-city-italienne-sera-electrique-et-intelligente\/85563\/"]}]},{"@type":"BreadcrumbList","@id":"https:\/\/territorialchallenges.com\/2020\/05\/24\/la-prochaine-phase-de-la-mobilite-dans-les-smart-city-italienne-sera-electrique-et-intelligente\/85563\/#breadcrumb","itemListElement":[{"@type":"ListItem","position":1,"name":"Home","item":"https:\/\/territorialchallenges.com\/"},{"@type":"ListItem","position":2,"name":"La prochaine phase de la mobilit\u00e9 dans les territoires intelligents italiennes sera \u00e9lectrique et intelligente"}]},{"@type":"WebSite","@id":"https:\/\/territorialchallenges.com\/#website","url":"https:\/\/territorialchallenges.com\/","name":"Territoriale Herausforderungen","description":"Internationales Monitoring \u2013 Intelligente Strategien \u2013 Best Practices","publisher":{"@id":"https:\/\/territorialchallenges.com\/#organization"},"potentialAction":[{"@type":"SearchAction","target":{"@type":"EntryPoint","urlTemplate":"https:\/\/territorialchallenges.com\/?s={search_term_string}"},"query-input":"required name=search_term_string"}],"inLanguage":"de"},{"@type":"Organization","@id":"https:\/\/territorialchallenges.com\/#organization","name":"Territoriale Herausforderungen","url":"https:\/\/territorialchallenges.com\/","logo":{"@type":"ImageObject","inLanguage":"de","@id":"https:\/\/territorialchallenges.com\/#\/schema\/logo\/image\/","url":"https:\/\/territorialchallenges.com\/wp-content\/uploads\/2023\/10\/logo-1.png","contentUrl":"https:\/\/territorialchallenges.com\/wp-content\/uploads\/2023\/10\/logo-1.png","width":1832,"height":576,"caption":"Territorial Challenges"},"image":{"@id":"https:\/\/territorialchallenges.com\/#\/schema\/logo\/image\/"}},{"@type":"Person","@id":"https:\/\/territorialchallenges.com\/#\/schema\/person\/098f145c7c61a021c425e010f840080f","name":"ni.abdi","image":{"@type":"ImageObject","inLanguage":"de","@id":"https:\/\/territorialchallenges.com\/#\/schema\/person\/image\/","url":"https:\/\/secure.gravatar.com\/avatar\/2a2f2491f3c80039986ba989b1e4b510?s=96&d=identicon&r=g","contentUrl":"https:\/\/secure.gravatar.com\/avatar\/2a2f2491f3c80039986ba989b1e4b510?s=96&d=identicon&r=g","caption":"ni.abdi"},"sameAs":["https:\/\/twitter.com\/Ni.abdi"],"url":"https:\/\/territorialchallenges.com\/de\/author\/ni-abdi\/"}]}},"_links":{"self":[{"href":"https:\/\/territorialchallenges.com\/de\/wp-json\/wp\/v2\/posts\/85563"}],"collection":[{"href":"https:\/\/territorialchallenges.com\/de\/wp-json\/wp\/v2\/posts"}],"about":[{"href":"https:\/\/territorialchallenges.com\/de\/wp-json\/wp\/v2\/types\/post"}],"author":[{"embeddable":true,"href":"https:\/\/territorialchallenges.com\/de\/wp-json\/wp\/v2\/users\/11"}],"replies":[{"embeddable":true,"href":"https:\/\/territorialchallenges.com\/de\/wp-json\/wp\/v2\/comments?post=85563"}],"version-history":[{"count":2,"href":"https:\/\/territorialchallenges.com\/de\/wp-json\/wp\/v2\/posts\/85563\/revisions"}],"predecessor-version":[{"id":85591,"href":"https:\/\/territorialchallenges.com\/de\/wp-json\/wp\/v2\/posts\/85563\/revisions\/85591"}],"wp:featuredmedia":[{"embeddable":true,"href":"https:\/\/territorialchallenges.com\/de\/wp-json\/wp\/v2\/media\/85564"}],"wp:attachment":[{"href":"https:\/\/territorialchallenges.com\/de\/wp-json\/wp\/v2\/media?parent=85563"}],"wp:term":[{"taxonomy":"category","embeddable":true,"href":"https:\/\/territorialchallenges.com\/de\/wp-json\/wp\/v2\/categories?post=85563"},{"taxonomy":"post_tag","embeddable":true,"href":"https:\/\/territorialchallenges.com\/de\/wp-json\/wp\/v2\/tags?post=85563"}],"curies":[{"name":"wp","href":"https:\/\/api.w.org\/{rel}","templated":true}]}}