{"id":85501,"date":"2020-05-10T23:08:45","date_gmt":"2020-05-10T21:08:45","guid":{"rendered":"https:\/\/territorialchallenges.com\/?p=85501"},"modified":"2020-05-10T23:08:45","modified_gmt":"2020-05-10T21:08:45","slug":"dr-fatih-birol-le-patron-de-laie-considere-le-covid-19-comme-un-choc-historique-pour-le-monde-de-lenergie","status":"publish","type":"post","link":"https:\/\/territorialchallenges.com\/de\/2020\/05\/10\/dr-fatih-birol-le-patron-de-laie-considere-le-covid-19-comme-un-choc-historique-pour-le-monde-de-lenergie\/85501\/","title":{"rendered":"Dr. Fatih Birol: IEA-Chef bezeichnet COVID-19 als \u201ehistorischen Schock f\u00fcr die Energiewelt\u201c"},"content":{"rendered":"<p>Dr. Fatih Birol z\u00e4hlt zu den einflussreichsten Pers\u00f6nlichkeiten der globalen Energieszene. Zwanzig Jahre nach seinem Eintritt als leitender Analyst in die Internationale Energieagentur (IEA) wurde er am 1. September 2015 deren Exekutivdirektor. Die IEA hat ihren Hauptsitz in Paris und beobachtet den Energiesektor seit\u2026 <\/p>\n<div class=\"pmpro_content_message\">Artikel nur f\u00fcr Abonnenten sichtbar.<br \/><a href=\"https:\/\/territorialchallenges.com\/wp-login.php\">Verbindung<\/a><br \/><a href=\"https:\/\/territorialchallenges.com\/de\/wp-login.php\/?action=register\">Registrieren<\/a><\/div>","protected":false},"excerpt":{"rendered":"<p>Le Dr Fatih Birol est parmi les personnes les plus puissantes en termes d&rsquo;influence sur la sc\u00e8ne \u00e9nerg\u00e9tique mondiale. 20 ann\u00e9es apr\u00e8s avoir rejoint comme analyste senior, l&rsquo;Agence internationale de l&rsquo;\u00e9nergie (AIE), il est devenu son directeur ex\u00e9cutif le 1er septembre 2015. L&rsquo;AIE a son si\u00e8ge \u00e0 Paris et tr\u00e8s attentif au secteur \u00e9nerg\u00e9tique depuis... <\/p>\n<div class=\"pmpro_content_message\">Artikel nur f\u00fcr Abonnenten sichtbar.<br \/><a href=\"https:\/\/territorialchallenges.com\/wp-login.php\">Verbindung<\/a><br \/><a href=\"https:\/\/territorialchallenges.com\/de\/wp-login.php\/?action=register\">Registrieren<\/a><\/div>","protected":false},"author":11,"featured_media":85502,"comment_status":"open","ping_status":"open","sticky":true,"template":"","format":"standard","meta":{"pmpro_default_level":0,"footnotes":""},"categories":[126,117],"tags":[],"blocksy_meta":"","yoast_head":"<!-- This site is optimized with the Yoast SEO plugin v21.5 - https:\/\/yoast.com\/wordpress\/plugins\/seo\/ -->\n<title>Dr Fatih Birol: Le patron de l&#039;AIE consid\u00e8re le COVID-19 comme &quot;un choc historique pour le monde de l&#039;\u00e9nergie&quot; - Territorial Challenges<\/title>\n<meta name=\"robots\" content=\"index, follow, max-snippet:-1, max-image-preview:large, max-video-preview:-1\" \/>\n<link rel=\"canonical\" href=\"https:\/\/territorialchallenges.com\/de\/2020\/05\/10\/dr-fatih-birol-le-patron-de-laie-considere-le-covid-19-comme-un-choc-historique-pour-le-monde-de-lenergie\/85501\/\" \/>\n<meta property=\"og:locale\" content=\"de_DE\" \/>\n<meta property=\"og:type\" content=\"article\" \/>\n<meta property=\"og:title\" content=\"Dr Fatih Birol: Le patron de l&#039;AIE consid\u00e8re le COVID-19 comme &quot;un choc historique pour le monde de l&#039;\u00e9nergie&quot; - Territorial Challenges\" \/>\n<meta property=\"og:description\" content=\"Le Dr Fatih Birol est parmi les personnes les plus puissantes en termes d&rsquo;influence sur la sc\u00e8ne \u00e9nerg\u00e9tique mondiale. 20 ann\u00e9es apr\u00e8s avoir rejoint comme analyste senior, l&rsquo;Agence internationale de l&rsquo;\u00e9nergie (AIE), il est devenu son directeur ex\u00e9cutif le 1er septembre 2015. L&rsquo;AIE a son si\u00e8ge \u00e0 Paris et tr\u00e8s attentif au secteur \u00e9nerg\u00e9tique depuis [&hellip;]\" \/>\n<meta property=\"og:url\" content=\"https:\/\/territorialchallenges.com\/de\/2020\/05\/10\/dr-fatih-birol-le-patron-de-laie-considere-le-covid-19-comme-un-choc-historique-pour-le-monde-de-lenergie\/85501\/\" \/>\n<meta property=\"og:site_name\" content=\"Territorial Challenges\" \/>\n<meta property=\"article:published_time\" content=\"2020-05-10T21:08:45+00:00\" \/>\n<meta property=\"og:image\" content=\"https:\/\/territorialchallenges.com\/wp-content\/uploads\/2020\/05\/fatihbirolcoupe.jpg\" \/>\n\t<meta property=\"og:image:width\" content=\"497\" \/>\n\t<meta property=\"og:image:height\" content=\"337\" \/>\n\t<meta property=\"og:image:type\" content=\"image\/jpeg\" \/>\n<meta name=\"author\" content=\"ni.abdi\" \/>\n<meta name=\"twitter:card\" content=\"summary_large_image\" \/>\n<meta name=\"twitter:creator\" content=\"@Ni.abdi\" \/>\n<meta name=\"twitter:label1\" content=\"Verfasst von\" \/>\n\t<meta name=\"twitter:data1\" content=\"ni.abdi\" \/>\n\t<meta name=\"twitter:label2\" content=\"Gesch\u00e4tzte Lesezeit\" \/>\n\t<meta name=\"twitter:data2\" content=\"3\u00a0Minuten\" \/>\n<script type=\"application\/ld+json\" class=\"yoast-schema-graph\">{\"@context\":\"https:\/\/schema.org\",\"@graph\":[{\"@type\":\"Article\",\"@id\":\"https:\/\/territorialchallenges.com\/2020\/05\/10\/dr-fatih-birol-le-patron-de-laie-considere-le-covid-19-comme-un-choc-historique-pour-le-monde-de-lenergie\/85501\/#article\",\"isPartOf\":{\"@id\":\"https:\/\/territorialchallenges.com\/2020\/05\/10\/dr-fatih-birol-le-patron-de-laie-considere-le-covid-19-comme-un-choc-historique-pour-le-monde-de-lenergie\/85501\/\"},\"author\":{\"name\":\"ni.abdi\",\"@id\":\"https:\/\/territorialchallenges.com\/#\/schema\/person\/098f145c7c61a021c425e010f840080f\"},\"headline\":\"Dr Fatih Birol: Le patron de l&rsquo;AIE consid\u00e8re le COVID-19 comme \u00ab\u00a0un choc historique pour le monde de l&rsquo;\u00e9nergie\u00a0\u00bb\",\"datePublished\":\"2020-05-10T21:08:45+00:00\",\"dateModified\":\"2020-05-10T21:08:45+00:00\",\"mainEntityOfPage\":{\"@id\":\"https:\/\/territorialchallenges.com\/2020\/05\/10\/dr-fatih-birol-le-patron-de-laie-considere-le-covid-19-comme-un-choc-historique-pour-le-monde-de-lenergie\/85501\/\"},\"wordCount\":669,\"commentCount\":0,\"publisher\":{\"@id\":\"https:\/\/territorialchallenges.com\/#organization\"},\"articleSection\":[\"On parle d'eux\",\"\u00c9cosyst\u00e8me\"],\"inLanguage\":\"de\"},{\"@type\":\"WebPage\",\"@id\":\"https:\/\/territorialchallenges.com\/2020\/05\/10\/dr-fatih-birol-le-patron-de-laie-considere-le-covid-19-comme-un-choc-historique-pour-le-monde-de-lenergie\/85501\/\",\"url\":\"https:\/\/territorialchallenges.com\/2020\/05\/10\/dr-fatih-birol-le-patron-de-laie-considere-le-covid-19-comme-un-choc-historique-pour-le-monde-de-lenergie\/85501\/\",\"name\":\"Dr Fatih Birol: Le patron de l'AIE consid\u00e8re le COVID-19 comme \\\"un choc historique pour le monde de l'\u00e9nergie\\\" - Territorial Challenges\",\"isPartOf\":{\"@id\":\"https:\/\/territorialchallenges.com\/#website\"},\"datePublished\":\"2020-05-10T21:08:45+00:00\",\"dateModified\":\"2020-05-10T21:08:45+00:00\",\"breadcrumb\":{\"@id\":\"https:\/\/territorialchallenges.com\/2020\/05\/10\/dr-fatih-birol-le-patron-de-laie-considere-le-covid-19-comme-un-choc-historique-pour-le-monde-de-lenergie\/85501\/#breadcrumb\"},\"inLanguage\":\"de\",\"potentialAction\":[{\"@type\":\"ReadAction\",\"target\":[\"https:\/\/territorialchallenges.com\/2020\/05\/10\/dr-fatih-birol-le-patron-de-laie-considere-le-covid-19-comme-un-choc-historique-pour-le-monde-de-lenergie\/85501\/\"]}]},{\"@type\":\"BreadcrumbList\",\"@id\":\"https:\/\/territorialchallenges.com\/2020\/05\/10\/dr-fatih-birol-le-patron-de-laie-considere-le-covid-19-comme-un-choc-historique-pour-le-monde-de-lenergie\/85501\/#breadcrumb\",\"itemListElement\":[{\"@type\":\"ListItem\",\"position\":1,\"name\":\"Home\",\"item\":\"https:\/\/territorialchallenges.com\/\"},{\"@type\":\"ListItem\",\"position\":2,\"name\":\"Dr Fatih Birol: Le patron de l&rsquo;AIE consid\u00e8re le COVID-19 comme \u00ab\u00a0un choc historique pour le monde de l&rsquo;\u00e9nergie\u00a0\u00bb\"}]},{\"@type\":\"WebSite\",\"@id\":\"https:\/\/territorialchallenges.com\/#website\",\"url\":\"https:\/\/territorialchallenges.com\/\",\"name\":\"Territorial Challenges\",\"description\":\"Veille Internationale - Strat\u00e9gie Intelligentes - Bonnes pratiques\",\"publisher\":{\"@id\":\"https:\/\/territorialchallenges.com\/#organization\"},\"potentialAction\":[{\"@type\":\"SearchAction\",\"target\":{\"@type\":\"EntryPoint\",\"urlTemplate\":\"https:\/\/territorialchallenges.com\/?s={search_term_string}\"},\"query-input\":\"required name=search_term_string\"}],\"inLanguage\":\"de\"},{\"@type\":\"Organization\",\"@id\":\"https:\/\/territorialchallenges.com\/#organization\",\"name\":\"Territorial Challenges\",\"url\":\"https:\/\/territorialchallenges.com\/\",\"logo\":{\"@type\":\"ImageObject\",\"inLanguage\":\"de\",\"@id\":\"https:\/\/territorialchallenges.com\/#\/schema\/logo\/image\/\",\"url\":\"https:\/\/territorialchallenges.com\/wp-content\/uploads\/2023\/10\/logo-1.png\",\"contentUrl\":\"https:\/\/territorialchallenges.com\/wp-content\/uploads\/2023\/10\/logo-1.png\",\"width\":1832,\"height\":576,\"caption\":\"Territorial Challenges\"},\"image\":{\"@id\":\"https:\/\/territorialchallenges.com\/#\/schema\/logo\/image\/\"}},{\"@type\":\"Person\",\"@id\":\"https:\/\/territorialchallenges.com\/#\/schema\/person\/098f145c7c61a021c425e010f840080f\",\"name\":\"ni.abdi\",\"image\":{\"@type\":\"ImageObject\",\"inLanguage\":\"de\",\"@id\":\"https:\/\/territorialchallenges.com\/#\/schema\/person\/image\/\",\"url\":\"https:\/\/secure.gravatar.com\/avatar\/2a2f2491f3c80039986ba989b1e4b510?s=96&d=identicon&r=g\",\"contentUrl\":\"https:\/\/secure.gravatar.com\/avatar\/2a2f2491f3c80039986ba989b1e4b510?s=96&d=identicon&r=g\",\"caption\":\"ni.abdi\"},\"sameAs\":[\"https:\/\/twitter.com\/Ni.abdi\"],\"url\":\"https:\/\/territorialchallenges.com\/de\/author\/ni-abdi\/\"}]}<\/script>\n<!-- \/ Yoast SEO plugin. -->","yoast_head_json":{"title":"Dr Fatih Birol: Le patron de l'AIE consid\u00e8re le COVID-19 comme \"un choc historique pour le monde de l'\u00e9nergie\" - Territorial Challenges","robots":{"index":"index","follow":"follow","max-snippet":"max-snippet:-1","max-image-preview":"max-image-preview:large","max-video-preview":"max-video-preview:-1"},"canonical":"https:\/\/territorialchallenges.com\/de\/2020\/05\/10\/dr-fatih-birol-le-patron-de-laie-considere-le-covid-19-comme-un-choc-historique-pour-le-monde-de-lenergie\/85501\/","og_locale":"de_DE","og_type":"article","og_title":"Dr Fatih Birol: Le patron de l'AIE consid\u00e8re le COVID-19 comme \"un choc historique pour le monde de l'\u00e9nergie\" - Territorial Challenges","og_description":"Le Dr Fatih Birol est parmi les personnes les plus puissantes en termes d&rsquo;influence sur la sc\u00e8ne \u00e9nerg\u00e9tique mondiale. 20 ann\u00e9es apr\u00e8s avoir rejoint comme analyste senior, l&rsquo;Agence internationale de l&rsquo;\u00e9nergie (AIE), il est devenu son directeur ex\u00e9cutif le 1er septembre 2015. L&rsquo;AIE a son si\u00e8ge \u00e0 Paris et tr\u00e8s attentif au secteur \u00e9nerg\u00e9tique depuis [&hellip;]","og_url":"https:\/\/territorialchallenges.com\/de\/2020\/05\/10\/dr-fatih-birol-le-patron-de-laie-considere-le-covid-19-comme-un-choc-historique-pour-le-monde-de-lenergie\/85501\/","og_site_name":"Territorial Challenges","article_published_time":"2020-05-10T21:08:45+00:00","og_image":[{"width":497,"height":337,"url":"https:\/\/territorialchallenges.com\/wp-content\/uploads\/2020\/05\/fatihbirolcoupe.jpg","type":"image\/jpeg"}],"author":"ni.abdi","twitter_card":"summary_large_image","twitter_creator":"@Ni.abdi","twitter_misc":{"Verfasst von":"ni.abdi","Gesch\u00e4tzte Lesezeit":"3\u00a0Minuten"},"schema":{"@context":"https:\/\/schema.org","@graph":[{"@type":"Article","@id":"https:\/\/territorialchallenges.com\/2020\/05\/10\/dr-fatih-birol-le-patron-de-laie-considere-le-covid-19-comme-un-choc-historique-pour-le-monde-de-lenergie\/85501\/#article","isPartOf":{"@id":"https:\/\/territorialchallenges.com\/2020\/05\/10\/dr-fatih-birol-le-patron-de-laie-considere-le-covid-19-comme-un-choc-historique-pour-le-monde-de-lenergie\/85501\/"},"author":{"name":"ni.abdi","@id":"https:\/\/territorialchallenges.com\/#\/schema\/person\/098f145c7c61a021c425e010f840080f"},"headline":"Dr Fatih Birol: Le patron de l&rsquo;AIE consid\u00e8re le COVID-19 comme \u00ab\u00a0un choc historique pour le monde de l&rsquo;\u00e9nergie\u00a0\u00bb","datePublished":"2020-05-10T21:08:45+00:00","dateModified":"2020-05-10T21:08:45+00:00","mainEntityOfPage":{"@id":"https:\/\/territorialchallenges.com\/2020\/05\/10\/dr-fatih-birol-le-patron-de-laie-considere-le-covid-19-comme-un-choc-historique-pour-le-monde-de-lenergie\/85501\/"},"wordCount":669,"commentCount":0,"publisher":{"@id":"https:\/\/territorialchallenges.com\/#organization"},"articleSection":["On parle d'eux","\u00c9cosyst\u00e8me"],"inLanguage":"de"},{"@type":"WebPage","@id":"https:\/\/territorialchallenges.com\/2020\/05\/10\/dr-fatih-birol-le-patron-de-laie-considere-le-covid-19-comme-un-choc-historique-pour-le-monde-de-lenergie\/85501\/","url":"https:\/\/territorialchallenges.com\/2020\/05\/10\/dr-fatih-birol-le-patron-de-laie-considere-le-covid-19-comme-un-choc-historique-pour-le-monde-de-lenergie\/85501\/","name":"Dr Fatih Birol: Le patron de l'AIE consid\u00e8re le COVID-19 comme \"un choc historique pour le monde de l'\u00e9nergie\" - Territorial Challenges","isPartOf":{"@id":"https:\/\/territorialchallenges.com\/#website"},"datePublished":"2020-05-10T21:08:45+00:00","dateModified":"2020-05-10T21:08:45+00:00","breadcrumb":{"@id":"https:\/\/territorialchallenges.com\/2020\/05\/10\/dr-fatih-birol-le-patron-de-laie-considere-le-covid-19-comme-un-choc-historique-pour-le-monde-de-lenergie\/85501\/#breadcrumb"},"inLanguage":"de","potentialAction":[{"@type":"ReadAction","target":["https:\/\/territorialchallenges.com\/2020\/05\/10\/dr-fatih-birol-le-patron-de-laie-considere-le-covid-19-comme-un-choc-historique-pour-le-monde-de-lenergie\/85501\/"]}]},{"@type":"BreadcrumbList","@id":"https:\/\/territorialchallenges.com\/2020\/05\/10\/dr-fatih-birol-le-patron-de-laie-considere-le-covid-19-comme-un-choc-historique-pour-le-monde-de-lenergie\/85501\/#breadcrumb","itemListElement":[{"@type":"ListItem","position":1,"name":"Home","item":"https:\/\/territorialchallenges.com\/"},{"@type":"ListItem","position":2,"name":"Dr Fatih Birol: Le patron de l&rsquo;AIE consid\u00e8re le COVID-19 comme \u00ab\u00a0un choc historique pour le monde de l&rsquo;\u00e9nergie\u00a0\u00bb"}]},{"@type":"WebSite","@id":"https:\/\/territorialchallenges.com\/#website","url":"https:\/\/territorialchallenges.com\/","name":"Territoriale Herausforderungen","description":"Internationales Monitoring \u2013 Intelligente Strategien \u2013 Best Practices","publisher":{"@id":"https:\/\/territorialchallenges.com\/#organization"},"potentialAction":[{"@type":"SearchAction","target":{"@type":"EntryPoint","urlTemplate":"https:\/\/territorialchallenges.com\/?s={search_term_string}"},"query-input":"required name=search_term_string"}],"inLanguage":"de"},{"@type":"Organization","@id":"https:\/\/territorialchallenges.com\/#organization","name":"Territoriale Herausforderungen","url":"https:\/\/territorialchallenges.com\/","logo":{"@type":"ImageObject","inLanguage":"de","@id":"https:\/\/territorialchallenges.com\/#\/schema\/logo\/image\/","url":"https:\/\/territorialchallenges.com\/wp-content\/uploads\/2023\/10\/logo-1.png","contentUrl":"https:\/\/territorialchallenges.com\/wp-content\/uploads\/2023\/10\/logo-1.png","width":1832,"height":576,"caption":"Territorial Challenges"},"image":{"@id":"https:\/\/territorialchallenges.com\/#\/schema\/logo\/image\/"}},{"@type":"Person","@id":"https:\/\/territorialchallenges.com\/#\/schema\/person\/098f145c7c61a021c425e010f840080f","name":"ni.abdi","image":{"@type":"ImageObject","inLanguage":"de","@id":"https:\/\/territorialchallenges.com\/#\/schema\/person\/image\/","url":"https:\/\/secure.gravatar.com\/avatar\/2a2f2491f3c80039986ba989b1e4b510?s=96&d=identicon&r=g","contentUrl":"https:\/\/secure.gravatar.com\/avatar\/2a2f2491f3c80039986ba989b1e4b510?s=96&d=identicon&r=g","caption":"ni.abdi"},"sameAs":["https:\/\/twitter.com\/Ni.abdi"],"url":"https:\/\/territorialchallenges.com\/de\/author\/ni-abdi\/"}]}},"_links":{"self":[{"href":"https:\/\/territorialchallenges.com\/de\/wp-json\/wp\/v2\/posts\/85501"}],"collection":[{"href":"https:\/\/territorialchallenges.com\/de\/wp-json\/wp\/v2\/posts"}],"about":[{"href":"https:\/\/territorialchallenges.com\/de\/wp-json\/wp\/v2\/types\/post"}],"author":[{"embeddable":true,"href":"https:\/\/territorialchallenges.com\/de\/wp-json\/wp\/v2\/users\/11"}],"replies":[{"embeddable":true,"href":"https:\/\/territorialchallenges.com\/de\/wp-json\/wp\/v2\/comments?post=85501"}],"version-history":[{"count":1,"href":"https:\/\/territorialchallenges.com\/de\/wp-json\/wp\/v2\/posts\/85501\/revisions"}],"predecessor-version":[{"id":85506,"href":"https:\/\/territorialchallenges.com\/de\/wp-json\/wp\/v2\/posts\/85501\/revisions\/85506"}],"wp:featuredmedia":[{"embeddable":true,"href":"https:\/\/territorialchallenges.com\/de\/wp-json\/wp\/v2\/media\/85502"}],"wp:attachment":[{"href":"https:\/\/territorialchallenges.com\/de\/wp-json\/wp\/v2\/media?parent=85501"}],"wp:term":[{"taxonomy":"category","embeddable":true,"href":"https:\/\/territorialchallenges.com\/de\/wp-json\/wp\/v2\/categories?post=85501"},{"taxonomy":"post_tag","embeddable":true,"href":"https:\/\/territorialchallenges.com\/de\/wp-json\/wp\/v2\/tags?post=85501"}],"curies":[{"name":"wp","href":"https:\/\/api.w.org\/{rel}","templated":true}]}}