{"id":85455,"date":"2020-04-30T17:58:45","date_gmt":"2020-04-30T15:58:45","guid":{"rendered":"https:\/\/territorialchallenges.com\/?p=85455"},"modified":"2020-04-30T17:58:45","modified_gmt":"2020-04-30T15:58:45","slug":"comment-adapter-les-transports-en-commun-au-temps-du-covid-19","status":"publish","type":"post","link":"https:\/\/territorialchallenges.com\/de\/2020\/04\/30\/comment-adapter-les-transports-en-commun-au-temps-du-covid-19\/85455\/","title":{"rendered":"Wie man den \u00f6ffentlichen Verkehr in Zeiten von COVID-19 anpasst"},"content":{"rendered":"<p>St\u00e4dte und \u00f6ffentliche Mobilit\u00e4tsdienste stecken derzeit in einer Zwickm\u00fchle: Der \u00f6ffentliche Verkehr ist unverzichtbar, aber wie kann er sich am besten an die Umst\u00e4nde rund um das Coronavirus gew\u00f6hnen? Sie sind in Metropolen und St\u00e4dten auf der ganzen Welt stark von der COVID-19-Pandemie betroffen. Obwohl die Auswirkungen betr\u00e4chtlich waren \u2026 <\/p>\n<div class=\"pmpro_content_message\">Artikel nur f\u00fcr Abonnenten sichtbar.<br \/><a href=\"https:\/\/territorialchallenges.com\/wp-login.php\">Verbindung<\/a><br \/><a href=\"https:\/\/territorialchallenges.com\/de\/wp-login.php\/?action=register\">Registrieren<\/a><\/div>","protected":false},"excerpt":{"rendered":"<p>Les villes et les services publics de la mobilit\u00e9 sont actuellement dans une impasse: les transports en commun sont essentiels, mais comment peuvent-ils s&rsquo;acclimater au mieux aux circonstances entourant le coronavirus? Ils ont \u00e9t\u00e9 gravement touch\u00e9s par la pand\u00e9mie de COVID-19 dans les m\u00e9tropoles et villes du monde entier. Bien que l&rsquo;impact ait \u00e9t\u00e9 consid\u00e9rable... <\/p>\n<div class=\"pmpro_content_message\">Artikel nur f\u00fcr Abonnenten sichtbar.<br \/><a href=\"https:\/\/territorialchallenges.com\/wp-login.php\">Verbindung<\/a><br \/><a href=\"https:\/\/territorialchallenges.com\/de\/wp-login.php\/?action=register\">Registrieren<\/a><\/div>","protected":false},"author":11,"featured_media":85456,"comment_status":"open","ping_status":"open","sticky":true,"template":"","format":"standard","meta":{"pmpro_default_level":0,"footnotes":""},"categories":[19,124],"tags":[],"blocksy_meta":"","yoast_head":"<!-- This site is optimized with the Yoast SEO plugin v21.5 - https:\/\/yoast.com\/wordpress\/plugins\/seo\/ -->\n<title>Comment adapter les transports en commun au temps du COVID-19 - Territorial Challenges<\/title>\n<meta name=\"robots\" content=\"index, follow, max-snippet:-1, max-image-preview:large, max-video-preview:-1\" \/>\n<link rel=\"canonical\" href=\"https:\/\/territorialchallenges.com\/de\/2020\/04\/30\/comment-adapter-les-transports-en-commun-au-temps-du-covid-19\/85455\/\" \/>\n<meta property=\"og:locale\" content=\"de_DE\" \/>\n<meta property=\"og:type\" content=\"article\" \/>\n<meta property=\"og:title\" content=\"Comment adapter les transports en commun au temps du COVID-19 - Territorial Challenges\" \/>\n<meta property=\"og:description\" content=\"Les villes et les services publics de la mobilit\u00e9 sont actuellement dans une impasse: les transports en commun sont essentiels, mais comment peuvent-ils s&rsquo;acclimater au mieux aux circonstances entourant le coronavirus? Ils ont \u00e9t\u00e9 gravement touch\u00e9s par la pand\u00e9mie de COVID-19 dans les m\u00e9tropoles et villes du monde entier. Bien que l&rsquo;impact ait \u00e9t\u00e9 consid\u00e9rable [&hellip;]\" \/>\n<meta property=\"og:url\" content=\"https:\/\/territorialchallenges.com\/de\/2020\/04\/30\/comment-adapter-les-transports-en-commun-au-temps-du-covid-19\/85455\/\" \/>\n<meta property=\"og:site_name\" content=\"Territorial Challenges\" \/>\n<meta property=\"article:published_time\" content=\"2020-04-30T15:58:45+00:00\" \/>\n<meta property=\"og:image\" content=\"https:\/\/territorialchallenges.com\/wp-content\/uploads\/2020\/04\/smartcities290420.jpg\" \/>\n\t<meta property=\"og:image:width\" content=\"1920\" \/>\n\t<meta property=\"og:image:height\" content=\"977\" \/>\n\t<meta property=\"og:image:type\" content=\"image\/jpeg\" \/>\n<meta name=\"author\" content=\"ni.abdi\" \/>\n<meta name=\"twitter:card\" content=\"summary_large_image\" \/>\n<meta name=\"twitter:creator\" content=\"@Ni.abdi\" \/>\n<meta name=\"twitter:label1\" content=\"Verfasst von\" \/>\n\t<meta name=\"twitter:data1\" content=\"ni.abdi\" \/>\n\t<meta name=\"twitter:label2\" content=\"Gesch\u00e4tzte Lesezeit\" \/>\n\t<meta name=\"twitter:data2\" content=\"5\u00a0Minuten\" \/>\n<script type=\"application\/ld+json\" class=\"yoast-schema-graph\">{\"@context\":\"https:\/\/schema.org\",\"@graph\":[{\"@type\":\"Article\",\"@id\":\"https:\/\/territorialchallenges.com\/2020\/04\/30\/comment-adapter-les-transports-en-commun-au-temps-du-covid-19\/85455\/#article\",\"isPartOf\":{\"@id\":\"https:\/\/territorialchallenges.com\/2020\/04\/30\/comment-adapter-les-transports-en-commun-au-temps-du-covid-19\/85455\/\"},\"author\":{\"name\":\"ni.abdi\",\"@id\":\"https:\/\/territorialchallenges.com\/#\/schema\/person\/098f145c7c61a021c425e010f840080f\"},\"headline\":\"Comment adapter les transports en commun au temps du COVID-19\",\"datePublished\":\"2020-04-30T15:58:45+00:00\",\"dateModified\":\"2020-04-30T15:58:45+00:00\",\"mainEntityOfPage\":{\"@id\":\"https:\/\/territorialchallenges.com\/2020\/04\/30\/comment-adapter-les-transports-en-commun-au-temps-du-covid-19\/85455\/\"},\"wordCount\":1083,\"commentCount\":0,\"publisher\":{\"@id\":\"https:\/\/territorialchallenges.com\/#organization\"},\"articleSection\":[\"Territoires Intelligents\",\"Actualit\u00e9 internationale\"],\"inLanguage\":\"de\"},{\"@type\":\"WebPage\",\"@id\":\"https:\/\/territorialchallenges.com\/2020\/04\/30\/comment-adapter-les-transports-en-commun-au-temps-du-covid-19\/85455\/\",\"url\":\"https:\/\/territorialchallenges.com\/2020\/04\/30\/comment-adapter-les-transports-en-commun-au-temps-du-covid-19\/85455\/\",\"name\":\"Comment adapter les transports en commun au temps du COVID-19 - Territorial Challenges\",\"isPartOf\":{\"@id\":\"https:\/\/territorialchallenges.com\/#website\"},\"datePublished\":\"2020-04-30T15:58:45+00:00\",\"dateModified\":\"2020-04-30T15:58:45+00:00\",\"breadcrumb\":{\"@id\":\"https:\/\/territorialchallenges.com\/2020\/04\/30\/comment-adapter-les-transports-en-commun-au-temps-du-covid-19\/85455\/#breadcrumb\"},\"inLanguage\":\"de\",\"potentialAction\":[{\"@type\":\"ReadAction\",\"target\":[\"https:\/\/territorialchallenges.com\/2020\/04\/30\/comment-adapter-les-transports-en-commun-au-temps-du-covid-19\/85455\/\"]}]},{\"@type\":\"BreadcrumbList\",\"@id\":\"https:\/\/territorialchallenges.com\/2020\/04\/30\/comment-adapter-les-transports-en-commun-au-temps-du-covid-19\/85455\/#breadcrumb\",\"itemListElement\":[{\"@type\":\"ListItem\",\"position\":1,\"name\":\"Home\",\"item\":\"https:\/\/territorialchallenges.com\/\"},{\"@type\":\"ListItem\",\"position\":2,\"name\":\"Comment adapter les transports en commun au temps du COVID-19\"}]},{\"@type\":\"WebSite\",\"@id\":\"https:\/\/territorialchallenges.com\/#website\",\"url\":\"https:\/\/territorialchallenges.com\/\",\"name\":\"Territorial Challenges\",\"description\":\"Veille Internationale - Strat\u00e9gie Intelligentes - Bonnes pratiques\",\"publisher\":{\"@id\":\"https:\/\/territorialchallenges.com\/#organization\"},\"potentialAction\":[{\"@type\":\"SearchAction\",\"target\":{\"@type\":\"EntryPoint\",\"urlTemplate\":\"https:\/\/territorialchallenges.com\/?s={search_term_string}\"},\"query-input\":\"required name=search_term_string\"}],\"inLanguage\":\"de\"},{\"@type\":\"Organization\",\"@id\":\"https:\/\/territorialchallenges.com\/#organization\",\"name\":\"Territorial Challenges\",\"url\":\"https:\/\/territorialchallenges.com\/\",\"logo\":{\"@type\":\"ImageObject\",\"inLanguage\":\"de\",\"@id\":\"https:\/\/territorialchallenges.com\/#\/schema\/logo\/image\/\",\"url\":\"https:\/\/territorialchallenges.com\/wp-content\/uploads\/2023\/10\/logo-1.png\",\"contentUrl\":\"https:\/\/territorialchallenges.com\/wp-content\/uploads\/2023\/10\/logo-1.png\",\"width\":1832,\"height\":576,\"caption\":\"Territorial Challenges\"},\"image\":{\"@id\":\"https:\/\/territorialchallenges.com\/#\/schema\/logo\/image\/\"}},{\"@type\":\"Person\",\"@id\":\"https:\/\/territorialchallenges.com\/#\/schema\/person\/098f145c7c61a021c425e010f840080f\",\"name\":\"ni.abdi\",\"image\":{\"@type\":\"ImageObject\",\"inLanguage\":\"de\",\"@id\":\"https:\/\/territorialchallenges.com\/#\/schema\/person\/image\/\",\"url\":\"https:\/\/secure.gravatar.com\/avatar\/2a2f2491f3c80039986ba989b1e4b510?s=96&d=identicon&r=g\",\"contentUrl\":\"https:\/\/secure.gravatar.com\/avatar\/2a2f2491f3c80039986ba989b1e4b510?s=96&d=identicon&r=g\",\"caption\":\"ni.abdi\"},\"sameAs\":[\"https:\/\/twitter.com\/Ni.abdi\"],\"url\":\"https:\/\/territorialchallenges.com\/de\/author\/ni-abdi\/\"}]}<\/script>\n<!-- \/ Yoast SEO plugin. -->","yoast_head_json":{"title":"Comment adapter les transports en commun au temps du COVID-19 - Territorial Challenges","robots":{"index":"index","follow":"follow","max-snippet":"max-snippet:-1","max-image-preview":"max-image-preview:large","max-video-preview":"max-video-preview:-1"},"canonical":"https:\/\/territorialchallenges.com\/de\/2020\/04\/30\/comment-adapter-les-transports-en-commun-au-temps-du-covid-19\/85455\/","og_locale":"de_DE","og_type":"article","og_title":"Comment adapter les transports en commun au temps du COVID-19 - Territorial Challenges","og_description":"Les villes et les services publics de la mobilit\u00e9 sont actuellement dans une impasse: les transports en commun sont essentiels, mais comment peuvent-ils s&rsquo;acclimater au mieux aux circonstances entourant le coronavirus? Ils ont \u00e9t\u00e9 gravement touch\u00e9s par la pand\u00e9mie de COVID-19 dans les m\u00e9tropoles et villes du monde entier. Bien que l&rsquo;impact ait \u00e9t\u00e9 consid\u00e9rable [&hellip;]","og_url":"https:\/\/territorialchallenges.com\/de\/2020\/04\/30\/comment-adapter-les-transports-en-commun-au-temps-du-covid-19\/85455\/","og_site_name":"Territorial Challenges","article_published_time":"2020-04-30T15:58:45+00:00","og_image":[{"width":1920,"height":977,"url":"https:\/\/territorialchallenges.com\/wp-content\/uploads\/2020\/04\/smartcities290420.jpg","type":"image\/jpeg"}],"author":"ni.abdi","twitter_card":"summary_large_image","twitter_creator":"@Ni.abdi","twitter_misc":{"Verfasst von":"ni.abdi","Gesch\u00e4tzte Lesezeit":"5\u00a0Minuten"},"schema":{"@context":"https:\/\/schema.org","@graph":[{"@type":"Article","@id":"https:\/\/territorialchallenges.com\/2020\/04\/30\/comment-adapter-les-transports-en-commun-au-temps-du-covid-19\/85455\/#article","isPartOf":{"@id":"https:\/\/territorialchallenges.com\/2020\/04\/30\/comment-adapter-les-transports-en-commun-au-temps-du-covid-19\/85455\/"},"author":{"name":"ni.abdi","@id":"https:\/\/territorialchallenges.com\/#\/schema\/person\/098f145c7c61a021c425e010f840080f"},"headline":"Comment adapter les transports en commun au temps du COVID-19","datePublished":"2020-04-30T15:58:45+00:00","dateModified":"2020-04-30T15:58:45+00:00","mainEntityOfPage":{"@id":"https:\/\/territorialchallenges.com\/2020\/04\/30\/comment-adapter-les-transports-en-commun-au-temps-du-covid-19\/85455\/"},"wordCount":1083,"commentCount":0,"publisher":{"@id":"https:\/\/territorialchallenges.com\/#organization"},"articleSection":["Territoires Intelligents","Actualit\u00e9 internationale"],"inLanguage":"de"},{"@type":"WebPage","@id":"https:\/\/territorialchallenges.com\/2020\/04\/30\/comment-adapter-les-transports-en-commun-au-temps-du-covid-19\/85455\/","url":"https:\/\/territorialchallenges.com\/2020\/04\/30\/comment-adapter-les-transports-en-commun-au-temps-du-covid-19\/85455\/","name":"Comment adapter les transports en commun au temps du COVID-19 - Territorial Challenges","isPartOf":{"@id":"https:\/\/territorialchallenges.com\/#website"},"datePublished":"2020-04-30T15:58:45+00:00","dateModified":"2020-04-30T15:58:45+00:00","breadcrumb":{"@id":"https:\/\/territorialchallenges.com\/2020\/04\/30\/comment-adapter-les-transports-en-commun-au-temps-du-covid-19\/85455\/#breadcrumb"},"inLanguage":"de","potentialAction":[{"@type":"ReadAction","target":["https:\/\/territorialchallenges.com\/2020\/04\/30\/comment-adapter-les-transports-en-commun-au-temps-du-covid-19\/85455\/"]}]},{"@type":"BreadcrumbList","@id":"https:\/\/territorialchallenges.com\/2020\/04\/30\/comment-adapter-les-transports-en-commun-au-temps-du-covid-19\/85455\/#breadcrumb","itemListElement":[{"@type":"ListItem","position":1,"name":"Home","item":"https:\/\/territorialchallenges.com\/"},{"@type":"ListItem","position":2,"name":"Comment adapter les transports en commun au temps du COVID-19"}]},{"@type":"WebSite","@id":"https:\/\/territorialchallenges.com\/#website","url":"https:\/\/territorialchallenges.com\/","name":"Territoriale Herausforderungen","description":"Internationales Monitoring \u2013 Intelligente Strategien \u2013 Best Practices","publisher":{"@id":"https:\/\/territorialchallenges.com\/#organization"},"potentialAction":[{"@type":"SearchAction","target":{"@type":"EntryPoint","urlTemplate":"https:\/\/territorialchallenges.com\/?s={search_term_string}"},"query-input":"required name=search_term_string"}],"inLanguage":"de"},{"@type":"Organization","@id":"https:\/\/territorialchallenges.com\/#organization","name":"Territoriale Herausforderungen","url":"https:\/\/territorialchallenges.com\/","logo":{"@type":"ImageObject","inLanguage":"de","@id":"https:\/\/territorialchallenges.com\/#\/schema\/logo\/image\/","url":"https:\/\/territorialchallenges.com\/wp-content\/uploads\/2023\/10\/logo-1.png","contentUrl":"https:\/\/territorialchallenges.com\/wp-content\/uploads\/2023\/10\/logo-1.png","width":1832,"height":576,"caption":"Territorial Challenges"},"image":{"@id":"https:\/\/territorialchallenges.com\/#\/schema\/logo\/image\/"}},{"@type":"Person","@id":"https:\/\/territorialchallenges.com\/#\/schema\/person\/098f145c7c61a021c425e010f840080f","name":"ni.abdi","image":{"@type":"ImageObject","inLanguage":"de","@id":"https:\/\/territorialchallenges.com\/#\/schema\/person\/image\/","url":"https:\/\/secure.gravatar.com\/avatar\/2a2f2491f3c80039986ba989b1e4b510?s=96&d=identicon&r=g","contentUrl":"https:\/\/secure.gravatar.com\/avatar\/2a2f2491f3c80039986ba989b1e4b510?s=96&d=identicon&r=g","caption":"ni.abdi"},"sameAs":["https:\/\/twitter.com\/Ni.abdi"],"url":"https:\/\/territorialchallenges.com\/de\/author\/ni-abdi\/"}]}},"_links":{"self":[{"href":"https:\/\/territorialchallenges.com\/de\/wp-json\/wp\/v2\/posts\/85455"}],"collection":[{"href":"https:\/\/territorialchallenges.com\/de\/wp-json\/wp\/v2\/posts"}],"about":[{"href":"https:\/\/territorialchallenges.com\/de\/wp-json\/wp\/v2\/types\/post"}],"author":[{"embeddable":true,"href":"https:\/\/territorialchallenges.com\/de\/wp-json\/wp\/v2\/users\/11"}],"replies":[{"embeddable":true,"href":"https:\/\/territorialchallenges.com\/de\/wp-json\/wp\/v2\/comments?post=85455"}],"version-history":[{"count":1,"href":"https:\/\/territorialchallenges.com\/de\/wp-json\/wp\/v2\/posts\/85455\/revisions"}],"predecessor-version":[{"id":85460,"href":"https:\/\/territorialchallenges.com\/de\/wp-json\/wp\/v2\/posts\/85455\/revisions\/85460"}],"wp:featuredmedia":[{"embeddable":true,"href":"https:\/\/territorialchallenges.com\/de\/wp-json\/wp\/v2\/media\/85456"}],"wp:attachment":[{"href":"https:\/\/territorialchallenges.com\/de\/wp-json\/wp\/v2\/media?parent=85455"}],"wp:term":[{"taxonomy":"category","embeddable":true,"href":"https:\/\/territorialchallenges.com\/de\/wp-json\/wp\/v2\/categories?post=85455"},{"taxonomy":"post_tag","embeddable":true,"href":"https:\/\/territorialchallenges.com\/de\/wp-json\/wp\/v2\/tags?post=85455"}],"curies":[{"name":"wp","href":"https:\/\/api.w.org\/{rel}","templated":true}]}}