{"id":85449,"date":"2020-04-30T17:45:27","date_gmt":"2020-04-30T15:45:27","guid":{"rendered":"https:\/\/territorialchallenges.com\/?p=85449"},"modified":"2020-04-30T17:45:27","modified_gmt":"2020-04-30T15:45:27","slug":"vienne-et-sa-reactivite-devant-le-danger-covid-19","status":"publish","type":"post","link":"https:\/\/territorialchallenges.com\/de\/2020\/04\/30\/vienne-et-sa-reactivite-devant-le-danger-covid-19\/85449\/","title":{"rendered":"Wien und seine Reaktion auf die COVID-19-Gefahr"},"content":{"rendered":"<p>Die Gesundheitsverwaltung der \u00f6sterreichischen Hauptstadt lie\u00df nicht lange auf sich warten. Anfang April beauftragte sie Atos, den franz\u00f6sischen Marktf\u00fchrer f\u00fcr digitale Transformation, mit der Entwicklung und Einf\u00fchrung eines Epidemie-Management-Systems (EMS). Dieses System erm\u00f6glicht es den st\u00e4dtischen Teams, die Ausbreitung von\u2026 zu verfolgen. <\/p>\n<div class=\"pmpro_content_message\">Artikel nur f\u00fcr Abonnenten sichtbar.<br \/><a href=\"https:\/\/territorialchallenges.com\/wp-login.php\">Verbindung<\/a><br \/><a href=\"https:\/\/territorialchallenges.com\/de\/wp-login.php\/?action=register\">Registrieren<\/a><\/div>","protected":false},"excerpt":{"rendered":"<p>L&rsquo;administration de la sant\u00e9 de la capitale autrichienne n&rsquo;a pas perdu du temps. D\u00e8s le d\u00e9but d&rsquo;avril, elle a commissionn\u00e9e Atos, le leader fran\u00e7ais de la transformation digitale, pour d\u00e9velopper et d\u00e9ployer un syst\u00e8me de gestion des \u00e9pid\u00e9mies (Epidemic Management System, EMS). Ce syst\u00e8me permet aux \u00e9quipes de la municipalit\u00e9 de suivre la propagation des... <\/p>\n<div class=\"pmpro_content_message\">Artikel nur f\u00fcr Abonnenten sichtbar.<br \/><a href=\"https:\/\/territorialchallenges.com\/wp-login.php\">Verbindung<\/a><br \/><a href=\"https:\/\/territorialchallenges.com\/de\/wp-login.php\/?action=register\">Registrieren<\/a><\/div>","protected":false},"author":11,"featured_media":85450,"comment_status":"open","ping_status":"open","sticky":true,"template":"","format":"standard","meta":{"pmpro_default_level":0,"footnotes":""},"categories":[120,117],"tags":[],"blocksy_meta":"","yoast_head":"<!-- This site is optimized with the Yoast SEO plugin v21.5 - https:\/\/yoast.com\/wordpress\/plugins\/seo\/ -->\n<title>Vienne et sa r\u00e9activit\u00e9 devant le danger COVID 19 - Territorial Challenges<\/title>\n<meta name=\"robots\" content=\"index, follow, max-snippet:-1, max-image-preview:large, max-video-preview:-1\" \/>\n<link rel=\"canonical\" href=\"https:\/\/territorialchallenges.com\/de\/2020\/04\/30\/vienne-et-sa-reactivite-devant-le-danger-covid-19\/85449\/\" \/>\n<meta property=\"og:locale\" content=\"de_DE\" \/>\n<meta property=\"og:type\" content=\"article\" \/>\n<meta property=\"og:title\" content=\"Vienne et sa r\u00e9activit\u00e9 devant le danger COVID 19 - Territorial Challenges\" \/>\n<meta property=\"og:description\" content=\"L&rsquo;administration de la sant\u00e9 de la capitale autrichienne n&rsquo;a pas perdu du temps. D\u00e8s le d\u00e9but d&rsquo;avril, elle a commissionn\u00e9e Atos, le leader fran\u00e7ais de la transformation digitale, pour d\u00e9velopper et d\u00e9ployer un syst\u00e8me de gestion des \u00e9pid\u00e9mies (Epidemic Management System, EMS). Ce syst\u00e8me permet aux \u00e9quipes de la municipalit\u00e9 de suivre la propagation des [&hellip;]\" \/>\n<meta property=\"og:url\" content=\"https:\/\/territorialchallenges.com\/de\/2020\/04\/30\/vienne-et-sa-reactivite-devant-le-danger-covid-19\/85449\/\" \/>\n<meta property=\"og:site_name\" content=\"Territorial Challenges\" \/>\n<meta property=\"article:published_time\" content=\"2020-04-30T15:45:27+00:00\" \/>\n<meta property=\"og:image\" content=\"https:\/\/territorialchallenges.com\/wp-content\/uploads\/2020\/04\/viennaphoto.jpg\" \/>\n\t<meta property=\"og:image:width\" content=\"1280\" \/>\n\t<meta property=\"og:image:height\" content=\"854\" \/>\n\t<meta property=\"og:image:type\" content=\"image\/jpeg\" \/>\n<meta name=\"author\" content=\"ni.abdi\" \/>\n<meta name=\"twitter:card\" content=\"summary_large_image\" \/>\n<meta name=\"twitter:creator\" content=\"@Ni.abdi\" \/>\n<meta name=\"twitter:label1\" content=\"Verfasst von\" \/>\n\t<meta name=\"twitter:data1\" content=\"ni.abdi\" \/>\n\t<meta name=\"twitter:label2\" content=\"Gesch\u00e4tzte Lesezeit\" \/>\n\t<meta name=\"twitter:data2\" content=\"3\u00a0Minuten\" \/>\n<script type=\"application\/ld+json\" class=\"yoast-schema-graph\">{\"@context\":\"https:\/\/schema.org\",\"@graph\":[{\"@type\":\"Article\",\"@id\":\"https:\/\/territorialchallenges.com\/2020\/04\/30\/vienne-et-sa-reactivite-devant-le-danger-covid-19\/85449\/#article\",\"isPartOf\":{\"@id\":\"https:\/\/territorialchallenges.com\/2020\/04\/30\/vienne-et-sa-reactivite-devant-le-danger-covid-19\/85449\/\"},\"author\":{\"name\":\"ni.abdi\",\"@id\":\"https:\/\/territorialchallenges.com\/#\/schema\/person\/098f145c7c61a021c425e010f840080f\"},\"headline\":\"Vienne et sa r\u00e9activit\u00e9 devant le danger COVID 19\",\"datePublished\":\"2020-04-30T15:45:27+00:00\",\"dateModified\":\"2020-04-30T15:45:27+00:00\",\"mainEntityOfPage\":{\"@id\":\"https:\/\/territorialchallenges.com\/2020\/04\/30\/vienne-et-sa-reactivite-devant-le-danger-covid-19\/85449\/\"},\"wordCount\":608,\"commentCount\":0,\"publisher\":{\"@id\":\"https:\/\/territorialchallenges.com\/#organization\"},\"articleSection\":[\"Il s'est pass\u00e9 \u00e0\",\"\u00c9cosyst\u00e8me\"],\"inLanguage\":\"de\"},{\"@type\":\"WebPage\",\"@id\":\"https:\/\/territorialchallenges.com\/2020\/04\/30\/vienne-et-sa-reactivite-devant-le-danger-covid-19\/85449\/\",\"url\":\"https:\/\/territorialchallenges.com\/2020\/04\/30\/vienne-et-sa-reactivite-devant-le-danger-covid-19\/85449\/\",\"name\":\"Vienne et sa r\u00e9activit\u00e9 devant le danger COVID 19 - Territorial Challenges\",\"isPartOf\":{\"@id\":\"https:\/\/territorialchallenges.com\/#website\"},\"datePublished\":\"2020-04-30T15:45:27+00:00\",\"dateModified\":\"2020-04-30T15:45:27+00:00\",\"breadcrumb\":{\"@id\":\"https:\/\/territorialchallenges.com\/2020\/04\/30\/vienne-et-sa-reactivite-devant-le-danger-covid-19\/85449\/#breadcrumb\"},\"inLanguage\":\"de\",\"potentialAction\":[{\"@type\":\"ReadAction\",\"target\":[\"https:\/\/territorialchallenges.com\/2020\/04\/30\/vienne-et-sa-reactivite-devant-le-danger-covid-19\/85449\/\"]}]},{\"@type\":\"BreadcrumbList\",\"@id\":\"https:\/\/territorialchallenges.com\/2020\/04\/30\/vienne-et-sa-reactivite-devant-le-danger-covid-19\/85449\/#breadcrumb\",\"itemListElement\":[{\"@type\":\"ListItem\",\"position\":1,\"name\":\"Home\",\"item\":\"https:\/\/territorialchallenges.com\/\"},{\"@type\":\"ListItem\",\"position\":2,\"name\":\"Vienne et sa r\u00e9activit\u00e9 devant le danger COVID 19\"}]},{\"@type\":\"WebSite\",\"@id\":\"https:\/\/territorialchallenges.com\/#website\",\"url\":\"https:\/\/territorialchallenges.com\/\",\"name\":\"Territorial Challenges\",\"description\":\"Veille Internationale - Strat\u00e9gie Intelligentes - Bonnes pratiques\",\"publisher\":{\"@id\":\"https:\/\/territorialchallenges.com\/#organization\"},\"potentialAction\":[{\"@type\":\"SearchAction\",\"target\":{\"@type\":\"EntryPoint\",\"urlTemplate\":\"https:\/\/territorialchallenges.com\/?s={search_term_string}\"},\"query-input\":\"required name=search_term_string\"}],\"inLanguage\":\"de\"},{\"@type\":\"Organization\",\"@id\":\"https:\/\/territorialchallenges.com\/#organization\",\"name\":\"Territorial Challenges\",\"url\":\"https:\/\/territorialchallenges.com\/\",\"logo\":{\"@type\":\"ImageObject\",\"inLanguage\":\"de\",\"@id\":\"https:\/\/territorialchallenges.com\/#\/schema\/logo\/image\/\",\"url\":\"https:\/\/territorialchallenges.com\/wp-content\/uploads\/2023\/10\/logo-1.png\",\"contentUrl\":\"https:\/\/territorialchallenges.com\/wp-content\/uploads\/2023\/10\/logo-1.png\",\"width\":1832,\"height\":576,\"caption\":\"Territorial Challenges\"},\"image\":{\"@id\":\"https:\/\/territorialchallenges.com\/#\/schema\/logo\/image\/\"}},{\"@type\":\"Person\",\"@id\":\"https:\/\/territorialchallenges.com\/#\/schema\/person\/098f145c7c61a021c425e010f840080f\",\"name\":\"ni.abdi\",\"image\":{\"@type\":\"ImageObject\",\"inLanguage\":\"de\",\"@id\":\"https:\/\/territorialchallenges.com\/#\/schema\/person\/image\/\",\"url\":\"https:\/\/secure.gravatar.com\/avatar\/2a2f2491f3c80039986ba989b1e4b510?s=96&d=identicon&r=g\",\"contentUrl\":\"https:\/\/secure.gravatar.com\/avatar\/2a2f2491f3c80039986ba989b1e4b510?s=96&d=identicon&r=g\",\"caption\":\"ni.abdi\"},\"sameAs\":[\"https:\/\/twitter.com\/Ni.abdi\"],\"url\":\"https:\/\/territorialchallenges.com\/de\/author\/ni-abdi\/\"}]}<\/script>\n<!-- \/ Yoast SEO plugin. -->","yoast_head_json":{"title":"Vienne et sa r\u00e9activit\u00e9 devant le danger COVID 19 - Territorial Challenges","robots":{"index":"index","follow":"follow","max-snippet":"max-snippet:-1","max-image-preview":"max-image-preview:large","max-video-preview":"max-video-preview:-1"},"canonical":"https:\/\/territorialchallenges.com\/de\/2020\/04\/30\/vienne-et-sa-reactivite-devant-le-danger-covid-19\/85449\/","og_locale":"de_DE","og_type":"article","og_title":"Vienne et sa r\u00e9activit\u00e9 devant le danger COVID 19 - Territorial Challenges","og_description":"L&rsquo;administration de la sant\u00e9 de la capitale autrichienne n&rsquo;a pas perdu du temps. D\u00e8s le d\u00e9but d&rsquo;avril, elle a commissionn\u00e9e Atos, le leader fran\u00e7ais de la transformation digitale, pour d\u00e9velopper et d\u00e9ployer un syst\u00e8me de gestion des \u00e9pid\u00e9mies (Epidemic Management System, EMS). Ce syst\u00e8me permet aux \u00e9quipes de la municipalit\u00e9 de suivre la propagation des [&hellip;]","og_url":"https:\/\/territorialchallenges.com\/de\/2020\/04\/30\/vienne-et-sa-reactivite-devant-le-danger-covid-19\/85449\/","og_site_name":"Territorial Challenges","article_published_time":"2020-04-30T15:45:27+00:00","og_image":[{"width":1280,"height":854,"url":"https:\/\/territorialchallenges.com\/wp-content\/uploads\/2020\/04\/viennaphoto.jpg","type":"image\/jpeg"}],"author":"ni.abdi","twitter_card":"summary_large_image","twitter_creator":"@Ni.abdi","twitter_misc":{"Verfasst von":"ni.abdi","Gesch\u00e4tzte Lesezeit":"3\u00a0Minuten"},"schema":{"@context":"https:\/\/schema.org","@graph":[{"@type":"Article","@id":"https:\/\/territorialchallenges.com\/2020\/04\/30\/vienne-et-sa-reactivite-devant-le-danger-covid-19\/85449\/#article","isPartOf":{"@id":"https:\/\/territorialchallenges.com\/2020\/04\/30\/vienne-et-sa-reactivite-devant-le-danger-covid-19\/85449\/"},"author":{"name":"ni.abdi","@id":"https:\/\/territorialchallenges.com\/#\/schema\/person\/098f145c7c61a021c425e010f840080f"},"headline":"Vienne et sa r\u00e9activit\u00e9 devant le danger COVID 19","datePublished":"2020-04-30T15:45:27+00:00","dateModified":"2020-04-30T15:45:27+00:00","mainEntityOfPage":{"@id":"https:\/\/territorialchallenges.com\/2020\/04\/30\/vienne-et-sa-reactivite-devant-le-danger-covid-19\/85449\/"},"wordCount":608,"commentCount":0,"publisher":{"@id":"https:\/\/territorialchallenges.com\/#organization"},"articleSection":["Il s'est pass\u00e9 \u00e0","\u00c9cosyst\u00e8me"],"inLanguage":"de"},{"@type":"WebPage","@id":"https:\/\/territorialchallenges.com\/2020\/04\/30\/vienne-et-sa-reactivite-devant-le-danger-covid-19\/85449\/","url":"https:\/\/territorialchallenges.com\/2020\/04\/30\/vienne-et-sa-reactivite-devant-le-danger-covid-19\/85449\/","name":"Vienne et sa r\u00e9activit\u00e9 devant le danger COVID 19 - Territorial Challenges","isPartOf":{"@id":"https:\/\/territorialchallenges.com\/#website"},"datePublished":"2020-04-30T15:45:27+00:00","dateModified":"2020-04-30T15:45:27+00:00","breadcrumb":{"@id":"https:\/\/territorialchallenges.com\/2020\/04\/30\/vienne-et-sa-reactivite-devant-le-danger-covid-19\/85449\/#breadcrumb"},"inLanguage":"de","potentialAction":[{"@type":"ReadAction","target":["https:\/\/territorialchallenges.com\/2020\/04\/30\/vienne-et-sa-reactivite-devant-le-danger-covid-19\/85449\/"]}]},{"@type":"BreadcrumbList","@id":"https:\/\/territorialchallenges.com\/2020\/04\/30\/vienne-et-sa-reactivite-devant-le-danger-covid-19\/85449\/#breadcrumb","itemListElement":[{"@type":"ListItem","position":1,"name":"Home","item":"https:\/\/territorialchallenges.com\/"},{"@type":"ListItem","position":2,"name":"Vienne et sa r\u00e9activit\u00e9 devant le danger COVID 19"}]},{"@type":"WebSite","@id":"https:\/\/territorialchallenges.com\/#website","url":"https:\/\/territorialchallenges.com\/","name":"Territoriale Herausforderungen","description":"Internationales Monitoring \u2013 Intelligente Strategien \u2013 Best Practices","publisher":{"@id":"https:\/\/territorialchallenges.com\/#organization"},"potentialAction":[{"@type":"SearchAction","target":{"@type":"EntryPoint","urlTemplate":"https:\/\/territorialchallenges.com\/?s={search_term_string}"},"query-input":"required name=search_term_string"}],"inLanguage":"de"},{"@type":"Organization","@id":"https:\/\/territorialchallenges.com\/#organization","name":"Territoriale Herausforderungen","url":"https:\/\/territorialchallenges.com\/","logo":{"@type":"ImageObject","inLanguage":"de","@id":"https:\/\/territorialchallenges.com\/#\/schema\/logo\/image\/","url":"https:\/\/territorialchallenges.com\/wp-content\/uploads\/2023\/10\/logo-1.png","contentUrl":"https:\/\/territorialchallenges.com\/wp-content\/uploads\/2023\/10\/logo-1.png","width":1832,"height":576,"caption":"Territorial Challenges"},"image":{"@id":"https:\/\/territorialchallenges.com\/#\/schema\/logo\/image\/"}},{"@type":"Person","@id":"https:\/\/territorialchallenges.com\/#\/schema\/person\/098f145c7c61a021c425e010f840080f","name":"ni.abdi","image":{"@type":"ImageObject","inLanguage":"de","@id":"https:\/\/territorialchallenges.com\/#\/schema\/person\/image\/","url":"https:\/\/secure.gravatar.com\/avatar\/2a2f2491f3c80039986ba989b1e4b510?s=96&d=identicon&r=g","contentUrl":"https:\/\/secure.gravatar.com\/avatar\/2a2f2491f3c80039986ba989b1e4b510?s=96&d=identicon&r=g","caption":"ni.abdi"},"sameAs":["https:\/\/twitter.com\/Ni.abdi"],"url":"https:\/\/territorialchallenges.com\/de\/author\/ni-abdi\/"}]}},"_links":{"self":[{"href":"https:\/\/territorialchallenges.com\/de\/wp-json\/wp\/v2\/posts\/85449"}],"collection":[{"href":"https:\/\/territorialchallenges.com\/de\/wp-json\/wp\/v2\/posts"}],"about":[{"href":"https:\/\/territorialchallenges.com\/de\/wp-json\/wp\/v2\/types\/post"}],"author":[{"embeddable":true,"href":"https:\/\/territorialchallenges.com\/de\/wp-json\/wp\/v2\/users\/11"}],"replies":[{"embeddable":true,"href":"https:\/\/territorialchallenges.com\/de\/wp-json\/wp\/v2\/comments?post=85449"}],"version-history":[{"count":1,"href":"https:\/\/territorialchallenges.com\/de\/wp-json\/wp\/v2\/posts\/85449\/revisions"}],"predecessor-version":[{"id":85454,"href":"https:\/\/territorialchallenges.com\/de\/wp-json\/wp\/v2\/posts\/85449\/revisions\/85454"}],"wp:featuredmedia":[{"embeddable":true,"href":"https:\/\/territorialchallenges.com\/de\/wp-json\/wp\/v2\/media\/85450"}],"wp:attachment":[{"href":"https:\/\/territorialchallenges.com\/de\/wp-json\/wp\/v2\/media?parent=85449"}],"wp:term":[{"taxonomy":"category","embeddable":true,"href":"https:\/\/territorialchallenges.com\/de\/wp-json\/wp\/v2\/categories?post=85449"},{"taxonomy":"post_tag","embeddable":true,"href":"https:\/\/territorialchallenges.com\/de\/wp-json\/wp\/v2\/tags?post=85449"}],"curies":[{"name":"wp","href":"https:\/\/api.w.org\/{rel}","templated":true}]}}