{"id":85282,"date":"2020-03-08T09:24:13","date_gmt":"2020-03-08T08:24:13","guid":{"rendered":"https:\/\/territorialchallenges.com\/?p=85282"},"modified":"2020-03-08T11:11:55","modified_gmt":"2020-03-08T10:11:55","slug":"wiesbaden-vers-un-haut-debit-modele-en-allemagne","status":"publish","type":"post","link":"https:\/\/territorialchallenges.com\/de\/2020\/03\/08\/wiesbaden-vers-un-haut-debit-modele-en-allemagne\/85282\/","title":{"rendered":"Wiesbaden, auf dem Weg zum Musterbreitband in Deutschland"},"content":{"rendered":"<p>Als Teil der \u201eGigabit-Region Frankfurt\u201c soll Wiesbaden bis 2025 fl\u00e4chendeckend an Glasfaserkabel angeschlossen werden. Davon soll insbesondere die Wirtschaft profitieren. Wiesbaden ist Teil der sogenannten \u201eGigabit-Region Frankfurt Rhein Main\u201c. Das Land (Region) Hessen, dessen Hauptstadt Wiesbaden ist, in Partnerschaft\u2026 <\/p>\n<div class=\"pmpro_content_message\">Artikel nur f\u00fcr Abonnenten sichtbar.<br \/><a href=\"https:\/\/territorialchallenges.com\/wp-login.php\">Verbindung<\/a><br \/><a href=\"https:\/\/territorialchallenges.com\/de\/wp-login.php\/?action=register\">Registrieren<\/a><\/div>","protected":false},"excerpt":{"rendered":"<p>Dans le cadre de la \u00ab\u00a0Gigabit Region Frankfurt\u00a0\u00bb, Wiesbaden doit \u00eatre connect\u00e9e \u00e0 des c\u00e2bles \u00e0 fibres optiques dans toute la r\u00e9gion d&rsquo;ici 2025. L&rsquo;\u00e9conomie en particulier devrait en b\u00e9n\u00e9ficier. Wiesbaden fait partie de ce que l&rsquo;on appelle la \u00ab\u00a0r\u00e9gion Gigabit Frankfurt Rhein Main\u00a0\u00bb. Le l\u00e4nder (r\u00e9gion) Hesse dont Wiesbaden est la capitale, en partenariat... <\/p>\n<div class=\"pmpro_content_message\">Artikel nur f\u00fcr Abonnenten sichtbar.<br \/><a href=\"https:\/\/territorialchallenges.com\/wp-login.php\">Verbindung<\/a><br \/><a href=\"https:\/\/territorialchallenges.com\/de\/wp-login.php\/?action=register\">Registrieren<\/a><\/div>","protected":false},"author":11,"featured_media":85283,"comment_status":"open","ping_status":"open","sticky":true,"template":"","format":"standard","meta":{"pmpro_default_level":0,"footnotes":""},"categories":[120,117],"tags":[],"blocksy_meta":"","yoast_head":"<!-- This site is optimized with the Yoast SEO plugin v21.5 - https:\/\/yoast.com\/wordpress\/plugins\/seo\/ -->\n<title>Wiesbaden, vers un haut d\u00e9bit mod\u00e8le en Allemagne - Territorial Challenges<\/title>\n<meta name=\"robots\" content=\"index, follow, max-snippet:-1, max-image-preview:large, max-video-preview:-1\" \/>\n<link rel=\"canonical\" href=\"https:\/\/territorialchallenges.com\/de\/2020\/03\/08\/wiesbaden-vers-un-haut-debit-modele-en-allemagne\/85282\/\" \/>\n<meta property=\"og:locale\" content=\"de_DE\" \/>\n<meta property=\"og:type\" content=\"article\" \/>\n<meta property=\"og:title\" content=\"Wiesbaden, vers un haut d\u00e9bit mod\u00e8le en Allemagne - Territorial Challenges\" \/>\n<meta property=\"og:description\" content=\"Dans le cadre de la \u00ab\u00a0Gigabit Region Frankfurt\u00a0\u00bb, Wiesbaden doit \u00eatre connect\u00e9e \u00e0 des c\u00e2bles \u00e0 fibres optiques dans toute la r\u00e9gion d&rsquo;ici 2025. L&rsquo;\u00e9conomie en particulier devrait en b\u00e9n\u00e9ficier. Wiesbaden fait partie de ce que l&rsquo;on appelle la \u00ab\u00a0r\u00e9gion Gigabit Frankfurt Rhein Main\u00a0\u00bb. Le l\u00e4nder (r\u00e9gion) Hesse dont Wiesbaden est la capitale, en partenariat [&hellip;]\" \/>\n<meta property=\"og:url\" content=\"https:\/\/territorialchallenges.com\/de\/2020\/03\/08\/wiesbaden-vers-un-haut-debit-modele-en-allemagne\/85282\/\" \/>\n<meta property=\"og:site_name\" content=\"Territorial Challenges\" \/>\n<meta property=\"article:published_time\" content=\"2020-03-08T08:24:13+00:00\" \/>\n<meta property=\"article:modified_time\" content=\"2020-03-08T10:11:55+00:00\" \/>\n<meta property=\"og:image\" content=\"https:\/\/territorialchallenges.com\/wp-content\/uploads\/2020\/03\/wiesbaden-4763614_1920.jpg\" \/>\n\t<meta property=\"og:image:width\" content=\"1920\" \/>\n\t<meta property=\"og:image:height\" content=\"1249\" \/>\n\t<meta property=\"og:image:type\" content=\"image\/jpeg\" \/>\n<meta name=\"author\" content=\"ni.abdi\" \/>\n<meta name=\"twitter:card\" content=\"summary_large_image\" \/>\n<meta name=\"twitter:creator\" content=\"@Ni.abdi\" \/>\n<meta name=\"twitter:label1\" content=\"Verfasst von\" \/>\n\t<meta name=\"twitter:data1\" content=\"ni.abdi\" \/>\n\t<meta name=\"twitter:label2\" content=\"Gesch\u00e4tzte Lesezeit\" \/>\n\t<meta name=\"twitter:data2\" content=\"2\u00a0Minuten\" \/>\n<script type=\"application\/ld+json\" class=\"yoast-schema-graph\">{\"@context\":\"https:\/\/schema.org\",\"@graph\":[{\"@type\":\"Article\",\"@id\":\"https:\/\/territorialchallenges.com\/2020\/03\/08\/wiesbaden-vers-un-haut-debit-modele-en-allemagne\/85282\/#article\",\"isPartOf\":{\"@id\":\"https:\/\/territorialchallenges.com\/2020\/03\/08\/wiesbaden-vers-un-haut-debit-modele-en-allemagne\/85282\/\"},\"author\":{\"name\":\"ni.abdi\",\"@id\":\"https:\/\/territorialchallenges.com\/#\/schema\/person\/098f145c7c61a021c425e010f840080f\"},\"headline\":\"Wiesbaden, vers un haut d\u00e9bit mod\u00e8le en Allemagne\",\"datePublished\":\"2020-03-08T08:24:13+00:00\",\"dateModified\":\"2020-03-08T10:11:55+00:00\",\"mainEntityOfPage\":{\"@id\":\"https:\/\/territorialchallenges.com\/2020\/03\/08\/wiesbaden-vers-un-haut-debit-modele-en-allemagne\/85282\/\"},\"wordCount\":496,\"commentCount\":0,\"publisher\":{\"@id\":\"https:\/\/territorialchallenges.com\/#organization\"},\"articleSection\":[\"Il s'est pass\u00e9 \u00e0\",\"\u00c9cosyst\u00e8me\"],\"inLanguage\":\"de\"},{\"@type\":\"WebPage\",\"@id\":\"https:\/\/territorialchallenges.com\/2020\/03\/08\/wiesbaden-vers-un-haut-debit-modele-en-allemagne\/85282\/\",\"url\":\"https:\/\/territorialchallenges.com\/2020\/03\/08\/wiesbaden-vers-un-haut-debit-modele-en-allemagne\/85282\/\",\"name\":\"Wiesbaden, vers un haut d\u00e9bit mod\u00e8le en Allemagne - Territorial Challenges\",\"isPartOf\":{\"@id\":\"https:\/\/territorialchallenges.com\/#website\"},\"datePublished\":\"2020-03-08T08:24:13+00:00\",\"dateModified\":\"2020-03-08T10:11:55+00:00\",\"breadcrumb\":{\"@id\":\"https:\/\/territorialchallenges.com\/2020\/03\/08\/wiesbaden-vers-un-haut-debit-modele-en-allemagne\/85282\/#breadcrumb\"},\"inLanguage\":\"de\",\"potentialAction\":[{\"@type\":\"ReadAction\",\"target\":[\"https:\/\/territorialchallenges.com\/2020\/03\/08\/wiesbaden-vers-un-haut-debit-modele-en-allemagne\/85282\/\"]}]},{\"@type\":\"BreadcrumbList\",\"@id\":\"https:\/\/territorialchallenges.com\/2020\/03\/08\/wiesbaden-vers-un-haut-debit-modele-en-allemagne\/85282\/#breadcrumb\",\"itemListElement\":[{\"@type\":\"ListItem\",\"position\":1,\"name\":\"Home\",\"item\":\"https:\/\/territorialchallenges.com\/\"},{\"@type\":\"ListItem\",\"position\":2,\"name\":\"Wiesbaden, vers un haut d\u00e9bit mod\u00e8le en Allemagne\"}]},{\"@type\":\"WebSite\",\"@id\":\"https:\/\/territorialchallenges.com\/#website\",\"url\":\"https:\/\/territorialchallenges.com\/\",\"name\":\"Territorial Challenges\",\"description\":\"Veille Internationale - Strat\u00e9gie Intelligentes - Bonnes pratiques\",\"publisher\":{\"@id\":\"https:\/\/territorialchallenges.com\/#organization\"},\"potentialAction\":[{\"@type\":\"SearchAction\",\"target\":{\"@type\":\"EntryPoint\",\"urlTemplate\":\"https:\/\/territorialchallenges.com\/?s={search_term_string}\"},\"query-input\":\"required name=search_term_string\"}],\"inLanguage\":\"de\"},{\"@type\":\"Organization\",\"@id\":\"https:\/\/territorialchallenges.com\/#organization\",\"name\":\"Territorial Challenges\",\"url\":\"https:\/\/territorialchallenges.com\/\",\"logo\":{\"@type\":\"ImageObject\",\"inLanguage\":\"de\",\"@id\":\"https:\/\/territorialchallenges.com\/#\/schema\/logo\/image\/\",\"url\":\"https:\/\/territorialchallenges.com\/wp-content\/uploads\/2023\/10\/logo-1.png\",\"contentUrl\":\"https:\/\/territorialchallenges.com\/wp-content\/uploads\/2023\/10\/logo-1.png\",\"width\":1832,\"height\":576,\"caption\":\"Territorial Challenges\"},\"image\":{\"@id\":\"https:\/\/territorialchallenges.com\/#\/schema\/logo\/image\/\"}},{\"@type\":\"Person\",\"@id\":\"https:\/\/territorialchallenges.com\/#\/schema\/person\/098f145c7c61a021c425e010f840080f\",\"name\":\"ni.abdi\",\"image\":{\"@type\":\"ImageObject\",\"inLanguage\":\"de\",\"@id\":\"https:\/\/territorialchallenges.com\/#\/schema\/person\/image\/\",\"url\":\"https:\/\/secure.gravatar.com\/avatar\/2a2f2491f3c80039986ba989b1e4b510?s=96&d=identicon&r=g\",\"contentUrl\":\"https:\/\/secure.gravatar.com\/avatar\/2a2f2491f3c80039986ba989b1e4b510?s=96&d=identicon&r=g\",\"caption\":\"ni.abdi\"},\"sameAs\":[\"https:\/\/twitter.com\/Ni.abdi\"],\"url\":\"https:\/\/territorialchallenges.com\/de\/author\/ni-abdi\/\"}]}<\/script>\n<!-- \/ Yoast SEO plugin. -->","yoast_head_json":{"title":"Wiesbaden, vers un haut d\u00e9bit mod\u00e8le en Allemagne - Territorial Challenges","robots":{"index":"index","follow":"follow","max-snippet":"max-snippet:-1","max-image-preview":"max-image-preview:large","max-video-preview":"max-video-preview:-1"},"canonical":"https:\/\/territorialchallenges.com\/de\/2020\/03\/08\/wiesbaden-vers-un-haut-debit-modele-en-allemagne\/85282\/","og_locale":"de_DE","og_type":"article","og_title":"Wiesbaden, vers un haut d\u00e9bit mod\u00e8le en Allemagne - Territorial Challenges","og_description":"Dans le cadre de la \u00ab\u00a0Gigabit Region Frankfurt\u00a0\u00bb, Wiesbaden doit \u00eatre connect\u00e9e \u00e0 des c\u00e2bles \u00e0 fibres optiques dans toute la r\u00e9gion d&rsquo;ici 2025. L&rsquo;\u00e9conomie en particulier devrait en b\u00e9n\u00e9ficier. Wiesbaden fait partie de ce que l&rsquo;on appelle la \u00ab\u00a0r\u00e9gion Gigabit Frankfurt Rhein Main\u00a0\u00bb. Le l\u00e4nder (r\u00e9gion) Hesse dont Wiesbaden est la capitale, en partenariat [&hellip;]","og_url":"https:\/\/territorialchallenges.com\/de\/2020\/03\/08\/wiesbaden-vers-un-haut-debit-modele-en-allemagne\/85282\/","og_site_name":"Territorial Challenges","article_published_time":"2020-03-08T08:24:13+00:00","article_modified_time":"2020-03-08T10:11:55+00:00","og_image":[{"width":1920,"height":1249,"url":"https:\/\/territorialchallenges.com\/wp-content\/uploads\/2020\/03\/wiesbaden-4763614_1920.jpg","type":"image\/jpeg"}],"author":"ni.abdi","twitter_card":"summary_large_image","twitter_creator":"@Ni.abdi","twitter_misc":{"Verfasst von":"ni.abdi","Gesch\u00e4tzte Lesezeit":"2\u00a0Minuten"},"schema":{"@context":"https:\/\/schema.org","@graph":[{"@type":"Article","@id":"https:\/\/territorialchallenges.com\/2020\/03\/08\/wiesbaden-vers-un-haut-debit-modele-en-allemagne\/85282\/#article","isPartOf":{"@id":"https:\/\/territorialchallenges.com\/2020\/03\/08\/wiesbaden-vers-un-haut-debit-modele-en-allemagne\/85282\/"},"author":{"name":"ni.abdi","@id":"https:\/\/territorialchallenges.com\/#\/schema\/person\/098f145c7c61a021c425e010f840080f"},"headline":"Wiesbaden, vers un haut d\u00e9bit mod\u00e8le en Allemagne","datePublished":"2020-03-08T08:24:13+00:00","dateModified":"2020-03-08T10:11:55+00:00","mainEntityOfPage":{"@id":"https:\/\/territorialchallenges.com\/2020\/03\/08\/wiesbaden-vers-un-haut-debit-modele-en-allemagne\/85282\/"},"wordCount":496,"commentCount":0,"publisher":{"@id":"https:\/\/territorialchallenges.com\/#organization"},"articleSection":["Il s'est pass\u00e9 \u00e0","\u00c9cosyst\u00e8me"],"inLanguage":"de"},{"@type":"WebPage","@id":"https:\/\/territorialchallenges.com\/2020\/03\/08\/wiesbaden-vers-un-haut-debit-modele-en-allemagne\/85282\/","url":"https:\/\/territorialchallenges.com\/2020\/03\/08\/wiesbaden-vers-un-haut-debit-modele-en-allemagne\/85282\/","name":"Wiesbaden, vers un haut d\u00e9bit mod\u00e8le en Allemagne - Territorial Challenges","isPartOf":{"@id":"https:\/\/territorialchallenges.com\/#website"},"datePublished":"2020-03-08T08:24:13+00:00","dateModified":"2020-03-08T10:11:55+00:00","breadcrumb":{"@id":"https:\/\/territorialchallenges.com\/2020\/03\/08\/wiesbaden-vers-un-haut-debit-modele-en-allemagne\/85282\/#breadcrumb"},"inLanguage":"de","potentialAction":[{"@type":"ReadAction","target":["https:\/\/territorialchallenges.com\/2020\/03\/08\/wiesbaden-vers-un-haut-debit-modele-en-allemagne\/85282\/"]}]},{"@type":"BreadcrumbList","@id":"https:\/\/territorialchallenges.com\/2020\/03\/08\/wiesbaden-vers-un-haut-debit-modele-en-allemagne\/85282\/#breadcrumb","itemListElement":[{"@type":"ListItem","position":1,"name":"Home","item":"https:\/\/territorialchallenges.com\/"},{"@type":"ListItem","position":2,"name":"Wiesbaden, vers un haut d\u00e9bit mod\u00e8le en Allemagne"}]},{"@type":"WebSite","@id":"https:\/\/territorialchallenges.com\/#website","url":"https:\/\/territorialchallenges.com\/","name":"Territoriale Herausforderungen","description":"Internationales Monitoring \u2013 Intelligente Strategien \u2013 Best Practices","publisher":{"@id":"https:\/\/territorialchallenges.com\/#organization"},"potentialAction":[{"@type":"SearchAction","target":{"@type":"EntryPoint","urlTemplate":"https:\/\/territorialchallenges.com\/?s={search_term_string}"},"query-input":"required name=search_term_string"}],"inLanguage":"de"},{"@type":"Organization","@id":"https:\/\/territorialchallenges.com\/#organization","name":"Territoriale Herausforderungen","url":"https:\/\/territorialchallenges.com\/","logo":{"@type":"ImageObject","inLanguage":"de","@id":"https:\/\/territorialchallenges.com\/#\/schema\/logo\/image\/","url":"https:\/\/territorialchallenges.com\/wp-content\/uploads\/2023\/10\/logo-1.png","contentUrl":"https:\/\/territorialchallenges.com\/wp-content\/uploads\/2023\/10\/logo-1.png","width":1832,"height":576,"caption":"Territorial Challenges"},"image":{"@id":"https:\/\/territorialchallenges.com\/#\/schema\/logo\/image\/"}},{"@type":"Person","@id":"https:\/\/territorialchallenges.com\/#\/schema\/person\/098f145c7c61a021c425e010f840080f","name":"ni.abdi","image":{"@type":"ImageObject","inLanguage":"de","@id":"https:\/\/territorialchallenges.com\/#\/schema\/person\/image\/","url":"https:\/\/secure.gravatar.com\/avatar\/2a2f2491f3c80039986ba989b1e4b510?s=96&d=identicon&r=g","contentUrl":"https:\/\/secure.gravatar.com\/avatar\/2a2f2491f3c80039986ba989b1e4b510?s=96&d=identicon&r=g","caption":"ni.abdi"},"sameAs":["https:\/\/twitter.com\/Ni.abdi"],"url":"https:\/\/territorialchallenges.com\/de\/author\/ni-abdi\/"}]}},"_links":{"self":[{"href":"https:\/\/territorialchallenges.com\/de\/wp-json\/wp\/v2\/posts\/85282"}],"collection":[{"href":"https:\/\/territorialchallenges.com\/de\/wp-json\/wp\/v2\/posts"}],"about":[{"href":"https:\/\/territorialchallenges.com\/de\/wp-json\/wp\/v2\/types\/post"}],"author":[{"embeddable":true,"href":"https:\/\/territorialchallenges.com\/de\/wp-json\/wp\/v2\/users\/11"}],"replies":[{"embeddable":true,"href":"https:\/\/territorialchallenges.com\/de\/wp-json\/wp\/v2\/comments?post=85282"}],"version-history":[{"count":2,"href":"https:\/\/territorialchallenges.com\/de\/wp-json\/wp\/v2\/posts\/85282\/revisions"}],"predecessor-version":[{"id":85288,"href":"https:\/\/territorialchallenges.com\/de\/wp-json\/wp\/v2\/posts\/85282\/revisions\/85288"}],"wp:featuredmedia":[{"embeddable":true,"href":"https:\/\/territorialchallenges.com\/de\/wp-json\/wp\/v2\/media\/85283"}],"wp:attachment":[{"href":"https:\/\/territorialchallenges.com\/de\/wp-json\/wp\/v2\/media?parent=85282"}],"wp:term":[{"taxonomy":"category","embeddable":true,"href":"https:\/\/territorialchallenges.com\/de\/wp-json\/wp\/v2\/categories?post=85282"},{"taxonomy":"post_tag","embeddable":true,"href":"https:\/\/territorialchallenges.com\/de\/wp-json\/wp\/v2\/tags?post=85282"}],"curies":[{"name":"wp","href":"https:\/\/api.w.org\/{rel}","templated":true}]}}