{"id":84945,"date":"2019-12-19T15:19:39","date_gmt":"2019-12-19T14:19:39","guid":{"rendered":"https:\/\/territorialchallenges.com\/?p=84945"},"modified":"2019-12-19T15:19:39","modified_gmt":"2019-12-19T14:19:39","slug":"anna-schindler-lurbaniste-qui-pense-lavenir-de-zurich","status":"publish","type":"post","link":"https:\/\/territorialchallenges.com\/de\/2019\/12\/19\/anna-schindler-lurbaniste-qui-pense-lavenir-de-zurich\/84945\/","title":{"rendered":"Anna Schindler: Die Stadtplanerin, die Z\u00fcrichs Zukunft vor Augen hatte"},"content":{"rendered":"<p>Anna Schindler ist allgegenw\u00e4rtig bei den st\u00e4dtischen Entscheidungen, die die Hauptstadt des Schweizer Bankenlebens pr\u00e4gen, und ist heute eine der Ikonen des globalen Mikrokosmos der Smart Territorys. Es vergeht keine Woche, ohne dass die Geografin und Stadtplanerin eine \u00f6ffentliche Stellungnahme abgibt. Jedes Mal geht es um die gro\u00dfen Fragen von... <\/p>\n<div class=\"pmpro_content_message\">Artikel nur f\u00fcr Abonnenten sichtbar.<br \/><a href=\"https:\/\/territorialchallenges.com\/wp-login.php\">Verbindung<\/a><br \/><a href=\"https:\/\/territorialchallenges.com\/de\/wp-login.php\/?action=register\">Registrieren<\/a><\/div>","protected":false},"excerpt":{"rendered":"<p>Anna Schindler ist allgegenw\u00e4rtig bei den st\u00e4dtischen Entscheidungen, die die Hauptstadt des Schweizer Bankenlebens pr\u00e4gen, und ist heute eine der Ikonen des globalen Mikrokosmos der Smart Territorys. Es vergeht keine Woche, ohne dass die Geografin und Stadtplanerin eine \u00f6ffentliche Stellungnahme abgibt. Jedes Mal geht es um die gro\u00dfen Fragen von... <\/p>\n<div class=\"pmpro_content_message\">Artikel nur f\u00fcr Abonnenten sichtbar.<br \/><a href=\"https:\/\/territorialchallenges.com\/wp-login.php\">Verbindung<\/a><br \/><a href=\"https:\/\/territorialchallenges.com\/de\/wp-login.php\/?action=register\">Registrieren<\/a><\/div>","protected":false},"author":11,"featured_media":84946,"comment_status":"open","ping_status":"open","sticky":true,"template":"","format":"standard","meta":{"pmpro_default_level":0,"footnotes":""},"categories":[126,117],"tags":[],"blocksy_meta":"","yoast_head":"<!-- This site is optimized with the Yoast SEO plugin v21.5 - https:\/\/yoast.com\/wordpress\/plugins\/seo\/ -->\n<title>Anna Schindler: l&#039;urbaniste qui pense l&#039;avenir de Zurich - Territorial Challenges<\/title>\n<meta name=\"robots\" content=\"index, follow, max-snippet:-1, max-image-preview:large, max-video-preview:-1\" \/>\n<link rel=\"canonical\" href=\"https:\/\/territorialchallenges.com\/de\/2019\/12\/19\/anna-schindler-lurbaniste-qui-pense-lavenir-de-zurich\/84945\/\" \/>\n<meta property=\"og:locale\" content=\"de_DE\" \/>\n<meta property=\"og:type\" content=\"article\" \/>\n<meta property=\"og:title\" content=\"Anna Schindler: l&#039;urbaniste qui pense l&#039;avenir de Zurich - Territorial Challenges\" \/>\n<meta property=\"og:description\" content=\"Omnipr\u00e9sente dans les d\u00e9cisions urbaines municipales qui fa\u00e7onnent la capitale de la vie bancaire Suisse, Anna Schindler est aujourd&rsquo;hui une des ic\u00f4nes du microcosme mondial des territoires intelligents. Il ne se passe pas une semaine sans que cette g\u00e9ographe et urbaniste ne fasse de d\u00e9claration publique. A chaque fois il s&rsquo;agit des grandes questions de [&hellip;]\" \/>\n<meta property=\"og:url\" content=\"https:\/\/territorialchallenges.com\/de\/2019\/12\/19\/anna-schindler-lurbaniste-qui-pense-lavenir-de-zurich\/84945\/\" \/>\n<meta property=\"og:site_name\" content=\"Territorial Challenges\" \/>\n<meta property=\"article:published_time\" content=\"2019-12-19T14:19:39+00:00\" \/>\n<meta property=\"og:image\" content=\"https:\/\/territorialchallenges.com\/wp-content\/uploads\/2019\/12\/anna-1024x685.jpg\" \/>\n\t<meta property=\"og:image:width\" content=\"1024\" \/>\n\t<meta property=\"og:image:height\" content=\"685\" \/>\n\t<meta property=\"og:image:type\" content=\"image\/jpeg\" \/>\n<meta name=\"author\" content=\"ni.abdi\" \/>\n<meta name=\"twitter:card\" content=\"summary_large_image\" \/>\n<meta name=\"twitter:creator\" content=\"@Ni.abdi\" \/>\n<meta name=\"twitter:label1\" content=\"Verfasst von\" \/>\n\t<meta name=\"twitter:data1\" content=\"ni.abdi\" \/>\n\t<meta name=\"twitter:label2\" content=\"Gesch\u00e4tzte Lesezeit\" \/>\n\t<meta name=\"twitter:data2\" content=\"3\u00a0Minuten\" \/>\n<script type=\"application\/ld+json\" class=\"yoast-schema-graph\">{\"@context\":\"https:\/\/schema.org\",\"@graph\":[{\"@type\":\"Article\",\"@id\":\"https:\/\/territorialchallenges.com\/2019\/12\/19\/anna-schindler-lurbaniste-qui-pense-lavenir-de-zurich\/84945\/#article\",\"isPartOf\":{\"@id\":\"https:\/\/territorialchallenges.com\/2019\/12\/19\/anna-schindler-lurbaniste-qui-pense-lavenir-de-zurich\/84945\/\"},\"author\":{\"name\":\"ni.abdi\",\"@id\":\"https:\/\/territorialchallenges.com\/#\/schema\/person\/098f145c7c61a021c425e010f840080f\"},\"headline\":\"Anna Schindler: l&rsquo;urbaniste qui pense l&rsquo;avenir de Zurich\",\"datePublished\":\"2019-12-19T14:19:39+00:00\",\"dateModified\":\"2019-12-19T14:19:39+00:00\",\"mainEntityOfPage\":{\"@id\":\"https:\/\/territorialchallenges.com\/2019\/12\/19\/anna-schindler-lurbaniste-qui-pense-lavenir-de-zurich\/84945\/\"},\"wordCount\":555,\"commentCount\":0,\"publisher\":{\"@id\":\"https:\/\/territorialchallenges.com\/#organization\"},\"articleSection\":[\"On parle d'eux\",\"\u00c9cosyst\u00e8me\"],\"inLanguage\":\"de\"},{\"@type\":\"WebPage\",\"@id\":\"https:\/\/territorialchallenges.com\/2019\/12\/19\/anna-schindler-lurbaniste-qui-pense-lavenir-de-zurich\/84945\/\",\"url\":\"https:\/\/territorialchallenges.com\/2019\/12\/19\/anna-schindler-lurbaniste-qui-pense-lavenir-de-zurich\/84945\/\",\"name\":\"Anna Schindler: l'urbaniste qui pense l'avenir de Zurich - Territorial Challenges\",\"isPartOf\":{\"@id\":\"https:\/\/territorialchallenges.com\/#website\"},\"datePublished\":\"2019-12-19T14:19:39+00:00\",\"dateModified\":\"2019-12-19T14:19:39+00:00\",\"breadcrumb\":{\"@id\":\"https:\/\/territorialchallenges.com\/2019\/12\/19\/anna-schindler-lurbaniste-qui-pense-lavenir-de-zurich\/84945\/#breadcrumb\"},\"inLanguage\":\"de\",\"potentialAction\":[{\"@type\":\"ReadAction\",\"target\":[\"https:\/\/territorialchallenges.com\/2019\/12\/19\/anna-schindler-lurbaniste-qui-pense-lavenir-de-zurich\/84945\/\"]}]},{\"@type\":\"BreadcrumbList\",\"@id\":\"https:\/\/territorialchallenges.com\/2019\/12\/19\/anna-schindler-lurbaniste-qui-pense-lavenir-de-zurich\/84945\/#breadcrumb\",\"itemListElement\":[{\"@type\":\"ListItem\",\"position\":1,\"name\":\"Home\",\"item\":\"https:\/\/territorialchallenges.com\/\"},{\"@type\":\"ListItem\",\"position\":2,\"name\":\"Anna Schindler: l&rsquo;urbaniste qui pense l&rsquo;avenir de Zurich\"}]},{\"@type\":\"WebSite\",\"@id\":\"https:\/\/territorialchallenges.com\/#website\",\"url\":\"https:\/\/territorialchallenges.com\/\",\"name\":\"Territorial Challenges\",\"description\":\"Veille Internationale - Strat\u00e9gie Intelligentes - Bonnes pratiques\",\"publisher\":{\"@id\":\"https:\/\/territorialchallenges.com\/#organization\"},\"potentialAction\":[{\"@type\":\"SearchAction\",\"target\":{\"@type\":\"EntryPoint\",\"urlTemplate\":\"https:\/\/territorialchallenges.com\/?s={search_term_string}\"},\"query-input\":\"required name=search_term_string\"}],\"inLanguage\":\"de\"},{\"@type\":\"Organization\",\"@id\":\"https:\/\/territorialchallenges.com\/#organization\",\"name\":\"Territorial Challenges\",\"url\":\"https:\/\/territorialchallenges.com\/\",\"logo\":{\"@type\":\"ImageObject\",\"inLanguage\":\"de\",\"@id\":\"https:\/\/territorialchallenges.com\/#\/schema\/logo\/image\/\",\"url\":\"https:\/\/territorialchallenges.com\/wp-content\/uploads\/2023\/10\/logo-1.png\",\"contentUrl\":\"https:\/\/territorialchallenges.com\/wp-content\/uploads\/2023\/10\/logo-1.png\",\"width\":1832,\"height\":576,\"caption\":\"Territorial Challenges\"},\"image\":{\"@id\":\"https:\/\/territorialchallenges.com\/#\/schema\/logo\/image\/\"}},{\"@type\":\"Person\",\"@id\":\"https:\/\/territorialchallenges.com\/#\/schema\/person\/098f145c7c61a021c425e010f840080f\",\"name\":\"ni.abdi\",\"image\":{\"@type\":\"ImageObject\",\"inLanguage\":\"de\",\"@id\":\"https:\/\/territorialchallenges.com\/#\/schema\/person\/image\/\",\"url\":\"https:\/\/secure.gravatar.com\/avatar\/2a2f2491f3c80039986ba989b1e4b510?s=96&d=identicon&r=g\",\"contentUrl\":\"https:\/\/secure.gravatar.com\/avatar\/2a2f2491f3c80039986ba989b1e4b510?s=96&d=identicon&r=g\",\"caption\":\"ni.abdi\"},\"sameAs\":[\"https:\/\/twitter.com\/Ni.abdi\"],\"url\":\"https:\/\/territorialchallenges.com\/de\/author\/ni-abdi\/\"}]}<\/script>\n<!-- \/ Yoast SEO plugin. -->","yoast_head_json":{"title":"Anna Schindler: Die Stadtplanerin, die Z\u00fcrichs Zukunft gestaltet - Territoriale Herausforderungen","robots":{"index":"index","follow":"follow","max-snippet":"max-snippet:-1","max-image-preview":"max-image-preview:large","max-video-preview":"max-video-preview:-1"},"canonical":"https:\/\/territorialchallenges.com\/de\/2019\/12\/19\/anna-schindler-lurbaniste-qui-pense-lavenir-de-zurich\/84945\/","og_locale":"de_DE","og_type":"article","og_title":"Anna Schindler: l'urbaniste qui pense l'avenir de Zurich - Territorial Challenges","og_description":"Omnipr\u00e9sente dans les d\u00e9cisions urbaines municipales qui fa\u00e7onnent la capitale de la vie bancaire Suisse, Anna Schindler est aujourd&rsquo;hui une des ic\u00f4nes du microcosme mondial des territoires intelligents. Il ne se passe pas une semaine sans que cette g\u00e9ographe et urbaniste ne fasse de d\u00e9claration publique. A chaque fois il s&rsquo;agit des grandes questions de [&hellip;]","og_url":"https:\/\/territorialchallenges.com\/de\/2019\/12\/19\/anna-schindler-lurbaniste-qui-pense-lavenir-de-zurich\/84945\/","og_site_name":"Territorial Challenges","article_published_time":"2019-12-19T14:19:39+00:00","og_image":[{"width":1024,"height":685,"url":"https:\/\/territorialchallenges.com\/wp-content\/uploads\/2019\/12\/anna-1024x685.jpg","type":"image\/jpeg"}],"author":"ni.abdi","twitter_card":"summary_large_image","twitter_creator":"@Ni.abdi","twitter_misc":{"Verfasst von":"ni.abdi","Gesch\u00e4tzte Lesezeit":"3\u00a0Minuten"},"schema":{"@context":"https:\/\/schema.org","@graph":[{"@type":"Article","@id":"https:\/\/territorialchallenges.com\/2019\/12\/19\/anna-schindler-lurbaniste-qui-pense-lavenir-de-zurich\/84945\/#article","isPartOf":{"@id":"https:\/\/territorialchallenges.com\/2019\/12\/19\/anna-schindler-lurbaniste-qui-pense-lavenir-de-zurich\/84945\/"},"author":{"name":"ni.abdi","@id":"https:\/\/territorialchallenges.com\/#\/schema\/person\/098f145c7c61a021c425e010f840080f"},"headline":"Anna Schindler: l&rsquo;urbaniste qui pense l&rsquo;avenir de Zurich","datePublished":"2019-12-19T14:19:39+00:00","dateModified":"2019-12-19T14:19:39+00:00","mainEntityOfPage":{"@id":"https:\/\/territorialchallenges.com\/2019\/12\/19\/anna-schindler-lurbaniste-qui-pense-lavenir-de-zurich\/84945\/"},"wordCount":555,"commentCount":0,"publisher":{"@id":"https:\/\/territorialchallenges.com\/#organization"},"articleSection":["On parle d'eux","\u00c9cosyst\u00e8me"],"inLanguage":"de"},{"@type":"WebPage","@id":"https:\/\/territorialchallenges.com\/2019\/12\/19\/anna-schindler-lurbaniste-qui-pense-lavenir-de-zurich\/84945\/","url":"https:\/\/territorialchallenges.com\/2019\/12\/19\/anna-schindler-lurbaniste-qui-pense-lavenir-de-zurich\/84945\/","name":"Anna Schindler: Die Stadtplanerin, die Z\u00fcrichs Zukunft gestaltet - Territoriale Herausforderungen","isPartOf":{"@id":"https:\/\/territorialchallenges.com\/#website"},"datePublished":"2019-12-19T14:19:39+00:00","dateModified":"2019-12-19T14:19:39+00:00","breadcrumb":{"@id":"https:\/\/territorialchallenges.com\/2019\/12\/19\/anna-schindler-lurbaniste-qui-pense-lavenir-de-zurich\/84945\/#breadcrumb"},"inLanguage":"de","potentialAction":[{"@type":"ReadAction","target":["https:\/\/territorialchallenges.com\/2019\/12\/19\/anna-schindler-lurbaniste-qui-pense-lavenir-de-zurich\/84945\/"]}]},{"@type":"BreadcrumbList","@id":"https:\/\/territorialchallenges.com\/2019\/12\/19\/anna-schindler-lurbaniste-qui-pense-lavenir-de-zurich\/84945\/#breadcrumb","itemListElement":[{"@type":"ListItem","position":1,"name":"Home","item":"https:\/\/territorialchallenges.com\/"},{"@type":"ListItem","position":2,"name":"Anna Schindler: l&rsquo;urbaniste qui pense l&rsquo;avenir de Zurich"}]},{"@type":"WebSite","@id":"https:\/\/territorialchallenges.com\/#website","url":"https:\/\/territorialchallenges.com\/","name":"Territoriale Herausforderungen","description":"Internationales Monitoring \u2013 Intelligente Strategien \u2013 Best Practices","publisher":{"@id":"https:\/\/territorialchallenges.com\/#organization"},"potentialAction":[{"@type":"SearchAction","target":{"@type":"EntryPoint","urlTemplate":"https:\/\/territorialchallenges.com\/?s={search_term_string}"},"query-input":"required name=search_term_string"}],"inLanguage":"de"},{"@type":"Organization","@id":"https:\/\/territorialchallenges.com\/#organization","name":"Territoriale Herausforderungen","url":"https:\/\/territorialchallenges.com\/","logo":{"@type":"ImageObject","inLanguage":"de","@id":"https:\/\/territorialchallenges.com\/#\/schema\/logo\/image\/","url":"https:\/\/territorialchallenges.com\/wp-content\/uploads\/2023\/10\/logo-1.png","contentUrl":"https:\/\/territorialchallenges.com\/wp-content\/uploads\/2023\/10\/logo-1.png","width":1832,"height":576,"caption":"Territorial Challenges"},"image":{"@id":"https:\/\/territorialchallenges.com\/#\/schema\/logo\/image\/"}},{"@type":"Person","@id":"https:\/\/territorialchallenges.com\/#\/schema\/person\/098f145c7c61a021c425e010f840080f","name":"ni.abdi","image":{"@type":"ImageObject","inLanguage":"de","@id":"https:\/\/territorialchallenges.com\/#\/schema\/person\/image\/","url":"https:\/\/secure.gravatar.com\/avatar\/2a2f2491f3c80039986ba989b1e4b510?s=96&d=identicon&r=g","contentUrl":"https:\/\/secure.gravatar.com\/avatar\/2a2f2491f3c80039986ba989b1e4b510?s=96&d=identicon&r=g","caption":"ni.abdi"},"sameAs":["https:\/\/twitter.com\/Ni.abdi"],"url":"https:\/\/territorialchallenges.com\/de\/author\/ni-abdi\/"}]}},"_links":{"self":[{"href":"https:\/\/territorialchallenges.com\/de\/wp-json\/wp\/v2\/posts\/84945"}],"collection":[{"href":"https:\/\/territorialchallenges.com\/de\/wp-json\/wp\/v2\/posts"}],"about":[{"href":"https:\/\/territorialchallenges.com\/de\/wp-json\/wp\/v2\/types\/post"}],"author":[{"embeddable":true,"href":"https:\/\/territorialchallenges.com\/de\/wp-json\/wp\/v2\/users\/11"}],"replies":[{"embeddable":true,"href":"https:\/\/territorialchallenges.com\/de\/wp-json\/wp\/v2\/comments?post=84945"}],"version-history":[{"count":1,"href":"https:\/\/territorialchallenges.com\/de\/wp-json\/wp\/v2\/posts\/84945\/revisions"}],"predecessor-version":[{"id":84949,"href":"https:\/\/territorialchallenges.com\/de\/wp-json\/wp\/v2\/posts\/84945\/revisions\/84949"}],"wp:featuredmedia":[{"embeddable":true,"href":"https:\/\/territorialchallenges.com\/de\/wp-json\/wp\/v2\/media\/84946"}],"wp:attachment":[{"href":"https:\/\/territorialchallenges.com\/de\/wp-json\/wp\/v2\/media?parent=84945"}],"wp:term":[{"taxonomy":"category","embeddable":true,"href":"https:\/\/territorialchallenges.com\/de\/wp-json\/wp\/v2\/categories?post=84945"},{"taxonomy":"post_tag","embeddable":true,"href":"https:\/\/territorialchallenges.com\/de\/wp-json\/wp\/v2\/tags?post=84945"}],"curies":[{"name":"wp","href":"https:\/\/api.w.org\/{rel}","templated":true}]}}