{"id":792,"date":"2016-08-13T22:20:04","date_gmt":"2016-08-13T20:20:04","guid":{"rendered":"http:\/\/e-novatio.com\/?p=792"},"modified":"2016-08-13T22:20:04","modified_gmt":"2016-08-13T20:20:04","slug":"la-transition-energetique-francaise-et-le-doute-sur-les-futures-solutions","status":"publish","type":"post","link":"https:\/\/territorialchallenges.com\/de\/2016\/08\/13\/la-transition-energetique-francaise-et-le-doute-sur-les-futures-solutions\/792\/","title":{"rendered":"Die franz\u00f6sische Energiewende und Zweifel an zuk\u00fcnftigen L\u00f6sungen"},"content":{"rendered":"<p>(28. M\u00e4rz 2014) In einer Zeit, in der wir nicht mehr wissen, ob wir die Umsetzung der von der Energiewende vorgeschlagenen L\u00f6sungen beschleunigen oder lieber abwarten und den Ergebnissen der Innovation den Vorrang geben sollen, w\u00e4re es klug, den Zweifel als Schl\u00fcsselfaktor in den gro\u00dfen \u00dcbergangsphasen der Energiegeschichte anzuerkennen und zu akzeptieren. Wer\u2026 <\/p>\n<div class=\"pmpro_content_message\">Artikel nur f\u00fcr Abonnenten sichtbar.<br \/><a href=\"https:\/\/territorialchallenges.com\/wp-login.php\">Verbindung<\/a><br \/><a href=\"https:\/\/territorialchallenges.com\/de\/wp-login.php\/?action=register\">Registrieren<\/a><\/div>","protected":false},"excerpt":{"rendered":"<p>(28 mars 2014) \u00c0 l\u2019heure o\u00f9 on ne sait plus s\u2019il faut acc\u00e9l\u00e9rer la mise en pratique des solutions pr\u00e9conis\u00e9es par la transition \u00e9nerg\u00e9tique, ou plut\u00f4t attendre pour donner les privil\u00e8ges aux r\u00e9sultats de l\u2019innovation, il serait judicieux d\u2019avouer et d\u2019accepter le doute comme facteur cl\u00e9s des grandes p\u00e9riodes transitions de l\u2019histoire de l\u2019\u00e9nergie. Qui... <\/p>\n<div class=\"pmpro_content_message\">Artikel nur f\u00fcr Abonnenten sichtbar.<br \/><a href=\"https:\/\/territorialchallenges.com\/wp-login.php\">Verbindung<\/a><br \/><a href=\"https:\/\/territorialchallenges.com\/de\/wp-login.php\/?action=register\">Registrieren<\/a><\/div>","protected":false},"author":11,"featured_media":0,"comment_status":"open","ping_status":"open","sticky":true,"template":"","format":"standard","meta":{"pmpro_default_level":0,"footnotes":""},"categories":[123],"tags":[],"blocksy_meta":"","yoast_head":"<!-- This site is optimized with the Yoast SEO plugin v21.5 - https:\/\/yoast.com\/wordpress\/plugins\/seo\/ -->\n<title>La transition \u00e9nerg\u00e9tique fran\u00e7aise et le doute sur les futures solutions - Territorial Challenges<\/title>\n<meta name=\"robots\" content=\"index, follow, max-snippet:-1, max-image-preview:large, max-video-preview:-1\" \/>\n<link rel=\"canonical\" href=\"https:\/\/territorialchallenges.com\/de\/2016\/08\/13\/la-transition-energetique-francaise-et-le-doute-sur-les-futures-solutions\/792\/\" \/>\n<meta property=\"og:locale\" content=\"de_DE\" \/>\n<meta property=\"og:type\" content=\"article\" \/>\n<meta property=\"og:title\" content=\"La transition \u00e9nerg\u00e9tique fran\u00e7aise et le doute sur les futures solutions - Territorial Challenges\" \/>\n<meta property=\"og:description\" content=\"(28 mars 2014) \u00c0 l\u2019heure o\u00f9 on ne sait plus s\u2019il faut acc\u00e9l\u00e9rer la mise en pratique des solutions pr\u00e9conis\u00e9es par la transition \u00e9nerg\u00e9tique, ou plut\u00f4t attendre pour donner les privil\u00e8ges aux r\u00e9sultats de l\u2019innovation, il serait judicieux d\u2019avouer et d\u2019accepter le doute comme facteur cl\u00e9s des grandes p\u00e9riodes transitions de l\u2019histoire de l\u2019\u00e9nergie. Qui [&hellip;]\" \/>\n<meta property=\"og:url\" content=\"https:\/\/territorialchallenges.com\/de\/2016\/08\/13\/la-transition-energetique-francaise-et-le-doute-sur-les-futures-solutions\/792\/\" \/>\n<meta property=\"og:site_name\" content=\"Territorial Challenges\" \/>\n<meta property=\"article:published_time\" content=\"2016-08-13T20:20:04+00:00\" \/>\n<meta name=\"author\" content=\"ni.abdi\" \/>\n<meta name=\"twitter:card\" content=\"summary_large_image\" \/>\n<meta name=\"twitter:creator\" content=\"@Ni.abdi\" \/>\n<meta name=\"twitter:label1\" content=\"Verfasst von\" \/>\n\t<meta name=\"twitter:data1\" content=\"ni.abdi\" \/>\n\t<meta name=\"twitter:label2\" content=\"Gesch\u00e4tzte Lesezeit\" \/>\n\t<meta name=\"twitter:data2\" content=\"2\u00a0Minuten\" \/>\n<script type=\"application\/ld+json\" class=\"yoast-schema-graph\">{\"@context\":\"https:\/\/schema.org\",\"@graph\":[{\"@type\":\"Article\",\"@id\":\"https:\/\/territorialchallenges.com\/2016\/08\/13\/la-transition-energetique-francaise-et-le-doute-sur-les-futures-solutions\/792\/#article\",\"isPartOf\":{\"@id\":\"https:\/\/territorialchallenges.com\/2016\/08\/13\/la-transition-energetique-francaise-et-le-doute-sur-les-futures-solutions\/792\/\"},\"author\":{\"name\":\"ni.abdi\",\"@id\":\"https:\/\/territorialchallenges.com\/#\/schema\/person\/098f145c7c61a021c425e010f840080f\"},\"headline\":\"La transition \u00e9nerg\u00e9tique fran\u00e7aise et le doute sur les futures solutions\",\"datePublished\":\"2016-08-13T20:20:04+00:00\",\"dateModified\":\"2016-08-13T20:20:04+00:00\",\"mainEntityOfPage\":{\"@id\":\"https:\/\/territorialchallenges.com\/2016\/08\/13\/la-transition-energetique-francaise-et-le-doute-sur-les-futures-solutions\/792\/\"},\"wordCount\":509,\"commentCount\":0,\"publisher\":{\"@id\":\"https:\/\/territorialchallenges.com\/#organization\"},\"articleSection\":[\"Archives - Editos\"],\"inLanguage\":\"de\"},{\"@type\":\"WebPage\",\"@id\":\"https:\/\/territorialchallenges.com\/2016\/08\/13\/la-transition-energetique-francaise-et-le-doute-sur-les-futures-solutions\/792\/\",\"url\":\"https:\/\/territorialchallenges.com\/2016\/08\/13\/la-transition-energetique-francaise-et-le-doute-sur-les-futures-solutions\/792\/\",\"name\":\"La transition \u00e9nerg\u00e9tique fran\u00e7aise et le doute sur les futures solutions - Territorial Challenges\",\"isPartOf\":{\"@id\":\"https:\/\/territorialchallenges.com\/#website\"},\"datePublished\":\"2016-08-13T20:20:04+00:00\",\"dateModified\":\"2016-08-13T20:20:04+00:00\",\"breadcrumb\":{\"@id\":\"https:\/\/territorialchallenges.com\/2016\/08\/13\/la-transition-energetique-francaise-et-le-doute-sur-les-futures-solutions\/792\/#breadcrumb\"},\"inLanguage\":\"de\",\"potentialAction\":[{\"@type\":\"ReadAction\",\"target\":[\"https:\/\/territorialchallenges.com\/2016\/08\/13\/la-transition-energetique-francaise-et-le-doute-sur-les-futures-solutions\/792\/\"]}]},{\"@type\":\"BreadcrumbList\",\"@id\":\"https:\/\/territorialchallenges.com\/2016\/08\/13\/la-transition-energetique-francaise-et-le-doute-sur-les-futures-solutions\/792\/#breadcrumb\",\"itemListElement\":[{\"@type\":\"ListItem\",\"position\":1,\"name\":\"Home\",\"item\":\"https:\/\/territorialchallenges.com\/\"},{\"@type\":\"ListItem\",\"position\":2,\"name\":\"La transition \u00e9nerg\u00e9tique fran\u00e7aise et le doute sur les futures solutions\"}]},{\"@type\":\"WebSite\",\"@id\":\"https:\/\/territorialchallenges.com\/#website\",\"url\":\"https:\/\/territorialchallenges.com\/\",\"name\":\"Territorial Challenges\",\"description\":\"Veille Internationale - Strat\u00e9gie Intelligentes - Bonnes pratiques\",\"publisher\":{\"@id\":\"https:\/\/territorialchallenges.com\/#organization\"},\"potentialAction\":[{\"@type\":\"SearchAction\",\"target\":{\"@type\":\"EntryPoint\",\"urlTemplate\":\"https:\/\/territorialchallenges.com\/?s={search_term_string}\"},\"query-input\":\"required name=search_term_string\"}],\"inLanguage\":\"de\"},{\"@type\":\"Organization\",\"@id\":\"https:\/\/territorialchallenges.com\/#organization\",\"name\":\"Territorial Challenges\",\"url\":\"https:\/\/territorialchallenges.com\/\",\"logo\":{\"@type\":\"ImageObject\",\"inLanguage\":\"de\",\"@id\":\"https:\/\/territorialchallenges.com\/#\/schema\/logo\/image\/\",\"url\":\"https:\/\/territorialchallenges.com\/wp-content\/uploads\/2023\/10\/logo-1.png\",\"contentUrl\":\"https:\/\/territorialchallenges.com\/wp-content\/uploads\/2023\/10\/logo-1.png\",\"width\":1832,\"height\":576,\"caption\":\"Territorial Challenges\"},\"image\":{\"@id\":\"https:\/\/territorialchallenges.com\/#\/schema\/logo\/image\/\"}},{\"@type\":\"Person\",\"@id\":\"https:\/\/territorialchallenges.com\/#\/schema\/person\/098f145c7c61a021c425e010f840080f\",\"name\":\"ni.abdi\",\"image\":{\"@type\":\"ImageObject\",\"inLanguage\":\"de\",\"@id\":\"https:\/\/territorialchallenges.com\/#\/schema\/person\/image\/\",\"url\":\"https:\/\/secure.gravatar.com\/avatar\/2a2f2491f3c80039986ba989b1e4b510?s=96&d=identicon&r=g\",\"contentUrl\":\"https:\/\/secure.gravatar.com\/avatar\/2a2f2491f3c80039986ba989b1e4b510?s=96&d=identicon&r=g\",\"caption\":\"ni.abdi\"},\"sameAs\":[\"https:\/\/twitter.com\/Ni.abdi\"],\"url\":\"https:\/\/territorialchallenges.com\/de\/author\/ni-abdi\/\"}]}<\/script>\n<!-- \/ Yoast SEO plugin. -->","yoast_head_json":{"title":"La transition \u00e9nerg\u00e9tique fran\u00e7aise et le doute sur les futures solutions - Territorial Challenges","robots":{"index":"index","follow":"follow","max-snippet":"max-snippet:-1","max-image-preview":"max-image-preview:large","max-video-preview":"max-video-preview:-1"},"canonical":"https:\/\/territorialchallenges.com\/de\/2016\/08\/13\/la-transition-energetique-francaise-et-le-doute-sur-les-futures-solutions\/792\/","og_locale":"de_DE","og_type":"article","og_title":"La transition \u00e9nerg\u00e9tique fran\u00e7aise et le doute sur les futures solutions - Territorial Challenges","og_description":"(28 mars 2014) \u00c0 l\u2019heure o\u00f9 on ne sait plus s\u2019il faut acc\u00e9l\u00e9rer la mise en pratique des solutions pr\u00e9conis\u00e9es par la transition \u00e9nerg\u00e9tique, ou plut\u00f4t attendre pour donner les privil\u00e8ges aux r\u00e9sultats de l\u2019innovation, il serait judicieux d\u2019avouer et d\u2019accepter le doute comme facteur cl\u00e9s des grandes p\u00e9riodes transitions de l\u2019histoire de l\u2019\u00e9nergie. Qui [&hellip;]","og_url":"https:\/\/territorialchallenges.com\/de\/2016\/08\/13\/la-transition-energetique-francaise-et-le-doute-sur-les-futures-solutions\/792\/","og_site_name":"Territorial Challenges","article_published_time":"2016-08-13T20:20:04+00:00","author":"ni.abdi","twitter_card":"summary_large_image","twitter_creator":"@Ni.abdi","twitter_misc":{"Verfasst von":"ni.abdi","Gesch\u00e4tzte Lesezeit":"2\u00a0Minuten"},"schema":{"@context":"https:\/\/schema.org","@graph":[{"@type":"Article","@id":"https:\/\/territorialchallenges.com\/2016\/08\/13\/la-transition-energetique-francaise-et-le-doute-sur-les-futures-solutions\/792\/#article","isPartOf":{"@id":"https:\/\/territorialchallenges.com\/2016\/08\/13\/la-transition-energetique-francaise-et-le-doute-sur-les-futures-solutions\/792\/"},"author":{"name":"ni.abdi","@id":"https:\/\/territorialchallenges.com\/#\/schema\/person\/098f145c7c61a021c425e010f840080f"},"headline":"La transition \u00e9nerg\u00e9tique fran\u00e7aise et le doute sur les futures solutions","datePublished":"2016-08-13T20:20:04+00:00","dateModified":"2016-08-13T20:20:04+00:00","mainEntityOfPage":{"@id":"https:\/\/territorialchallenges.com\/2016\/08\/13\/la-transition-energetique-francaise-et-le-doute-sur-les-futures-solutions\/792\/"},"wordCount":509,"commentCount":0,"publisher":{"@id":"https:\/\/territorialchallenges.com\/#organization"},"articleSection":["Archives - Editos"],"inLanguage":"de"},{"@type":"WebPage","@id":"https:\/\/territorialchallenges.com\/2016\/08\/13\/la-transition-energetique-francaise-et-le-doute-sur-les-futures-solutions\/792\/","url":"https:\/\/territorialchallenges.com\/2016\/08\/13\/la-transition-energetique-francaise-et-le-doute-sur-les-futures-solutions\/792\/","name":"La transition \u00e9nerg\u00e9tique fran\u00e7aise et le doute sur les futures solutions - Territorial Challenges","isPartOf":{"@id":"https:\/\/territorialchallenges.com\/#website"},"datePublished":"2016-08-13T20:20:04+00:00","dateModified":"2016-08-13T20:20:04+00:00","breadcrumb":{"@id":"https:\/\/territorialchallenges.com\/2016\/08\/13\/la-transition-energetique-francaise-et-le-doute-sur-les-futures-solutions\/792\/#breadcrumb"},"inLanguage":"de","potentialAction":[{"@type":"ReadAction","target":["https:\/\/territorialchallenges.com\/2016\/08\/13\/la-transition-energetique-francaise-et-le-doute-sur-les-futures-solutions\/792\/"]}]},{"@type":"BreadcrumbList","@id":"https:\/\/territorialchallenges.com\/2016\/08\/13\/la-transition-energetique-francaise-et-le-doute-sur-les-futures-solutions\/792\/#breadcrumb","itemListElement":[{"@type":"ListItem","position":1,"name":"Home","item":"https:\/\/territorialchallenges.com\/"},{"@type":"ListItem","position":2,"name":"La transition \u00e9nerg\u00e9tique fran\u00e7aise et le doute sur les futures solutions"}]},{"@type":"WebSite","@id":"https:\/\/territorialchallenges.com\/#website","url":"https:\/\/territorialchallenges.com\/","name":"Territoriale Herausforderungen","description":"Internationales Monitoring \u2013 Intelligente Strategien \u2013 Best Practices","publisher":{"@id":"https:\/\/territorialchallenges.com\/#organization"},"potentialAction":[{"@type":"SearchAction","target":{"@type":"EntryPoint","urlTemplate":"https:\/\/territorialchallenges.com\/?s={search_term_string}"},"query-input":"required name=search_term_string"}],"inLanguage":"de"},{"@type":"Organization","@id":"https:\/\/territorialchallenges.com\/#organization","name":"Territoriale Herausforderungen","url":"https:\/\/territorialchallenges.com\/","logo":{"@type":"ImageObject","inLanguage":"de","@id":"https:\/\/territorialchallenges.com\/#\/schema\/logo\/image\/","url":"https:\/\/territorialchallenges.com\/wp-content\/uploads\/2023\/10\/logo-1.png","contentUrl":"https:\/\/territorialchallenges.com\/wp-content\/uploads\/2023\/10\/logo-1.png","width":1832,"height":576,"caption":"Territorial Challenges"},"image":{"@id":"https:\/\/territorialchallenges.com\/#\/schema\/logo\/image\/"}},{"@type":"Person","@id":"https:\/\/territorialchallenges.com\/#\/schema\/person\/098f145c7c61a021c425e010f840080f","name":"ni.abdi","image":{"@type":"ImageObject","inLanguage":"de","@id":"https:\/\/territorialchallenges.com\/#\/schema\/person\/image\/","url":"https:\/\/secure.gravatar.com\/avatar\/2a2f2491f3c80039986ba989b1e4b510?s=96&d=identicon&r=g","contentUrl":"https:\/\/secure.gravatar.com\/avatar\/2a2f2491f3c80039986ba989b1e4b510?s=96&d=identicon&r=g","caption":"ni.abdi"},"sameAs":["https:\/\/twitter.com\/Ni.abdi"],"url":"https:\/\/territorialchallenges.com\/de\/author\/ni-abdi\/"}]}},"_links":{"self":[{"href":"https:\/\/territorialchallenges.com\/de\/wp-json\/wp\/v2\/posts\/792"}],"collection":[{"href":"https:\/\/territorialchallenges.com\/de\/wp-json\/wp\/v2\/posts"}],"about":[{"href":"https:\/\/territorialchallenges.com\/de\/wp-json\/wp\/v2\/types\/post"}],"author":[{"embeddable":true,"href":"https:\/\/territorialchallenges.com\/de\/wp-json\/wp\/v2\/users\/11"}],"replies":[{"embeddable":true,"href":"https:\/\/territorialchallenges.com\/de\/wp-json\/wp\/v2\/comments?post=792"}],"version-history":[{"count":0,"href":"https:\/\/territorialchallenges.com\/de\/wp-json\/wp\/v2\/posts\/792\/revisions"}],"wp:attachment":[{"href":"https:\/\/territorialchallenges.com\/de\/wp-json\/wp\/v2\/media?parent=792"}],"wp:term":[{"taxonomy":"category","embeddable":true,"href":"https:\/\/territorialchallenges.com\/de\/wp-json\/wp\/v2\/categories?post=792"},{"taxonomy":"post_tag","embeddable":true,"href":"https:\/\/territorialchallenges.com\/de\/wp-json\/wp\/v2\/tags?post=792"}],"curies":[{"name":"wp","href":"https:\/\/api.w.org\/{rel}","templated":true}]}}