{"id":790,"date":"2016-08-13T22:11:42","date_gmt":"2016-08-13T20:11:42","guid":{"rendered":"http:\/\/e-novatio.com\/?p=790"},"modified":"2016-08-13T22:11:42","modified_gmt":"2016-08-13T20:11:42","slug":"algerie-la-diaspora-infantilisee-dun-pays-en-gestation","status":"publish","type":"post","link":"https:\/\/territorialchallenges.com\/de\/2016\/08\/13\/algerie-la-diaspora-infantilisee-dun-pays-en-gestation\/790\/","title":{"rendered":"Algerien: die infantilisierte Diaspora eines entstehenden Landes"},"content":{"rendered":"<p>(25. M\u00e4rz 2014) Im Februar reisten algerische Politiker durch franz\u00f6sische St\u00e4dte, um mit der franz\u00f6sisch-algerischen Elite ins Gespr\u00e4ch zu kommen, die sich von ihrem Heimatland f\u00fcr immer im Stich gelassen f\u00fchlte. Bouteflikas vierte Amtszeit hat die Hoffnungen von Menschen, die in Frankreich beruflich erfolgreich waren, aber mit ... zu k\u00e4mpfen haben, weiter zerst\u00f6rt. <\/p>\n<div class=\"pmpro_content_message\">Artikel nur f\u00fcr Abonnenten sichtbar.<br \/><a href=\"https:\/\/territorialchallenges.com\/wp-login.php\">Verbindung<\/a><br \/><a href=\"https:\/\/territorialchallenges.com\/de\/wp-login.php\/?action=register\">Registrieren<\/a><\/div>","protected":false},"excerpt":{"rendered":"<p>(25 mars 2014) En f\u00e9vrier, des officiels alg\u00e9riens, sont venus faire le tour des m\u00e9tropoles fran\u00e7aises pour un dialogue avec une \u00e9lite franco-alg\u00e9rienne qui se croyait \u00e0 jamais d\u00e9laiss\u00e9e par le pays d\u2019origine. Le quatri\u00e8me mandat de Bouteflika vient encore briser l\u2019esp\u00e9rance d\u2019individualit\u00e9s qui se sont \u00e9panouies professionnellement en France, mais qui butent sur le... <\/p>\n<div class=\"pmpro_content_message\">Artikel nur f\u00fcr Abonnenten sichtbar.<br \/><a href=\"https:\/\/territorialchallenges.com\/wp-login.php\">Verbindung<\/a><br \/><a href=\"https:\/\/territorialchallenges.com\/de\/wp-login.php\/?action=register\">Registrieren<\/a><\/div>","protected":false},"author":11,"featured_media":0,"comment_status":"open","ping_status":"open","sticky":true,"template":"","format":"standard","meta":{"pmpro_default_level":0,"footnotes":""},"categories":[123],"tags":[],"blocksy_meta":"","yoast_head":"<!-- This site is optimized with the Yoast SEO plugin v21.5 - https:\/\/yoast.com\/wordpress\/plugins\/seo\/ -->\n<title>Alg\u00e9rie : la diaspora infantilis\u00e9e d\u2019un pays en gestation - Territorial Challenges<\/title>\n<meta name=\"robots\" content=\"index, follow, max-snippet:-1, max-image-preview:large, max-video-preview:-1\" \/>\n<link rel=\"canonical\" href=\"https:\/\/territorialchallenges.com\/de\/2016\/08\/13\/algerie-la-diaspora-infantilisee-dun-pays-en-gestation\/790\/\" \/>\n<meta property=\"og:locale\" content=\"de_DE\" \/>\n<meta property=\"og:type\" content=\"article\" \/>\n<meta property=\"og:title\" content=\"Alg\u00e9rie : la diaspora infantilis\u00e9e d\u2019un pays en gestation - Territorial Challenges\" \/>\n<meta property=\"og:description\" content=\"(25 mars 2014) En f\u00e9vrier, des officiels alg\u00e9riens, sont venus faire le tour des m\u00e9tropoles fran\u00e7aises pour un dialogue avec une \u00e9lite franco-alg\u00e9rienne qui se croyait \u00e0 jamais d\u00e9laiss\u00e9e par le pays d\u2019origine. Le quatri\u00e8me mandat de Bouteflika vient encore briser l\u2019esp\u00e9rance d\u2019individualit\u00e9s qui se sont \u00e9panouies professionnellement en France, mais qui butent sur le [&hellip;]\" \/>\n<meta property=\"og:url\" content=\"https:\/\/territorialchallenges.com\/de\/2016\/08\/13\/algerie-la-diaspora-infantilisee-dun-pays-en-gestation\/790\/\" \/>\n<meta property=\"og:site_name\" content=\"Territorial Challenges\" \/>\n<meta property=\"article:published_time\" content=\"2016-08-13T20:11:42+00:00\" \/>\n<meta name=\"author\" content=\"ni.abdi\" \/>\n<meta name=\"twitter:card\" content=\"summary_large_image\" \/>\n<meta name=\"twitter:creator\" content=\"@Ni.abdi\" \/>\n<meta name=\"twitter:label1\" content=\"Verfasst von\" \/>\n\t<meta name=\"twitter:data1\" content=\"ni.abdi\" \/>\n\t<meta name=\"twitter:label2\" content=\"Gesch\u00e4tzte Lesezeit\" \/>\n\t<meta name=\"twitter:data2\" content=\"3\u00a0Minuten\" \/>\n<script type=\"application\/ld+json\" class=\"yoast-schema-graph\">{\"@context\":\"https:\/\/schema.org\",\"@graph\":[{\"@type\":\"Article\",\"@id\":\"https:\/\/territorialchallenges.com\/2016\/08\/13\/algerie-la-diaspora-infantilisee-dun-pays-en-gestation\/790\/#article\",\"isPartOf\":{\"@id\":\"https:\/\/territorialchallenges.com\/2016\/08\/13\/algerie-la-diaspora-infantilisee-dun-pays-en-gestation\/790\/\"},\"author\":{\"name\":\"ni.abdi\",\"@id\":\"https:\/\/territorialchallenges.com\/#\/schema\/person\/098f145c7c61a021c425e010f840080f\"},\"headline\":\"Alg\u00e9rie : la diaspora infantilis\u00e9e d\u2019un pays en gestation\",\"datePublished\":\"2016-08-13T20:11:42+00:00\",\"dateModified\":\"2016-08-13T20:11:42+00:00\",\"mainEntityOfPage\":{\"@id\":\"https:\/\/territorialchallenges.com\/2016\/08\/13\/algerie-la-diaspora-infantilisee-dun-pays-en-gestation\/790\/\"},\"wordCount\":610,\"commentCount\":0,\"publisher\":{\"@id\":\"https:\/\/territorialchallenges.com\/#organization\"},\"articleSection\":[\"Archives - Editos\"],\"inLanguage\":\"de\"},{\"@type\":\"WebPage\",\"@id\":\"https:\/\/territorialchallenges.com\/2016\/08\/13\/algerie-la-diaspora-infantilisee-dun-pays-en-gestation\/790\/\",\"url\":\"https:\/\/territorialchallenges.com\/2016\/08\/13\/algerie-la-diaspora-infantilisee-dun-pays-en-gestation\/790\/\",\"name\":\"Alg\u00e9rie : la diaspora infantilis\u00e9e d\u2019un pays en gestation - Territorial Challenges\",\"isPartOf\":{\"@id\":\"https:\/\/territorialchallenges.com\/#website\"},\"datePublished\":\"2016-08-13T20:11:42+00:00\",\"dateModified\":\"2016-08-13T20:11:42+00:00\",\"breadcrumb\":{\"@id\":\"https:\/\/territorialchallenges.com\/2016\/08\/13\/algerie-la-diaspora-infantilisee-dun-pays-en-gestation\/790\/#breadcrumb\"},\"inLanguage\":\"de\",\"potentialAction\":[{\"@type\":\"ReadAction\",\"target\":[\"https:\/\/territorialchallenges.com\/2016\/08\/13\/algerie-la-diaspora-infantilisee-dun-pays-en-gestation\/790\/\"]}]},{\"@type\":\"BreadcrumbList\",\"@id\":\"https:\/\/territorialchallenges.com\/2016\/08\/13\/algerie-la-diaspora-infantilisee-dun-pays-en-gestation\/790\/#breadcrumb\",\"itemListElement\":[{\"@type\":\"ListItem\",\"position\":1,\"name\":\"Home\",\"item\":\"https:\/\/territorialchallenges.com\/\"},{\"@type\":\"ListItem\",\"position\":2,\"name\":\"Alg\u00e9rie : la diaspora infantilis\u00e9e d\u2019un pays en gestation\"}]},{\"@type\":\"WebSite\",\"@id\":\"https:\/\/territorialchallenges.com\/#website\",\"url\":\"https:\/\/territorialchallenges.com\/\",\"name\":\"Territorial Challenges\",\"description\":\"Veille Internationale - Strat\u00e9gie Intelligentes - Bonnes pratiques\",\"publisher\":{\"@id\":\"https:\/\/territorialchallenges.com\/#organization\"},\"potentialAction\":[{\"@type\":\"SearchAction\",\"target\":{\"@type\":\"EntryPoint\",\"urlTemplate\":\"https:\/\/territorialchallenges.com\/?s={search_term_string}\"},\"query-input\":\"required name=search_term_string\"}],\"inLanguage\":\"de\"},{\"@type\":\"Organization\",\"@id\":\"https:\/\/territorialchallenges.com\/#organization\",\"name\":\"Territorial Challenges\",\"url\":\"https:\/\/territorialchallenges.com\/\",\"logo\":{\"@type\":\"ImageObject\",\"inLanguage\":\"de\",\"@id\":\"https:\/\/territorialchallenges.com\/#\/schema\/logo\/image\/\",\"url\":\"https:\/\/territorialchallenges.com\/wp-content\/uploads\/2023\/10\/logo-1.png\",\"contentUrl\":\"https:\/\/territorialchallenges.com\/wp-content\/uploads\/2023\/10\/logo-1.png\",\"width\":1832,\"height\":576,\"caption\":\"Territorial Challenges\"},\"image\":{\"@id\":\"https:\/\/territorialchallenges.com\/#\/schema\/logo\/image\/\"}},{\"@type\":\"Person\",\"@id\":\"https:\/\/territorialchallenges.com\/#\/schema\/person\/098f145c7c61a021c425e010f840080f\",\"name\":\"ni.abdi\",\"image\":{\"@type\":\"ImageObject\",\"inLanguage\":\"de\",\"@id\":\"https:\/\/territorialchallenges.com\/#\/schema\/person\/image\/\",\"url\":\"https:\/\/secure.gravatar.com\/avatar\/2a2f2491f3c80039986ba989b1e4b510?s=96&d=identicon&r=g\",\"contentUrl\":\"https:\/\/secure.gravatar.com\/avatar\/2a2f2491f3c80039986ba989b1e4b510?s=96&d=identicon&r=g\",\"caption\":\"ni.abdi\"},\"sameAs\":[\"https:\/\/twitter.com\/Ni.abdi\"],\"url\":\"https:\/\/territorialchallenges.com\/de\/author\/ni-abdi\/\"}]}<\/script>\n<!-- \/ Yoast SEO plugin. -->","yoast_head_json":{"title":"Alg\u00e9rie : la diaspora infantilis\u00e9e d\u2019un pays en gestation - Territorial Challenges","robots":{"index":"index","follow":"follow","max-snippet":"max-snippet:-1","max-image-preview":"max-image-preview:large","max-video-preview":"max-video-preview:-1"},"canonical":"https:\/\/territorialchallenges.com\/de\/2016\/08\/13\/algerie-la-diaspora-infantilisee-dun-pays-en-gestation\/790\/","og_locale":"de_DE","og_type":"article","og_title":"Alg\u00e9rie : la diaspora infantilis\u00e9e d\u2019un pays en gestation - Territorial Challenges","og_description":"(25 mars 2014) En f\u00e9vrier, des officiels alg\u00e9riens, sont venus faire le tour des m\u00e9tropoles fran\u00e7aises pour un dialogue avec une \u00e9lite franco-alg\u00e9rienne qui se croyait \u00e0 jamais d\u00e9laiss\u00e9e par le pays d\u2019origine. Le quatri\u00e8me mandat de Bouteflika vient encore briser l\u2019esp\u00e9rance d\u2019individualit\u00e9s qui se sont \u00e9panouies professionnellement en France, mais qui butent sur le [&hellip;]","og_url":"https:\/\/territorialchallenges.com\/de\/2016\/08\/13\/algerie-la-diaspora-infantilisee-dun-pays-en-gestation\/790\/","og_site_name":"Territorial Challenges","article_published_time":"2016-08-13T20:11:42+00:00","author":"ni.abdi","twitter_card":"summary_large_image","twitter_creator":"@Ni.abdi","twitter_misc":{"Verfasst von":"ni.abdi","Gesch\u00e4tzte Lesezeit":"3\u00a0Minuten"},"schema":{"@context":"https:\/\/schema.org","@graph":[{"@type":"Article","@id":"https:\/\/territorialchallenges.com\/2016\/08\/13\/algerie-la-diaspora-infantilisee-dun-pays-en-gestation\/790\/#article","isPartOf":{"@id":"https:\/\/territorialchallenges.com\/2016\/08\/13\/algerie-la-diaspora-infantilisee-dun-pays-en-gestation\/790\/"},"author":{"name":"ni.abdi","@id":"https:\/\/territorialchallenges.com\/#\/schema\/person\/098f145c7c61a021c425e010f840080f"},"headline":"Alg\u00e9rie : la diaspora infantilis\u00e9e d\u2019un pays en gestation","datePublished":"2016-08-13T20:11:42+00:00","dateModified":"2016-08-13T20:11:42+00:00","mainEntityOfPage":{"@id":"https:\/\/territorialchallenges.com\/2016\/08\/13\/algerie-la-diaspora-infantilisee-dun-pays-en-gestation\/790\/"},"wordCount":610,"commentCount":0,"publisher":{"@id":"https:\/\/territorialchallenges.com\/#organization"},"articleSection":["Archives - Editos"],"inLanguage":"de"},{"@type":"WebPage","@id":"https:\/\/territorialchallenges.com\/2016\/08\/13\/algerie-la-diaspora-infantilisee-dun-pays-en-gestation\/790\/","url":"https:\/\/territorialchallenges.com\/2016\/08\/13\/algerie-la-diaspora-infantilisee-dun-pays-en-gestation\/790\/","name":"Alg\u00e9rie : la diaspora infantilis\u00e9e d\u2019un pays en gestation - Territorial Challenges","isPartOf":{"@id":"https:\/\/territorialchallenges.com\/#website"},"datePublished":"2016-08-13T20:11:42+00:00","dateModified":"2016-08-13T20:11:42+00:00","breadcrumb":{"@id":"https:\/\/territorialchallenges.com\/2016\/08\/13\/algerie-la-diaspora-infantilisee-dun-pays-en-gestation\/790\/#breadcrumb"},"inLanguage":"de","potentialAction":[{"@type":"ReadAction","target":["https:\/\/territorialchallenges.com\/2016\/08\/13\/algerie-la-diaspora-infantilisee-dun-pays-en-gestation\/790\/"]}]},{"@type":"BreadcrumbList","@id":"https:\/\/territorialchallenges.com\/2016\/08\/13\/algerie-la-diaspora-infantilisee-dun-pays-en-gestation\/790\/#breadcrumb","itemListElement":[{"@type":"ListItem","position":1,"name":"Home","item":"https:\/\/territorialchallenges.com\/"},{"@type":"ListItem","position":2,"name":"Alg\u00e9rie : la diaspora infantilis\u00e9e d\u2019un pays en gestation"}]},{"@type":"WebSite","@id":"https:\/\/territorialchallenges.com\/#website","url":"https:\/\/territorialchallenges.com\/","name":"Territoriale Herausforderungen","description":"Internationales Monitoring \u2013 Intelligente Strategien \u2013 Best Practices","publisher":{"@id":"https:\/\/territorialchallenges.com\/#organization"},"potentialAction":[{"@type":"SearchAction","target":{"@type":"EntryPoint","urlTemplate":"https:\/\/territorialchallenges.com\/?s={search_term_string}"},"query-input":"required name=search_term_string"}],"inLanguage":"de"},{"@type":"Organization","@id":"https:\/\/territorialchallenges.com\/#organization","name":"Territoriale Herausforderungen","url":"https:\/\/territorialchallenges.com\/","logo":{"@type":"ImageObject","inLanguage":"de","@id":"https:\/\/territorialchallenges.com\/#\/schema\/logo\/image\/","url":"https:\/\/territorialchallenges.com\/wp-content\/uploads\/2023\/10\/logo-1.png","contentUrl":"https:\/\/territorialchallenges.com\/wp-content\/uploads\/2023\/10\/logo-1.png","width":1832,"height":576,"caption":"Territorial Challenges"},"image":{"@id":"https:\/\/territorialchallenges.com\/#\/schema\/logo\/image\/"}},{"@type":"Person","@id":"https:\/\/territorialchallenges.com\/#\/schema\/person\/098f145c7c61a021c425e010f840080f","name":"ni.abdi","image":{"@type":"ImageObject","inLanguage":"de","@id":"https:\/\/territorialchallenges.com\/#\/schema\/person\/image\/","url":"https:\/\/secure.gravatar.com\/avatar\/2a2f2491f3c80039986ba989b1e4b510?s=96&d=identicon&r=g","contentUrl":"https:\/\/secure.gravatar.com\/avatar\/2a2f2491f3c80039986ba989b1e4b510?s=96&d=identicon&r=g","caption":"ni.abdi"},"sameAs":["https:\/\/twitter.com\/Ni.abdi"],"url":"https:\/\/territorialchallenges.com\/de\/author\/ni-abdi\/"}]}},"_links":{"self":[{"href":"https:\/\/territorialchallenges.com\/de\/wp-json\/wp\/v2\/posts\/790"}],"collection":[{"href":"https:\/\/territorialchallenges.com\/de\/wp-json\/wp\/v2\/posts"}],"about":[{"href":"https:\/\/territorialchallenges.com\/de\/wp-json\/wp\/v2\/types\/post"}],"author":[{"embeddable":true,"href":"https:\/\/territorialchallenges.com\/de\/wp-json\/wp\/v2\/users\/11"}],"replies":[{"embeddable":true,"href":"https:\/\/territorialchallenges.com\/de\/wp-json\/wp\/v2\/comments?post=790"}],"version-history":[{"count":0,"href":"https:\/\/territorialchallenges.com\/de\/wp-json\/wp\/v2\/posts\/790\/revisions"}],"wp:attachment":[{"href":"https:\/\/territorialchallenges.com\/de\/wp-json\/wp\/v2\/media?parent=790"}],"wp:term":[{"taxonomy":"category","embeddable":true,"href":"https:\/\/territorialchallenges.com\/de\/wp-json\/wp\/v2\/categories?post=790"},{"taxonomy":"post_tag","embeddable":true,"href":"https:\/\/territorialchallenges.com\/de\/wp-json\/wp\/v2\/tags?post=790"}],"curies":[{"name":"wp","href":"https:\/\/api.w.org\/{rel}","templated":true}]}}