{"id":610,"date":"2016-08-07T16:54:06","date_gmt":"2016-08-07T14:54:06","guid":{"rendered":"http:\/\/e-novatio.com\/?p=610"},"modified":"2016-08-07T16:54:06","modified_gmt":"2016-08-07T14:54:06","slug":"jacques-attali-un-eclaireur-qui-a-manque-a-luniversite-dete-du-medef","status":"publish","type":"post","link":"https:\/\/territorialchallenges.com\/de\/2016\/08\/07\/jacques-attali-un-eclaireur-qui-a-manque-a-luniversite-dete-du-medef\/610\/","title":{"rendered":"Jacques Attali, ein Pfadfinder, der die M\u00e9def-Sommerschule verpasst hat"},"content":{"rendered":"<p>(5. September 2013) In einem bewusst gesellschaftlichen Programm lud Pierre Gattaz, der neue Pr\u00e4sident des franz\u00f6sischen Arbeitgeberverbands MEDEF, Jacques Attali nicht an seinen Tisch. Dabei war niemand besser geeignet, die franz\u00f6sische Wirtschaftskrise als historisches und kulturelles Thema zu betrachten. W\u00e4hrend der dreit\u00e4gigen MEDEF-Universit\u00e4t letzte Woche\u2026 <\/p>\n<div class=\"pmpro_content_message\">Artikel nur f\u00fcr Abonnenten sichtbar.<br \/><a href=\"https:\/\/territorialchallenges.com\/wp-login.php\">Verbindung<\/a><br \/><a href=\"https:\/\/territorialchallenges.com\/de\/wp-login.php\/?action=register\">Registrieren<\/a><\/div>","protected":false},"excerpt":{"rendered":"<p>(05 septembre 2013) Dans un programme volontairement tr\u00e8s soci\u00e9tal, Pierre Gattaz, le nouveau pr\u00e9sident du M\u00e9def, n&rsquo;a pas convi\u00e9 \u00e0 sa table Jacques Attali. Pourtant, il n&rsquo;y avait pas mieux que ce dernier pour inscrire la crise \u00e9conomique fran\u00e7aise dans une probl\u00e9matique historique et culturelle. Durant les trois jours de l&rsquo;Universit\u00e9 du M\u00e9def,\u00a0la semaine derni\u00e8re,... <\/p>\n<div class=\"pmpro_content_message\">Artikel nur f\u00fcr Abonnenten sichtbar.<br \/><a href=\"https:\/\/territorialchallenges.com\/wp-login.php\">Verbindung<\/a><br \/><a href=\"https:\/\/territorialchallenges.com\/de\/wp-login.php\/?action=register\">Registrieren<\/a><\/div>","protected":false},"author":11,"featured_media":0,"comment_status":"open","ping_status":"open","sticky":true,"template":"","format":"standard","meta":{"pmpro_default_level":0,"footnotes":""},"categories":[123],"tags":[],"blocksy_meta":"","yoast_head":"<!-- This site is optimized with the Yoast SEO plugin v21.5 - https:\/\/yoast.com\/wordpress\/plugins\/seo\/ -->\n<title>Jacques Attali, un \u00e9claireur qui a manqu\u00e9 \u00e0 l&#039;universit\u00e9 d&#039;\u00e9t\u00e9 du M\u00e9def - Territorial Challenges<\/title>\n<meta name=\"robots\" content=\"index, follow, max-snippet:-1, max-image-preview:large, max-video-preview:-1\" \/>\n<link rel=\"canonical\" href=\"https:\/\/territorialchallenges.com\/de\/2016\/08\/07\/jacques-attali-un-eclaireur-qui-a-manque-a-luniversite-dete-du-medef\/610\/\" \/>\n<meta property=\"og:locale\" content=\"de_DE\" \/>\n<meta property=\"og:type\" content=\"article\" \/>\n<meta property=\"og:title\" content=\"Jacques Attali, un \u00e9claireur qui a manqu\u00e9 \u00e0 l&#039;universit\u00e9 d&#039;\u00e9t\u00e9 du M\u00e9def - Territorial Challenges\" \/>\n<meta property=\"og:description\" content=\"(05 septembre 2013) Dans un programme volontairement tr\u00e8s soci\u00e9tal, Pierre Gattaz, le nouveau pr\u00e9sident du M\u00e9def, n&rsquo;a pas convi\u00e9 \u00e0 sa table Jacques Attali. Pourtant, il n&rsquo;y avait pas mieux que ce dernier pour inscrire la crise \u00e9conomique fran\u00e7aise dans une probl\u00e9matique historique et culturelle. Durant les trois jours de l&rsquo;Universit\u00e9 du M\u00e9def,\u00a0la semaine derni\u00e8re, [&hellip;]\" \/>\n<meta property=\"og:url\" content=\"https:\/\/territorialchallenges.com\/de\/2016\/08\/07\/jacques-attali-un-eclaireur-qui-a-manque-a-luniversite-dete-du-medef\/610\/\" \/>\n<meta property=\"og:site_name\" content=\"Territorial Challenges\" \/>\n<meta property=\"article:published_time\" content=\"2016-08-07T14:54:06+00:00\" \/>\n<meta name=\"author\" content=\"ni.abdi\" \/>\n<meta name=\"twitter:card\" content=\"summary_large_image\" \/>\n<meta name=\"twitter:creator\" content=\"@Ni.abdi\" \/>\n<meta name=\"twitter:label1\" content=\"Verfasst von\" \/>\n\t<meta name=\"twitter:data1\" content=\"ni.abdi\" \/>\n\t<meta name=\"twitter:label2\" content=\"Gesch\u00e4tzte Lesezeit\" \/>\n\t<meta name=\"twitter:data2\" content=\"3\u00a0Minuten\" \/>\n<script type=\"application\/ld+json\" class=\"yoast-schema-graph\">{\"@context\":\"https:\/\/schema.org\",\"@graph\":[{\"@type\":\"Article\",\"@id\":\"https:\/\/territorialchallenges.com\/2016\/08\/07\/jacques-attali-un-eclaireur-qui-a-manque-a-luniversite-dete-du-medef\/610\/#article\",\"isPartOf\":{\"@id\":\"https:\/\/territorialchallenges.com\/2016\/08\/07\/jacques-attali-un-eclaireur-qui-a-manque-a-luniversite-dete-du-medef\/610\/\"},\"author\":{\"name\":\"ni.abdi\",\"@id\":\"https:\/\/territorialchallenges.com\/#\/schema\/person\/098f145c7c61a021c425e010f840080f\"},\"headline\":\"Jacques Attali, un \u00e9claireur qui a manqu\u00e9 \u00e0 l&rsquo;universit\u00e9 d&rsquo;\u00e9t\u00e9 du M\u00e9def\",\"datePublished\":\"2016-08-07T14:54:06+00:00\",\"dateModified\":\"2016-08-07T14:54:06+00:00\",\"mainEntityOfPage\":{\"@id\":\"https:\/\/territorialchallenges.com\/2016\/08\/07\/jacques-attali-un-eclaireur-qui-a-manque-a-luniversite-dete-du-medef\/610\/\"},\"wordCount\":694,\"commentCount\":0,\"publisher\":{\"@id\":\"https:\/\/territorialchallenges.com\/#organization\"},\"articleSection\":[\"Archives - Editos\"],\"inLanguage\":\"de\"},{\"@type\":\"WebPage\",\"@id\":\"https:\/\/territorialchallenges.com\/2016\/08\/07\/jacques-attali-un-eclaireur-qui-a-manque-a-luniversite-dete-du-medef\/610\/\",\"url\":\"https:\/\/territorialchallenges.com\/2016\/08\/07\/jacques-attali-un-eclaireur-qui-a-manque-a-luniversite-dete-du-medef\/610\/\",\"name\":\"Jacques Attali, un \u00e9claireur qui a manqu\u00e9 \u00e0 l'universit\u00e9 d'\u00e9t\u00e9 du M\u00e9def - Territorial Challenges\",\"isPartOf\":{\"@id\":\"https:\/\/territorialchallenges.com\/#website\"},\"datePublished\":\"2016-08-07T14:54:06+00:00\",\"dateModified\":\"2016-08-07T14:54:06+00:00\",\"breadcrumb\":{\"@id\":\"https:\/\/territorialchallenges.com\/2016\/08\/07\/jacques-attali-un-eclaireur-qui-a-manque-a-luniversite-dete-du-medef\/610\/#breadcrumb\"},\"inLanguage\":\"de\",\"potentialAction\":[{\"@type\":\"ReadAction\",\"target\":[\"https:\/\/territorialchallenges.com\/2016\/08\/07\/jacques-attali-un-eclaireur-qui-a-manque-a-luniversite-dete-du-medef\/610\/\"]}]},{\"@type\":\"BreadcrumbList\",\"@id\":\"https:\/\/territorialchallenges.com\/2016\/08\/07\/jacques-attali-un-eclaireur-qui-a-manque-a-luniversite-dete-du-medef\/610\/#breadcrumb\",\"itemListElement\":[{\"@type\":\"ListItem\",\"position\":1,\"name\":\"Home\",\"item\":\"https:\/\/territorialchallenges.com\/\"},{\"@type\":\"ListItem\",\"position\":2,\"name\":\"Jacques Attali, un \u00e9claireur qui a manqu\u00e9 \u00e0 l&rsquo;universit\u00e9 d&rsquo;\u00e9t\u00e9 du M\u00e9def\"}]},{\"@type\":\"WebSite\",\"@id\":\"https:\/\/territorialchallenges.com\/#website\",\"url\":\"https:\/\/territorialchallenges.com\/\",\"name\":\"Territorial Challenges\",\"description\":\"Veille Internationale - Strat\u00e9gie Intelligentes - Bonnes pratiques\",\"publisher\":{\"@id\":\"https:\/\/territorialchallenges.com\/#organization\"},\"potentialAction\":[{\"@type\":\"SearchAction\",\"target\":{\"@type\":\"EntryPoint\",\"urlTemplate\":\"https:\/\/territorialchallenges.com\/?s={search_term_string}\"},\"query-input\":\"required name=search_term_string\"}],\"inLanguage\":\"de\"},{\"@type\":\"Organization\",\"@id\":\"https:\/\/territorialchallenges.com\/#organization\",\"name\":\"Territorial Challenges\",\"url\":\"https:\/\/territorialchallenges.com\/\",\"logo\":{\"@type\":\"ImageObject\",\"inLanguage\":\"de\",\"@id\":\"https:\/\/territorialchallenges.com\/#\/schema\/logo\/image\/\",\"url\":\"https:\/\/territorialchallenges.com\/wp-content\/uploads\/2023\/10\/logo-1.png\",\"contentUrl\":\"https:\/\/territorialchallenges.com\/wp-content\/uploads\/2023\/10\/logo-1.png\",\"width\":1832,\"height\":576,\"caption\":\"Territorial Challenges\"},\"image\":{\"@id\":\"https:\/\/territorialchallenges.com\/#\/schema\/logo\/image\/\"}},{\"@type\":\"Person\",\"@id\":\"https:\/\/territorialchallenges.com\/#\/schema\/person\/098f145c7c61a021c425e010f840080f\",\"name\":\"ni.abdi\",\"image\":{\"@type\":\"ImageObject\",\"inLanguage\":\"de\",\"@id\":\"https:\/\/territorialchallenges.com\/#\/schema\/person\/image\/\",\"url\":\"https:\/\/secure.gravatar.com\/avatar\/2a2f2491f3c80039986ba989b1e4b510?s=96&d=identicon&r=g\",\"contentUrl\":\"https:\/\/secure.gravatar.com\/avatar\/2a2f2491f3c80039986ba989b1e4b510?s=96&d=identicon&r=g\",\"caption\":\"ni.abdi\"},\"sameAs\":[\"https:\/\/twitter.com\/Ni.abdi\"],\"url\":\"https:\/\/territorialchallenges.com\/de\/author\/ni-abdi\/\"}]}<\/script>\n<!-- \/ Yoast SEO plugin. -->","yoast_head_json":{"title":"Jacques Attali, un \u00e9claireur qui a manqu\u00e9 \u00e0 l'universit\u00e9 d'\u00e9t\u00e9 du M\u00e9def - Territorial Challenges","robots":{"index":"index","follow":"follow","max-snippet":"max-snippet:-1","max-image-preview":"max-image-preview:large","max-video-preview":"max-video-preview:-1"},"canonical":"https:\/\/territorialchallenges.com\/de\/2016\/08\/07\/jacques-attali-un-eclaireur-qui-a-manque-a-luniversite-dete-du-medef\/610\/","og_locale":"de_DE","og_type":"article","og_title":"Jacques Attali, un \u00e9claireur qui a manqu\u00e9 \u00e0 l'universit\u00e9 d'\u00e9t\u00e9 du M\u00e9def - Territorial Challenges","og_description":"(05 septembre 2013) Dans un programme volontairement tr\u00e8s soci\u00e9tal, Pierre Gattaz, le nouveau pr\u00e9sident du M\u00e9def, n&rsquo;a pas convi\u00e9 \u00e0 sa table Jacques Attali. Pourtant, il n&rsquo;y avait pas mieux que ce dernier pour inscrire la crise \u00e9conomique fran\u00e7aise dans une probl\u00e9matique historique et culturelle. Durant les trois jours de l&rsquo;Universit\u00e9 du M\u00e9def,\u00a0la semaine derni\u00e8re, [&hellip;]","og_url":"https:\/\/territorialchallenges.com\/de\/2016\/08\/07\/jacques-attali-un-eclaireur-qui-a-manque-a-luniversite-dete-du-medef\/610\/","og_site_name":"Territorial Challenges","article_published_time":"2016-08-07T14:54:06+00:00","author":"ni.abdi","twitter_card":"summary_large_image","twitter_creator":"@Ni.abdi","twitter_misc":{"Verfasst von":"ni.abdi","Gesch\u00e4tzte Lesezeit":"3\u00a0Minuten"},"schema":{"@context":"https:\/\/schema.org","@graph":[{"@type":"Article","@id":"https:\/\/territorialchallenges.com\/2016\/08\/07\/jacques-attali-un-eclaireur-qui-a-manque-a-luniversite-dete-du-medef\/610\/#article","isPartOf":{"@id":"https:\/\/territorialchallenges.com\/2016\/08\/07\/jacques-attali-un-eclaireur-qui-a-manque-a-luniversite-dete-du-medef\/610\/"},"author":{"name":"ni.abdi","@id":"https:\/\/territorialchallenges.com\/#\/schema\/person\/098f145c7c61a021c425e010f840080f"},"headline":"Jacques Attali, un \u00e9claireur qui a manqu\u00e9 \u00e0 l&rsquo;universit\u00e9 d&rsquo;\u00e9t\u00e9 du M\u00e9def","datePublished":"2016-08-07T14:54:06+00:00","dateModified":"2016-08-07T14:54:06+00:00","mainEntityOfPage":{"@id":"https:\/\/territorialchallenges.com\/2016\/08\/07\/jacques-attali-un-eclaireur-qui-a-manque-a-luniversite-dete-du-medef\/610\/"},"wordCount":694,"commentCount":0,"publisher":{"@id":"https:\/\/territorialchallenges.com\/#organization"},"articleSection":["Archives - Editos"],"inLanguage":"de"},{"@type":"WebPage","@id":"https:\/\/territorialchallenges.com\/2016\/08\/07\/jacques-attali-un-eclaireur-qui-a-manque-a-luniversite-dete-du-medef\/610\/","url":"https:\/\/territorialchallenges.com\/2016\/08\/07\/jacques-attali-un-eclaireur-qui-a-manque-a-luniversite-dete-du-medef\/610\/","name":"Jacques Attali, un \u00e9claireur qui a manqu\u00e9 \u00e0 l'universit\u00e9 d'\u00e9t\u00e9 du M\u00e9def - Territorial Challenges","isPartOf":{"@id":"https:\/\/territorialchallenges.com\/#website"},"datePublished":"2016-08-07T14:54:06+00:00","dateModified":"2016-08-07T14:54:06+00:00","breadcrumb":{"@id":"https:\/\/territorialchallenges.com\/2016\/08\/07\/jacques-attali-un-eclaireur-qui-a-manque-a-luniversite-dete-du-medef\/610\/#breadcrumb"},"inLanguage":"de","potentialAction":[{"@type":"ReadAction","target":["https:\/\/territorialchallenges.com\/2016\/08\/07\/jacques-attali-un-eclaireur-qui-a-manque-a-luniversite-dete-du-medef\/610\/"]}]},{"@type":"BreadcrumbList","@id":"https:\/\/territorialchallenges.com\/2016\/08\/07\/jacques-attali-un-eclaireur-qui-a-manque-a-luniversite-dete-du-medef\/610\/#breadcrumb","itemListElement":[{"@type":"ListItem","position":1,"name":"Home","item":"https:\/\/territorialchallenges.com\/"},{"@type":"ListItem","position":2,"name":"Jacques Attali, un \u00e9claireur qui a manqu\u00e9 \u00e0 l&rsquo;universit\u00e9 d&rsquo;\u00e9t\u00e9 du M\u00e9def"}]},{"@type":"WebSite","@id":"https:\/\/territorialchallenges.com\/#website","url":"https:\/\/territorialchallenges.com\/","name":"Territoriale Herausforderungen","description":"Internationales Monitoring \u2013 Intelligente Strategien \u2013 Best Practices","publisher":{"@id":"https:\/\/territorialchallenges.com\/#organization"},"potentialAction":[{"@type":"SearchAction","target":{"@type":"EntryPoint","urlTemplate":"https:\/\/territorialchallenges.com\/?s={search_term_string}"},"query-input":"required name=search_term_string"}],"inLanguage":"de"},{"@type":"Organization","@id":"https:\/\/territorialchallenges.com\/#organization","name":"Territoriale Herausforderungen","url":"https:\/\/territorialchallenges.com\/","logo":{"@type":"ImageObject","inLanguage":"de","@id":"https:\/\/territorialchallenges.com\/#\/schema\/logo\/image\/","url":"https:\/\/territorialchallenges.com\/wp-content\/uploads\/2023\/10\/logo-1.png","contentUrl":"https:\/\/territorialchallenges.com\/wp-content\/uploads\/2023\/10\/logo-1.png","width":1832,"height":576,"caption":"Territorial Challenges"},"image":{"@id":"https:\/\/territorialchallenges.com\/#\/schema\/logo\/image\/"}},{"@type":"Person","@id":"https:\/\/territorialchallenges.com\/#\/schema\/person\/098f145c7c61a021c425e010f840080f","name":"ni.abdi","image":{"@type":"ImageObject","inLanguage":"de","@id":"https:\/\/territorialchallenges.com\/#\/schema\/person\/image\/","url":"https:\/\/secure.gravatar.com\/avatar\/2a2f2491f3c80039986ba989b1e4b510?s=96&d=identicon&r=g","contentUrl":"https:\/\/secure.gravatar.com\/avatar\/2a2f2491f3c80039986ba989b1e4b510?s=96&d=identicon&r=g","caption":"ni.abdi"},"sameAs":["https:\/\/twitter.com\/Ni.abdi"],"url":"https:\/\/territorialchallenges.com\/de\/author\/ni-abdi\/"}]}},"_links":{"self":[{"href":"https:\/\/territorialchallenges.com\/de\/wp-json\/wp\/v2\/posts\/610"}],"collection":[{"href":"https:\/\/territorialchallenges.com\/de\/wp-json\/wp\/v2\/posts"}],"about":[{"href":"https:\/\/territorialchallenges.com\/de\/wp-json\/wp\/v2\/types\/post"}],"author":[{"embeddable":true,"href":"https:\/\/territorialchallenges.com\/de\/wp-json\/wp\/v2\/users\/11"}],"replies":[{"embeddable":true,"href":"https:\/\/territorialchallenges.com\/de\/wp-json\/wp\/v2\/comments?post=610"}],"version-history":[{"count":0,"href":"https:\/\/territorialchallenges.com\/de\/wp-json\/wp\/v2\/posts\/610\/revisions"}],"wp:attachment":[{"href":"https:\/\/territorialchallenges.com\/de\/wp-json\/wp\/v2\/media?parent=610"}],"wp:term":[{"taxonomy":"category","embeddable":true,"href":"https:\/\/territorialchallenges.com\/de\/wp-json\/wp\/v2\/categories?post=610"},{"taxonomy":"post_tag","embeddable":true,"href":"https:\/\/territorialchallenges.com\/de\/wp-json\/wp\/v2\/tags?post=610"}],"curies":[{"name":"wp","href":"https:\/\/api.w.org\/{rel}","templated":true}]}}