{"id":608,"date":"2016-08-07T16:26:52","date_gmt":"2016-08-07T14:26:52","guid":{"rendered":"http:\/\/e-novatio.com\/?p=608"},"modified":"2016-08-07T16:26:52","modified_gmt":"2016-08-07T14:26:52","slug":"transition-energetique-confusion-en-europe-vision-chez-barack-obama","status":"publish","type":"post","link":"https:\/\/territorialchallenges.com\/de\/2016\/08\/07\/transition-energetique-confusion-en-europe-vision-chez-barack-obama\/608\/","title":{"rendered":"Energiewende: Verwirrung in Europa, Vision von Barack Obama"},"content":{"rendered":"<p>(27. August 2013) Vier wesentliche Nachrichten haben diesen Sommer die weltweite Energiewende gepr\u00e4gt und best\u00e4tigen Barack Obamas F\u00fchrungsrolle in diesem Bereich gegen\u00fcber einem uneinigen Europa. W\u00e4hrend dieses Monats August begannen in Europa die Nachrichten im Energiebereich mit einem Donnerschlag. Die deutsche Regierung lehnte nach einer Studie die Empfehlungen der EU ab... <\/p>\n<div class=\"pmpro_content_message\">Artikel nur f\u00fcr Abonnenten sichtbar.<br \/><a href=\"https:\/\/territorialchallenges.com\/wp-login.php\">Verbindung<\/a><br \/><a href=\"https:\/\/territorialchallenges.com\/de\/wp-login.php\/?action=register\">Registrieren<\/a><\/div>","protected":false},"excerpt":{"rendered":"<p>(27 ao\u00fbt 2013) Quatre actualit\u00e9s essentielles ont marqu\u00e9 la transition \u00e9nerg\u00e9tique mondiale cet \u00e9t\u00e9,\u00a0et confirment la course en t\u00eate de Barack Obama dans le domaine face \u00e0 une Europe d\u00e9sunie. Durant ce mois d&rsquo;ao\u00fbt, en Europe,\u00a0l&rsquo;actualit\u00e9 \u00e9nerg\u00e9tique a commenc\u00e9 par un coup de tonnerre. Le gouvernement\u00a0allemand, suite \u00e0 une \u00e9tude, rejette les recommandations de l&rsquo;UE... <\/p>\n<div class=\"pmpro_content_message\">Artikel nur f\u00fcr Abonnenten sichtbar.<br \/><a href=\"https:\/\/territorialchallenges.com\/wp-login.php\">Verbindung<\/a><br \/><a href=\"https:\/\/territorialchallenges.com\/de\/wp-login.php\/?action=register\">Registrieren<\/a><\/div>","protected":false},"author":11,"featured_media":0,"comment_status":"open","ping_status":"open","sticky":true,"template":"","format":"standard","meta":{"pmpro_default_level":0,"footnotes":""},"categories":[123],"tags":[],"blocksy_meta":"","yoast_head":"<!-- This site is optimized with the Yoast SEO plugin v21.5 - https:\/\/yoast.com\/wordpress\/plugins\/seo\/ -->\n<title>Transition \u00e9nerg\u00e9tique : confusion en Europe, vision chez Barack Obama - Territorial Challenges<\/title>\n<meta name=\"robots\" content=\"index, follow, max-snippet:-1, max-image-preview:large, max-video-preview:-1\" \/>\n<link rel=\"canonical\" href=\"https:\/\/territorialchallenges.com\/de\/2016\/08\/07\/transition-energetique-confusion-en-europe-vision-chez-barack-obama\/608\/\" \/>\n<meta property=\"og:locale\" content=\"de_DE\" \/>\n<meta property=\"og:type\" content=\"article\" \/>\n<meta property=\"og:title\" content=\"Transition \u00e9nerg\u00e9tique : confusion en Europe, vision chez Barack Obama - Territorial Challenges\" \/>\n<meta property=\"og:description\" content=\"(27 ao\u00fbt 2013) Quatre actualit\u00e9s essentielles ont marqu\u00e9 la transition \u00e9nerg\u00e9tique mondiale cet \u00e9t\u00e9,\u00a0et confirment la course en t\u00eate de Barack Obama dans le domaine face \u00e0 une Europe d\u00e9sunie. Durant ce mois d&rsquo;ao\u00fbt, en Europe,\u00a0l&rsquo;actualit\u00e9 \u00e9nerg\u00e9tique a commenc\u00e9 par un coup de tonnerre. Le gouvernement\u00a0allemand, suite \u00e0 une \u00e9tude, rejette les recommandations de l&rsquo;UE [&hellip;]\" \/>\n<meta property=\"og:url\" content=\"https:\/\/territorialchallenges.com\/de\/2016\/08\/07\/transition-energetique-confusion-en-europe-vision-chez-barack-obama\/608\/\" \/>\n<meta property=\"og:site_name\" content=\"Territorial Challenges\" \/>\n<meta property=\"article:published_time\" content=\"2016-08-07T14:26:52+00:00\" \/>\n<meta name=\"author\" content=\"ni.abdi\" \/>\n<meta name=\"twitter:card\" content=\"summary_large_image\" \/>\n<meta name=\"twitter:creator\" content=\"@Ni.abdi\" \/>\n<meta name=\"twitter:label1\" content=\"Verfasst von\" \/>\n\t<meta name=\"twitter:data1\" content=\"ni.abdi\" \/>\n\t<meta name=\"twitter:label2\" content=\"Gesch\u00e4tzte Lesezeit\" \/>\n\t<meta name=\"twitter:data2\" content=\"3\u00a0Minuten\" \/>\n<script type=\"application\/ld+json\" class=\"yoast-schema-graph\">{\"@context\":\"https:\/\/schema.org\",\"@graph\":[{\"@type\":\"Article\",\"@id\":\"https:\/\/territorialchallenges.com\/2016\/08\/07\/transition-energetique-confusion-en-europe-vision-chez-barack-obama\/608\/#article\",\"isPartOf\":{\"@id\":\"https:\/\/territorialchallenges.com\/2016\/08\/07\/transition-energetique-confusion-en-europe-vision-chez-barack-obama\/608\/\"},\"author\":{\"name\":\"ni.abdi\",\"@id\":\"https:\/\/territorialchallenges.com\/#\/schema\/person\/098f145c7c61a021c425e010f840080f\"},\"headline\":\"Transition \u00e9nerg\u00e9tique : confusion en Europe, vision chez Barack Obama\",\"datePublished\":\"2016-08-07T14:26:52+00:00\",\"dateModified\":\"2016-08-07T14:26:52+00:00\",\"mainEntityOfPage\":{\"@id\":\"https:\/\/territorialchallenges.com\/2016\/08\/07\/transition-energetique-confusion-en-europe-vision-chez-barack-obama\/608\/\"},\"wordCount\":673,\"commentCount\":0,\"publisher\":{\"@id\":\"https:\/\/territorialchallenges.com\/#organization\"},\"articleSection\":[\"Archives - Editos\"],\"inLanguage\":\"de\"},{\"@type\":\"WebPage\",\"@id\":\"https:\/\/territorialchallenges.com\/2016\/08\/07\/transition-energetique-confusion-en-europe-vision-chez-barack-obama\/608\/\",\"url\":\"https:\/\/territorialchallenges.com\/2016\/08\/07\/transition-energetique-confusion-en-europe-vision-chez-barack-obama\/608\/\",\"name\":\"Transition \u00e9nerg\u00e9tique : confusion en Europe, vision chez Barack Obama - Territorial Challenges\",\"isPartOf\":{\"@id\":\"https:\/\/territorialchallenges.com\/#website\"},\"datePublished\":\"2016-08-07T14:26:52+00:00\",\"dateModified\":\"2016-08-07T14:26:52+00:00\",\"breadcrumb\":{\"@id\":\"https:\/\/territorialchallenges.com\/2016\/08\/07\/transition-energetique-confusion-en-europe-vision-chez-barack-obama\/608\/#breadcrumb\"},\"inLanguage\":\"de\",\"potentialAction\":[{\"@type\":\"ReadAction\",\"target\":[\"https:\/\/territorialchallenges.com\/2016\/08\/07\/transition-energetique-confusion-en-europe-vision-chez-barack-obama\/608\/\"]}]},{\"@type\":\"BreadcrumbList\",\"@id\":\"https:\/\/territorialchallenges.com\/2016\/08\/07\/transition-energetique-confusion-en-europe-vision-chez-barack-obama\/608\/#breadcrumb\",\"itemListElement\":[{\"@type\":\"ListItem\",\"position\":1,\"name\":\"Home\",\"item\":\"https:\/\/territorialchallenges.com\/\"},{\"@type\":\"ListItem\",\"position\":2,\"name\":\"Transition \u00e9nerg\u00e9tique : confusion en Europe, vision chez Barack Obama\"}]},{\"@type\":\"WebSite\",\"@id\":\"https:\/\/territorialchallenges.com\/#website\",\"url\":\"https:\/\/territorialchallenges.com\/\",\"name\":\"Territorial Challenges\",\"description\":\"Veille Internationale - Strat\u00e9gie Intelligentes - Bonnes pratiques\",\"publisher\":{\"@id\":\"https:\/\/territorialchallenges.com\/#organization\"},\"potentialAction\":[{\"@type\":\"SearchAction\",\"target\":{\"@type\":\"EntryPoint\",\"urlTemplate\":\"https:\/\/territorialchallenges.com\/?s={search_term_string}\"},\"query-input\":\"required name=search_term_string\"}],\"inLanguage\":\"de\"},{\"@type\":\"Organization\",\"@id\":\"https:\/\/territorialchallenges.com\/#organization\",\"name\":\"Territorial Challenges\",\"url\":\"https:\/\/territorialchallenges.com\/\",\"logo\":{\"@type\":\"ImageObject\",\"inLanguage\":\"de\",\"@id\":\"https:\/\/territorialchallenges.com\/#\/schema\/logo\/image\/\",\"url\":\"https:\/\/territorialchallenges.com\/wp-content\/uploads\/2023\/10\/logo-1.png\",\"contentUrl\":\"https:\/\/territorialchallenges.com\/wp-content\/uploads\/2023\/10\/logo-1.png\",\"width\":1832,\"height\":576,\"caption\":\"Territorial Challenges\"},\"image\":{\"@id\":\"https:\/\/territorialchallenges.com\/#\/schema\/logo\/image\/\"}},{\"@type\":\"Person\",\"@id\":\"https:\/\/territorialchallenges.com\/#\/schema\/person\/098f145c7c61a021c425e010f840080f\",\"name\":\"ni.abdi\",\"image\":{\"@type\":\"ImageObject\",\"inLanguage\":\"de\",\"@id\":\"https:\/\/territorialchallenges.com\/#\/schema\/person\/image\/\",\"url\":\"https:\/\/secure.gravatar.com\/avatar\/2a2f2491f3c80039986ba989b1e4b510?s=96&d=identicon&r=g\",\"contentUrl\":\"https:\/\/secure.gravatar.com\/avatar\/2a2f2491f3c80039986ba989b1e4b510?s=96&d=identicon&r=g\",\"caption\":\"ni.abdi\"},\"sameAs\":[\"https:\/\/twitter.com\/Ni.abdi\"],\"url\":\"https:\/\/territorialchallenges.com\/de\/author\/ni-abdi\/\"}]}<\/script>\n<!-- \/ Yoast SEO plugin. -->","yoast_head_json":{"title":"Transition \u00e9nerg\u00e9tique : confusion en Europe, vision chez Barack Obama - Territorial Challenges","robots":{"index":"index","follow":"follow","max-snippet":"max-snippet:-1","max-image-preview":"max-image-preview:large","max-video-preview":"max-video-preview:-1"},"canonical":"https:\/\/territorialchallenges.com\/de\/2016\/08\/07\/transition-energetique-confusion-en-europe-vision-chez-barack-obama\/608\/","og_locale":"de_DE","og_type":"article","og_title":"Transition \u00e9nerg\u00e9tique : confusion en Europe, vision chez Barack Obama - Territorial Challenges","og_description":"(27 ao\u00fbt 2013) Quatre actualit\u00e9s essentielles ont marqu\u00e9 la transition \u00e9nerg\u00e9tique mondiale cet \u00e9t\u00e9,\u00a0et confirment la course en t\u00eate de Barack Obama dans le domaine face \u00e0 une Europe d\u00e9sunie. Durant ce mois d&rsquo;ao\u00fbt, en Europe,\u00a0l&rsquo;actualit\u00e9 \u00e9nerg\u00e9tique a commenc\u00e9 par un coup de tonnerre. Le gouvernement\u00a0allemand, suite \u00e0 une \u00e9tude, rejette les recommandations de l&rsquo;UE [&hellip;]","og_url":"https:\/\/territorialchallenges.com\/de\/2016\/08\/07\/transition-energetique-confusion-en-europe-vision-chez-barack-obama\/608\/","og_site_name":"Territorial Challenges","article_published_time":"2016-08-07T14:26:52+00:00","author":"ni.abdi","twitter_card":"summary_large_image","twitter_creator":"@Ni.abdi","twitter_misc":{"Verfasst von":"ni.abdi","Gesch\u00e4tzte Lesezeit":"3\u00a0Minuten"},"schema":{"@context":"https:\/\/schema.org","@graph":[{"@type":"Article","@id":"https:\/\/territorialchallenges.com\/2016\/08\/07\/transition-energetique-confusion-en-europe-vision-chez-barack-obama\/608\/#article","isPartOf":{"@id":"https:\/\/territorialchallenges.com\/2016\/08\/07\/transition-energetique-confusion-en-europe-vision-chez-barack-obama\/608\/"},"author":{"name":"ni.abdi","@id":"https:\/\/territorialchallenges.com\/#\/schema\/person\/098f145c7c61a021c425e010f840080f"},"headline":"Transition \u00e9nerg\u00e9tique : confusion en Europe, vision chez Barack Obama","datePublished":"2016-08-07T14:26:52+00:00","dateModified":"2016-08-07T14:26:52+00:00","mainEntityOfPage":{"@id":"https:\/\/territorialchallenges.com\/2016\/08\/07\/transition-energetique-confusion-en-europe-vision-chez-barack-obama\/608\/"},"wordCount":673,"commentCount":0,"publisher":{"@id":"https:\/\/territorialchallenges.com\/#organization"},"articleSection":["Archives - Editos"],"inLanguage":"de"},{"@type":"WebPage","@id":"https:\/\/territorialchallenges.com\/2016\/08\/07\/transition-energetique-confusion-en-europe-vision-chez-barack-obama\/608\/","url":"https:\/\/territorialchallenges.com\/2016\/08\/07\/transition-energetique-confusion-en-europe-vision-chez-barack-obama\/608\/","name":"Transition \u00e9nerg\u00e9tique : confusion en Europe, vision chez Barack Obama - Territorial Challenges","isPartOf":{"@id":"https:\/\/territorialchallenges.com\/#website"},"datePublished":"2016-08-07T14:26:52+00:00","dateModified":"2016-08-07T14:26:52+00:00","breadcrumb":{"@id":"https:\/\/territorialchallenges.com\/2016\/08\/07\/transition-energetique-confusion-en-europe-vision-chez-barack-obama\/608\/#breadcrumb"},"inLanguage":"de","potentialAction":[{"@type":"ReadAction","target":["https:\/\/territorialchallenges.com\/2016\/08\/07\/transition-energetique-confusion-en-europe-vision-chez-barack-obama\/608\/"]}]},{"@type":"BreadcrumbList","@id":"https:\/\/territorialchallenges.com\/2016\/08\/07\/transition-energetique-confusion-en-europe-vision-chez-barack-obama\/608\/#breadcrumb","itemListElement":[{"@type":"ListItem","position":1,"name":"Home","item":"https:\/\/territorialchallenges.com\/"},{"@type":"ListItem","position":2,"name":"Transition \u00e9nerg\u00e9tique : confusion en Europe, vision chez Barack Obama"}]},{"@type":"WebSite","@id":"https:\/\/territorialchallenges.com\/#website","url":"https:\/\/territorialchallenges.com\/","name":"Territoriale Herausforderungen","description":"Internationales Monitoring \u2013 Intelligente Strategien \u2013 Best Practices","publisher":{"@id":"https:\/\/territorialchallenges.com\/#organization"},"potentialAction":[{"@type":"SearchAction","target":{"@type":"EntryPoint","urlTemplate":"https:\/\/territorialchallenges.com\/?s={search_term_string}"},"query-input":"required name=search_term_string"}],"inLanguage":"de"},{"@type":"Organization","@id":"https:\/\/territorialchallenges.com\/#organization","name":"Territoriale Herausforderungen","url":"https:\/\/territorialchallenges.com\/","logo":{"@type":"ImageObject","inLanguage":"de","@id":"https:\/\/territorialchallenges.com\/#\/schema\/logo\/image\/","url":"https:\/\/territorialchallenges.com\/wp-content\/uploads\/2023\/10\/logo-1.png","contentUrl":"https:\/\/territorialchallenges.com\/wp-content\/uploads\/2023\/10\/logo-1.png","width":1832,"height":576,"caption":"Territorial Challenges"},"image":{"@id":"https:\/\/territorialchallenges.com\/#\/schema\/logo\/image\/"}},{"@type":"Person","@id":"https:\/\/territorialchallenges.com\/#\/schema\/person\/098f145c7c61a021c425e010f840080f","name":"ni.abdi","image":{"@type":"ImageObject","inLanguage":"de","@id":"https:\/\/territorialchallenges.com\/#\/schema\/person\/image\/","url":"https:\/\/secure.gravatar.com\/avatar\/2a2f2491f3c80039986ba989b1e4b510?s=96&d=identicon&r=g","contentUrl":"https:\/\/secure.gravatar.com\/avatar\/2a2f2491f3c80039986ba989b1e4b510?s=96&d=identicon&r=g","caption":"ni.abdi"},"sameAs":["https:\/\/twitter.com\/Ni.abdi"],"url":"https:\/\/territorialchallenges.com\/de\/author\/ni-abdi\/"}]}},"_links":{"self":[{"href":"https:\/\/territorialchallenges.com\/de\/wp-json\/wp\/v2\/posts\/608"}],"collection":[{"href":"https:\/\/territorialchallenges.com\/de\/wp-json\/wp\/v2\/posts"}],"about":[{"href":"https:\/\/territorialchallenges.com\/de\/wp-json\/wp\/v2\/types\/post"}],"author":[{"embeddable":true,"href":"https:\/\/territorialchallenges.com\/de\/wp-json\/wp\/v2\/users\/11"}],"replies":[{"embeddable":true,"href":"https:\/\/territorialchallenges.com\/de\/wp-json\/wp\/v2\/comments?post=608"}],"version-history":[{"count":0,"href":"https:\/\/territorialchallenges.com\/de\/wp-json\/wp\/v2\/posts\/608\/revisions"}],"wp:attachment":[{"href":"https:\/\/territorialchallenges.com\/de\/wp-json\/wp\/v2\/media?parent=608"}],"wp:term":[{"taxonomy":"category","embeddable":true,"href":"https:\/\/territorialchallenges.com\/de\/wp-json\/wp\/v2\/categories?post=608"},{"taxonomy":"post_tag","embeddable":true,"href":"https:\/\/territorialchallenges.com\/de\/wp-json\/wp\/v2\/tags?post=608"}],"curies":[{"name":"wp","href":"https:\/\/api.w.org\/{rel}","templated":true}]}}