{"id":593,"date":"2016-08-06T13:22:36","date_gmt":"2016-08-06T11:22:36","guid":{"rendered":"http:\/\/e-novatio.com\/?p=593"},"modified":"2016-08-06T13:22:36","modified_gmt":"2016-08-06T11:22:36","slug":"flou-total-en-france-dans-les-smart-grids","status":"publish","type":"post","link":"https:\/\/territorialchallenges.com\/de\/2016\/08\/06\/flou-total-en-france-dans-les-smart-grids\/593\/","title":{"rendered":"V\u00f6llige Unklarheit in Frankreich in Bezug auf intelligente Netze"},"content":{"rendered":"<p>(1. Juli 2013) Was h\u00e4tte der verstorbene Industrieminister Marcel Paul von der aktuellen Energiewende gehalten, der nach dem Krieg (1946) die franz\u00f6sische Elektrizit\u00e4tsversorgung verstaatlichte und damit die Gr\u00fcndung von EDF und GDF erm\u00f6glichte? Es scheint, dass in einer Zeit, in der die Franzosen mit einem Anstieg der Strompreise rechnen, die L\u00f6sungen nicht in Sicht sind... <\/p>\n<div class=\"pmpro_content_message\">Artikel nur f\u00fcr Abonnenten sichtbar.<br \/><a href=\"https:\/\/territorialchallenges.com\/wp-login.php\">Verbindung<\/a><br \/><a href=\"https:\/\/territorialchallenges.com\/de\/wp-login.php\/?action=register\">Registrieren<\/a><\/div>","protected":false},"excerpt":{"rendered":"<p>(01 juillet 2013) Qu&rsquo;aurait pens\u00e9 feu Marcel Paul de la transition \u00e9nerg\u00e9tique actuelle, lui ministre de l&rsquo;Industrie qui apr\u00e8s guerre (1946) a nationalis\u00e9 l&rsquo;\u00e9lectricit\u00e9 de France, et fut ainsi \u00e0 l&rsquo;origine de la cr\u00e9ation d&rsquo;EDF et GDF ? Il faut croire qu&rsquo;au moment o\u00f9 les\u00a0Fran\u00e7ais s&rsquo;attendent \u00e0 une flamb\u00e9e\u00a0des prix de l&rsquo;\u00e9lectricit\u00e9, les solutions ne... <\/p>\n<div class=\"pmpro_content_message\">Artikel nur f\u00fcr Abonnenten sichtbar.<br \/><a href=\"https:\/\/territorialchallenges.com\/wp-login.php\">Verbindung<\/a><br \/><a href=\"https:\/\/territorialchallenges.com\/de\/wp-login.php\/?action=register\">Registrieren<\/a><\/div>","protected":false},"author":11,"featured_media":0,"comment_status":"open","ping_status":"open","sticky":true,"template":"","format":"standard","meta":{"pmpro_default_level":0,"footnotes":""},"categories":[123],"tags":[],"blocksy_meta":"","yoast_head":"<!-- This site is optimized with the Yoast SEO plugin v21.5 - https:\/\/yoast.com\/wordpress\/plugins\/seo\/ -->\n<title>Flou total en France dans les smart grids - Territorial Challenges<\/title>\n<meta name=\"robots\" content=\"index, follow, max-snippet:-1, max-image-preview:large, max-video-preview:-1\" \/>\n<link rel=\"canonical\" href=\"https:\/\/territorialchallenges.com\/de\/2016\/08\/06\/flou-total-en-france-dans-les-smart-grids\/593\/\" \/>\n<meta property=\"og:locale\" content=\"de_DE\" \/>\n<meta property=\"og:type\" content=\"article\" \/>\n<meta property=\"og:title\" content=\"Flou total en France dans les smart grids - Territorial Challenges\" \/>\n<meta property=\"og:description\" content=\"(01 juillet 2013) Qu&rsquo;aurait pens\u00e9 feu Marcel Paul de la transition \u00e9nerg\u00e9tique actuelle, lui ministre de l&rsquo;Industrie qui apr\u00e8s guerre (1946) a nationalis\u00e9 l&rsquo;\u00e9lectricit\u00e9 de France, et fut ainsi \u00e0 l&rsquo;origine de la cr\u00e9ation d&rsquo;EDF et GDF ? Il faut croire qu&rsquo;au moment o\u00f9 les\u00a0Fran\u00e7ais s&rsquo;attendent \u00e0 une flamb\u00e9e\u00a0des prix de l&rsquo;\u00e9lectricit\u00e9, les solutions ne [&hellip;]\" \/>\n<meta property=\"og:url\" content=\"https:\/\/territorialchallenges.com\/de\/2016\/08\/06\/flou-total-en-france-dans-les-smart-grids\/593\/\" \/>\n<meta property=\"og:site_name\" content=\"Territorial Challenges\" \/>\n<meta property=\"article:published_time\" content=\"2016-08-06T11:22:36+00:00\" \/>\n<meta name=\"author\" content=\"ni.abdi\" \/>\n<meta name=\"twitter:card\" content=\"summary_large_image\" \/>\n<meta name=\"twitter:creator\" content=\"@Ni.abdi\" \/>\n<meta name=\"twitter:label1\" content=\"Verfasst von\" \/>\n\t<meta name=\"twitter:data1\" content=\"ni.abdi\" \/>\n\t<meta name=\"twitter:label2\" content=\"Gesch\u00e4tzte Lesezeit\" \/>\n\t<meta name=\"twitter:data2\" content=\"3\u00a0Minuten\" \/>\n<script type=\"application\/ld+json\" class=\"yoast-schema-graph\">{\"@context\":\"https:\/\/schema.org\",\"@graph\":[{\"@type\":\"Article\",\"@id\":\"https:\/\/territorialchallenges.com\/2016\/08\/06\/flou-total-en-france-dans-les-smart-grids\/593\/#article\",\"isPartOf\":{\"@id\":\"https:\/\/territorialchallenges.com\/2016\/08\/06\/flou-total-en-france-dans-les-smart-grids\/593\/\"},\"author\":{\"name\":\"ni.abdi\",\"@id\":\"https:\/\/territorialchallenges.com\/#\/schema\/person\/098f145c7c61a021c425e010f840080f\"},\"headline\":\"Flou total en France dans les smart grids\",\"datePublished\":\"2016-08-06T11:22:36+00:00\",\"dateModified\":\"2016-08-06T11:22:36+00:00\",\"mainEntityOfPage\":{\"@id\":\"https:\/\/territorialchallenges.com\/2016\/08\/06\/flou-total-en-france-dans-les-smart-grids\/593\/\"},\"wordCount\":717,\"commentCount\":0,\"publisher\":{\"@id\":\"https:\/\/territorialchallenges.com\/#organization\"},\"articleSection\":[\"Archives - Editos\"],\"inLanguage\":\"de\"},{\"@type\":\"WebPage\",\"@id\":\"https:\/\/territorialchallenges.com\/2016\/08\/06\/flou-total-en-france-dans-les-smart-grids\/593\/\",\"url\":\"https:\/\/territorialchallenges.com\/2016\/08\/06\/flou-total-en-france-dans-les-smart-grids\/593\/\",\"name\":\"Flou total en France dans les smart grids - Territorial Challenges\",\"isPartOf\":{\"@id\":\"https:\/\/territorialchallenges.com\/#website\"},\"datePublished\":\"2016-08-06T11:22:36+00:00\",\"dateModified\":\"2016-08-06T11:22:36+00:00\",\"breadcrumb\":{\"@id\":\"https:\/\/territorialchallenges.com\/2016\/08\/06\/flou-total-en-france-dans-les-smart-grids\/593\/#breadcrumb\"},\"inLanguage\":\"de\",\"potentialAction\":[{\"@type\":\"ReadAction\",\"target\":[\"https:\/\/territorialchallenges.com\/2016\/08\/06\/flou-total-en-france-dans-les-smart-grids\/593\/\"]}]},{\"@type\":\"BreadcrumbList\",\"@id\":\"https:\/\/territorialchallenges.com\/2016\/08\/06\/flou-total-en-france-dans-les-smart-grids\/593\/#breadcrumb\",\"itemListElement\":[{\"@type\":\"ListItem\",\"position\":1,\"name\":\"Home\",\"item\":\"https:\/\/territorialchallenges.com\/\"},{\"@type\":\"ListItem\",\"position\":2,\"name\":\"Flou total en France dans les smart grids\"}]},{\"@type\":\"WebSite\",\"@id\":\"https:\/\/territorialchallenges.com\/#website\",\"url\":\"https:\/\/territorialchallenges.com\/\",\"name\":\"Territorial Challenges\",\"description\":\"Veille Internationale - Strat\u00e9gie Intelligentes - Bonnes pratiques\",\"publisher\":{\"@id\":\"https:\/\/territorialchallenges.com\/#organization\"},\"potentialAction\":[{\"@type\":\"SearchAction\",\"target\":{\"@type\":\"EntryPoint\",\"urlTemplate\":\"https:\/\/territorialchallenges.com\/?s={search_term_string}\"},\"query-input\":\"required name=search_term_string\"}],\"inLanguage\":\"de\"},{\"@type\":\"Organization\",\"@id\":\"https:\/\/territorialchallenges.com\/#organization\",\"name\":\"Territorial Challenges\",\"url\":\"https:\/\/territorialchallenges.com\/\",\"logo\":{\"@type\":\"ImageObject\",\"inLanguage\":\"de\",\"@id\":\"https:\/\/territorialchallenges.com\/#\/schema\/logo\/image\/\",\"url\":\"https:\/\/territorialchallenges.com\/wp-content\/uploads\/2023\/10\/logo-1.png\",\"contentUrl\":\"https:\/\/territorialchallenges.com\/wp-content\/uploads\/2023\/10\/logo-1.png\",\"width\":1832,\"height\":576,\"caption\":\"Territorial Challenges\"},\"image\":{\"@id\":\"https:\/\/territorialchallenges.com\/#\/schema\/logo\/image\/\"}},{\"@type\":\"Person\",\"@id\":\"https:\/\/territorialchallenges.com\/#\/schema\/person\/098f145c7c61a021c425e010f840080f\",\"name\":\"ni.abdi\",\"image\":{\"@type\":\"ImageObject\",\"inLanguage\":\"de\",\"@id\":\"https:\/\/territorialchallenges.com\/#\/schema\/person\/image\/\",\"url\":\"https:\/\/secure.gravatar.com\/avatar\/2a2f2491f3c80039986ba989b1e4b510?s=96&d=identicon&r=g\",\"contentUrl\":\"https:\/\/secure.gravatar.com\/avatar\/2a2f2491f3c80039986ba989b1e4b510?s=96&d=identicon&r=g\",\"caption\":\"ni.abdi\"},\"sameAs\":[\"https:\/\/twitter.com\/Ni.abdi\"],\"url\":\"https:\/\/territorialchallenges.com\/de\/author\/ni-abdi\/\"}]}<\/script>\n<!-- \/ Yoast SEO plugin. -->","yoast_head_json":{"title":"Flou total en France dans les smart grids - Territorial Challenges","robots":{"index":"index","follow":"follow","max-snippet":"max-snippet:-1","max-image-preview":"max-image-preview:large","max-video-preview":"max-video-preview:-1"},"canonical":"https:\/\/territorialchallenges.com\/de\/2016\/08\/06\/flou-total-en-france-dans-les-smart-grids\/593\/","og_locale":"de_DE","og_type":"article","og_title":"Flou total en France dans les smart grids - Territorial Challenges","og_description":"(01 juillet 2013) Qu&rsquo;aurait pens\u00e9 feu Marcel Paul de la transition \u00e9nerg\u00e9tique actuelle, lui ministre de l&rsquo;Industrie qui apr\u00e8s guerre (1946) a nationalis\u00e9 l&rsquo;\u00e9lectricit\u00e9 de France, et fut ainsi \u00e0 l&rsquo;origine de la cr\u00e9ation d&rsquo;EDF et GDF ? Il faut croire qu&rsquo;au moment o\u00f9 les\u00a0Fran\u00e7ais s&rsquo;attendent \u00e0 une flamb\u00e9e\u00a0des prix de l&rsquo;\u00e9lectricit\u00e9, les solutions ne [&hellip;]","og_url":"https:\/\/territorialchallenges.com\/de\/2016\/08\/06\/flou-total-en-france-dans-les-smart-grids\/593\/","og_site_name":"Territorial Challenges","article_published_time":"2016-08-06T11:22:36+00:00","author":"ni.abdi","twitter_card":"summary_large_image","twitter_creator":"@Ni.abdi","twitter_misc":{"Verfasst von":"ni.abdi","Gesch\u00e4tzte Lesezeit":"3\u00a0Minuten"},"schema":{"@context":"https:\/\/schema.org","@graph":[{"@type":"Article","@id":"https:\/\/territorialchallenges.com\/2016\/08\/06\/flou-total-en-france-dans-les-smart-grids\/593\/#article","isPartOf":{"@id":"https:\/\/territorialchallenges.com\/2016\/08\/06\/flou-total-en-france-dans-les-smart-grids\/593\/"},"author":{"name":"ni.abdi","@id":"https:\/\/territorialchallenges.com\/#\/schema\/person\/098f145c7c61a021c425e010f840080f"},"headline":"Flou total en France dans les smart grids","datePublished":"2016-08-06T11:22:36+00:00","dateModified":"2016-08-06T11:22:36+00:00","mainEntityOfPage":{"@id":"https:\/\/territorialchallenges.com\/2016\/08\/06\/flou-total-en-france-dans-les-smart-grids\/593\/"},"wordCount":717,"commentCount":0,"publisher":{"@id":"https:\/\/territorialchallenges.com\/#organization"},"articleSection":["Archives - Editos"],"inLanguage":"de"},{"@type":"WebPage","@id":"https:\/\/territorialchallenges.com\/2016\/08\/06\/flou-total-en-france-dans-les-smart-grids\/593\/","url":"https:\/\/territorialchallenges.com\/2016\/08\/06\/flou-total-en-france-dans-les-smart-grids\/593\/","name":"Flou total en France dans les smart grids - Territorial Challenges","isPartOf":{"@id":"https:\/\/territorialchallenges.com\/#website"},"datePublished":"2016-08-06T11:22:36+00:00","dateModified":"2016-08-06T11:22:36+00:00","breadcrumb":{"@id":"https:\/\/territorialchallenges.com\/2016\/08\/06\/flou-total-en-france-dans-les-smart-grids\/593\/#breadcrumb"},"inLanguage":"de","potentialAction":[{"@type":"ReadAction","target":["https:\/\/territorialchallenges.com\/2016\/08\/06\/flou-total-en-france-dans-les-smart-grids\/593\/"]}]},{"@type":"BreadcrumbList","@id":"https:\/\/territorialchallenges.com\/2016\/08\/06\/flou-total-en-france-dans-les-smart-grids\/593\/#breadcrumb","itemListElement":[{"@type":"ListItem","position":1,"name":"Home","item":"https:\/\/territorialchallenges.com\/"},{"@type":"ListItem","position":2,"name":"Flou total en France dans les smart grids"}]},{"@type":"WebSite","@id":"https:\/\/territorialchallenges.com\/#website","url":"https:\/\/territorialchallenges.com\/","name":"Territoriale Herausforderungen","description":"Internationales Monitoring \u2013 Intelligente Strategien \u2013 Best Practices","publisher":{"@id":"https:\/\/territorialchallenges.com\/#organization"},"potentialAction":[{"@type":"SearchAction","target":{"@type":"EntryPoint","urlTemplate":"https:\/\/territorialchallenges.com\/?s={search_term_string}"},"query-input":"required name=search_term_string"}],"inLanguage":"de"},{"@type":"Organization","@id":"https:\/\/territorialchallenges.com\/#organization","name":"Territoriale Herausforderungen","url":"https:\/\/territorialchallenges.com\/","logo":{"@type":"ImageObject","inLanguage":"de","@id":"https:\/\/territorialchallenges.com\/#\/schema\/logo\/image\/","url":"https:\/\/territorialchallenges.com\/wp-content\/uploads\/2023\/10\/logo-1.png","contentUrl":"https:\/\/territorialchallenges.com\/wp-content\/uploads\/2023\/10\/logo-1.png","width":1832,"height":576,"caption":"Territorial Challenges"},"image":{"@id":"https:\/\/territorialchallenges.com\/#\/schema\/logo\/image\/"}},{"@type":"Person","@id":"https:\/\/territorialchallenges.com\/#\/schema\/person\/098f145c7c61a021c425e010f840080f","name":"ni.abdi","image":{"@type":"ImageObject","inLanguage":"de","@id":"https:\/\/territorialchallenges.com\/#\/schema\/person\/image\/","url":"https:\/\/secure.gravatar.com\/avatar\/2a2f2491f3c80039986ba989b1e4b510?s=96&d=identicon&r=g","contentUrl":"https:\/\/secure.gravatar.com\/avatar\/2a2f2491f3c80039986ba989b1e4b510?s=96&d=identicon&r=g","caption":"ni.abdi"},"sameAs":["https:\/\/twitter.com\/Ni.abdi"],"url":"https:\/\/territorialchallenges.com\/de\/author\/ni-abdi\/"}]}},"_links":{"self":[{"href":"https:\/\/territorialchallenges.com\/de\/wp-json\/wp\/v2\/posts\/593"}],"collection":[{"href":"https:\/\/territorialchallenges.com\/de\/wp-json\/wp\/v2\/posts"}],"about":[{"href":"https:\/\/territorialchallenges.com\/de\/wp-json\/wp\/v2\/types\/post"}],"author":[{"embeddable":true,"href":"https:\/\/territorialchallenges.com\/de\/wp-json\/wp\/v2\/users\/11"}],"replies":[{"embeddable":true,"href":"https:\/\/territorialchallenges.com\/de\/wp-json\/wp\/v2\/comments?post=593"}],"version-history":[{"count":0,"href":"https:\/\/territorialchallenges.com\/de\/wp-json\/wp\/v2\/posts\/593\/revisions"}],"wp:attachment":[{"href":"https:\/\/territorialchallenges.com\/de\/wp-json\/wp\/v2\/media?parent=593"}],"wp:term":[{"taxonomy":"category","embeddable":true,"href":"https:\/\/territorialchallenges.com\/de\/wp-json\/wp\/v2\/categories?post=593"},{"taxonomy":"post_tag","embeddable":true,"href":"https:\/\/territorialchallenges.com\/de\/wp-json\/wp\/v2\/tags?post=593"}],"curies":[{"name":"wp","href":"https:\/\/api.w.org\/{rel}","templated":true}]}}